{"id":162,"date":"2017-05-25T12:14:08","date_gmt":"2017-05-25T12:14:08","guid":{"rendered":"http:\/\/copilarie.org\/?p=162"},"modified":"2018-05-11T21:00:31","modified_gmt":"2018-05-11T21:00:31","slug":"caro-petala-de-trandafir","status":"publish","type":"post","link":"https:\/\/copilarie.org\/index.php\/2017\/05\/25\/caro-petala-de-trandafir\/","title":{"rendered":"Caro &#8211; petal\u0103 de trandafir"},"content":{"rendered":"<p class=\"p1\"><span class=\"s1\"><img loading=\"lazy\" decoding=\"async\" class=\"aligncenter size-large wp-image-163\" src=\"https:\/\/copilarie.org\/wp-content\/uploads\/2017\/05\/Rosa_Ave_Maria_1-1024x768.jpg\" alt=\"\" width=\"696\" height=\"522\" \/>Eiii, ce amiaz\u0103 torid\u0103 de var\u0103, c\u00e2t\u0103 z\u0103pu\u015feal\u0103 \u015fi ceee forfot\u0103\u2026 Bine m\u0103car c\u0103 anim\u0103lu\u0163ele au adormit! Poate a\u015fa am s\u0103 reu\u015fesc \u015fi eu s\u0103 \u00eemi termin cafeaua de diminea\u0163\u0103.<span class=\"Apple-converted-space\">\u00a0 \u00a0<\/span><\/span><\/p>\n<p class=\"p1\"><span class=\"s1\">Caro, \u00een schimb, la cei cinci ani ai s\u0103i \u00eemi explic\u0103 zgomotos, cum poate ea mai bine, gesticul\u00e2nd \u015fi cu ochii \u015firoind de lacrimi, c\u0103 \u00een gr\u0103dina a ap\u0103rut din nou bondarul.<\/span><\/p>\n<p class=\"p1\"><span class=\"s1\">&#8211; Uite, uite, mami! Se a\u015feaz\u0103 iar pe florile mele \u201cloz\u201d!!! \u015ei nu \u00eemi d\u0103 pace, vrea s\u0103 m\u0103 \u00een\u0163eeepeee!!! <\/span><\/p>\n<p class=\"p1\"><span class=\"s1\">Realizez c\u0103 p\u00e2n\u0103 nu \u00eencerc o explica\u0163ie \u201d magic\u0103\u201d pentru ea, nu pot s\u0103 \u00eemi termin cafeaua, a\u015fa c\u0103 m\u0103 trezesc spun\u0103ndu-i conving\u0103toare c\u0103 imediat ce soarele va intra \u00een nori \u015fi trandafirii \u00ee\u015fi vor \u00eenchide coroana va pleca \u015fi bondarul nemaiav\u0103nd de unde s\u0103 se hr\u0103neasc\u0103.<\/span><\/p>\n<p class=\"p1\"><span class=\"s1\">Caro se opre\u015fte din pl\u00e2ns \u015fi \u00eemi duce ra\u0163ionamentul mai departe. <\/span><\/p>\n<p class=\"p1\"><span class=\"s1\">&#8211; Aha.. adic\u0103 dac\u0103 nu mai e soare nu se mai pot hr\u0103ni trandafirii \u015fi se culc\u0103???<\/span><\/p>\n<p class=\"p1\"><span class=\"s1\">&#8211; Da, iubita!<\/span><\/p>\n<p class=\"p1\"><span class=\"s1\">&#8211; \u015ei atunci pleac\u0103 \u015fi bondarul la culcare?\u00a0<\/span><\/p>\n<p class=\"p1\"><span class=\"s1\">&#8211; Da, draga! <\/span><\/p>\n<p class=\"p1\"><span class=\"s1\">&#8211; \u015ei trandafirii cresc dac\u0103 au lumin\u0103 \u015fi ap\u0103?<\/span><\/p>\n<p class=\"p1\"><span class=\"s1\">&#8211; Da, dar acum te rog s\u0103 \u00eemi dai \u015fi mie 10 minute de pauz\u0103, tu joac\u0103-te cu vasele, bine?<\/span><\/p>\n<p class=\"p1\"><span class=\"s1\">&#8211; Daaar, maaammi&#8230;..<\/span><\/p>\n<p class=\"p4\"><span class=\"s1\">Ridic tonul, \u00eemi \u00eencre\u0163esc fruntea \u015fi m\u0103 uit epuizat\u0103 \u015fi umil\u0103 \u00eenspre ea: Carolina, te roog&#8230;, 10 minute pentru mine!!! Copilul \u00eemi \u00eentoarce spatele \u015fi pleac\u0103.<\/span><\/p>\n<p class=\"p4\"><span class=\"s1\">Doamne, ce bine e! \u00cencerc s\u0103 sorb din restul de cafea, apoi m\u0103 g\u00e2ndesc c\u0103 poate e mai bine s\u0103 stau \u00eentins\u0103 pe \u015fezlong, cu ochii \u00eenchi\u015fi. S\u0103 ascult lini\u015ftea. M\u0103 uit cu coada ochiului \u00een gr\u0103dina plin\u0103 de verdea\u0163\u0103 \u015fi trandafiri, o z\u0103resc \u015fi pe Carolina&#8230; \u015fi m\u0103 afund \u00eencet \u00een lini\u015fte.<\/span><\/p>\n<p class=\"p1\"><span class=\"s1\">La un moment dat aud ca prin vis: Gata, am terminat! Deschid ochii \u015fi simt cum m\u0103 cuprinde<span class=\"Apple-converted-space\">\u00a0<\/span>nepu\u0163in\u0163a. Un amalgam de ap\u0103, p\u0103m\u00e2nt, frunze, r\u0103d\u0103cini cu petale de trandafir domne\u015fte prin gr\u0103dina din fa\u0163a mea.<\/span><\/p>\n<p class=\"p1\"><span class=\"s1\">Odat\u0103 cu taifunul de furie vine \u015fi o ploaie r\u0103coroas\u0103, las\u0103m totul afar\u0103, \u00een\u015ffac copilul \u015fi intr\u0103m \u00een cas\u0103 sub pleiada mea de \u00eentreb\u0103ri \u015fi urlete. P\u00e2n\u0103 s\u0103 apune copilul s\u0103 vorbeasc\u0103 era deja pedepsit\u0103 \u015fi pus\u0103 la col\u0163 5 minute \u015fi de acolo, printre suspine \u00eemi explic\u0103 c\u0103 ea nu a f\u0103cut altceva dec\u00e2t s\u0103 culce trandafirii&#8230; ca s\u0103 plece bondarul. <\/span><\/p>\n<p class=\"p1\"><span class=\"s1\">Con\u015ftientizez \u015fi m\u0103 simt ca ultima p\u0103c\u0103toas\u0103. Ce mai puteam face, doar am pedepsit-o&#8230; <\/span><\/p>\n<p class=\"p1\"><span class=\"s1\">Mintea mea vinovat\u0103 creeaz\u0103 o fantasm\u0103 \u015fi spun: <\/span><\/p>\n<p class=\"p1\"><span class=\"s1\">-\u0218i acuuum, s\u0103 facem o magie \u015fi s\u0103 te transform \u00eentro faimoasaaa buc\u0103t\u0103reas\u0103! Vom prepara una din re\u0163etele magice a bunicului Traian: \u201ePetal\u0103 de trandafir\u201d.<\/span><\/p>\n<p class=\"p1\"><span class=\"s1\">\u00centreb\u0103toare, doi ochi mira\u0163i, m\u0103 urmeaz\u0103 totu\u015fi cu umbrela \u00een gradin\u0103. G\u0103sim prin ploaie un vas, tot &#8222;looz&#8221;, din setul ei de buc\u0103t\u0103rie \u015fi \u00eel \u00eenc\u0103rc\u0103m, cu cele mai frumoase petale \u201eloz\u201d de trandafir. <\/span><\/p>\n<p class=\"p1\"><span class=\"s1\">Fericite \u015fi pline de noroi \u00a0o urmez \u00een cas\u0103 unde Caro hot\u0103r\u0103\u015fte c\u0103 trebuie s\u0103 cur\u0103\u0163\u0103m prada.. doar am fost \u00een aventura fantastic\u0103 din gr\u0103din\u0103!!!! Transform\u0103m buc\u0103t\u0103ria \u00eentrun \u201d loc de joac\u0103\u201d sp\u0103l\u00e2nd \u00eempreun\u0103 pe l\u0103ng\u0103 petalele de trandafir tot ce ne iese \u00een cale \u015fi p\u0103n\u0103 la urm\u0103 reu\u015fim s\u0103 a\u015fez\u0103m fiecare, \u00een c\u0103nu\u0163a noastr\u0103, petale. <\/span><\/p>\n<p class=\"p1\"><span class=\"s1\">Mami toarn\u0103 apa fierbinte, ne acoperim fiecare cana \u015fi a\u015ftept\u0103m, a\u015ftept\u0103m, a\u015fteeept\u0103\u0103m&#8230;. <\/span><\/p>\n<p class=\"p1\"><span class=\"s1\">&#8211; Ce, ce a\u015ftept\u0103m, mami? <\/span><\/p>\n<p class=\"p1\"><span class=\"s1\">&#8211; S\u0103 se r\u0103ceasc\u0103 c\u0103nu\u0163ele ca s\u0103 fie bun ceaiul.<\/span><\/p>\n<p class=\"p1\"><span class=\"s1\">&#8211; Gata, mami, s-au r\u0103cit. Haide, haide s\u0103 punem miere. Eu pun.<\/span><\/p>\n<p class=\"p1\"><span class=\"s1\">&#8211; \u00cemmmmm!!! Ce bun ceaiul \u0103sta!<\/span><\/p>\n<p class=\"p1\"><span class=\"s1\">&#8211; Maammmii, sunt cea mai faimoas\u0103 buc\u0103t\u0103res\u0103! Te iubesc!<\/span><\/p>\n<p class=\"p1\"><em><strong>de copilarie.org<\/strong><\/em><\/p>\n","protected":false},"excerpt":{"rendered":"<p>Eiii, ce amiaz\u0103 torid\u0103 de var\u0103, c\u00e2t\u0103 z\u0103pu\u015feal\u0103 \u015fi ceee forfot\u0103\u2026 Bine m\u0103car c\u0103 anim\u0103lu\u0163ele au adormit! Poate a\u015fa am s\u0103 reu\u015fesc \u015fi eu s\u0103 \u00eemi termin cafeaua de diminea\u0163\u0103.\u00a0 \u00a0 Caro, \u00een schimb, la cei cinci ani ai s\u0103i \u00eemi explic\u0103 zgomotos, cum poate ea mai bine, gesticul\u00e2nd \u015fi cu ochii \u015firoind de lacrimi, [&hellip;]<\/p>\n","protected":false},"author":1,"featured_media":163,"comment_status":"open","ping_status":"open","sticky":false,"template":"","format":"standard","meta":{"footnotes":""},"categories":[23,2],"tags":[25,24,26,27,28,29],"class_list":{"0":"post-162","1":"post","2":"type-post","3":"status-publish","4":"format-standard","5":"has-post-thumbnail","7":"category-familie","8":"category-featured","9":"tag-copii","10":"tag-copilarie-org","11":"tag-mamici","12":"tag-parinti","13":"tag-ras","14":"tag-trandafir"},"yoast_head":"<!-- This site is optimized with the Yoast SEO plugin v23.6 - https:\/\/yoast.com\/wordpress\/plugins\/seo\/ -->\n<title>Caro - petal\u0103 de trandafir - Copil\u0103rie.org<\/title>\n<meta name=\"robots\" content=\"index, follow, max-snippet:-1, max-image-preview:large, max-video-preview:-1\" \/>\n<link rel=\"canonical\" href=\"https:\/\/copilarie.org\/index.php\/2017\/05\/25\/caro-petala-de-trandafir\/\" \/>\n<meta property=\"og:locale\" content=\"ro_RO\" \/>\n<meta property=\"og:type\" content=\"article\" \/>\n<meta property=\"og:title\" content=\"Caro - petal\u0103 de trandafir - Copil\u0103rie.org\" \/>\n<meta property=\"og:description\" content=\"Eiii, ce amiaz\u0103 torid\u0103 de var\u0103, c\u00e2t\u0103 z\u0103pu\u015feal\u0103 \u015fi ceee forfot\u0103\u2026 Bine m\u0103car c\u0103 anim\u0103lu\u0163ele au adormit! Poate a\u015fa am s\u0103 reu\u015fesc \u015fi eu s\u0103 \u00eemi termin cafeaua de diminea\u0163\u0103.\u00a0 \u00a0 Caro, \u00een schimb, la cei cinci ani ai s\u0103i \u00eemi explic\u0103 zgomotos, cum poate ea mai bine, gesticul\u00e2nd \u015fi cu ochii \u015firoind de lacrimi, [&hellip;]\" \/>\n<meta property=\"og:url\" content=\"https:\/\/copilarie.org\/index.php\/2017\/05\/25\/caro-petala-de-trandafir\/\" \/>\n<meta property=\"og:site_name\" content=\"Copil\u0103rie.org\" \/>\n<meta property=\"article:publisher\" content=\"https:\/\/www.facebook.com\/copilarie.org\/\" \/>\n<meta property=\"article:published_time\" content=\"2017-05-25T12:14:08+00:00\" \/>\n<meta property=\"article:modified_time\" content=\"2018-05-11T21:00:31+00:00\" \/>\n<meta property=\"og:image\" content=\"https:\/\/copilarie.org\/wp-content\/uploads\/2017\/05\/Rosa_Ave_Maria_1-e1495784035841.jpg\" \/>\n\t<meta property=\"og:image:width\" content=\"1280\" \/>\n\t<meta property=\"og:image:height\" content=\"960\" \/>\n\t<meta property=\"og:image:type\" content=\"image\/jpeg\" \/>\n<meta name=\"author\" content=\"copilarie.org\" \/>\n<meta name=\"twitter:card\" content=\"summary_large_image\" \/>\n<meta name=\"twitter:creator\" content=\"@CopilarieOrg\" \/>\n<meta name=\"twitter:site\" content=\"@CopilarieOrg\" \/>\n<meta name=\"twitter:label1\" content=\"Scris de\" \/>\n\t<meta name=\"twitter:data1\" content=\"copilarie.org\" \/>\n\t<meta name=\"twitter:label2\" content=\"Timp estimat pentru citire\" \/>\n\t<meta name=\"twitter:data2\" content=\"3 minute\" \/>\n<script type=\"application\/ld+json\" class=\"yoast-schema-graph\">{\"@context\":\"https:\/\/schema.org\",\"@graph\":[{\"@type\":\"WebPage\",\"@id\":\"https:\/\/copilarie.org\/index.php\/2017\/05\/25\/caro-petala-de-trandafir\/\",\"url\":\"https:\/\/copilarie.org\/index.php\/2017\/05\/25\/caro-petala-de-trandafir\/\",\"name\":\"Caro - petal\u0103 de trandafir - Copil\u0103rie.org\",\"isPartOf\":{\"@id\":\"https:\/\/copilarie.org\/#website\"},\"primaryImageOfPage\":{\"@id\":\"https:\/\/copilarie.org\/index.php\/2017\/05\/25\/caro-petala-de-trandafir\/#primaryimage\"},\"image\":{\"@id\":\"https:\/\/copilarie.org\/index.php\/2017\/05\/25\/caro-petala-de-trandafir\/#primaryimage\"},\"thumbnailUrl\":\"https:\/\/copilarie.org\/wp-content\/uploads\/2017\/05\/Rosa_Ave_Maria_1-e1495784035841.jpg\",\"datePublished\":\"2017-05-25T12:14:08+00:00\",\"dateModified\":\"2018-05-11T21:00:31+00:00\",\"author\":{\"@id\":\"https:\/\/copilarie.org\/#\/schema\/person\/d8a7619fc1964ecf029620b5f64cb0ed\"},\"breadcrumb\":{\"@id\":\"https:\/\/copilarie.org\/index.php\/2017\/05\/25\/caro-petala-de-trandafir\/#breadcrumb\"},\"inLanguage\":\"ro-RO\",\"potentialAction\":[{\"@type\":\"ReadAction\",\"target\":[\"https:\/\/copilarie.org\/index.php\/2017\/05\/25\/caro-petala-de-trandafir\/\"]}]},{\"@type\":\"ImageObject\",\"inLanguage\":\"ro-RO\",\"@id\":\"https:\/\/copilarie.org\/index.php\/2017\/05\/25\/caro-petala-de-trandafir\/#primaryimage\",\"url\":\"https:\/\/copilarie.org\/wp-content\/uploads\/2017\/05\/Rosa_Ave_Maria_1-e1495784035841.jpg\",\"contentUrl\":\"https:\/\/copilarie.org\/wp-content\/uploads\/2017\/05\/Rosa_Ave_Maria_1-e1495784035841.jpg\",\"width\":1280,\"height\":960},{\"@type\":\"BreadcrumbList\",\"@id\":\"https:\/\/copilarie.org\/index.php\/2017\/05\/25\/caro-petala-de-trandafir\/#breadcrumb\",\"itemListElement\":[{\"@type\":\"ListItem\",\"position\":1,\"name\":\"Prima pagin\u0103\",\"item\":\"https:\/\/copilarie.org\/\"},{\"@type\":\"ListItem\",\"position\":2,\"name\":\"Caro &#8211; petal\u0103 de trandafir\"}]},{\"@type\":\"WebSite\",\"@id\":\"https:\/\/copilarie.org\/#website\",\"url\":\"https:\/\/copilarie.org\/\",\"name\":\"Copil\u0103rie.org\",\"description\":\"\u00cen pas cu tine\",\"potentialAction\":[{\"@type\":\"SearchAction\",\"target\":{\"@type\":\"EntryPoint\",\"urlTemplate\":\"https:\/\/copilarie.org\/?s={search_term_string}\"},\"query-input\":{\"@type\":\"PropertyValueSpecification\",\"valueRequired\":true,\"valueName\":\"search_term_string\"}}],\"inLanguage\":\"ro-RO\"},{\"@type\":\"Person\",\"@id\":\"https:\/\/copilarie.org\/#\/schema\/person\/d8a7619fc1964ecf029620b5f64cb0ed\",\"name\":\"copilarie.org\",\"image\":{\"@type\":\"ImageObject\",\"inLanguage\":\"ro-RO\",\"@id\":\"https:\/\/copilarie.org\/#\/schema\/person\/image\/\",\"url\":\"https:\/\/secure.gravatar.com\/avatar\/722e5984ae1b18142be482fe9581860ff615bd39f940c7d8bea3240825316d6e?s=96&d=mm&r=g\",\"contentUrl\":\"https:\/\/secure.gravatar.com\/avatar\/722e5984ae1b18142be482fe9581860ff615bd39f940c7d8bea3240825316d6e?s=96&d=mm&r=g\",\"caption\":\"copilarie.org\"}}]}<\/script>\n<!-- \/ Yoast SEO plugin. -->","yoast_head_json":{"title":"Caro - petal\u0103 de trandafir - Copil\u0103rie.org","robots":{"index":"index","follow":"follow","max-snippet":"max-snippet:-1","max-image-preview":"max-image-preview:large","max-video-preview":"max-video-preview:-1"},"canonical":"https:\/\/copilarie.org\/index.php\/2017\/05\/25\/caro-petala-de-trandafir\/","og_locale":"ro_RO","og_type":"article","og_title":"Caro - petal\u0103 de trandafir - Copil\u0103rie.org","og_description":"Eiii, ce amiaz\u0103 torid\u0103 de var\u0103, c\u00e2t\u0103 z\u0103pu\u015feal\u0103 \u015fi ceee forfot\u0103\u2026 Bine m\u0103car c\u0103 anim\u0103lu\u0163ele au adormit! Poate a\u015fa am s\u0103 reu\u015fesc \u015fi eu s\u0103 \u00eemi termin cafeaua de diminea\u0163\u0103.\u00a0 \u00a0 Caro, \u00een schimb, la cei cinci ani ai s\u0103i \u00eemi explic\u0103 zgomotos, cum poate ea mai bine, gesticul\u00e2nd \u015fi cu ochii \u015firoind de lacrimi, [&hellip;]","og_url":"https:\/\/copilarie.org\/index.php\/2017\/05\/25\/caro-petala-de-trandafir\/","og_site_name":"Copil\u0103rie.org","article_publisher":"https:\/\/www.facebook.com\/copilarie.org\/","article_published_time":"2017-05-25T12:14:08+00:00","article_modified_time":"2018-05-11T21:00:31+00:00","og_image":[{"width":1280,"height":960,"url":"https:\/\/copilarie.org\/wp-content\/uploads\/2017\/05\/Rosa_Ave_Maria_1-e1495784035841.jpg","type":"image\/jpeg"}],"author":"copilarie.org","twitter_card":"summary_large_image","twitter_creator":"@CopilarieOrg","twitter_site":"@CopilarieOrg","twitter_misc":{"Scris de":"copilarie.org","Timp estimat pentru citire":"3 minute"},"schema":{"@context":"https:\/\/schema.org","@graph":[{"@type":"WebPage","@id":"https:\/\/copilarie.org\/index.php\/2017\/05\/25\/caro-petala-de-trandafir\/","url":"https:\/\/copilarie.org\/index.php\/2017\/05\/25\/caro-petala-de-trandafir\/","name":"Caro - petal\u0103 de trandafir - Copil\u0103rie.org","isPartOf":{"@id":"https:\/\/copilarie.org\/#website"},"primaryImageOfPage":{"@id":"https:\/\/copilarie.org\/index.php\/2017\/05\/25\/caro-petala-de-trandafir\/#primaryimage"},"image":{"@id":"https:\/\/copilarie.org\/index.php\/2017\/05\/25\/caro-petala-de-trandafir\/#primaryimage"},"thumbnailUrl":"https:\/\/copilarie.org\/wp-content\/uploads\/2017\/05\/Rosa_Ave_Maria_1-e1495784035841.jpg","datePublished":"2017-05-25T12:14:08+00:00","dateModified":"2018-05-11T21:00:31+00:00","author":{"@id":"https:\/\/copilarie.org\/#\/schema\/person\/d8a7619fc1964ecf029620b5f64cb0ed"},"breadcrumb":{"@id":"https:\/\/copilarie.org\/index.php\/2017\/05\/25\/caro-petala-de-trandafir\/#breadcrumb"},"inLanguage":"ro-RO","potentialAction":[{"@type":"ReadAction","target":["https:\/\/copilarie.org\/index.php\/2017\/05\/25\/caro-petala-de-trandafir\/"]}]},{"@type":"ImageObject","inLanguage":"ro-RO","@id":"https:\/\/copilarie.org\/index.php\/2017\/05\/25\/caro-petala-de-trandafir\/#primaryimage","url":"https:\/\/copilarie.org\/wp-content\/uploads\/2017\/05\/Rosa_Ave_Maria_1-e1495784035841.jpg","contentUrl":"https:\/\/copilarie.org\/wp-content\/uploads\/2017\/05\/Rosa_Ave_Maria_1-e1495784035841.jpg","width":1280,"height":960},{"@type":"BreadcrumbList","@id":"https:\/\/copilarie.org\/index.php\/2017\/05\/25\/caro-petala-de-trandafir\/#breadcrumb","itemListElement":[{"@type":"ListItem","position":1,"name":"Prima pagin\u0103","item":"https:\/\/copilarie.org\/"},{"@type":"ListItem","position":2,"name":"Caro &#8211; petal\u0103 de trandafir"}]},{"@type":"WebSite","@id":"https:\/\/copilarie.org\/#website","url":"https:\/\/copilarie.org\/","name":"Copil\u0103rie.org","description":"\u00cen pas cu tine","potentialAction":[{"@type":"SearchAction","target":{"@type":"EntryPoint","urlTemplate":"https:\/\/copilarie.org\/?s={search_term_string}"},"query-input":{"@type":"PropertyValueSpecification","valueRequired":true,"valueName":"search_term_string"}}],"inLanguage":"ro-RO"},{"@type":"Person","@id":"https:\/\/copilarie.org\/#\/schema\/person\/d8a7619fc1964ecf029620b5f64cb0ed","name":"copilarie.org","image":{"@type":"ImageObject","inLanguage":"ro-RO","@id":"https:\/\/copilarie.org\/#\/schema\/person\/image\/","url":"https:\/\/secure.gravatar.com\/avatar\/722e5984ae1b18142be482fe9581860ff615bd39f940c7d8bea3240825316d6e?s=96&d=mm&r=g","contentUrl":"https:\/\/secure.gravatar.com\/avatar\/722e5984ae1b18142be482fe9581860ff615bd39f940c7d8bea3240825316d6e?s=96&d=mm&r=g","caption":"copilarie.org"}}]}},"_links":{"self":[{"href":"https:\/\/copilarie.org\/index.php\/wp-json\/wp\/v2\/posts\/162","targetHints":{"allow":["GET"]}}],"collection":[{"href":"https:\/\/copilarie.org\/index.php\/wp-json\/wp\/v2\/posts"}],"about":[{"href":"https:\/\/copilarie.org\/index.php\/wp-json\/wp\/v2\/types\/post"}],"author":[{"embeddable":true,"href":"https:\/\/copilarie.org\/index.php\/wp-json\/wp\/v2\/users\/1"}],"replies":[{"embeddable":true,"href":"https:\/\/copilarie.org\/index.php\/wp-json\/wp\/v2\/comments?post=162"}],"version-history":[{"count":5,"href":"https:\/\/copilarie.org\/index.php\/wp-json\/wp\/v2\/posts\/162\/revisions"}],"predecessor-version":[{"id":560,"href":"https:\/\/copilarie.org\/index.php\/wp-json\/wp\/v2\/posts\/162\/revisions\/560"}],"wp:featuredmedia":[{"embeddable":true,"href":"https:\/\/copilarie.org\/index.php\/wp-json\/wp\/v2\/media\/163"}],"wp:attachment":[{"href":"https:\/\/copilarie.org\/index.php\/wp-json\/wp\/v2\/media?parent=162"}],"wp:term":[{"taxonomy":"category","embeddable":true,"href":"https:\/\/copilarie.org\/index.php\/wp-json\/wp\/v2\/categories?post=162"},{"taxonomy":"post_tag","embeddable":true,"href":"https:\/\/copilarie.org\/index.php\/wp-json\/wp\/v2\/tags?post=162"}],"curies":[{"name":"wp","href":"https:\/\/api.w.org\/{rel}","templated":true}]}}