{"id":168,"date":"2017-05-25T12:36:17","date_gmt":"2017-05-25T12:36:17","guid":{"rendered":"http:\/\/copilarie.org\/?p=168"},"modified":"2017-05-25T18:09:08","modified_gmt":"2017-05-25T18:09:08","slug":"militez-pentru-introducerea-educatiei-vizuale-scoli-si-implicit-pentru-antrenarea-inteligentei-emotionale","status":"publish","type":"post","link":"https:\/\/copilarie.org\/index.php\/2017\/05\/25\/militez-pentru-introducerea-educatiei-vizuale-scoli-si-implicit-pentru-antrenarea-inteligentei-emotionale\/","title":{"rendered":"Militez pentru introducerea educa\u0163iei vizuale \u00een \u015fcoli \u015fi implicit pentru antrenarea inteligen\u0163ei emo\u0163ionale"},"content":{"rendered":"<p class=\"p1\"><span class=\"s1\"><img loading=\"lazy\" decoding=\"async\" class=\"alignnone wp-image-169 size-full\" src=\"https:\/\/copilarie.org\/wp-content\/uploads\/2017\/05\/educatie-vizuala.jpg\" alt=\"\" width=\"1632\" height=\"1224\" \/>\u00cen timp ce la noi educa\u021bia vizual\u0103 \u0219i antrenarea inteligen\u021bei emo\u021bionale lipse\u0219te cu des\u0103v\u00e2r\u0219ire, \u00een str\u0103in\u0103tate pentru copiii supradota\u021bi exist\u0103 centre specializate inclusiv clase separate \u00een \u0219colile de cartiere. <\/span><\/p>\n<p class=\"p1\"><span class=\"s1\">La acestea se adaug\u0103 \u015fi ac\u021biuni organizate de diferite comunit\u0103\u021bi artistice, muzee \u0219i centre culturale ce folosesc limbajul nonverbal al artelor vizuale \u00een educa\u021bia academic\u0103 sau nonacademic\u0103, alterativ\u0103 \u0219i testarea abilit\u0103\u021bilor cognitive cu ajutorul limbajului nonverbal. <\/span><\/p>\n<p class=\"p1\"><span class=\"s1\">Anul trecut am v\u0103zut la Chicago cum ceramica artistic\u0103 sculptural\u0103 este introdus\u0103 \u00een centrele pentru copiii supradota\u021bi ( \u00eencep\u00e2nd din clasele 0- 8) (la Pritzker), multimedia, proiectarea computerizat\u0103 de forme tridimensionale<span class=\"Apple-converted-space\">\u00a0 <\/span>(la Edison), iar la Coonley sunt \u00eempreun\u0103 clasele din \u00eenv\u0103\u021b\u0103m\u00e2ntul de mas\u0103 cu cele pentru copiii supradota\u021bi \u0219i \u00eenv\u0103\u021b\u0103m\u00e2ntul special. <\/span><\/p>\n<p class=\"p1\"><span class=\"s1\">Ei introduc antrenamentul pentru dezvoltarea limbajului vizual \u0219i a inteligen\u021bei emo\u021bionale la v\u00e2rstele mici 0- 8 ani cu scopul de a \u00eenv\u0103\u0163a copii s\u0103 \u00ee\u015fi st\u0103p\u00e2neasc\u0103 sentimentele negative, distructive precum furia, inacceptarea, ce stau la baza tulbur\u0103rilor de comportament. <\/span><\/p>\n<p class=\"p1\"><em><strong>Dr. Emilia Chiril\u0103, artist art-terapeut<\/strong><\/em><\/p>\n","protected":false},"excerpt":{"rendered":"<p>\u00cen timp ce la noi educa\u021bia vizual\u0103 \u0219i antrenarea inteligen\u021bei emo\u021bionale lipse\u0219te cu des\u0103v\u00e2r\u0219ire, \u00een str\u0103in\u0103tate pentru copiii supradota\u021bi exist\u0103 centre specializate inclusiv clase separate \u00een \u0219colile de cartiere. La acestea se adaug\u0103 \u015fi ac\u021biuni organizate de diferite comunit\u0103\u021bi artistice, muzee \u0219i centre culturale ce folosesc limbajul nonverbal al artelor vizuale \u00een educa\u021bia academic\u0103 sau [&hellip;]<\/p>\n","protected":false},"author":1,"featured_media":169,"comment_status":"open","ping_status":"open","sticky":false,"template":"","format":"standard","meta":{"footnotes":""},"categories":[22,2],"tags":[34,25,24,33,27],"class_list":{"0":"post-168","1":"post","2":"type-post","3":"status-publish","4":"format-standard","5":"has-post-thumbnail","7":"category-opinii","8":"category-featured","9":"tag-abilitati-cognitive","10":"tag-copii","11":"tag-copilarie-org","12":"tag-educatie-vizuala","13":"tag-parinti"},"yoast_head":"<!-- This site is optimized with the Yoast SEO plugin v23.6 - https:\/\/yoast.com\/wordpress\/plugins\/seo\/ -->\n<title>Militez pentru introducerea educa\u0163iei vizuale \u00een \u015fcoli \u015fi implicit pentru antrenarea inteligen\u0163ei emo\u0163ionale - Copil\u0103rie.org<\/title>\n<meta name=\"robots\" content=\"index, follow, max-snippet:-1, max-image-preview:large, max-video-preview:-1\" \/>\n<link rel=\"canonical\" href=\"https:\/\/copilarie.org\/index.php\/2017\/05\/25\/militez-pentru-introducerea-educatiei-vizuale-scoli-si-implicit-pentru-antrenarea-inteligentei-emotionale\/\" \/>\n<meta property=\"og:locale\" content=\"ro_RO\" \/>\n<meta property=\"og:type\" content=\"article\" \/>\n<meta property=\"og:title\" content=\"Militez pentru introducerea educa\u0163iei vizuale \u00een \u015fcoli \u015fi implicit pentru antrenarea inteligen\u0163ei emo\u0163ionale - Copil\u0103rie.org\" \/>\n<meta property=\"og:description\" content=\"\u00cen timp ce la noi educa\u021bia vizual\u0103 \u0219i antrenarea inteligen\u021bei emo\u021bionale lipse\u0219te cu des\u0103v\u00e2r\u0219ire, \u00een str\u0103in\u0103tate pentru copiii supradota\u021bi exist\u0103 centre specializate inclusiv clase separate \u00een \u0219colile de cartiere. La acestea se adaug\u0103 \u015fi ac\u021biuni organizate de diferite comunit\u0103\u021bi artistice, muzee \u0219i centre culturale ce folosesc limbajul nonverbal al artelor vizuale \u00een educa\u021bia academic\u0103 sau [&hellip;]\" \/>\n<meta property=\"og:url\" content=\"https:\/\/copilarie.org\/index.php\/2017\/05\/25\/militez-pentru-introducerea-educatiei-vizuale-scoli-si-implicit-pentru-antrenarea-inteligentei-emotionale\/\" \/>\n<meta property=\"og:site_name\" content=\"Copil\u0103rie.org\" \/>\n<meta property=\"article:publisher\" content=\"https:\/\/www.facebook.com\/copilarie.org\/\" \/>\n<meta property=\"article:published_time\" content=\"2017-05-25T12:36:17+00:00\" \/>\n<meta property=\"article:modified_time\" content=\"2017-05-25T18:09:08+00:00\" \/>\n<meta property=\"og:image\" content=\"https:\/\/copilarie.org\/wp-content\/uploads\/2017\/05\/educatie-vizuala-e1495784084341.jpg\" \/>\n\t<meta property=\"og:image:width\" content=\"1280\" \/>\n\t<meta property=\"og:image:height\" content=\"960\" \/>\n\t<meta property=\"og:image:type\" content=\"image\/jpeg\" \/>\n<meta name=\"author\" content=\"copilarie.org\" \/>\n<meta name=\"twitter:card\" content=\"summary_large_image\" \/>\n<meta name=\"twitter:creator\" content=\"@CopilarieOrg\" \/>\n<meta name=\"twitter:site\" content=\"@CopilarieOrg\" \/>\n<meta name=\"twitter:label1\" content=\"Scris de\" \/>\n\t<meta name=\"twitter:data1\" content=\"copilarie.org\" \/>\n\t<meta name=\"twitter:label2\" content=\"Timp estimat pentru citire\" \/>\n\t<meta name=\"twitter:data2\" content=\"1 minut\" \/>\n<script type=\"application\/ld+json\" class=\"yoast-schema-graph\">{\"@context\":\"https:\/\/schema.org\",\"@graph\":[{\"@type\":\"WebPage\",\"@id\":\"https:\/\/copilarie.org\/index.php\/2017\/05\/25\/militez-pentru-introducerea-educatiei-vizuale-scoli-si-implicit-pentru-antrenarea-inteligentei-emotionale\/\",\"url\":\"https:\/\/copilarie.org\/index.php\/2017\/05\/25\/militez-pentru-introducerea-educatiei-vizuale-scoli-si-implicit-pentru-antrenarea-inteligentei-emotionale\/\",\"name\":\"Militez pentru introducerea educa\u0163iei vizuale \u00een \u015fcoli \u015fi implicit pentru antrenarea inteligen\u0163ei emo\u0163ionale - Copil\u0103rie.org\",\"isPartOf\":{\"@id\":\"https:\/\/copilarie.org\/#website\"},\"primaryImageOfPage\":{\"@id\":\"https:\/\/copilarie.org\/index.php\/2017\/05\/25\/militez-pentru-introducerea-educatiei-vizuale-scoli-si-implicit-pentru-antrenarea-inteligentei-emotionale\/#primaryimage\"},\"image\":{\"@id\":\"https:\/\/copilarie.org\/index.php\/2017\/05\/25\/militez-pentru-introducerea-educatiei-vizuale-scoli-si-implicit-pentru-antrenarea-inteligentei-emotionale\/#primaryimage\"},\"thumbnailUrl\":\"https:\/\/copilarie.org\/wp-content\/uploads\/2017\/05\/educatie-vizuala-e1495784084341.jpg\",\"datePublished\":\"2017-05-25T12:36:17+00:00\",\"dateModified\":\"2017-05-25T18:09:08+00:00\",\"author\":{\"@id\":\"https:\/\/copilarie.org\/#\/schema\/person\/d8a7619fc1964ecf029620b5f64cb0ed\"},\"breadcrumb\":{\"@id\":\"https:\/\/copilarie.org\/index.php\/2017\/05\/25\/militez-pentru-introducerea-educatiei-vizuale-scoli-si-implicit-pentru-antrenarea-inteligentei-emotionale\/#breadcrumb\"},\"inLanguage\":\"ro-RO\",\"potentialAction\":[{\"@type\":\"ReadAction\",\"target\":[\"https:\/\/copilarie.org\/index.php\/2017\/05\/25\/militez-pentru-introducerea-educatiei-vizuale-scoli-si-implicit-pentru-antrenarea-inteligentei-emotionale\/\"]}]},{\"@type\":\"ImageObject\",\"inLanguage\":\"ro-RO\",\"@id\":\"https:\/\/copilarie.org\/index.php\/2017\/05\/25\/militez-pentru-introducerea-educatiei-vizuale-scoli-si-implicit-pentru-antrenarea-inteligentei-emotionale\/#primaryimage\",\"url\":\"https:\/\/copilarie.org\/wp-content\/uploads\/2017\/05\/educatie-vizuala-e1495784084341.jpg\",\"contentUrl\":\"https:\/\/copilarie.org\/wp-content\/uploads\/2017\/05\/educatie-vizuala-e1495784084341.jpg\",\"width\":1280,\"height\":960},{\"@type\":\"BreadcrumbList\",\"@id\":\"https:\/\/copilarie.org\/index.php\/2017\/05\/25\/militez-pentru-introducerea-educatiei-vizuale-scoli-si-implicit-pentru-antrenarea-inteligentei-emotionale\/#breadcrumb\",\"itemListElement\":[{\"@type\":\"ListItem\",\"position\":1,\"name\":\"Prima pagin\u0103\",\"item\":\"https:\/\/copilarie.org\/\"},{\"@type\":\"ListItem\",\"position\":2,\"name\":\"Militez pentru introducerea educa\u0163iei vizuale \u00een \u015fcoli \u015fi implicit pentru antrenarea inteligen\u0163ei emo\u0163ionale\"}]},{\"@type\":\"WebSite\",\"@id\":\"https:\/\/copilarie.org\/#website\",\"url\":\"https:\/\/copilarie.org\/\",\"name\":\"Copil\u0103rie.org\",\"description\":\"\u00cen pas cu tine\",\"potentialAction\":[{\"@type\":\"SearchAction\",\"target\":{\"@type\":\"EntryPoint\",\"urlTemplate\":\"https:\/\/copilarie.org\/?s={search_term_string}\"},\"query-input\":{\"@type\":\"PropertyValueSpecification\",\"valueRequired\":true,\"valueName\":\"search_term_string\"}}],\"inLanguage\":\"ro-RO\"},{\"@type\":\"Person\",\"@id\":\"https:\/\/copilarie.org\/#\/schema\/person\/d8a7619fc1964ecf029620b5f64cb0ed\",\"name\":\"copilarie.org\",\"image\":{\"@type\":\"ImageObject\",\"inLanguage\":\"ro-RO\",\"@id\":\"https:\/\/copilarie.org\/#\/schema\/person\/image\/\",\"url\":\"https:\/\/secure.gravatar.com\/avatar\/722e5984ae1b18142be482fe9581860ff615bd39f940c7d8bea3240825316d6e?s=96&d=mm&r=g\",\"contentUrl\":\"https:\/\/secure.gravatar.com\/avatar\/722e5984ae1b18142be482fe9581860ff615bd39f940c7d8bea3240825316d6e?s=96&d=mm&r=g\",\"caption\":\"copilarie.org\"}}]}<\/script>\n<!-- \/ Yoast SEO plugin. -->","yoast_head_json":{"title":"Militez pentru introducerea educa\u0163iei vizuale \u00een \u015fcoli \u015fi implicit pentru antrenarea inteligen\u0163ei emo\u0163ionale - Copil\u0103rie.org","robots":{"index":"index","follow":"follow","max-snippet":"max-snippet:-1","max-image-preview":"max-image-preview:large","max-video-preview":"max-video-preview:-1"},"canonical":"https:\/\/copilarie.org\/index.php\/2017\/05\/25\/militez-pentru-introducerea-educatiei-vizuale-scoli-si-implicit-pentru-antrenarea-inteligentei-emotionale\/","og_locale":"ro_RO","og_type":"article","og_title":"Militez pentru introducerea educa\u0163iei vizuale \u00een \u015fcoli \u015fi implicit pentru antrenarea inteligen\u0163ei emo\u0163ionale - Copil\u0103rie.org","og_description":"\u00cen timp ce la noi educa\u021bia vizual\u0103 \u0219i antrenarea inteligen\u021bei emo\u021bionale lipse\u0219te cu des\u0103v\u00e2r\u0219ire, \u00een str\u0103in\u0103tate pentru copiii supradota\u021bi exist\u0103 centre specializate inclusiv clase separate \u00een \u0219colile de cartiere. La acestea se adaug\u0103 \u015fi ac\u021biuni organizate de diferite comunit\u0103\u021bi artistice, muzee \u0219i centre culturale ce folosesc limbajul nonverbal al artelor vizuale \u00een educa\u021bia academic\u0103 sau [&hellip;]","og_url":"https:\/\/copilarie.org\/index.php\/2017\/05\/25\/militez-pentru-introducerea-educatiei-vizuale-scoli-si-implicit-pentru-antrenarea-inteligentei-emotionale\/","og_site_name":"Copil\u0103rie.org","article_publisher":"https:\/\/www.facebook.com\/copilarie.org\/","article_published_time":"2017-05-25T12:36:17+00:00","article_modified_time":"2017-05-25T18:09:08+00:00","og_image":[{"width":1280,"height":960,"url":"https:\/\/copilarie.org\/wp-content\/uploads\/2017\/05\/educatie-vizuala-e1495784084341.jpg","type":"image\/jpeg"}],"author":"copilarie.org","twitter_card":"summary_large_image","twitter_creator":"@CopilarieOrg","twitter_site":"@CopilarieOrg","twitter_misc":{"Scris de":"copilarie.org","Timp estimat pentru citire":"1 minut"},"schema":{"@context":"https:\/\/schema.org","@graph":[{"@type":"WebPage","@id":"https:\/\/copilarie.org\/index.php\/2017\/05\/25\/militez-pentru-introducerea-educatiei-vizuale-scoli-si-implicit-pentru-antrenarea-inteligentei-emotionale\/","url":"https:\/\/copilarie.org\/index.php\/2017\/05\/25\/militez-pentru-introducerea-educatiei-vizuale-scoli-si-implicit-pentru-antrenarea-inteligentei-emotionale\/","name":"Militez pentru introducerea educa\u0163iei vizuale \u00een \u015fcoli \u015fi implicit pentru antrenarea inteligen\u0163ei emo\u0163ionale - Copil\u0103rie.org","isPartOf":{"@id":"https:\/\/copilarie.org\/#website"},"primaryImageOfPage":{"@id":"https:\/\/copilarie.org\/index.php\/2017\/05\/25\/militez-pentru-introducerea-educatiei-vizuale-scoli-si-implicit-pentru-antrenarea-inteligentei-emotionale\/#primaryimage"},"image":{"@id":"https:\/\/copilarie.org\/index.php\/2017\/05\/25\/militez-pentru-introducerea-educatiei-vizuale-scoli-si-implicit-pentru-antrenarea-inteligentei-emotionale\/#primaryimage"},"thumbnailUrl":"https:\/\/copilarie.org\/wp-content\/uploads\/2017\/05\/educatie-vizuala-e1495784084341.jpg","datePublished":"2017-05-25T12:36:17+00:00","dateModified":"2017-05-25T18:09:08+00:00","author":{"@id":"https:\/\/copilarie.org\/#\/schema\/person\/d8a7619fc1964ecf029620b5f64cb0ed"},"breadcrumb":{"@id":"https:\/\/copilarie.org\/index.php\/2017\/05\/25\/militez-pentru-introducerea-educatiei-vizuale-scoli-si-implicit-pentru-antrenarea-inteligentei-emotionale\/#breadcrumb"},"inLanguage":"ro-RO","potentialAction":[{"@type":"ReadAction","target":["https:\/\/copilarie.org\/index.php\/2017\/05\/25\/militez-pentru-introducerea-educatiei-vizuale-scoli-si-implicit-pentru-antrenarea-inteligentei-emotionale\/"]}]},{"@type":"ImageObject","inLanguage":"ro-RO","@id":"https:\/\/copilarie.org\/index.php\/2017\/05\/25\/militez-pentru-introducerea-educatiei-vizuale-scoli-si-implicit-pentru-antrenarea-inteligentei-emotionale\/#primaryimage","url":"https:\/\/copilarie.org\/wp-content\/uploads\/2017\/05\/educatie-vizuala-e1495784084341.jpg","contentUrl":"https:\/\/copilarie.org\/wp-content\/uploads\/2017\/05\/educatie-vizuala-e1495784084341.jpg","width":1280,"height":960},{"@type":"BreadcrumbList","@id":"https:\/\/copilarie.org\/index.php\/2017\/05\/25\/militez-pentru-introducerea-educatiei-vizuale-scoli-si-implicit-pentru-antrenarea-inteligentei-emotionale\/#breadcrumb","itemListElement":[{"@type":"ListItem","position":1,"name":"Prima pagin\u0103","item":"https:\/\/copilarie.org\/"},{"@type":"ListItem","position":2,"name":"Militez pentru introducerea educa\u0163iei vizuale \u00een \u015fcoli \u015fi implicit pentru antrenarea inteligen\u0163ei emo\u0163ionale"}]},{"@type":"WebSite","@id":"https:\/\/copilarie.org\/#website","url":"https:\/\/copilarie.org\/","name":"Copil\u0103rie.org","description":"\u00cen pas cu tine","potentialAction":[{"@type":"SearchAction","target":{"@type":"EntryPoint","urlTemplate":"https:\/\/copilarie.org\/?s={search_term_string}"},"query-input":{"@type":"PropertyValueSpecification","valueRequired":true,"valueName":"search_term_string"}}],"inLanguage":"ro-RO"},{"@type":"Person","@id":"https:\/\/copilarie.org\/#\/schema\/person\/d8a7619fc1964ecf029620b5f64cb0ed","name":"copilarie.org","image":{"@type":"ImageObject","inLanguage":"ro-RO","@id":"https:\/\/copilarie.org\/#\/schema\/person\/image\/","url":"https:\/\/secure.gravatar.com\/avatar\/722e5984ae1b18142be482fe9581860ff615bd39f940c7d8bea3240825316d6e?s=96&d=mm&r=g","contentUrl":"https:\/\/secure.gravatar.com\/avatar\/722e5984ae1b18142be482fe9581860ff615bd39f940c7d8bea3240825316d6e?s=96&d=mm&r=g","caption":"copilarie.org"}}]}},"_links":{"self":[{"href":"https:\/\/copilarie.org\/index.php\/wp-json\/wp\/v2\/posts\/168","targetHints":{"allow":["GET"]}}],"collection":[{"href":"https:\/\/copilarie.org\/index.php\/wp-json\/wp\/v2\/posts"}],"about":[{"href":"https:\/\/copilarie.org\/index.php\/wp-json\/wp\/v2\/types\/post"}],"author":[{"embeddable":true,"href":"https:\/\/copilarie.org\/index.php\/wp-json\/wp\/v2\/users\/1"}],"replies":[{"embeddable":true,"href":"https:\/\/copilarie.org\/index.php\/wp-json\/wp\/v2\/comments?post=168"}],"version-history":[{"count":2,"href":"https:\/\/copilarie.org\/index.php\/wp-json\/wp\/v2\/posts\/168\/revisions"}],"predecessor-version":[{"id":208,"href":"https:\/\/copilarie.org\/index.php\/wp-json\/wp\/v2\/posts\/168\/revisions\/208"}],"wp:featuredmedia":[{"embeddable":true,"href":"https:\/\/copilarie.org\/index.php\/wp-json\/wp\/v2\/media\/169"}],"wp:attachment":[{"href":"https:\/\/copilarie.org\/index.php\/wp-json\/wp\/v2\/media?parent=168"}],"wp:term":[{"taxonomy":"category","embeddable":true,"href":"https:\/\/copilarie.org\/index.php\/wp-json\/wp\/v2\/categories?post=168"},{"taxonomy":"post_tag","embeddable":true,"href":"https:\/\/copilarie.org\/index.php\/wp-json\/wp\/v2\/tags?post=168"}],"curies":[{"name":"wp","href":"https:\/\/api.w.org\/{rel}","templated":true}]}}