{"id":266,"date":"2017-05-30T23:46:26","date_gmt":"2017-05-30T23:46:26","guid":{"rendered":"http:\/\/copilarie.org\/?p=266"},"modified":"2017-05-31T10:48:24","modified_gmt":"2017-05-31T10:48:24","slug":"de-ziua-copilului-ateliere-de-calitate-gandite-de-profesionisti","status":"publish","type":"post","link":"https:\/\/copilarie.org\/index.php\/2017\/05\/30\/de-ziua-copilului-ateliere-de-calitate-gandite-de-profesionisti\/","title":{"rendered":"De Ziua Copilului, ateliere de calitate, g\u00e2ndite de profesioni\u015fti!"},"content":{"rendered":"<p><img loading=\"lazy\" decoding=\"async\" class=\"alignnone wp-image-267 size-full\" src=\"https:\/\/copilarie.org\/wp-content\/uploads\/2017\/05\/parteneriat-media-Jocurile-Copilariei-in-Caravana-Veseliei.jpg\" alt=\"\" width=\"2048\" height=\"1432\" \/><\/p>\n<p>Copilaria.org al\u0103turi de CARAVANA VESELIEI \u015fi al\u0163i parteneri s\u0103rb\u0103tore\u015fte Ziua Copilului prin joac\u0103, \u00een cadrul Evenimentului <strong>Jocurile Copil\u0103riei<\/strong>, care va \u00eencepe pe 1 iunie \u00eentrun loc cunoscut al ora\u0219ului Cluj-Napoca.<\/p>\n<p>Doar o zi ne mai desparte de marea s\u0103rb\u0103toare a inocen\u0163ei\u00a0c\u00e2nd Parcul Grigorescu de pe malul Some\u0219ului \u2013 va deveni \u0219i anul acesta o caravan\u0103 a veseliei unde copiii de toate v\u00e2rstele, parin\u021bii \u0219i bunicii lor vor experimenta jocurile copil\u0103riei din trecut \u0219i prezent.<\/p>\n<p>&#8221; Dorim promovarea unor ateliere de calitate, g\u00e2ndite de profesioni\u015fti, care s\u0103 fie pe placul copiilor \u015fi s\u0103 \u00eei determine pe adul\u0163i s\u0103 petreac\u0103 c\u00e2t mai multe ore distr\u00e2ndu-se \u00een compania lor&#8221; a declarat reprezentanta CARAVANEI VESELIEI, organizator al proiectului Jocurile Copil\u0103riei.<\/p>\n<p>Cei ce vor alege sa petreac\u0103 una sau mai multe zile, \u00een perioada 01-04 iunie, pe malul Some\u0219ului vor avea parte de: jocuri dinamice, jocuri de grup, ateliere de crea\u021bie, activit\u0103\u021bi sportive, spectacole, flash-mob.<\/p>\n<p>Pe parcursul \u00eentregului eveniment copiii pot fi picta\u0163i pe fa\u0163\u0103!<\/p>\n<p>&#8222;Am preg\u0103tit \u015fi surprize pe parcursul evenimentului, surprize pe care le anun\u0163\u0103m zilnic pe pagina noastra de facebook CARAVANA VESELIEI si in cadrul evenimentului!\u00a0&#8221; declar\u0103 organizatorii.<\/p>\n<p>Intrarea la eveniment este liber\u0103.<\/p>\n<p><em>V\u0102 A\u015eTEPT\u0102M!!!<\/em><\/p>\n<p><strong>Programul activit\u0103\u0163ilor<\/strong><\/p>\n<p><strong>Joi 1 iunie <\/strong><\/p>\n<p>10:00 &#8211; 12:00 \u2013 Atelier de lipit \u2013 v\u00e2rsta 1,5-3 ani \u2013 facilitat de Grigo Print Shop<\/p>\n<p>10:00 &#8211; 12:00 &#8211; Caravana baloanelor &#8211; Atelier de baloane de s\u0103pun, facilitat de Manu\u0163e pricepute<\/p>\n<p>12:00 &#8211; 14:00 &#8211; Jocurile copil\u0103riei, facilitate de Cerceta\u015fii Rom\u00e2niei<\/p>\n<p>12:00 \u2013 14:00 \u2013 Atelier de jonglerii, facilitat de Adrian \u015fi Gabi Barbu de la Asocia\u0163ia Firul Ariadnei<\/p>\n<p>14:00 \u2013 18:00 &#8211; Atelier \u201eRecicl\u0103m \u015fi ne juc\u0103m\u201d, facilitat de Oriflame<\/p>\n<p>14:00 &#8211; 16:30 &#8211; \u00cen familia Caravanei Veseliei &#8211; jocuri de societate, board-games<\/p>\n<p>16:00 &#8211; 17:00 &#8211; Atelier de ceramic\u0103 \u2013 Suport de lum\u00e2nare, facilitat de CalendarulMagic.ro<\/p>\n<p>17:00 &#8211; 17:30 &#8211; Caravana talentelor \u2013 Spectacol de dans sus\u0163inut de copiii de la Caravana Veseliei<\/p>\n<p>17:30 &#8211; 19:00 \u2013 Atelier de lipit \u015fi colorat \u2013 varsta 3-8 ani \u2013 facilitat de Grigo Print Shop 18:00 &#8211; 20:00 &#8211; Campionii Caravanei &#8211; concursuri sportive, facilitate de Cerceta\u015fii Rom\u00e2niei<\/p>\n<p><strong>Vineri 2 iunie <\/strong><\/p>\n<p>10:00 &#8211; 12:00 &#8211; Jocuri dinamice de echip\u0103<\/p>\n<p>10:00 &#8211; 12:00 \u2013 Atelier de lipit \u2013 v\u00e2rsta 1,5-3 ani \u2013 facilitat de Grigo Print Shop<\/p>\n<p>12:00 &#8211; 13:30 \u2013 Atelier de crea\u0163ie &#8211; Mori\u015fc\u0103ria vesel\u0103, facilitat de Caravana Veseliei 12:00 &#8211; 14:00 &#8211; Jocurile copil\u0103riei<\/p>\n<p>14:00 &#8211; 18:00 &#8211; \u00cen familia Caravanei Veseliei &#8211; jocuri de societate, board-games<\/p>\n<p>17:00 &#8211; 19:00 \u2013 Atelier de lipit \u015fi colorat \u2013 varsta 3-8 ani \u2013 facilitat de Grigo Print Shop 18:00 &#8211; 20:00 &#8211; Campionii Caravanei &#8211; concursuri sportive<\/p>\n<p><strong>Sambata 3 iunie <\/strong><\/p>\n<p>10:00 &#8211; 12:00 &#8211; Jocurile copilariei<\/p>\n<p>11:00 &#8211; 12:00 &#8211; Spectacol &#8222;Povestea unei seminte&#8221; sus\u0163inut de CalendarulMagic.ro<\/p>\n<p>12:00 &#8211; 14:00 &#8211; Jocuri dinamice de echip\u0103<\/p>\n<p>12:00 &#8211; 13:30 \u2013 Atelier de crea\u0163ie &#8211; Caravana b\u0103rcu\u0163elor, facilitat de Caravana Veseliei 14:00 &#8211; 18:00 &#8211; \u00cen familia Caravanei Veseliei \u2013 jocuri de societate, board-games<\/p>\n<p>17:00 &#8211; 18:30 \u2013 Atelier exploziv &#8211; Caravana Experimentelor, facilitat de Caravana Veseliei.<\/p>\n<p>18:00 &#8211; 20:00 &#8211; Campionii Caravanei &#8211; concursuri sportive<\/p>\n<p><strong> Duminica 4 iulie <\/strong><\/p>\n<p>10:00 &#8211; 12:00 &#8211; Jocurile copil\u0103riei<\/p>\n<p>11:00 &#8211; 12:30 &#8211; Pira\u0163ii vin \u00een Caravana Veseliei &#8211; atelier facilitat de CalendarulMagic.ro 12:00 &#8211; 14:00 &#8211; Jocuri dinamice de echip\u0103<\/p>\n<p>12:30 &#8211; 14:00 &#8211; Atelier de baloane &#8211; Caravana baloanelor, facilitat de Caravana Veseliei 14:00 &#8211; 17:00 &#8211; \u00cen familia Caravanei Veseliei &#8211; jocuri de societate, board-games<\/p>\n<p>17:00 &#8211; 18:00 &#8211; Flash-mob<\/p>\n<p>18:00 &#8211; 20:00 &#8211; Campionii Caravanei &#8211; concursuri sportive<\/p>\n<p>&nbsp;<\/p>\n<p>&nbsp;<\/p>\n","protected":false},"excerpt":{"rendered":"<p>Copilaria.org al\u0103turi de CARAVANA VESELIEI \u015fi al\u0163i parteneri s\u0103rb\u0103tore\u015fte Ziua Copilului prin joac\u0103, \u00een cadrul Evenimentului Jocurile Copil\u0103riei, care va \u00eencepe pe 1 iunie \u00eentrun loc cunoscut al ora\u0219ului Cluj-Napoca. Doar o zi ne mai desparte de marea s\u0103rb\u0103toare a inocen\u0163ei\u00a0c\u00e2nd Parcul Grigorescu de pe malul Some\u0219ului \u2013 va deveni \u0219i anul acesta o caravan\u0103 [&hellip;]<\/p>\n","protected":false},"author":1,"featured_media":308,"comment_status":"open","ping_status":"open","sticky":false,"template":"","format":"standard","meta":{"footnotes":""},"categories":[21,2],"tags":[57,25,24,58,27,59],"class_list":{"0":"post-266","1":"post","2":"type-post","3":"status-publish","4":"format-standard","5":"has-post-thumbnail","7":"category-evenimente","8":"category-featured","9":"tag-ateliere-creative","10":"tag-copii","11":"tag-copilarie-org","12":"tag-jocuri","13":"tag-parinti","14":"tag-pictura-pe-fata"},"yoast_head":"<!-- This site is optimized with the Yoast SEO plugin v23.6 - https:\/\/yoast.com\/wordpress\/plugins\/seo\/ -->\n<title>De Ziua Copilului, ateliere de calitate, g\u00e2ndite de profesioni\u015fti! - Copil\u0103rie.org<\/title>\n<meta name=\"robots\" content=\"index, follow, max-snippet:-1, max-image-preview:large, max-video-preview:-1\" \/>\n<link rel=\"canonical\" href=\"https:\/\/copilarie.org\/index.php\/2017\/05\/30\/de-ziua-copilului-ateliere-de-calitate-gandite-de-profesionisti\/\" \/>\n<meta property=\"og:locale\" content=\"ro_RO\" \/>\n<meta property=\"og:type\" content=\"article\" \/>\n<meta property=\"og:title\" content=\"De Ziua Copilului, ateliere de calitate, g\u00e2ndite de profesioni\u015fti! - Copil\u0103rie.org\" \/>\n<meta property=\"og:description\" content=\"Copilaria.org al\u0103turi de CARAVANA VESELIEI \u015fi al\u0163i parteneri s\u0103rb\u0103tore\u015fte Ziua Copilului prin joac\u0103, \u00een cadrul Evenimentului Jocurile Copil\u0103riei, care va \u00eencepe pe 1 iunie \u00eentrun loc cunoscut al ora\u0219ului Cluj-Napoca. Doar o zi ne mai desparte de marea s\u0103rb\u0103toare a inocen\u0163ei\u00a0c\u00e2nd Parcul Grigorescu de pe malul Some\u0219ului \u2013 va deveni \u0219i anul acesta o caravan\u0103 [&hellip;]\" \/>\n<meta property=\"og:url\" content=\"https:\/\/copilarie.org\/index.php\/2017\/05\/30\/de-ziua-copilului-ateliere-de-calitate-gandite-de-profesionisti\/\" \/>\n<meta property=\"og:site_name\" content=\"Copil\u0103rie.org\" \/>\n<meta property=\"article:publisher\" content=\"https:\/\/www.facebook.com\/copilarie.org\/\" \/>\n<meta property=\"article:published_time\" content=\"2017-05-30T23:46:26+00:00\" \/>\n<meta property=\"article:modified_time\" content=\"2017-05-31T10:48:24+00:00\" \/>\n<meta property=\"og:image\" content=\"https:\/\/copilarie.org\/wp-content\/uploads\/2017\/05\/generica.jpg\" \/>\n\t<meta property=\"og:image:width\" content=\"1280\" \/>\n\t<meta property=\"og:image:height\" content=\"907\" \/>\n\t<meta property=\"og:image:type\" content=\"image\/jpeg\" \/>\n<meta name=\"author\" content=\"copilarie.org\" \/>\n<meta name=\"twitter:card\" content=\"summary_large_image\" \/>\n<meta name=\"twitter:creator\" content=\"@CopilarieOrg\" \/>\n<meta name=\"twitter:site\" content=\"@CopilarieOrg\" \/>\n<meta name=\"twitter:label1\" content=\"Scris de\" \/>\n\t<meta name=\"twitter:data1\" content=\"copilarie.org\" \/>\n\t<meta name=\"twitter:label2\" content=\"Timp estimat pentru citire\" \/>\n\t<meta name=\"twitter:data2\" content=\"3 minute\" \/>\n<script type=\"application\/ld+json\" class=\"yoast-schema-graph\">{\"@context\":\"https:\/\/schema.org\",\"@graph\":[{\"@type\":\"WebPage\",\"@id\":\"https:\/\/copilarie.org\/index.php\/2017\/05\/30\/de-ziua-copilului-ateliere-de-calitate-gandite-de-profesionisti\/\",\"url\":\"https:\/\/copilarie.org\/index.php\/2017\/05\/30\/de-ziua-copilului-ateliere-de-calitate-gandite-de-profesionisti\/\",\"name\":\"De Ziua Copilului, ateliere de calitate, g\u00e2ndite de profesioni\u015fti! - Copil\u0103rie.org\",\"isPartOf\":{\"@id\":\"https:\/\/copilarie.org\/#website\"},\"primaryImageOfPage\":{\"@id\":\"https:\/\/copilarie.org\/index.php\/2017\/05\/30\/de-ziua-copilului-ateliere-de-calitate-gandite-de-profesionisti\/#primaryimage\"},\"image\":{\"@id\":\"https:\/\/copilarie.org\/index.php\/2017\/05\/30\/de-ziua-copilului-ateliere-de-calitate-gandite-de-profesionisti\/#primaryimage\"},\"thumbnailUrl\":\"https:\/\/copilarie.org\/wp-content\/uploads\/2017\/05\/generica.jpg\",\"datePublished\":\"2017-05-30T23:46:26+00:00\",\"dateModified\":\"2017-05-31T10:48:24+00:00\",\"author\":{\"@id\":\"https:\/\/copilarie.org\/#\/schema\/person\/d8a7619fc1964ecf029620b5f64cb0ed\"},\"breadcrumb\":{\"@id\":\"https:\/\/copilarie.org\/index.php\/2017\/05\/30\/de-ziua-copilului-ateliere-de-calitate-gandite-de-profesionisti\/#breadcrumb\"},\"inLanguage\":\"ro-RO\",\"potentialAction\":[{\"@type\":\"ReadAction\",\"target\":[\"https:\/\/copilarie.org\/index.php\/2017\/05\/30\/de-ziua-copilului-ateliere-de-calitate-gandite-de-profesionisti\/\"]}]},{\"@type\":\"ImageObject\",\"inLanguage\":\"ro-RO\",\"@id\":\"https:\/\/copilarie.org\/index.php\/2017\/05\/30\/de-ziua-copilului-ateliere-de-calitate-gandite-de-profesionisti\/#primaryimage\",\"url\":\"https:\/\/copilarie.org\/wp-content\/uploads\/2017\/05\/generica.jpg\",\"contentUrl\":\"https:\/\/copilarie.org\/wp-content\/uploads\/2017\/05\/generica.jpg\",\"width\":1280,\"height\":907},{\"@type\":\"BreadcrumbList\",\"@id\":\"https:\/\/copilarie.org\/index.php\/2017\/05\/30\/de-ziua-copilului-ateliere-de-calitate-gandite-de-profesionisti\/#breadcrumb\",\"itemListElement\":[{\"@type\":\"ListItem\",\"position\":1,\"name\":\"Prima pagin\u0103\",\"item\":\"https:\/\/copilarie.org\/\"},{\"@type\":\"ListItem\",\"position\":2,\"name\":\"De Ziua Copilului, ateliere de calitate, g\u00e2ndite de profesioni\u015fti!\"}]},{\"@type\":\"WebSite\",\"@id\":\"https:\/\/copilarie.org\/#website\",\"url\":\"https:\/\/copilarie.org\/\",\"name\":\"Copil\u0103rie.org\",\"description\":\"\u00cen pas cu tine\",\"potentialAction\":[{\"@type\":\"SearchAction\",\"target\":{\"@type\":\"EntryPoint\",\"urlTemplate\":\"https:\/\/copilarie.org\/?s={search_term_string}\"},\"query-input\":{\"@type\":\"PropertyValueSpecification\",\"valueRequired\":true,\"valueName\":\"search_term_string\"}}],\"inLanguage\":\"ro-RO\"},{\"@type\":\"Person\",\"@id\":\"https:\/\/copilarie.org\/#\/schema\/person\/d8a7619fc1964ecf029620b5f64cb0ed\",\"name\":\"copilarie.org\",\"image\":{\"@type\":\"ImageObject\",\"inLanguage\":\"ro-RO\",\"@id\":\"https:\/\/copilarie.org\/#\/schema\/person\/image\/\",\"url\":\"https:\/\/secure.gravatar.com\/avatar\/722e5984ae1b18142be482fe9581860ff615bd39f940c7d8bea3240825316d6e?s=96&d=mm&r=g\",\"contentUrl\":\"https:\/\/secure.gravatar.com\/avatar\/722e5984ae1b18142be482fe9581860ff615bd39f940c7d8bea3240825316d6e?s=96&d=mm&r=g\",\"caption\":\"copilarie.org\"}}]}<\/script>\n<!-- \/ Yoast SEO plugin. -->","yoast_head_json":{"title":"De Ziua Copilului, ateliere de calitate, g\u00e2ndite de profesioni\u015fti! - Copil\u0103rie.org","robots":{"index":"index","follow":"follow","max-snippet":"max-snippet:-1","max-image-preview":"max-image-preview:large","max-video-preview":"max-video-preview:-1"},"canonical":"https:\/\/copilarie.org\/index.php\/2017\/05\/30\/de-ziua-copilului-ateliere-de-calitate-gandite-de-profesionisti\/","og_locale":"ro_RO","og_type":"article","og_title":"De Ziua Copilului, ateliere de calitate, g\u00e2ndite de profesioni\u015fti! - Copil\u0103rie.org","og_description":"Copilaria.org al\u0103turi de CARAVANA VESELIEI \u015fi al\u0163i parteneri s\u0103rb\u0103tore\u015fte Ziua Copilului prin joac\u0103, \u00een cadrul Evenimentului Jocurile Copil\u0103riei, care va \u00eencepe pe 1 iunie \u00eentrun loc cunoscut al ora\u0219ului Cluj-Napoca. Doar o zi ne mai desparte de marea s\u0103rb\u0103toare a inocen\u0163ei\u00a0c\u00e2nd Parcul Grigorescu de pe malul Some\u0219ului \u2013 va deveni \u0219i anul acesta o caravan\u0103 [&hellip;]","og_url":"https:\/\/copilarie.org\/index.php\/2017\/05\/30\/de-ziua-copilului-ateliere-de-calitate-gandite-de-profesionisti\/","og_site_name":"Copil\u0103rie.org","article_publisher":"https:\/\/www.facebook.com\/copilarie.org\/","article_published_time":"2017-05-30T23:46:26+00:00","article_modified_time":"2017-05-31T10:48:24+00:00","og_image":[{"width":1280,"height":907,"url":"https:\/\/copilarie.org\/wp-content\/uploads\/2017\/05\/generica.jpg","type":"image\/jpeg"}],"author":"copilarie.org","twitter_card":"summary_large_image","twitter_creator":"@CopilarieOrg","twitter_site":"@CopilarieOrg","twitter_misc":{"Scris de":"copilarie.org","Timp estimat pentru citire":"3 minute"},"schema":{"@context":"https:\/\/schema.org","@graph":[{"@type":"WebPage","@id":"https:\/\/copilarie.org\/index.php\/2017\/05\/30\/de-ziua-copilului-ateliere-de-calitate-gandite-de-profesionisti\/","url":"https:\/\/copilarie.org\/index.php\/2017\/05\/30\/de-ziua-copilului-ateliere-de-calitate-gandite-de-profesionisti\/","name":"De Ziua Copilului, ateliere de calitate, g\u00e2ndite de profesioni\u015fti! - Copil\u0103rie.org","isPartOf":{"@id":"https:\/\/copilarie.org\/#website"},"primaryImageOfPage":{"@id":"https:\/\/copilarie.org\/index.php\/2017\/05\/30\/de-ziua-copilului-ateliere-de-calitate-gandite-de-profesionisti\/#primaryimage"},"image":{"@id":"https:\/\/copilarie.org\/index.php\/2017\/05\/30\/de-ziua-copilului-ateliere-de-calitate-gandite-de-profesionisti\/#primaryimage"},"thumbnailUrl":"https:\/\/copilarie.org\/wp-content\/uploads\/2017\/05\/generica.jpg","datePublished":"2017-05-30T23:46:26+00:00","dateModified":"2017-05-31T10:48:24+00:00","author":{"@id":"https:\/\/copilarie.org\/#\/schema\/person\/d8a7619fc1964ecf029620b5f64cb0ed"},"breadcrumb":{"@id":"https:\/\/copilarie.org\/index.php\/2017\/05\/30\/de-ziua-copilului-ateliere-de-calitate-gandite-de-profesionisti\/#breadcrumb"},"inLanguage":"ro-RO","potentialAction":[{"@type":"ReadAction","target":["https:\/\/copilarie.org\/index.php\/2017\/05\/30\/de-ziua-copilului-ateliere-de-calitate-gandite-de-profesionisti\/"]}]},{"@type":"ImageObject","inLanguage":"ro-RO","@id":"https:\/\/copilarie.org\/index.php\/2017\/05\/30\/de-ziua-copilului-ateliere-de-calitate-gandite-de-profesionisti\/#primaryimage","url":"https:\/\/copilarie.org\/wp-content\/uploads\/2017\/05\/generica.jpg","contentUrl":"https:\/\/copilarie.org\/wp-content\/uploads\/2017\/05\/generica.jpg","width":1280,"height":907},{"@type":"BreadcrumbList","@id":"https:\/\/copilarie.org\/index.php\/2017\/05\/30\/de-ziua-copilului-ateliere-de-calitate-gandite-de-profesionisti\/#breadcrumb","itemListElement":[{"@type":"ListItem","position":1,"name":"Prima pagin\u0103","item":"https:\/\/copilarie.org\/"},{"@type":"ListItem","position":2,"name":"De Ziua Copilului, ateliere de calitate, g\u00e2ndite de profesioni\u015fti!"}]},{"@type":"WebSite","@id":"https:\/\/copilarie.org\/#website","url":"https:\/\/copilarie.org\/","name":"Copil\u0103rie.org","description":"\u00cen pas cu tine","potentialAction":[{"@type":"SearchAction","target":{"@type":"EntryPoint","urlTemplate":"https:\/\/copilarie.org\/?s={search_term_string}"},"query-input":{"@type":"PropertyValueSpecification","valueRequired":true,"valueName":"search_term_string"}}],"inLanguage":"ro-RO"},{"@type":"Person","@id":"https:\/\/copilarie.org\/#\/schema\/person\/d8a7619fc1964ecf029620b5f64cb0ed","name":"copilarie.org","image":{"@type":"ImageObject","inLanguage":"ro-RO","@id":"https:\/\/copilarie.org\/#\/schema\/person\/image\/","url":"https:\/\/secure.gravatar.com\/avatar\/722e5984ae1b18142be482fe9581860ff615bd39f940c7d8bea3240825316d6e?s=96&d=mm&r=g","contentUrl":"https:\/\/secure.gravatar.com\/avatar\/722e5984ae1b18142be482fe9581860ff615bd39f940c7d8bea3240825316d6e?s=96&d=mm&r=g","caption":"copilarie.org"}}]}},"_links":{"self":[{"href":"https:\/\/copilarie.org\/index.php\/wp-json\/wp\/v2\/posts\/266","targetHints":{"allow":["GET"]}}],"collection":[{"href":"https:\/\/copilarie.org\/index.php\/wp-json\/wp\/v2\/posts"}],"about":[{"href":"https:\/\/copilarie.org\/index.php\/wp-json\/wp\/v2\/types\/post"}],"author":[{"embeddable":true,"href":"https:\/\/copilarie.org\/index.php\/wp-json\/wp\/v2\/users\/1"}],"replies":[{"embeddable":true,"href":"https:\/\/copilarie.org\/index.php\/wp-json\/wp\/v2\/comments?post=266"}],"version-history":[{"count":1,"href":"https:\/\/copilarie.org\/index.php\/wp-json\/wp\/v2\/posts\/266\/revisions"}],"predecessor-version":[{"id":268,"href":"https:\/\/copilarie.org\/index.php\/wp-json\/wp\/v2\/posts\/266\/revisions\/268"}],"wp:featuredmedia":[{"embeddable":true,"href":"https:\/\/copilarie.org\/index.php\/wp-json\/wp\/v2\/media\/308"}],"wp:attachment":[{"href":"https:\/\/copilarie.org\/index.php\/wp-json\/wp\/v2\/media?parent=266"}],"wp:term":[{"taxonomy":"category","embeddable":true,"href":"https:\/\/copilarie.org\/index.php\/wp-json\/wp\/v2\/categories?post=266"},{"taxonomy":"post_tag","embeddable":true,"href":"https:\/\/copilarie.org\/index.php\/wp-json\/wp\/v2\/tags?post=266"}],"curies":[{"name":"wp","href":"https:\/\/api.w.org\/{rel}","templated":true}]}}