{"id":269,"date":"2017-05-31T00:00:28","date_gmt":"2017-05-31T00:00:28","guid":{"rendered":"http:\/\/copilarie.org\/?p=269"},"modified":"2017-05-31T10:42:30","modified_gmt":"2017-05-31T10:42:30","slug":"269","status":"publish","type":"post","link":"https:\/\/copilarie.org\/index.php\/2017\/05\/31\/269\/","title":{"rendered":"Tab\u0103r\u0103 de var\u0103 \u00een Cetatea Fetei, Flore\u015fti"},"content":{"rendered":"<p>Asocia\u0163ia \u201eAlegria\u201d \u00een parteneriat cu Prim\u0103ria Flore\u015fti anun\u0163\u0103 \u00eenceperea \u00eenscrierilor pentru Tab\u0103ra de var\u0103 \u201eCetatea Fetei &#8211; Emo\u0163ie, cultur\u0103, creativitate\u201d, program educativ ce se adreseaz\u0103 copiilor \u00eentre 7 \u015fi 15 ani.<\/p>\n<p>Programul se va desf\u0103\u015fura \u00een perioada 17-23 iulie, \u00een baza sportiv\u0103 Cetatea Fetei, Flore\u015fti.<\/p>\n<p>&#8222;Obiectivele generale ale acestui proiect educativ sunt:<\/p>\n<p>&#8211; dezvoltarea exprim\u0103rii emo\u0163ionale prin tehnici specifice artei plastice (grafic\u0103, pictur\u0103 \u00een acuarel\u0103, desen pe asfalt, grafitti etc.)<\/p>\n<p>&#8211; \u00eembun\u0103t\u0103\u0163irea nivelului lingvistic de comunicare al copiilor (\u00een limba rom\u00e2n\u0103 \u015fi \u00een limbi str\u0103ine)<br \/>\n<a href=\"https:\/\/copilarie.org\/wp-content\/uploads\/2017\/05\/Afis-tabara-Floresti-2017-Alegria-1.jpg\" target=\"_blank\" rel=\"noopener noreferrer\"><img loading=\"lazy\" decoding=\"async\" class=\"aligncenter wp-image-270 size-large\" src=\"https:\/\/copilarie.org\/wp-content\/uploads\/2017\/05\/Afis-tabara-Floresti-2017-Alegria-1-725x1024.jpg\" alt=\"\" width=\"640\" height=\"904\" srcset=\"https:\/\/copilarie.org\/wp-content\/uploads\/2017\/05\/Afis-tabara-Floresti-2017-Alegria-1-725x1024.jpg 725w, https:\/\/copilarie.org\/wp-content\/uploads\/2017\/05\/Afis-tabara-Floresti-2017-Alegria-1-212x300.jpg 212w, https:\/\/copilarie.org\/wp-content\/uploads\/2017\/05\/Afis-tabara-Floresti-2017-Alegria-1-768x1085.jpg 768w, https:\/\/copilarie.org\/wp-content\/uploads\/2017\/05\/Afis-tabara-Floresti-2017-Alegria-1-696x983.jpg 696w, https:\/\/copilarie.org\/wp-content\/uploads\/2017\/05\/Afis-tabara-Floresti-2017-Alegria-1-297x420.jpg 297w, https:\/\/copilarie.org\/wp-content\/uploads\/2017\/05\/Afis-tabara-Floresti-2017-Alegria-1.jpg 800w\" sizes=\"auto, (max-width: 640px) 100vw, 640px\" \/><\/a><\/p>\n<p>&#8211; valorificarea poten\u0163ialului cultural \u015fi educativ al zonei Flore\u015fti&#8221; a declarat Doamna Delia Bob, reprezentanta ini\u0163iatorului programului educativ.<\/p>\n<p>Toate materialele realizate \u00een \u015ecoala de var\u0103, precum \u015fi instantanee din activit\u0103\u0163i, vor fi publicate \u00een revista Alegria.<\/p>\n<p>Mai multe informa\u0163ii despre acest proiect se pot ob\u0163ine de\u00a0pe facebook\/asociatiaalegria, pe mail <a href=\"mailto:contact@asociatiaalegria.ro\">contact@asociatiaalegria.ro<\/a> sau la nr de telefon 0740049540.<\/p>\n","protected":false},"excerpt":{"rendered":"<p>Asocia\u0163ia \u201eAlegria\u201d \u00een parteneriat cu Prim\u0103ria Flore\u015fti anun\u0163\u0103 \u00eenceperea \u00eenscrierilor pentru Tab\u0103ra de var\u0103 \u201eCetatea Fetei &#8211; Emo\u0163ie, cultur\u0103, creativitate\u201d, program educativ ce se adreseaz\u0103 copiilor \u00eentre 7 \u015fi 15 ani. Programul se va desf\u0103\u015fura \u00een perioada 17-23 iulie, \u00een baza sportiv\u0103 Cetatea Fetei, Flore\u015fti. &#8222;Obiectivele generale ale acestui proiect educativ sunt: &#8211; dezvoltarea exprim\u0103rii [&hellip;]<\/p>\n","protected":false},"author":1,"featured_media":306,"comment_status":"open","ping_status":"open","sticky":false,"template":"","format":"standard","meta":{"footnotes":""},"categories":[2,19],"tags":[51,61,25,24,27,60],"class_list":{"0":"post-269","1":"post","2":"type-post","3":"status-publish","4":"format-standard","5":"has-post-thumbnail","7":"category-featured","8":"category-stiri","9":"tag-activitati","10":"tag-art-terapie","11":"tag-copii","12":"tag-copilarie-org","13":"tag-parinti","14":"tag-tabere"},"yoast_head":"<!-- This site is optimized with the Yoast SEO plugin v23.6 - https:\/\/yoast.com\/wordpress\/plugins\/seo\/ -->\n<title>Tab\u0103r\u0103 de var\u0103 \u00een Cetatea Fetei, Flore\u015fti - Copil\u0103rie.org<\/title>\n<meta name=\"robots\" content=\"index, follow, max-snippet:-1, max-image-preview:large, max-video-preview:-1\" \/>\n<link rel=\"canonical\" href=\"https:\/\/copilarie.org\/index.php\/2017\/05\/31\/269\/\" \/>\n<meta property=\"og:locale\" content=\"ro_RO\" \/>\n<meta property=\"og:type\" content=\"article\" \/>\n<meta property=\"og:title\" content=\"Tab\u0103r\u0103 de var\u0103 \u00een Cetatea Fetei, Flore\u015fti - Copil\u0103rie.org\" \/>\n<meta property=\"og:description\" content=\"Asocia\u0163ia \u201eAlegria\u201d \u00een parteneriat cu Prim\u0103ria Flore\u015fti anun\u0163\u0103 \u00eenceperea \u00eenscrierilor pentru Tab\u0103ra de var\u0103 \u201eCetatea Fetei &#8211; Emo\u0163ie, cultur\u0103, creativitate\u201d, program educativ ce se adreseaz\u0103 copiilor \u00eentre 7 \u015fi 15 ani. Programul se va desf\u0103\u015fura \u00een perioada 17-23 iulie, \u00een baza sportiv\u0103 Cetatea Fetei, Flore\u015fti. &#8222;Obiectivele generale ale acestui proiect educativ sunt: &#8211; dezvoltarea exprim\u0103rii [&hellip;]\" \/>\n<meta property=\"og:url\" content=\"https:\/\/copilarie.org\/index.php\/2017\/05\/31\/269\/\" \/>\n<meta property=\"og:site_name\" content=\"Copil\u0103rie.org\" \/>\n<meta property=\"article:publisher\" content=\"https:\/\/www.facebook.com\/copilarie.org\/\" \/>\n<meta property=\"article:published_time\" content=\"2017-05-31T00:00:28+00:00\" \/>\n<meta property=\"article:modified_time\" content=\"2017-05-31T10:42:30+00:00\" \/>\n<meta property=\"og:image\" content=\"https:\/\/copilarie.org\/wp-content\/uploads\/2017\/05\/tabara.jpg\" \/>\n\t<meta property=\"og:image:width\" content=\"1280\" \/>\n\t<meta property=\"og:image:height\" content=\"710\" \/>\n\t<meta property=\"og:image:type\" content=\"image\/jpeg\" \/>\n<meta name=\"author\" content=\"copilarie.org\" \/>\n<meta name=\"twitter:card\" content=\"summary_large_image\" \/>\n<meta name=\"twitter:creator\" content=\"@CopilarieOrg\" \/>\n<meta name=\"twitter:site\" content=\"@CopilarieOrg\" \/>\n<meta name=\"twitter:label1\" content=\"Scris de\" \/>\n\t<meta name=\"twitter:data1\" content=\"copilarie.org\" \/>\n\t<meta name=\"twitter:label2\" content=\"Timp estimat pentru citire\" \/>\n\t<meta name=\"twitter:data2\" content=\"1 minut\" \/>\n<script type=\"application\/ld+json\" class=\"yoast-schema-graph\">{\"@context\":\"https:\/\/schema.org\",\"@graph\":[{\"@type\":\"WebPage\",\"@id\":\"https:\/\/copilarie.org\/index.php\/2017\/05\/31\/269\/\",\"url\":\"https:\/\/copilarie.org\/index.php\/2017\/05\/31\/269\/\",\"name\":\"Tab\u0103r\u0103 de var\u0103 \u00een Cetatea Fetei, Flore\u015fti - Copil\u0103rie.org\",\"isPartOf\":{\"@id\":\"https:\/\/copilarie.org\/#website\"},\"primaryImageOfPage\":{\"@id\":\"https:\/\/copilarie.org\/index.php\/2017\/05\/31\/269\/#primaryimage\"},\"image\":{\"@id\":\"https:\/\/copilarie.org\/index.php\/2017\/05\/31\/269\/#primaryimage\"},\"thumbnailUrl\":\"https:\/\/copilarie.org\/wp-content\/uploads\/2017\/05\/tabara.jpg\",\"datePublished\":\"2017-05-31T00:00:28+00:00\",\"dateModified\":\"2017-05-31T10:42:30+00:00\",\"author\":{\"@id\":\"https:\/\/copilarie.org\/#\/schema\/person\/d8a7619fc1964ecf029620b5f64cb0ed\"},\"breadcrumb\":{\"@id\":\"https:\/\/copilarie.org\/index.php\/2017\/05\/31\/269\/#breadcrumb\"},\"inLanguage\":\"ro-RO\",\"potentialAction\":[{\"@type\":\"ReadAction\",\"target\":[\"https:\/\/copilarie.org\/index.php\/2017\/05\/31\/269\/\"]}]},{\"@type\":\"ImageObject\",\"inLanguage\":\"ro-RO\",\"@id\":\"https:\/\/copilarie.org\/index.php\/2017\/05\/31\/269\/#primaryimage\",\"url\":\"https:\/\/copilarie.org\/wp-content\/uploads\/2017\/05\/tabara.jpg\",\"contentUrl\":\"https:\/\/copilarie.org\/wp-content\/uploads\/2017\/05\/tabara.jpg\",\"width\":1280,\"height\":710},{\"@type\":\"BreadcrumbList\",\"@id\":\"https:\/\/copilarie.org\/index.php\/2017\/05\/31\/269\/#breadcrumb\",\"itemListElement\":[{\"@type\":\"ListItem\",\"position\":1,\"name\":\"Prima pagin\u0103\",\"item\":\"https:\/\/copilarie.org\/\"},{\"@type\":\"ListItem\",\"position\":2,\"name\":\"Tab\u0103r\u0103 de var\u0103 \u00een Cetatea Fetei, Flore\u015fti\"}]},{\"@type\":\"WebSite\",\"@id\":\"https:\/\/copilarie.org\/#website\",\"url\":\"https:\/\/copilarie.org\/\",\"name\":\"Copil\u0103rie.org\",\"description\":\"\u00cen pas cu tine\",\"potentialAction\":[{\"@type\":\"SearchAction\",\"target\":{\"@type\":\"EntryPoint\",\"urlTemplate\":\"https:\/\/copilarie.org\/?s={search_term_string}\"},\"query-input\":{\"@type\":\"PropertyValueSpecification\",\"valueRequired\":true,\"valueName\":\"search_term_string\"}}],\"inLanguage\":\"ro-RO\"},{\"@type\":\"Person\",\"@id\":\"https:\/\/copilarie.org\/#\/schema\/person\/d8a7619fc1964ecf029620b5f64cb0ed\",\"name\":\"copilarie.org\",\"image\":{\"@type\":\"ImageObject\",\"inLanguage\":\"ro-RO\",\"@id\":\"https:\/\/copilarie.org\/#\/schema\/person\/image\/\",\"url\":\"https:\/\/secure.gravatar.com\/avatar\/722e5984ae1b18142be482fe9581860ff615bd39f940c7d8bea3240825316d6e?s=96&d=mm&r=g\",\"contentUrl\":\"https:\/\/secure.gravatar.com\/avatar\/722e5984ae1b18142be482fe9581860ff615bd39f940c7d8bea3240825316d6e?s=96&d=mm&r=g\",\"caption\":\"copilarie.org\"}}]}<\/script>\n<!-- \/ Yoast SEO plugin. -->","yoast_head_json":{"title":"Tab\u0103r\u0103 de var\u0103 \u00een Cetatea Fetei, Flore\u015fti - Copil\u0103rie.org","robots":{"index":"index","follow":"follow","max-snippet":"max-snippet:-1","max-image-preview":"max-image-preview:large","max-video-preview":"max-video-preview:-1"},"canonical":"https:\/\/copilarie.org\/index.php\/2017\/05\/31\/269\/","og_locale":"ro_RO","og_type":"article","og_title":"Tab\u0103r\u0103 de var\u0103 \u00een Cetatea Fetei, Flore\u015fti - Copil\u0103rie.org","og_description":"Asocia\u0163ia \u201eAlegria\u201d \u00een parteneriat cu Prim\u0103ria Flore\u015fti anun\u0163\u0103 \u00eenceperea \u00eenscrierilor pentru Tab\u0103ra de var\u0103 \u201eCetatea Fetei &#8211; Emo\u0163ie, cultur\u0103, creativitate\u201d, program educativ ce se adreseaz\u0103 copiilor \u00eentre 7 \u015fi 15 ani. Programul se va desf\u0103\u015fura \u00een perioada 17-23 iulie, \u00een baza sportiv\u0103 Cetatea Fetei, Flore\u015fti. &#8222;Obiectivele generale ale acestui proiect educativ sunt: &#8211; dezvoltarea exprim\u0103rii [&hellip;]","og_url":"https:\/\/copilarie.org\/index.php\/2017\/05\/31\/269\/","og_site_name":"Copil\u0103rie.org","article_publisher":"https:\/\/www.facebook.com\/copilarie.org\/","article_published_time":"2017-05-31T00:00:28+00:00","article_modified_time":"2017-05-31T10:42:30+00:00","og_image":[{"width":1280,"height":710,"url":"https:\/\/copilarie.org\/wp-content\/uploads\/2017\/05\/tabara.jpg","type":"image\/jpeg"}],"author":"copilarie.org","twitter_card":"summary_large_image","twitter_creator":"@CopilarieOrg","twitter_site":"@CopilarieOrg","twitter_misc":{"Scris de":"copilarie.org","Timp estimat pentru citire":"1 minut"},"schema":{"@context":"https:\/\/schema.org","@graph":[{"@type":"WebPage","@id":"https:\/\/copilarie.org\/index.php\/2017\/05\/31\/269\/","url":"https:\/\/copilarie.org\/index.php\/2017\/05\/31\/269\/","name":"Tab\u0103r\u0103 de var\u0103 \u00een Cetatea Fetei, Flore\u015fti - Copil\u0103rie.org","isPartOf":{"@id":"https:\/\/copilarie.org\/#website"},"primaryImageOfPage":{"@id":"https:\/\/copilarie.org\/index.php\/2017\/05\/31\/269\/#primaryimage"},"image":{"@id":"https:\/\/copilarie.org\/index.php\/2017\/05\/31\/269\/#primaryimage"},"thumbnailUrl":"https:\/\/copilarie.org\/wp-content\/uploads\/2017\/05\/tabara.jpg","datePublished":"2017-05-31T00:00:28+00:00","dateModified":"2017-05-31T10:42:30+00:00","author":{"@id":"https:\/\/copilarie.org\/#\/schema\/person\/d8a7619fc1964ecf029620b5f64cb0ed"},"breadcrumb":{"@id":"https:\/\/copilarie.org\/index.php\/2017\/05\/31\/269\/#breadcrumb"},"inLanguage":"ro-RO","potentialAction":[{"@type":"ReadAction","target":["https:\/\/copilarie.org\/index.php\/2017\/05\/31\/269\/"]}]},{"@type":"ImageObject","inLanguage":"ro-RO","@id":"https:\/\/copilarie.org\/index.php\/2017\/05\/31\/269\/#primaryimage","url":"https:\/\/copilarie.org\/wp-content\/uploads\/2017\/05\/tabara.jpg","contentUrl":"https:\/\/copilarie.org\/wp-content\/uploads\/2017\/05\/tabara.jpg","width":1280,"height":710},{"@type":"BreadcrumbList","@id":"https:\/\/copilarie.org\/index.php\/2017\/05\/31\/269\/#breadcrumb","itemListElement":[{"@type":"ListItem","position":1,"name":"Prima pagin\u0103","item":"https:\/\/copilarie.org\/"},{"@type":"ListItem","position":2,"name":"Tab\u0103r\u0103 de var\u0103 \u00een Cetatea Fetei, Flore\u015fti"}]},{"@type":"WebSite","@id":"https:\/\/copilarie.org\/#website","url":"https:\/\/copilarie.org\/","name":"Copil\u0103rie.org","description":"\u00cen pas cu tine","potentialAction":[{"@type":"SearchAction","target":{"@type":"EntryPoint","urlTemplate":"https:\/\/copilarie.org\/?s={search_term_string}"},"query-input":{"@type":"PropertyValueSpecification","valueRequired":true,"valueName":"search_term_string"}}],"inLanguage":"ro-RO"},{"@type":"Person","@id":"https:\/\/copilarie.org\/#\/schema\/person\/d8a7619fc1964ecf029620b5f64cb0ed","name":"copilarie.org","image":{"@type":"ImageObject","inLanguage":"ro-RO","@id":"https:\/\/copilarie.org\/#\/schema\/person\/image\/","url":"https:\/\/secure.gravatar.com\/avatar\/722e5984ae1b18142be482fe9581860ff615bd39f940c7d8bea3240825316d6e?s=96&d=mm&r=g","contentUrl":"https:\/\/secure.gravatar.com\/avatar\/722e5984ae1b18142be482fe9581860ff615bd39f940c7d8bea3240825316d6e?s=96&d=mm&r=g","caption":"copilarie.org"}}]}},"_links":{"self":[{"href":"https:\/\/copilarie.org\/index.php\/wp-json\/wp\/v2\/posts\/269","targetHints":{"allow":["GET"]}}],"collection":[{"href":"https:\/\/copilarie.org\/index.php\/wp-json\/wp\/v2\/posts"}],"about":[{"href":"https:\/\/copilarie.org\/index.php\/wp-json\/wp\/v2\/types\/post"}],"author":[{"embeddable":true,"href":"https:\/\/copilarie.org\/index.php\/wp-json\/wp\/v2\/users\/1"}],"replies":[{"embeddable":true,"href":"https:\/\/copilarie.org\/index.php\/wp-json\/wp\/v2\/comments?post=269"}],"version-history":[{"count":4,"href":"https:\/\/copilarie.org\/index.php\/wp-json\/wp\/v2\/posts\/269\/revisions"}],"predecessor-version":[{"id":307,"href":"https:\/\/copilarie.org\/index.php\/wp-json\/wp\/v2\/posts\/269\/revisions\/307"}],"wp:featuredmedia":[{"embeddable":true,"href":"https:\/\/copilarie.org\/index.php\/wp-json\/wp\/v2\/media\/306"}],"wp:attachment":[{"href":"https:\/\/copilarie.org\/index.php\/wp-json\/wp\/v2\/media?parent=269"}],"wp:term":[{"taxonomy":"category","embeddable":true,"href":"https:\/\/copilarie.org\/index.php\/wp-json\/wp\/v2\/categories?post=269"},{"taxonomy":"post_tag","embeddable":true,"href":"https:\/\/copilarie.org\/index.php\/wp-json\/wp\/v2\/tags?post=269"}],"curies":[{"name":"wp","href":"https:\/\/api.w.org\/{rel}","templated":true}]}}