{"id":278,"date":"2017-05-31T07:58:58","date_gmt":"2017-05-31T07:58:58","guid":{"rendered":"http:\/\/copilarie.org\/?p=278"},"modified":"2017-05-31T10:36:01","modified_gmt":"2017-05-31T10:36:01","slug":"ora-povestilor-la-biblioteca-judeteana-octavian-goga","status":"publish","type":"post","link":"https:\/\/copilarie.org\/index.php\/2017\/05\/31\/ora-povestilor-la-biblioteca-judeteana-octavian-goga\/","title":{"rendered":"Ora pove\u015ftilor la Biblioteca Jude\u0163ean\u0103 &#8222;Octavian Goga&#8221;"},"content":{"rendered":"<p><img loading=\"lazy\" decoding=\"async\" class=\"alignright wp-image-289 size-full\" src=\"https:\/\/copilarie.org\/wp-content\/uploads\/2017\/05\/afis-ora-povestilor.jpg\" alt=\"\" width=\"442\" height=\"640\" srcset=\"https:\/\/copilarie.org\/wp-content\/uploads\/2017\/05\/afis-ora-povestilor.jpg 442w, https:\/\/copilarie.org\/wp-content\/uploads\/2017\/05\/afis-ora-povestilor-207x300.jpg 207w, https:\/\/copilarie.org\/wp-content\/uploads\/2017\/05\/afis-ora-povestilor-290x420.jpg 290w\" sizes=\"auto, (max-width: 442px) 100vw, 442px\" \/>Biblioteca Jude\u0163ean\u0103 &#8221; Octavian Goga&#8221; \u00een\u0163elege nevoia de formare a deprinderilor de comunicare la micu\u0163i \u015fi vine \u00een \u00eent\u00e2mpinarea p\u0103rin\u0163ilor cu un proiect derulat prin Sec\u0163ia pentru copii din cadrul bibliotecii publice.<\/p>\n<p>Reprezentan\u0163ii bibliotecii spun c\u0103 &#8221; sec\u0163ia pentru copii este cea mai important\u0103 sec\u0163ie.<\/p>\n<p>Aici se formeaz\u0103 viitorii adul\u021bi, la educa\u0163ia c\u0103rora particip\u0103 nu numai \u015fcoala \u015fi familia, ci \u015fi bibliotecarul, \u00eendrum\u0103torul \u00een lectur\u0103 \u015fi mediatorul \u00eentre sufletul copilului \u015fi carte.<\/p>\n<p>Un proiect de succes pentru pre\u015fcolari ce se desf\u0103\u015foar\u0103 s\u0103pt\u0103m\u00e2nal la sec\u0163iile pentru copii a Bibliotecii Jude\u0163ene \u201eOctavian Goga\u201d Cluj este <strong><em>Ora pove\u015ftilor<\/em><\/strong>.<\/p>\n<p>Scopul acestuia este de a atrage c\u0103tre bibliotec\u0103 p\u0103rin\u0163i \u015fi copii, de a stimula interesul pentru lectur\u0103 a celor mici, precum \u015fi \u00eencurajarea petrecerii timpului liber \u00een spa\u0163iile bibliotecii a \u00eentregii familii.<\/p>\n<p>Obiectivele urm\u0103rite prin acest proiect sunt cele de familiarizare a copiilor cu literatura specific\u0103 v\u00e2rstei lor, dezvoltarea g\u00e2ndirii \u015fi imagina\u0163iei creative, formarea abilit\u0103\u0163ilor de exprimare \u015fi comunicare, educare \u015fi informarea prin distrac\u0163ie \u015fi joc.<\/p>\n<p>Copiilor le place s\u0103 li se citeasc\u0103.<\/p>\n<p>Pentru p\u0103rin\u0163i acesta nu este timp pierdut, ci timp investit.<\/p>\n<p>Povestea \u00een cadrul acestor activit\u0103\u0163i este folosit\u0103 ca mijloc de comunicare \u015fi metod\u0103 de instruire. Fiecare \u00eent\u00e2lnire este atent planificat\u0103 de c\u0103tre bibliotecar.<\/p>\n<p>Sunt selectate pove\u015fti potrivite categoriei de v\u00e2rst\u0103 a participan\u0163ilor, pove\u015fti at\u00e2t din folclorul rom\u00e2nesc c\u00e2t \u015fi cel universal, valorific\u00e2ndu-se astfel fondul de carte al bibliotecii.<\/p>\n<p>Copiii din zilele noastre sunt mai informa\u0163i, mai energici, au o imagina\u0163ie mai bogat\u0103, de aceea, pentru a evita plictiseala sunt utilizate diverse metode de activizare a lecturii cum ar fi: lectura predictiv\u0103, analiza \u015fi interpretarea imaginilor, dramatizarea, jocul de rol, jocul de cuvinte, jocul cognitiv-distractiv.<\/p>\n<p>Citesc copiilor pove\u015fti at\u00e2t bibliotecarii, dar \u015fi invita\u0163i din r\u00e2ndul scriitorilor clujeni (Flavia Teoc, Gabriela Gen\u0163iana Groza), actorilor (Doina Dejica actri\u0163\u0103 a Teatrului de P\u0103pu\u015fi Puck, Angelica Nicoar\u0103, actri\u0163\u0103 a Teatrului Na\u0163ional Cluj), oameni de radio (Anca B\u0103ltan, Ioana Bindea), alte personalit\u0103\u0163i ale vie\u0163ii culturale clujene, voluntari din r\u00e2ndul p\u0103rin\u0163ilor, studen\u0163ilor, elevilor.<\/p>\n<p>\u00cen anul 2010 a fost semnat un protocol de colaborare \u00eentre biblioteca jude\u0163ean\u0103 \u015fi Colegiul Na\u0163ional Pedagogic \u201eGheorghe Laz\u0103r\u201d, institu\u0163ia de \u00eenv\u0103\u0163\u0103m\u00e2nt clujean\u0103 care preg\u0103te\u015fte viitorii educatori \u015fi \u00eenv\u0103\u0163\u0103tori. Pe parcursul anilor, zeci de elevi ai acestui colegiu au activat ca voluntari \u00een cadrul Orei pove\u015ftilor.<\/p>\n<p>Impactul acestui proiect este evident. \u00cen urma activit\u0103\u0163ii desf\u0103\u015furate, copiii i-au cuno\u015ftin\u0163\u0103 de diferi\u0163i scriitori \u015fi crea\u0163iile lor, \u00eenva\u0163\u0103 s\u0103 deosebeasc\u0103 binele de r\u0103u, bucuria de triste\u0163e, frumosul de ur\u00e2t, utilul de d\u0103un\u0103tor, cunosc interac\u0163iunea dintre om \u015fi natur\u0103, iau cuno\u015ftin\u0163\u0103 de mediul \u00eenconjur\u0103tor.<\/p>\n<p>Micu\u0163ilor li se formeaz\u0103 deprinderi de comunicare, li se pun bazele concep\u0163iei despre om \u015fi lume.<\/p>\n<p>Datorit\u0103 succesului activit\u0103\u021bilor, proiectul s-a extins, acum lectur\u00e2ndu-se pove\u0219ti nu numai \u00een limba rom\u00e2n\u0103, ci \u0219i \u00een maghiar\u0103 sau englez\u0103.<\/p>\n<p>A\u0219adar, a\u0219tept\u0103m copiii s\u0103 citim \u00eempreun\u0103 pove\u0219ti!&#8221;<\/p>\n<p><strong>Programul Proiectului Ora pove\u015ftilor este \u00een fiecare miercuri \u015fi joi, \u00eencep\u00eend cu orele 17.00, dup\u0103 cum urmeaz\u0103:<\/strong><\/p>\n<p><strong>Miercurea<\/strong><\/p>\n<p>Ora pove\u0219tilor \u00een limba englez\u0103, ora 17.00, sediul central, Calea Doroban\u021bilor, nr. 104, American Corner, etaj V, est<\/p>\n<p>Ora pove\u0219tilor \u00een limba rom\u00e2n\u0103, ora 17.00, Filiala \u201eTraian Brad\u201d, cartier M\u0103n\u0103\u0219tur, Strada Izlazului, nr. 18, Filiala Kog\u0103lniceanu, Strada Mihail Kog\u0103lniceanu, nr. 7, Filiala Zorilor, Strada Observatorului, nr. 1<\/p>\n<p>Ora pove\u0219tilor \u00een limba maghiar\u0103,\u00a0 ora 18.00, Filiala \u201eTraian Brad\u201d, cartier M\u0103n\u0103\u0219tur, Strada Izlazului, nr. 18<\/p>\n<p><strong>Joia<\/strong><\/p>\n<p>Ora pove\u0219tilor \u00een limba rom\u00e2n\u0103, ora 17.00, sediul central, Calea Doroban\u021bilor, nr. 104, parter vest<\/p>\n<p>Ora pove\u0219tilor \u00een limba maghiar\u0103,\u00a0 ora 17.00, Filiala Zorilor, Strada Observatorului, nr. 1<\/p>\n<p>&nbsp;<\/p>\n<p>&nbsp;<\/p>\n<p>&nbsp;<\/p>\n","protected":false},"excerpt":{"rendered":"<p>Biblioteca Jude\u0163ean\u0103 &#8221; Octavian Goga&#8221; \u00een\u0163elege nevoia de formare a deprinderilor de comunicare la micu\u0163i \u015fi vine \u00een \u00eent\u00e2mpinarea p\u0103rin\u0163ilor cu un proiect derulat prin Sec\u0163ia pentru copii din cadrul bibliotecii publice. Reprezentan\u0163ii bibliotecii spun c\u0103 &#8221; sec\u0163ia pentru copii este cea mai important\u0103 sec\u0163ie. Aici se formeaz\u0103 viitorii adul\u021bi, la educa\u0163ia c\u0103rora particip\u0103 nu [&hellip;]<\/p>\n","protected":false},"author":1,"featured_media":305,"comment_status":"open","ping_status":"open","sticky":false,"template":"","format":"standard","meta":{"footnotes":""},"categories":[21,2],"tags":[25,24,62,27,55],"class_list":{"0":"post-278","1":"post","2":"type-post","3":"status-publish","4":"format-standard","5":"has-post-thumbnail","7":"category-evenimente","8":"category-featured","9":"tag-copii","10":"tag-copilarie-org","11":"tag-lectura","12":"tag-parinti","13":"tag-povesti"},"yoast_head":"<!-- This site is optimized with the Yoast SEO plugin v23.6 - https:\/\/yoast.com\/wordpress\/plugins\/seo\/ -->\n<title>Ora pove\u015ftilor la Biblioteca Jude\u0163ean\u0103 &quot;Octavian Goga&quot; - Copil\u0103rie.org<\/title>\n<meta name=\"robots\" content=\"index, follow, max-snippet:-1, max-image-preview:large, max-video-preview:-1\" \/>\n<link rel=\"canonical\" href=\"https:\/\/copilarie.org\/index.php\/2017\/05\/31\/ora-povestilor-la-biblioteca-judeteana-octavian-goga\/\" \/>\n<meta property=\"og:locale\" content=\"ro_RO\" \/>\n<meta property=\"og:type\" content=\"article\" \/>\n<meta property=\"og:title\" content=\"Ora pove\u015ftilor la Biblioteca Jude\u0163ean\u0103 &quot;Octavian Goga&quot; - Copil\u0103rie.org\" \/>\n<meta property=\"og:description\" content=\"Biblioteca Jude\u0163ean\u0103 &#8221; Octavian Goga&#8221; \u00een\u0163elege nevoia de formare a deprinderilor de comunicare la micu\u0163i \u015fi vine \u00een \u00eent\u00e2mpinarea p\u0103rin\u0163ilor cu un proiect derulat prin Sec\u0163ia pentru copii din cadrul bibliotecii publice. Reprezentan\u0163ii bibliotecii spun c\u0103 &#8221; sec\u0163ia pentru copii este cea mai important\u0103 sec\u0163ie. Aici se formeaz\u0103 viitorii adul\u021bi, la educa\u0163ia c\u0103rora particip\u0103 nu [&hellip;]\" \/>\n<meta property=\"og:url\" content=\"https:\/\/copilarie.org\/index.php\/2017\/05\/31\/ora-povestilor-la-biblioteca-judeteana-octavian-goga\/\" \/>\n<meta property=\"og:site_name\" content=\"Copil\u0103rie.org\" \/>\n<meta property=\"article:publisher\" content=\"https:\/\/www.facebook.com\/copilarie.org\/\" \/>\n<meta property=\"article:published_time\" content=\"2017-05-31T07:58:58+00:00\" \/>\n<meta property=\"article:modified_time\" content=\"2017-05-31T10:36:01+00:00\" \/>\n<meta property=\"og:image\" content=\"https:\/\/copilarie.org\/wp-content\/uploads\/2017\/05\/copilarie-generic.jpg\" \/>\n\t<meta property=\"og:image:width\" content=\"1280\" \/>\n\t<meta property=\"og:image:height\" content=\"853\" \/>\n\t<meta property=\"og:image:type\" content=\"image\/jpeg\" \/>\n<meta name=\"author\" content=\"copilarie.org\" \/>\n<meta name=\"twitter:card\" content=\"summary_large_image\" \/>\n<meta name=\"twitter:creator\" content=\"@CopilarieOrg\" \/>\n<meta name=\"twitter:site\" content=\"@CopilarieOrg\" \/>\n<meta name=\"twitter:label1\" content=\"Scris de\" \/>\n\t<meta name=\"twitter:data1\" content=\"copilarie.org\" \/>\n\t<meta name=\"twitter:label2\" content=\"Timp estimat pentru citire\" \/>\n\t<meta name=\"twitter:data2\" content=\"3 minute\" \/>\n<script type=\"application\/ld+json\" class=\"yoast-schema-graph\">{\"@context\":\"https:\/\/schema.org\",\"@graph\":[{\"@type\":\"WebPage\",\"@id\":\"https:\/\/copilarie.org\/index.php\/2017\/05\/31\/ora-povestilor-la-biblioteca-judeteana-octavian-goga\/\",\"url\":\"https:\/\/copilarie.org\/index.php\/2017\/05\/31\/ora-povestilor-la-biblioteca-judeteana-octavian-goga\/\",\"name\":\"Ora pove\u015ftilor la Biblioteca Jude\u0163ean\u0103 \\\"Octavian Goga\\\" - Copil\u0103rie.org\",\"isPartOf\":{\"@id\":\"https:\/\/copilarie.org\/#website\"},\"primaryImageOfPage\":{\"@id\":\"https:\/\/copilarie.org\/index.php\/2017\/05\/31\/ora-povestilor-la-biblioteca-judeteana-octavian-goga\/#primaryimage\"},\"image\":{\"@id\":\"https:\/\/copilarie.org\/index.php\/2017\/05\/31\/ora-povestilor-la-biblioteca-judeteana-octavian-goga\/#primaryimage\"},\"thumbnailUrl\":\"https:\/\/copilarie.org\/wp-content\/uploads\/2017\/05\/copilarie-generic.jpg\",\"datePublished\":\"2017-05-31T07:58:58+00:00\",\"dateModified\":\"2017-05-31T10:36:01+00:00\",\"author\":{\"@id\":\"https:\/\/copilarie.org\/#\/schema\/person\/d8a7619fc1964ecf029620b5f64cb0ed\"},\"breadcrumb\":{\"@id\":\"https:\/\/copilarie.org\/index.php\/2017\/05\/31\/ora-povestilor-la-biblioteca-judeteana-octavian-goga\/#breadcrumb\"},\"inLanguage\":\"ro-RO\",\"potentialAction\":[{\"@type\":\"ReadAction\",\"target\":[\"https:\/\/copilarie.org\/index.php\/2017\/05\/31\/ora-povestilor-la-biblioteca-judeteana-octavian-goga\/\"]}]},{\"@type\":\"ImageObject\",\"inLanguage\":\"ro-RO\",\"@id\":\"https:\/\/copilarie.org\/index.php\/2017\/05\/31\/ora-povestilor-la-biblioteca-judeteana-octavian-goga\/#primaryimage\",\"url\":\"https:\/\/copilarie.org\/wp-content\/uploads\/2017\/05\/copilarie-generic.jpg\",\"contentUrl\":\"https:\/\/copilarie.org\/wp-content\/uploads\/2017\/05\/copilarie-generic.jpg\",\"width\":1280,\"height\":853},{\"@type\":\"BreadcrumbList\",\"@id\":\"https:\/\/copilarie.org\/index.php\/2017\/05\/31\/ora-povestilor-la-biblioteca-judeteana-octavian-goga\/#breadcrumb\",\"itemListElement\":[{\"@type\":\"ListItem\",\"position\":1,\"name\":\"Prima pagin\u0103\",\"item\":\"https:\/\/copilarie.org\/\"},{\"@type\":\"ListItem\",\"position\":2,\"name\":\"Ora pove\u015ftilor la Biblioteca Jude\u0163ean\u0103 &#8222;Octavian Goga&#8221;\"}]},{\"@type\":\"WebSite\",\"@id\":\"https:\/\/copilarie.org\/#website\",\"url\":\"https:\/\/copilarie.org\/\",\"name\":\"Copil\u0103rie.org\",\"description\":\"\u00cen pas cu tine\",\"potentialAction\":[{\"@type\":\"SearchAction\",\"target\":{\"@type\":\"EntryPoint\",\"urlTemplate\":\"https:\/\/copilarie.org\/?s={search_term_string}\"},\"query-input\":{\"@type\":\"PropertyValueSpecification\",\"valueRequired\":true,\"valueName\":\"search_term_string\"}}],\"inLanguage\":\"ro-RO\"},{\"@type\":\"Person\",\"@id\":\"https:\/\/copilarie.org\/#\/schema\/person\/d8a7619fc1964ecf029620b5f64cb0ed\",\"name\":\"copilarie.org\",\"image\":{\"@type\":\"ImageObject\",\"inLanguage\":\"ro-RO\",\"@id\":\"https:\/\/copilarie.org\/#\/schema\/person\/image\/\",\"url\":\"https:\/\/secure.gravatar.com\/avatar\/722e5984ae1b18142be482fe9581860ff615bd39f940c7d8bea3240825316d6e?s=96&d=mm&r=g\",\"contentUrl\":\"https:\/\/secure.gravatar.com\/avatar\/722e5984ae1b18142be482fe9581860ff615bd39f940c7d8bea3240825316d6e?s=96&d=mm&r=g\",\"caption\":\"copilarie.org\"}}]}<\/script>\n<!-- \/ Yoast SEO plugin. -->","yoast_head_json":{"title":"Ora pove\u015ftilor la Biblioteca Jude\u0163ean\u0103 \"Octavian Goga\" - Copil\u0103rie.org","robots":{"index":"index","follow":"follow","max-snippet":"max-snippet:-1","max-image-preview":"max-image-preview:large","max-video-preview":"max-video-preview:-1"},"canonical":"https:\/\/copilarie.org\/index.php\/2017\/05\/31\/ora-povestilor-la-biblioteca-judeteana-octavian-goga\/","og_locale":"ro_RO","og_type":"article","og_title":"Ora pove\u015ftilor la Biblioteca Jude\u0163ean\u0103 \"Octavian Goga\" - Copil\u0103rie.org","og_description":"Biblioteca Jude\u0163ean\u0103 &#8221; Octavian Goga&#8221; \u00een\u0163elege nevoia de formare a deprinderilor de comunicare la micu\u0163i \u015fi vine \u00een \u00eent\u00e2mpinarea p\u0103rin\u0163ilor cu un proiect derulat prin Sec\u0163ia pentru copii din cadrul bibliotecii publice. Reprezentan\u0163ii bibliotecii spun c\u0103 &#8221; sec\u0163ia pentru copii este cea mai important\u0103 sec\u0163ie. Aici se formeaz\u0103 viitorii adul\u021bi, la educa\u0163ia c\u0103rora particip\u0103 nu [&hellip;]","og_url":"https:\/\/copilarie.org\/index.php\/2017\/05\/31\/ora-povestilor-la-biblioteca-judeteana-octavian-goga\/","og_site_name":"Copil\u0103rie.org","article_publisher":"https:\/\/www.facebook.com\/copilarie.org\/","article_published_time":"2017-05-31T07:58:58+00:00","article_modified_time":"2017-05-31T10:36:01+00:00","og_image":[{"width":1280,"height":853,"url":"https:\/\/copilarie.org\/wp-content\/uploads\/2017\/05\/copilarie-generic.jpg","type":"image\/jpeg"}],"author":"copilarie.org","twitter_card":"summary_large_image","twitter_creator":"@CopilarieOrg","twitter_site":"@CopilarieOrg","twitter_misc":{"Scris de":"copilarie.org","Timp estimat pentru citire":"3 minute"},"schema":{"@context":"https:\/\/schema.org","@graph":[{"@type":"WebPage","@id":"https:\/\/copilarie.org\/index.php\/2017\/05\/31\/ora-povestilor-la-biblioteca-judeteana-octavian-goga\/","url":"https:\/\/copilarie.org\/index.php\/2017\/05\/31\/ora-povestilor-la-biblioteca-judeteana-octavian-goga\/","name":"Ora pove\u015ftilor la Biblioteca Jude\u0163ean\u0103 \"Octavian Goga\" - Copil\u0103rie.org","isPartOf":{"@id":"https:\/\/copilarie.org\/#website"},"primaryImageOfPage":{"@id":"https:\/\/copilarie.org\/index.php\/2017\/05\/31\/ora-povestilor-la-biblioteca-judeteana-octavian-goga\/#primaryimage"},"image":{"@id":"https:\/\/copilarie.org\/index.php\/2017\/05\/31\/ora-povestilor-la-biblioteca-judeteana-octavian-goga\/#primaryimage"},"thumbnailUrl":"https:\/\/copilarie.org\/wp-content\/uploads\/2017\/05\/copilarie-generic.jpg","datePublished":"2017-05-31T07:58:58+00:00","dateModified":"2017-05-31T10:36:01+00:00","author":{"@id":"https:\/\/copilarie.org\/#\/schema\/person\/d8a7619fc1964ecf029620b5f64cb0ed"},"breadcrumb":{"@id":"https:\/\/copilarie.org\/index.php\/2017\/05\/31\/ora-povestilor-la-biblioteca-judeteana-octavian-goga\/#breadcrumb"},"inLanguage":"ro-RO","potentialAction":[{"@type":"ReadAction","target":["https:\/\/copilarie.org\/index.php\/2017\/05\/31\/ora-povestilor-la-biblioteca-judeteana-octavian-goga\/"]}]},{"@type":"ImageObject","inLanguage":"ro-RO","@id":"https:\/\/copilarie.org\/index.php\/2017\/05\/31\/ora-povestilor-la-biblioteca-judeteana-octavian-goga\/#primaryimage","url":"https:\/\/copilarie.org\/wp-content\/uploads\/2017\/05\/copilarie-generic.jpg","contentUrl":"https:\/\/copilarie.org\/wp-content\/uploads\/2017\/05\/copilarie-generic.jpg","width":1280,"height":853},{"@type":"BreadcrumbList","@id":"https:\/\/copilarie.org\/index.php\/2017\/05\/31\/ora-povestilor-la-biblioteca-judeteana-octavian-goga\/#breadcrumb","itemListElement":[{"@type":"ListItem","position":1,"name":"Prima pagin\u0103","item":"https:\/\/copilarie.org\/"},{"@type":"ListItem","position":2,"name":"Ora pove\u015ftilor la Biblioteca Jude\u0163ean\u0103 &#8222;Octavian Goga&#8221;"}]},{"@type":"WebSite","@id":"https:\/\/copilarie.org\/#website","url":"https:\/\/copilarie.org\/","name":"Copil\u0103rie.org","description":"\u00cen pas cu tine","potentialAction":[{"@type":"SearchAction","target":{"@type":"EntryPoint","urlTemplate":"https:\/\/copilarie.org\/?s={search_term_string}"},"query-input":{"@type":"PropertyValueSpecification","valueRequired":true,"valueName":"search_term_string"}}],"inLanguage":"ro-RO"},{"@type":"Person","@id":"https:\/\/copilarie.org\/#\/schema\/person\/d8a7619fc1964ecf029620b5f64cb0ed","name":"copilarie.org","image":{"@type":"ImageObject","inLanguage":"ro-RO","@id":"https:\/\/copilarie.org\/#\/schema\/person\/image\/","url":"https:\/\/secure.gravatar.com\/avatar\/722e5984ae1b18142be482fe9581860ff615bd39f940c7d8bea3240825316d6e?s=96&d=mm&r=g","contentUrl":"https:\/\/secure.gravatar.com\/avatar\/722e5984ae1b18142be482fe9581860ff615bd39f940c7d8bea3240825316d6e?s=96&d=mm&r=g","caption":"copilarie.org"}}]}},"_links":{"self":[{"href":"https:\/\/copilarie.org\/index.php\/wp-json\/wp\/v2\/posts\/278","targetHints":{"allow":["GET"]}}],"collection":[{"href":"https:\/\/copilarie.org\/index.php\/wp-json\/wp\/v2\/posts"}],"about":[{"href":"https:\/\/copilarie.org\/index.php\/wp-json\/wp\/v2\/types\/post"}],"author":[{"embeddable":true,"href":"https:\/\/copilarie.org\/index.php\/wp-json\/wp\/v2\/users\/1"}],"replies":[{"embeddable":true,"href":"https:\/\/copilarie.org\/index.php\/wp-json\/wp\/v2\/comments?post=278"}],"version-history":[{"count":1,"href":"https:\/\/copilarie.org\/index.php\/wp-json\/wp\/v2\/posts\/278\/revisions"}],"predecessor-version":[{"id":291,"href":"https:\/\/copilarie.org\/index.php\/wp-json\/wp\/v2\/posts\/278\/revisions\/291"}],"wp:featuredmedia":[{"embeddable":true,"href":"https:\/\/copilarie.org\/index.php\/wp-json\/wp\/v2\/media\/305"}],"wp:attachment":[{"href":"https:\/\/copilarie.org\/index.php\/wp-json\/wp\/v2\/media?parent=278"}],"wp:term":[{"taxonomy":"category","embeddable":true,"href":"https:\/\/copilarie.org\/index.php\/wp-json\/wp\/v2\/categories?post=278"},{"taxonomy":"post_tag","embeddable":true,"href":"https:\/\/copilarie.org\/index.php\/wp-json\/wp\/v2\/tags?post=278"}],"curies":[{"name":"wp","href":"https:\/\/api.w.org\/{rel}","templated":true}]}}