{"id":2894,"date":"2019-10-03T10:30:17","date_gmt":"2019-10-03T10:30:17","guid":{"rendered":"http:\/\/copilarie.org\/?p=2894"},"modified":"2019-10-03T10:30:17","modified_gmt":"2019-10-03T10:30:17","slug":"programul-mol-pentru-sanatatea-copiilor-la-o-noua-editie","status":"publish","type":"post","link":"https:\/\/copilarie.org\/index.php\/2019\/10\/03\/programul-mol-pentru-sanatatea-copiilor-la-o-noua-editie\/","title":{"rendered":"Programul MOL pentru s\u0103n\u0103tatea copiilor, la o nou\u0103 edi\u021bie"},"content":{"rendered":"<p><img loading=\"lazy\" decoding=\"async\" class=\"size-full wp-image-2895 alignright\" src=\"https:\/\/copilarie.org\/wp-content\/uploads\/2019\/10\/programul_MOL_pentru_sanatatea_copiilor_nou\u0103-edi\u021bie.jpg\" alt=\"\" width=\"337\" height=\"477\" srcset=\"https:\/\/copilarie.org\/wp-content\/uploads\/2019\/10\/programul_MOL_pentru_sanatatea_copiilor_nou\u0103-edi\u021bie.jpg 337w, https:\/\/copilarie.org\/wp-content\/uploads\/2019\/10\/programul_MOL_pentru_sanatatea_copiilor_nou\u0103-edi\u021bie-212x300.jpg 212w, https:\/\/copilarie.org\/wp-content\/uploads\/2019\/10\/programul_MOL_pentru_sanatatea_copiilor_nou\u0103-edi\u021bie-297x420.jpg 297w\" sizes=\"auto, (max-width: 337px) 100vw, 337px\" \/>MOL Rom\u00e2nia \u0219i Funda\u021bia Pentru Comunitate au lansat o nou\u0103 edi\u021bie a Programului MOL pentru s\u0103n\u0103tatea copiilor. ONG-urile primesc \u0219i anul finan\u021bare pentru proiecte de terapie prin art\u0103 \u0219i terapie emo\u021bional\u0103 ne-a declarat d-nul Andr\u00e1s Imre, Director Executiv al Funda\u021biei Pentru Comunitate.<\/p>\n<p>Fondul total al sponsoriz\u0103rilor pentru aceast\u0103 edi\u021bie este de 400.000 de lei, iar finan\u021barea maxim\u0103 care poate fi acordat\u0103 unui proiect este de 25.000 de lei<\/p>\n<p>\u00cen cadrul celor zece edi\u021bii anterioare ale programului au fost finan\u021bate 190 proiecte cu peste 3,2 milioane de lei, num\u0103rul beneficiarilor dep\u0103\u0219ind 11.000.<\/p>\n<p>Organiza\u021biile non-guvernamentale care deruleaz\u0103 proiecte de terapie prin art\u0103 sau terapie emo\u021bional\u0103 pentru copiii cu nevoi speciale se pot \u00eenscrie online pentru a ob\u021bine finan\u021bare p\u00e2n\u0103 pe 12 octombrie 2019 inclusiv.<\/p>\n<p>Evenimentul de lansare a noii edi\u021bii a programului a fost organizat la Universitatea Emanuel din Oradea. \u00cen deschiderea evenimentului a fost pus\u0103 \u00een scen\u0103 piesa de teatru Scufi\u021ba Ro\u0219ie, \u00een interpretarea copiilor inclu\u0219i \u00een proiectul Terapie prin teatru, art\u0103 \u0219i culoare, derulat de Asocia\u021bia Down Activ Moldova din Boto\u0219ani. Totodat\u0103, \u00een cadrul evenimentului, cele 20 de organiza\u021bii beneficiare ale edi\u021biei precedente, au prezentat rezultatele proiectelor derulate \u00een perioada decembrie 2018 &#8211; august 2019.<\/p>\n<p>\u00cen decursul celor nou\u0103 luni ale edi\u021biei anterioare, peste 650 de copii cu nevoi speciale au beneficiat de activit\u0103\u021bi de terapie prin joc \u0219i dramaterapie; psihodram\u0103 pentru copii \u0219i jocuri de rol; terapie prin pove\u0219ti \u0219i pove\u0219ti terapeutice; terapii asistate de animale; terapie prin art\u0103 \u2013 muzic\u0103 \u0219i muzic\u0103 asistat\u0103, desen, modelaj, pictur\u0103, tehnologie digital\u0103 (realitate virtual\u0103, filme animate); terapii experien\u021biale prin activit\u0103\u021bi \u00een aer liber \u0219i \u00een ap\u0103. Scopul acestor activit\u0103\u021bi terapeutice a fost \u00eembun\u0103t\u0103\u021birea calit\u0103\u021bii vie\u021bii a copiilor \u0219i a familiilor acestora.<\/p>\n<p>Tot \u00een aceast\u0103 perioad\u0103 s-a desf\u0103\u0219urat edi\u021bia a IV-a a Cupei MOL pentru s\u0103n\u0103tatea copiilor, unicul concurs na\u021bional de c\u0103l\u0103rie terapeutic\u0103, conceput \u0219i organizat de Asocia\u021bia Hip-Tep din Aiud, beneficiara multipl\u0103 a Programului MOL pentru s\u0103n\u0103tatea copiilor. Concursul are un rol important \u00een reintegrarea copiilor cu nevoi speciale.<\/p>\n<p>\u201ePrin colaborarea cu speciali\u0219tii foarte buni din organiza\u021biile neguvernamentale finan\u021bate prin intermediul acestui program contribuim direct la \u00eembun\u0103t\u0103\u021birea calit\u0103\u021bii vie\u021bii multor copii cu probleme \u0219i a familiilor acestora \u0219i totodat\u0103 reu\u0219im s\u0103 identific\u0103m posibilit\u0103\u021bi concrete de sprijin pentru cre\u0219terea performan\u021bei actului medical. Faptul c\u0103 le putem fi al\u0103turi celor mici \u00een momentele \u00een care au cea mai mare nevoie de ajutor reprezint\u0103 o onoare pentru noi, dar \u0219i o experien\u021b\u0103 care ne transform\u0103 suflete\u0219te. Ne cunoa\u0219tem cu beneficiarii edi\u021biilor precedente, le cunoa\u0219tem pove\u0219tile \u0219i modul \u00een care Programul MOL pentru S\u0103n\u0103tatea Copiilor i-a ajutat \u015fi de fiecare dat\u0103 am fost profund impresiona\u021bi. A\u0219tept\u0103m cu ner\u0103bdare s\u0103 vedem noile proiecte care vor fi \u00eenscrise \u00een concurs \u0219i la \u00eendeplinirea c\u0103rora vrem s\u0103 contribuim. MOL Rom\u00e2nia r\u0103m\u00e2ne, ca \u00eentotdeauna, partenerul devotat al comunit\u0103\u021bii.\u201d, a declarat Camelia Ene, CEO \u0219i Country Chairman al MOL Rom\u00e2nia.<\/p>\n<p>Premiul MOL pentru s\u0103n\u0103tatea copiilor a fost decernat pentru al \u0219aselea an consecutiv \u0219i s-a acordat Asocia\u021biei HorsEmotion, din Timi\u0219oara, pentru cel mai bun proiect realizat \u00een cadrul edi\u021biei a 10-a, 2018. Proiectul cu numele \u201eAl\u0103turi de tine totul este o emo\u021bie\u201d, implementat de profesioni\u0219tii \u0219i voluntarii Asocia\u021biei HorsEmotion din Timi\u0219oara, a avut dou\u0103 grupuri \u021bint\u0103 alc\u0103tuite \u00een total de dou\u0103zeci de beneficiari. Astfel, zece copii din cadrul Centrului de Recuperare \u0219i Reabilitare Neuropsihiatric\u0103 din Timi\u0219oara au beneficiat de \u0219edin\u021be individuale de hipoterapie \u0219i de alte programe educative \u0219i recreative al c\u0103ror scop a fost dezvoltarea psihomotorie a celor mici \u0219i integrarea lor pe plan social, inclusiv \u00een gr\u0103dini\u021b\u0103. Separat, prin intermediul unui parteneriat cu Satul de Copii Rudolf Walther, colabor\u00e2nd cu zece copii din cadrul acestei institu\u021bii, speciali\u0219tii Asocia\u021biei HorsEmotion au organizat un program de interven\u021bie terapeutic\u0103 pentru minori care au suferit trauma abandonului. Programul a asigurat \u0219edin\u021be de terapie emo\u021bional\u0103 cu ajutorul cailor, sus\u021bin\u00e2ndu-i \u00een recunoa\u0219terea \u0219i gestionarea corespunz\u0103toare a emo\u021biilor, \u00een dezvoltarea empatiei, a responsabilit\u0103\u021bii \u0219i a muncii \u00een echip\u0103. Asocia\u021bia HorsEmotion a ob\u021binut finan\u021bare de \u0219ase ori \u00een cadrul Programului MOL pentru s\u0103n\u0103tatea copiilor, \u00een perioada 2013-2018.<\/p>\n<p>C\u00e2\u0219tig\u0103torul Premiului MOL pentru s\u0103n\u0103tatea copiilor va beneficia la edi\u021bia din acest an de finan\u021barea maxim\u0103 disponibil\u0103 pentru un proiect, 25.000 lei, f\u0103r\u0103 a se \u00eenscrie la concursul de proiecte, \u0219i va desemna un specialist al organiza\u021biei pentru a fi membru al juriului programului.<\/p>\n<p>\u201e\u00cencep\u00e2nd din acest an, \u00eenscrierea proiectelor se face online pe site-ul Funda\u021biei Pentru Comunitate <a href=\"http:\/\/www.pentrucomunitate.ro\/\">www.pentrucomunitate.ro<\/a>. Recomand\u0103m celor interesa\u021bi s\u0103 \u00eenceap\u0103 din timp demersul \u0219i s\u0103 ne contacteze \u00een cazul \u00een care \u00eent\u00e2mpin\u0103 greut\u0103\u021bi. Colaboratorii no\u0219tri r\u0103spund tuturor solicit\u0103rilor, ofer\u0103 suport \u0219i informa\u021bii necesare celor care doresc s\u0103 se \u00eenscrie\u201d, a afirmat Andr\u00e1s Imre, Director Executiv al Funda\u021biei Pentru Comunitate.<\/p>\n<p>Prin Programul MOL pentru s\u0103n\u0103tatea copiilor, organiza\u021biile non-guvernamentale pot beneficia de o sum\u0103 de maximum 25.000 lei sub form\u0103 de pre-finan\u021bare pentru un proiect ce urmeaz\u0103 s\u0103 fie implementat \u00een perioada decembrie 2019 \u2013 august 2020. Termenul-limit\u0103 pentru \u00eenscrierea online a cererilor de finan\u021bare este 12 octombrie 2019, iar fondul total al sponsoriz\u0103rilor este de 400.000 lei. De la lansare \u0219i p\u00e2n\u0103 \u00een prezent, prin Programul MOL pentru s\u0103n\u0103tatea copiilor au fost alocate fonduri totale de 3.203.000 lei ONG-urilor care au derulat 190 de proiecte de terapie prin art\u0103 \u0219i terapie emo\u021bional\u0103, incluz\u00e2nd peste 11.000 de beneficiari \u00een activit\u0103\u021bile lor.<\/p>\n<p>Programul MOL pentru s\u0103n\u0103tatea copiilor este organizat de Funda\u021bia Pentru Comunitate din fondurile puse la dispozi\u021bie de compania MOL Rom\u00e2nia. Anun\u021bul programului precum \u0219i formularul de \u00eenscriere pot fi desc\u0103rcate de pe site-ul <a href=\"http:\/\/www.pentrucomunitate.ro\/\">www.pentrucomunitate.ro<\/a>.<\/p>\n<p>MOL Rom\u00e2nia este un membru activ al comunit\u0103\u021bilor \u00een care opereaz\u0103, printr-o platform\u0103 extins\u0103 de programe sociale precum Premiul Mentor, Program pentru S\u0103n\u0103tatea Copiilor sau Permis pentru Viitor.<\/p>\n<p>Funda\u021bia Pentru Comunitate este o organiza\u021bie non profit \u00eenfiin\u021bat\u0103 la Cluj \u00een 2008 cu scopul de a sprijini talentul, cunoa\u0219terea, solidaritatea, valorile comunitare, astfel \u00eenc\u00e2t lumea noastr\u0103 s\u0103 devin\u0103 mai prietenoas\u0103. Pentru realizarea scopurilor anun\u021bate, Funda\u021bia sprijin\u0103 activit\u0103\u021bi \u00een domeniul cultural, educativ, social, comunitar, sportiv \u0219i de recrea\u021bie. Sprijin\u0103 de asemenea copii \u0219i tineri \u00een suferin\u021b\u0103, precum \u0219i acele organiza\u021bii care se ocup\u0103 de \u00eens\u0103n\u0103to\u0219irea \u0219i reabilitarea lor.<\/p>\n<p>&nbsp;<\/p>\n<p>&nbsp;<\/p>\n","protected":false},"excerpt":{"rendered":"<p>MOL Rom\u00e2nia \u0219i Funda\u021bia Pentru Comunitate au lansat o nou\u0103 edi\u021bie a Programului MOL pentru s\u0103n\u0103tatea copiilor. ONG-urile primesc \u0219i anul finan\u021bare pentru proiecte de terapie prin art\u0103 \u0219i terapie emo\u021bional\u0103 ne-a declarat d-nul Andr\u00e1s Imre, Director Executiv al Funda\u021biei Pentru Comunitate. Fondul total al sponsoriz\u0103rilor pentru aceast\u0103 edi\u021bie este de 400.000 de lei, iar [&hellip;]<\/p>\n","protected":false},"author":1,"featured_media":2895,"comment_status":"open","ping_status":"open","sticky":false,"template":"","format":"standard","meta":{"footnotes":""},"categories":[21,2,19],"tags":[25,126,163,261,27,262,30],"class_list":{"0":"post-2894","1":"post","2":"type-post","3":"status-publish","4":"format-standard","5":"has-post-thumbnail","7":"category-evenimente","8":"category-featured","9":"category-stiri","10":"tag-copii","11":"tag-copilarie","12":"tag-fundatia-pentru-comunitate","13":"tag-mol","14":"tag-parinti","15":"tag-programul-mol-pentru-sanatatea-copiilor-2019","16":"tag-terapie-prin-arta"},"yoast_head":"<!-- This site is optimized with the Yoast SEO plugin v23.6 - https:\/\/yoast.com\/wordpress\/plugins\/seo\/ -->\n<title>Programul MOL pentru s\u0103n\u0103tatea copiilor, la o nou\u0103 edi\u021bie - Copil\u0103rie.org<\/title>\n<meta name=\"robots\" content=\"index, follow, max-snippet:-1, max-image-preview:large, max-video-preview:-1\" \/>\n<link rel=\"canonical\" href=\"https:\/\/copilarie.org\/index.php\/2019\/10\/03\/programul-mol-pentru-sanatatea-copiilor-la-o-noua-editie\/\" \/>\n<meta property=\"og:locale\" content=\"ro_RO\" \/>\n<meta property=\"og:type\" content=\"article\" \/>\n<meta property=\"og:title\" content=\"Programul MOL pentru s\u0103n\u0103tatea copiilor, la o nou\u0103 edi\u021bie - Copil\u0103rie.org\" \/>\n<meta property=\"og:description\" content=\"MOL Rom\u00e2nia \u0219i Funda\u021bia Pentru Comunitate au lansat o nou\u0103 edi\u021bie a Programului MOL pentru s\u0103n\u0103tatea copiilor. ONG-urile primesc \u0219i anul finan\u021bare pentru proiecte de terapie prin art\u0103 \u0219i terapie emo\u021bional\u0103 ne-a declarat d-nul Andr\u00e1s Imre, Director Executiv al Funda\u021biei Pentru Comunitate. Fondul total al sponsoriz\u0103rilor pentru aceast\u0103 edi\u021bie este de 400.000 de lei, iar [&hellip;]\" \/>\n<meta property=\"og:url\" content=\"https:\/\/copilarie.org\/index.php\/2019\/10\/03\/programul-mol-pentru-sanatatea-copiilor-la-o-noua-editie\/\" \/>\n<meta property=\"og:site_name\" content=\"Copil\u0103rie.org\" \/>\n<meta property=\"article:publisher\" content=\"https:\/\/www.facebook.com\/copilarie.org\/\" \/>\n<meta property=\"article:published_time\" content=\"2019-10-03T10:30:17+00:00\" \/>\n<meta property=\"og:image\" content=\"https:\/\/copilarie.org\/wp-content\/uploads\/2019\/10\/programul_MOL_pentru_sanatatea_copiilor_nou\u0103-edi\u021bie.jpg\" \/>\n\t<meta property=\"og:image:width\" content=\"337\" \/>\n\t<meta property=\"og:image:height\" content=\"477\" \/>\n\t<meta property=\"og:image:type\" content=\"image\/jpeg\" \/>\n<meta name=\"author\" content=\"copilarie.org\" \/>\n<meta name=\"twitter:card\" content=\"summary_large_image\" \/>\n<meta name=\"twitter:creator\" content=\"@CopilarieOrg\" \/>\n<meta name=\"twitter:site\" content=\"@CopilarieOrg\" \/>\n<meta name=\"twitter:label1\" content=\"Scris de\" \/>\n\t<meta name=\"twitter:data1\" content=\"copilarie.org\" \/>\n\t<meta name=\"twitter:label2\" content=\"Timp estimat pentru citire\" \/>\n\t<meta name=\"twitter:data2\" content=\"6 minute\" \/>\n<script type=\"application\/ld+json\" class=\"yoast-schema-graph\">{\"@context\":\"https:\/\/schema.org\",\"@graph\":[{\"@type\":\"WebPage\",\"@id\":\"https:\/\/copilarie.org\/index.php\/2019\/10\/03\/programul-mol-pentru-sanatatea-copiilor-la-o-noua-editie\/\",\"url\":\"https:\/\/copilarie.org\/index.php\/2019\/10\/03\/programul-mol-pentru-sanatatea-copiilor-la-o-noua-editie\/\",\"name\":\"Programul MOL pentru s\u0103n\u0103tatea copiilor, la o nou\u0103 edi\u021bie - Copil\u0103rie.org\",\"isPartOf\":{\"@id\":\"https:\/\/copilarie.org\/#website\"},\"primaryImageOfPage\":{\"@id\":\"https:\/\/copilarie.org\/index.php\/2019\/10\/03\/programul-mol-pentru-sanatatea-copiilor-la-o-noua-editie\/#primaryimage\"},\"image\":{\"@id\":\"https:\/\/copilarie.org\/index.php\/2019\/10\/03\/programul-mol-pentru-sanatatea-copiilor-la-o-noua-editie\/#primaryimage\"},\"thumbnailUrl\":\"https:\/\/copilarie.org\/wp-content\/uploads\/2019\/10\/programul_MOL_pentru_sanatatea_copiilor_nou\u0103-edi\u021bie.jpg\",\"datePublished\":\"2019-10-03T10:30:17+00:00\",\"dateModified\":\"2019-10-03T10:30:17+00:00\",\"author\":{\"@id\":\"https:\/\/copilarie.org\/#\/schema\/person\/d8a7619fc1964ecf029620b5f64cb0ed\"},\"breadcrumb\":{\"@id\":\"https:\/\/copilarie.org\/index.php\/2019\/10\/03\/programul-mol-pentru-sanatatea-copiilor-la-o-noua-editie\/#breadcrumb\"},\"inLanguage\":\"ro-RO\",\"potentialAction\":[{\"@type\":\"ReadAction\",\"target\":[\"https:\/\/copilarie.org\/index.php\/2019\/10\/03\/programul-mol-pentru-sanatatea-copiilor-la-o-noua-editie\/\"]}]},{\"@type\":\"ImageObject\",\"inLanguage\":\"ro-RO\",\"@id\":\"https:\/\/copilarie.org\/index.php\/2019\/10\/03\/programul-mol-pentru-sanatatea-copiilor-la-o-noua-editie\/#primaryimage\",\"url\":\"https:\/\/copilarie.org\/wp-content\/uploads\/2019\/10\/programul_MOL_pentru_sanatatea_copiilor_nou\u0103-edi\u021bie.jpg\",\"contentUrl\":\"https:\/\/copilarie.org\/wp-content\/uploads\/2019\/10\/programul_MOL_pentru_sanatatea_copiilor_nou\u0103-edi\u021bie.jpg\",\"width\":337,\"height\":477},{\"@type\":\"BreadcrumbList\",\"@id\":\"https:\/\/copilarie.org\/index.php\/2019\/10\/03\/programul-mol-pentru-sanatatea-copiilor-la-o-noua-editie\/#breadcrumb\",\"itemListElement\":[{\"@type\":\"ListItem\",\"position\":1,\"name\":\"Prima pagin\u0103\",\"item\":\"https:\/\/copilarie.org\/\"},{\"@type\":\"ListItem\",\"position\":2,\"name\":\"Programul MOL pentru s\u0103n\u0103tatea copiilor, la o nou\u0103 edi\u021bie\"}]},{\"@type\":\"WebSite\",\"@id\":\"https:\/\/copilarie.org\/#website\",\"url\":\"https:\/\/copilarie.org\/\",\"name\":\"Copil\u0103rie.org\",\"description\":\"\u00cen pas cu tine\",\"potentialAction\":[{\"@type\":\"SearchAction\",\"target\":{\"@type\":\"EntryPoint\",\"urlTemplate\":\"https:\/\/copilarie.org\/?s={search_term_string}\"},\"query-input\":{\"@type\":\"PropertyValueSpecification\",\"valueRequired\":true,\"valueName\":\"search_term_string\"}}],\"inLanguage\":\"ro-RO\"},{\"@type\":\"Person\",\"@id\":\"https:\/\/copilarie.org\/#\/schema\/person\/d8a7619fc1964ecf029620b5f64cb0ed\",\"name\":\"copilarie.org\",\"image\":{\"@type\":\"ImageObject\",\"inLanguage\":\"ro-RO\",\"@id\":\"https:\/\/copilarie.org\/#\/schema\/person\/image\/\",\"url\":\"https:\/\/secure.gravatar.com\/avatar\/722e5984ae1b18142be482fe9581860ff615bd39f940c7d8bea3240825316d6e?s=96&d=mm&r=g\",\"contentUrl\":\"https:\/\/secure.gravatar.com\/avatar\/722e5984ae1b18142be482fe9581860ff615bd39f940c7d8bea3240825316d6e?s=96&d=mm&r=g\",\"caption\":\"copilarie.org\"}}]}<\/script>\n<!-- \/ Yoast SEO plugin. -->","yoast_head_json":{"title":"Programul MOL pentru s\u0103n\u0103tatea copiilor, la o nou\u0103 edi\u021bie - Copil\u0103rie.org","robots":{"index":"index","follow":"follow","max-snippet":"max-snippet:-1","max-image-preview":"max-image-preview:large","max-video-preview":"max-video-preview:-1"},"canonical":"https:\/\/copilarie.org\/index.php\/2019\/10\/03\/programul-mol-pentru-sanatatea-copiilor-la-o-noua-editie\/","og_locale":"ro_RO","og_type":"article","og_title":"Programul MOL pentru s\u0103n\u0103tatea copiilor, la o nou\u0103 edi\u021bie - Copil\u0103rie.org","og_description":"MOL Rom\u00e2nia \u0219i Funda\u021bia Pentru Comunitate au lansat o nou\u0103 edi\u021bie a Programului MOL pentru s\u0103n\u0103tatea copiilor. ONG-urile primesc \u0219i anul finan\u021bare pentru proiecte de terapie prin art\u0103 \u0219i terapie emo\u021bional\u0103 ne-a declarat d-nul Andr\u00e1s Imre, Director Executiv al Funda\u021biei Pentru Comunitate. Fondul total al sponsoriz\u0103rilor pentru aceast\u0103 edi\u021bie este de 400.000 de lei, iar [&hellip;]","og_url":"https:\/\/copilarie.org\/index.php\/2019\/10\/03\/programul-mol-pentru-sanatatea-copiilor-la-o-noua-editie\/","og_site_name":"Copil\u0103rie.org","article_publisher":"https:\/\/www.facebook.com\/copilarie.org\/","article_published_time":"2019-10-03T10:30:17+00:00","og_image":[{"width":337,"height":477,"url":"https:\/\/copilarie.org\/wp-content\/uploads\/2019\/10\/programul_MOL_pentru_sanatatea_copiilor_nou\u0103-edi\u021bie.jpg","type":"image\/jpeg"}],"author":"copilarie.org","twitter_card":"summary_large_image","twitter_creator":"@CopilarieOrg","twitter_site":"@CopilarieOrg","twitter_misc":{"Scris de":"copilarie.org","Timp estimat pentru citire":"6 minute"},"schema":{"@context":"https:\/\/schema.org","@graph":[{"@type":"WebPage","@id":"https:\/\/copilarie.org\/index.php\/2019\/10\/03\/programul-mol-pentru-sanatatea-copiilor-la-o-noua-editie\/","url":"https:\/\/copilarie.org\/index.php\/2019\/10\/03\/programul-mol-pentru-sanatatea-copiilor-la-o-noua-editie\/","name":"Programul MOL pentru s\u0103n\u0103tatea copiilor, la o nou\u0103 edi\u021bie - Copil\u0103rie.org","isPartOf":{"@id":"https:\/\/copilarie.org\/#website"},"primaryImageOfPage":{"@id":"https:\/\/copilarie.org\/index.php\/2019\/10\/03\/programul-mol-pentru-sanatatea-copiilor-la-o-noua-editie\/#primaryimage"},"image":{"@id":"https:\/\/copilarie.org\/index.php\/2019\/10\/03\/programul-mol-pentru-sanatatea-copiilor-la-o-noua-editie\/#primaryimage"},"thumbnailUrl":"https:\/\/copilarie.org\/wp-content\/uploads\/2019\/10\/programul_MOL_pentru_sanatatea_copiilor_nou\u0103-edi\u021bie.jpg","datePublished":"2019-10-03T10:30:17+00:00","dateModified":"2019-10-03T10:30:17+00:00","author":{"@id":"https:\/\/copilarie.org\/#\/schema\/person\/d8a7619fc1964ecf029620b5f64cb0ed"},"breadcrumb":{"@id":"https:\/\/copilarie.org\/index.php\/2019\/10\/03\/programul-mol-pentru-sanatatea-copiilor-la-o-noua-editie\/#breadcrumb"},"inLanguage":"ro-RO","potentialAction":[{"@type":"ReadAction","target":["https:\/\/copilarie.org\/index.php\/2019\/10\/03\/programul-mol-pentru-sanatatea-copiilor-la-o-noua-editie\/"]}]},{"@type":"ImageObject","inLanguage":"ro-RO","@id":"https:\/\/copilarie.org\/index.php\/2019\/10\/03\/programul-mol-pentru-sanatatea-copiilor-la-o-noua-editie\/#primaryimage","url":"https:\/\/copilarie.org\/wp-content\/uploads\/2019\/10\/programul_MOL_pentru_sanatatea_copiilor_nou\u0103-edi\u021bie.jpg","contentUrl":"https:\/\/copilarie.org\/wp-content\/uploads\/2019\/10\/programul_MOL_pentru_sanatatea_copiilor_nou\u0103-edi\u021bie.jpg","width":337,"height":477},{"@type":"BreadcrumbList","@id":"https:\/\/copilarie.org\/index.php\/2019\/10\/03\/programul-mol-pentru-sanatatea-copiilor-la-o-noua-editie\/#breadcrumb","itemListElement":[{"@type":"ListItem","position":1,"name":"Prima pagin\u0103","item":"https:\/\/copilarie.org\/"},{"@type":"ListItem","position":2,"name":"Programul MOL pentru s\u0103n\u0103tatea copiilor, la o nou\u0103 edi\u021bie"}]},{"@type":"WebSite","@id":"https:\/\/copilarie.org\/#website","url":"https:\/\/copilarie.org\/","name":"Copil\u0103rie.org","description":"\u00cen pas cu tine","potentialAction":[{"@type":"SearchAction","target":{"@type":"EntryPoint","urlTemplate":"https:\/\/copilarie.org\/?s={search_term_string}"},"query-input":{"@type":"PropertyValueSpecification","valueRequired":true,"valueName":"search_term_string"}}],"inLanguage":"ro-RO"},{"@type":"Person","@id":"https:\/\/copilarie.org\/#\/schema\/person\/d8a7619fc1964ecf029620b5f64cb0ed","name":"copilarie.org","image":{"@type":"ImageObject","inLanguage":"ro-RO","@id":"https:\/\/copilarie.org\/#\/schema\/person\/image\/","url":"https:\/\/secure.gravatar.com\/avatar\/722e5984ae1b18142be482fe9581860ff615bd39f940c7d8bea3240825316d6e?s=96&d=mm&r=g","contentUrl":"https:\/\/secure.gravatar.com\/avatar\/722e5984ae1b18142be482fe9581860ff615bd39f940c7d8bea3240825316d6e?s=96&d=mm&r=g","caption":"copilarie.org"}}]}},"_links":{"self":[{"href":"https:\/\/copilarie.org\/index.php\/wp-json\/wp\/v2\/posts\/2894","targetHints":{"allow":["GET"]}}],"collection":[{"href":"https:\/\/copilarie.org\/index.php\/wp-json\/wp\/v2\/posts"}],"about":[{"href":"https:\/\/copilarie.org\/index.php\/wp-json\/wp\/v2\/types\/post"}],"author":[{"embeddable":true,"href":"https:\/\/copilarie.org\/index.php\/wp-json\/wp\/v2\/users\/1"}],"replies":[{"embeddable":true,"href":"https:\/\/copilarie.org\/index.php\/wp-json\/wp\/v2\/comments?post=2894"}],"version-history":[{"count":1,"href":"https:\/\/copilarie.org\/index.php\/wp-json\/wp\/v2\/posts\/2894\/revisions"}],"predecessor-version":[{"id":2896,"href":"https:\/\/copilarie.org\/index.php\/wp-json\/wp\/v2\/posts\/2894\/revisions\/2896"}],"wp:featuredmedia":[{"embeddable":true,"href":"https:\/\/copilarie.org\/index.php\/wp-json\/wp\/v2\/media\/2895"}],"wp:attachment":[{"href":"https:\/\/copilarie.org\/index.php\/wp-json\/wp\/v2\/media?parent=2894"}],"wp:term":[{"taxonomy":"category","embeddable":true,"href":"https:\/\/copilarie.org\/index.php\/wp-json\/wp\/v2\/categories?post=2894"},{"taxonomy":"post_tag","embeddable":true,"href":"https:\/\/copilarie.org\/index.php\/wp-json\/wp\/v2\/tags?post=2894"}],"curies":[{"name":"wp","href":"https:\/\/api.w.org\/{rel}","templated":true}]}}