{"id":2953,"date":"2020-02-05T09:31:52","date_gmt":"2020-02-05T09:31:52","guid":{"rendered":"http:\/\/copilarie.org\/?p=2953"},"modified":"2020-02-05T09:31:52","modified_gmt":"2020-02-05T09:31:52","slug":"programul-masa-calda-va-fi-extins-la-un-numar-triplu-de-scoli-fata-de-cat-este-in-prezent","status":"publish","type":"post","link":"https:\/\/copilarie.org\/index.php\/2020\/02\/05\/programul-masa-calda-va-fi-extins-la-un-numar-triplu-de-scoli-fata-de-cat-este-in-prezent\/","title":{"rendered":"Programul &#8222;Mas\u0103 cald\u0103&#8221; va fi extins la un num\u0103r triplu de \u0219coli fa\u021b\u0103 de c\u00e2t este \u00een prezent"},"content":{"rendered":"<p><img loading=\"lazy\" decoding=\"async\" class=\"aligncenter size-large wp-image-2954\" src=\"https:\/\/copilarie.org\/wp-content\/uploads\/2020\/02\/kindergarten-pixabay.com_-1024x683.jpg\" alt=\"\" width=\"696\" height=\"464\" srcset=\"https:\/\/copilarie.org\/wp-content\/uploads\/2020\/02\/kindergarten-pixabay.com_-1024x683.jpg 1024w, https:\/\/copilarie.org\/wp-content\/uploads\/2020\/02\/kindergarten-pixabay.com_-300x200.jpg 300w, https:\/\/copilarie.org\/wp-content\/uploads\/2020\/02\/kindergarten-pixabay.com_-768x512.jpg 768w, https:\/\/copilarie.org\/wp-content\/uploads\/2020\/02\/kindergarten-pixabay.com_-696x464.jpg 696w, https:\/\/copilarie.org\/wp-content\/uploads\/2020\/02\/kindergarten-pixabay.com_-1068x713.jpg 1068w, https:\/\/copilarie.org\/wp-content\/uploads\/2020\/02\/kindergarten-pixabay.com_-630x420.jpg 630w, https:\/\/copilarie.org\/wp-content\/uploads\/2020\/02\/kindergarten-pixabay.com_.jpg 1920w\" sizes=\"auto, (max-width: 696px) 100vw, 696px\" \/><\/p>\n<p>Decontarea navetei elevilor, extinderea programului &#8222;Masa cald\u0103&#8221; \u015fi stabilirea costului standard pentru unit\u0103\u0163ile de \u00eenv\u0103\u0163\u0103m\u00e2nt preuniversitar sunt trei m\u0103suri pe care ministrul Educa\u0163iei, Monica Anisie, le-a propus recent Guvernului.<\/p>\n<p>Potrivit AGERPRES, ministrul a declarat dup\u0103 \u0219edin\u021ba de Guvern de mar\u021bi c\u0103 m\u0103surile pot fi luate cu modificarea unor ordonan\u021be de urgen\u021b\u0103.<\/p>\n<p>&#8222;\u00cen aceast\u0103 sear\u0103 am propus Guvernului Rom\u00e2niei trei m\u0103suri bune pentru sistemul de educa\u0163ie. Prima ordonan\u0163\u0103 de urgen\u0163\u0103 este de modificare a art. 84 alin. 3 din Legea Educa\u0163iei Na\u0163ionale. \u00cen felul acesta se armonizeaz\u0103 legisla\u0163ia privind naveta elevilor, decontarea acestei navete, av\u00e2nd \u00een vedere faptul c\u0103 decizia Cur\u0163ii Constitu\u0163ionale prevedea modificarea acestui articol, \u015fi anume, se refer\u0103 la sintagma &#8216;decont\u0103rii pe baz\u0103 de abonament&#8217;. Aceast\u0103 modificare pe care, \u00een seara aceasta, am realizat-o este un prim pas pentru deblocarea decont\u0103rii navetei elevilor. Pentru c\u0103 aceast\u0103 OUG va fi urmat\u0103 de o hot\u0103r\u00e2re de guvern prin care vom stabili modul \u00een care se va face aceast\u0103 decontare a navetei elevilor&#8221;, a declarat Monica Anisie.<\/p>\n<p>O a doua ordonan\u0163\u0103 de urgen\u0163\u0103 prezentat\u0103 Guvernului este cea privind programul-pilot pentru acordarea unui suport alimentar pre\u015fcolarilor \u015fi elevilor din \u00eenv\u0103\u0163\u0103m\u00e2ntul preuniversitar de stat, \u00een sensul extinderii programului la peste 65.000 de copii. Programul va fi astfel extins de la 50, la 150 de unit\u0103\u0163i de \u00eenv\u0103\u021b\u0103m\u00e2nt.<\/p>\n<p>Acest program-pilot a \u00eenceput \u00een anul 2016 \u015fi a r\u0103mas la acela\u015fi num\u0103r de unit\u0103\u0163i de \u00eenv\u0103\u0163\u0103m\u00e2nt, 50, timp de trei ani.<\/p>\n<p>A treia m\u0103sur\u0103 este cea referitoare la stabilirea costului standard at\u00e2t pentru unit\u0103\u0163ile de \u00eenv\u0103\u0163\u0103m\u00e2nt preuniversitar de stat, c\u00e2t \u015fi pentru unit\u0103\u0163ile de \u00eenv\u0103\u0163\u0103m\u00e2nt particular \u015fi confesional, care, potrivit ministrului atrage \u0219i cre\u0219terea salarial\u0103, prev\u0103zut\u0103 pentru acest an bugetar, a profesorilor.<\/p>\n<p>Foto: pixabay.com<\/p>\n","protected":false},"excerpt":{"rendered":"<p>Decontarea navetei elevilor, extinderea programului &#8222;Masa cald\u0103&#8221; \u015fi stabilirea costului standard pentru unit\u0103\u0163ile de \u00eenv\u0103\u0163\u0103m\u00e2nt preuniversitar sunt trei m\u0103suri pe care ministrul Educa\u0163iei, Monica Anisie, le-a propus recent Guvernului. Potrivit AGERPRES, ministrul a declarat dup\u0103 \u0219edin\u021ba de Guvern de mar\u021bi c\u0103 m\u0103surile pot fi luate cu modificarea unor ordonan\u021be de urgen\u021b\u0103. &#8222;\u00cen aceast\u0103 sear\u0103 am [&hellip;]<\/p>\n","protected":false},"author":1,"featured_media":2954,"comment_status":"open","ping_status":"open","sticky":false,"template":"","format":"standard","meta":{"footnotes":""},"categories":[1,19],"tags":[273,278,281,279,280],"class_list":{"0":"post-2953","1":"post","2":"type-post","3":"status-publish","4":"format-standard","5":"has-post-thumbnail","7":"category-acasa","8":"category-stiri","9":"tag-elevi","10":"tag-masa-calda","11":"tag-naveta","12":"tag-program","13":"tag-scoli"},"yoast_head":"<!-- This site is optimized with the Yoast SEO plugin v23.6 - https:\/\/yoast.com\/wordpress\/plugins\/seo\/ -->\n<title>Programul &quot;Mas\u0103 cald\u0103&quot; va fi extins la un num\u0103r triplu de \u0219coli fa\u021b\u0103 de c\u00e2t este \u00een prezent - Copil\u0103rie.org<\/title>\n<meta name=\"robots\" content=\"index, follow, max-snippet:-1, max-image-preview:large, max-video-preview:-1\" \/>\n<link rel=\"canonical\" href=\"https:\/\/copilarie.org\/index.php\/2020\/02\/05\/programul-masa-calda-va-fi-extins-la-un-numar-triplu-de-scoli-fata-de-cat-este-in-prezent\/\" \/>\n<meta property=\"og:locale\" content=\"ro_RO\" \/>\n<meta property=\"og:type\" content=\"article\" \/>\n<meta property=\"og:title\" content=\"Programul &quot;Mas\u0103 cald\u0103&quot; va fi extins la un num\u0103r triplu de \u0219coli fa\u021b\u0103 de c\u00e2t este \u00een prezent - Copil\u0103rie.org\" \/>\n<meta property=\"og:description\" content=\"Decontarea navetei elevilor, extinderea programului &#8222;Masa cald\u0103&#8221; \u015fi stabilirea costului standard pentru unit\u0103\u0163ile de \u00eenv\u0103\u0163\u0103m\u00e2nt preuniversitar sunt trei m\u0103suri pe care ministrul Educa\u0163iei, Monica Anisie, le-a propus recent Guvernului. Potrivit AGERPRES, ministrul a declarat dup\u0103 \u0219edin\u021ba de Guvern de mar\u021bi c\u0103 m\u0103surile pot fi luate cu modificarea unor ordonan\u021be de urgen\u021b\u0103. &#8222;\u00cen aceast\u0103 sear\u0103 am [&hellip;]\" \/>\n<meta property=\"og:url\" content=\"https:\/\/copilarie.org\/index.php\/2020\/02\/05\/programul-masa-calda-va-fi-extins-la-un-numar-triplu-de-scoli-fata-de-cat-este-in-prezent\/\" \/>\n<meta property=\"og:site_name\" content=\"Copil\u0103rie.org\" \/>\n<meta property=\"article:publisher\" content=\"https:\/\/www.facebook.com\/copilarie.org\/\" \/>\n<meta property=\"article:published_time\" content=\"2020-02-05T09:31:52+00:00\" \/>\n<meta property=\"og:image\" content=\"https:\/\/copilarie.org\/wp-content\/uploads\/2020\/02\/kindergarten-pixabay.com_.jpg\" \/>\n\t<meta property=\"og:image:width\" content=\"1920\" \/>\n\t<meta property=\"og:image:height\" content=\"1281\" \/>\n\t<meta property=\"og:image:type\" content=\"image\/jpeg\" \/>\n<meta name=\"author\" content=\"copilarie.org\" \/>\n<meta name=\"twitter:card\" content=\"summary_large_image\" \/>\n<meta name=\"twitter:creator\" content=\"@CopilarieOrg\" \/>\n<meta name=\"twitter:site\" content=\"@CopilarieOrg\" \/>\n<meta name=\"twitter:label1\" content=\"Scris de\" \/>\n\t<meta name=\"twitter:data1\" content=\"copilarie.org\" \/>\n\t<meta name=\"twitter:label2\" content=\"Timp estimat pentru citire\" \/>\n\t<meta name=\"twitter:data2\" content=\"2 minute\" \/>\n<script type=\"application\/ld+json\" class=\"yoast-schema-graph\">{\"@context\":\"https:\/\/schema.org\",\"@graph\":[{\"@type\":\"WebPage\",\"@id\":\"https:\/\/copilarie.org\/index.php\/2020\/02\/05\/programul-masa-calda-va-fi-extins-la-un-numar-triplu-de-scoli-fata-de-cat-este-in-prezent\/\",\"url\":\"https:\/\/copilarie.org\/index.php\/2020\/02\/05\/programul-masa-calda-va-fi-extins-la-un-numar-triplu-de-scoli-fata-de-cat-este-in-prezent\/\",\"name\":\"Programul \\\"Mas\u0103 cald\u0103\\\" va fi extins la un num\u0103r triplu de \u0219coli fa\u021b\u0103 de c\u00e2t este \u00een prezent - Copil\u0103rie.org\",\"isPartOf\":{\"@id\":\"https:\/\/copilarie.org\/#website\"},\"primaryImageOfPage\":{\"@id\":\"https:\/\/copilarie.org\/index.php\/2020\/02\/05\/programul-masa-calda-va-fi-extins-la-un-numar-triplu-de-scoli-fata-de-cat-este-in-prezent\/#primaryimage\"},\"image\":{\"@id\":\"https:\/\/copilarie.org\/index.php\/2020\/02\/05\/programul-masa-calda-va-fi-extins-la-un-numar-triplu-de-scoli-fata-de-cat-este-in-prezent\/#primaryimage\"},\"thumbnailUrl\":\"https:\/\/copilarie.org\/wp-content\/uploads\/2020\/02\/kindergarten-pixabay.com_.jpg\",\"datePublished\":\"2020-02-05T09:31:52+00:00\",\"dateModified\":\"2020-02-05T09:31:52+00:00\",\"author\":{\"@id\":\"https:\/\/copilarie.org\/#\/schema\/person\/d8a7619fc1964ecf029620b5f64cb0ed\"},\"breadcrumb\":{\"@id\":\"https:\/\/copilarie.org\/index.php\/2020\/02\/05\/programul-masa-calda-va-fi-extins-la-un-numar-triplu-de-scoli-fata-de-cat-este-in-prezent\/#breadcrumb\"},\"inLanguage\":\"ro-RO\",\"potentialAction\":[{\"@type\":\"ReadAction\",\"target\":[\"https:\/\/copilarie.org\/index.php\/2020\/02\/05\/programul-masa-calda-va-fi-extins-la-un-numar-triplu-de-scoli-fata-de-cat-este-in-prezent\/\"]}]},{\"@type\":\"ImageObject\",\"inLanguage\":\"ro-RO\",\"@id\":\"https:\/\/copilarie.org\/index.php\/2020\/02\/05\/programul-masa-calda-va-fi-extins-la-un-numar-triplu-de-scoli-fata-de-cat-este-in-prezent\/#primaryimage\",\"url\":\"https:\/\/copilarie.org\/wp-content\/uploads\/2020\/02\/kindergarten-pixabay.com_.jpg\",\"contentUrl\":\"https:\/\/copilarie.org\/wp-content\/uploads\/2020\/02\/kindergarten-pixabay.com_.jpg\",\"width\":1920,\"height\":1281},{\"@type\":\"BreadcrumbList\",\"@id\":\"https:\/\/copilarie.org\/index.php\/2020\/02\/05\/programul-masa-calda-va-fi-extins-la-un-numar-triplu-de-scoli-fata-de-cat-este-in-prezent\/#breadcrumb\",\"itemListElement\":[{\"@type\":\"ListItem\",\"position\":1,\"name\":\"Prima pagin\u0103\",\"item\":\"https:\/\/copilarie.org\/\"},{\"@type\":\"ListItem\",\"position\":2,\"name\":\"Programul &#8222;Mas\u0103 cald\u0103&#8221; va fi extins la un num\u0103r triplu de \u0219coli fa\u021b\u0103 de c\u00e2t este \u00een prezent\"}]},{\"@type\":\"WebSite\",\"@id\":\"https:\/\/copilarie.org\/#website\",\"url\":\"https:\/\/copilarie.org\/\",\"name\":\"Copil\u0103rie.org\",\"description\":\"\u00cen pas cu tine\",\"potentialAction\":[{\"@type\":\"SearchAction\",\"target\":{\"@type\":\"EntryPoint\",\"urlTemplate\":\"https:\/\/copilarie.org\/?s={search_term_string}\"},\"query-input\":{\"@type\":\"PropertyValueSpecification\",\"valueRequired\":true,\"valueName\":\"search_term_string\"}}],\"inLanguage\":\"ro-RO\"},{\"@type\":\"Person\",\"@id\":\"https:\/\/copilarie.org\/#\/schema\/person\/d8a7619fc1964ecf029620b5f64cb0ed\",\"name\":\"copilarie.org\",\"image\":{\"@type\":\"ImageObject\",\"inLanguage\":\"ro-RO\",\"@id\":\"https:\/\/copilarie.org\/#\/schema\/person\/image\/\",\"url\":\"https:\/\/secure.gravatar.com\/avatar\/722e5984ae1b18142be482fe9581860ff615bd39f940c7d8bea3240825316d6e?s=96&d=mm&r=g\",\"contentUrl\":\"https:\/\/secure.gravatar.com\/avatar\/722e5984ae1b18142be482fe9581860ff615bd39f940c7d8bea3240825316d6e?s=96&d=mm&r=g\",\"caption\":\"copilarie.org\"}}]}<\/script>\n<!-- \/ Yoast SEO plugin. -->","yoast_head_json":{"title":"Programul \"Mas\u0103 cald\u0103\" va fi extins la un num\u0103r triplu de \u0219coli fa\u021b\u0103 de c\u00e2t este \u00een prezent - Copil\u0103rie.org","robots":{"index":"index","follow":"follow","max-snippet":"max-snippet:-1","max-image-preview":"max-image-preview:large","max-video-preview":"max-video-preview:-1"},"canonical":"https:\/\/copilarie.org\/index.php\/2020\/02\/05\/programul-masa-calda-va-fi-extins-la-un-numar-triplu-de-scoli-fata-de-cat-este-in-prezent\/","og_locale":"ro_RO","og_type":"article","og_title":"Programul \"Mas\u0103 cald\u0103\" va fi extins la un num\u0103r triplu de \u0219coli fa\u021b\u0103 de c\u00e2t este \u00een prezent - Copil\u0103rie.org","og_description":"Decontarea navetei elevilor, extinderea programului &#8222;Masa cald\u0103&#8221; \u015fi stabilirea costului standard pentru unit\u0103\u0163ile de \u00eenv\u0103\u0163\u0103m\u00e2nt preuniversitar sunt trei m\u0103suri pe care ministrul Educa\u0163iei, Monica Anisie, le-a propus recent Guvernului. Potrivit AGERPRES, ministrul a declarat dup\u0103 \u0219edin\u021ba de Guvern de mar\u021bi c\u0103 m\u0103surile pot fi luate cu modificarea unor ordonan\u021be de urgen\u021b\u0103. &#8222;\u00cen aceast\u0103 sear\u0103 am [&hellip;]","og_url":"https:\/\/copilarie.org\/index.php\/2020\/02\/05\/programul-masa-calda-va-fi-extins-la-un-numar-triplu-de-scoli-fata-de-cat-este-in-prezent\/","og_site_name":"Copil\u0103rie.org","article_publisher":"https:\/\/www.facebook.com\/copilarie.org\/","article_published_time":"2020-02-05T09:31:52+00:00","og_image":[{"width":1920,"height":1281,"url":"https:\/\/copilarie.org\/wp-content\/uploads\/2020\/02\/kindergarten-pixabay.com_.jpg","type":"image\/jpeg"}],"author":"copilarie.org","twitter_card":"summary_large_image","twitter_creator":"@CopilarieOrg","twitter_site":"@CopilarieOrg","twitter_misc":{"Scris de":"copilarie.org","Timp estimat pentru citire":"2 minute"},"schema":{"@context":"https:\/\/schema.org","@graph":[{"@type":"WebPage","@id":"https:\/\/copilarie.org\/index.php\/2020\/02\/05\/programul-masa-calda-va-fi-extins-la-un-numar-triplu-de-scoli-fata-de-cat-este-in-prezent\/","url":"https:\/\/copilarie.org\/index.php\/2020\/02\/05\/programul-masa-calda-va-fi-extins-la-un-numar-triplu-de-scoli-fata-de-cat-este-in-prezent\/","name":"Programul \"Mas\u0103 cald\u0103\" va fi extins la un num\u0103r triplu de \u0219coli fa\u021b\u0103 de c\u00e2t este \u00een prezent - Copil\u0103rie.org","isPartOf":{"@id":"https:\/\/copilarie.org\/#website"},"primaryImageOfPage":{"@id":"https:\/\/copilarie.org\/index.php\/2020\/02\/05\/programul-masa-calda-va-fi-extins-la-un-numar-triplu-de-scoli-fata-de-cat-este-in-prezent\/#primaryimage"},"image":{"@id":"https:\/\/copilarie.org\/index.php\/2020\/02\/05\/programul-masa-calda-va-fi-extins-la-un-numar-triplu-de-scoli-fata-de-cat-este-in-prezent\/#primaryimage"},"thumbnailUrl":"https:\/\/copilarie.org\/wp-content\/uploads\/2020\/02\/kindergarten-pixabay.com_.jpg","datePublished":"2020-02-05T09:31:52+00:00","dateModified":"2020-02-05T09:31:52+00:00","author":{"@id":"https:\/\/copilarie.org\/#\/schema\/person\/d8a7619fc1964ecf029620b5f64cb0ed"},"breadcrumb":{"@id":"https:\/\/copilarie.org\/index.php\/2020\/02\/05\/programul-masa-calda-va-fi-extins-la-un-numar-triplu-de-scoli-fata-de-cat-este-in-prezent\/#breadcrumb"},"inLanguage":"ro-RO","potentialAction":[{"@type":"ReadAction","target":["https:\/\/copilarie.org\/index.php\/2020\/02\/05\/programul-masa-calda-va-fi-extins-la-un-numar-triplu-de-scoli-fata-de-cat-este-in-prezent\/"]}]},{"@type":"ImageObject","inLanguage":"ro-RO","@id":"https:\/\/copilarie.org\/index.php\/2020\/02\/05\/programul-masa-calda-va-fi-extins-la-un-numar-triplu-de-scoli-fata-de-cat-este-in-prezent\/#primaryimage","url":"https:\/\/copilarie.org\/wp-content\/uploads\/2020\/02\/kindergarten-pixabay.com_.jpg","contentUrl":"https:\/\/copilarie.org\/wp-content\/uploads\/2020\/02\/kindergarten-pixabay.com_.jpg","width":1920,"height":1281},{"@type":"BreadcrumbList","@id":"https:\/\/copilarie.org\/index.php\/2020\/02\/05\/programul-masa-calda-va-fi-extins-la-un-numar-triplu-de-scoli-fata-de-cat-este-in-prezent\/#breadcrumb","itemListElement":[{"@type":"ListItem","position":1,"name":"Prima pagin\u0103","item":"https:\/\/copilarie.org\/"},{"@type":"ListItem","position":2,"name":"Programul &#8222;Mas\u0103 cald\u0103&#8221; va fi extins la un num\u0103r triplu de \u0219coli fa\u021b\u0103 de c\u00e2t este \u00een prezent"}]},{"@type":"WebSite","@id":"https:\/\/copilarie.org\/#website","url":"https:\/\/copilarie.org\/","name":"Copil\u0103rie.org","description":"\u00cen pas cu tine","potentialAction":[{"@type":"SearchAction","target":{"@type":"EntryPoint","urlTemplate":"https:\/\/copilarie.org\/?s={search_term_string}"},"query-input":{"@type":"PropertyValueSpecification","valueRequired":true,"valueName":"search_term_string"}}],"inLanguage":"ro-RO"},{"@type":"Person","@id":"https:\/\/copilarie.org\/#\/schema\/person\/d8a7619fc1964ecf029620b5f64cb0ed","name":"copilarie.org","image":{"@type":"ImageObject","inLanguage":"ro-RO","@id":"https:\/\/copilarie.org\/#\/schema\/person\/image\/","url":"https:\/\/secure.gravatar.com\/avatar\/722e5984ae1b18142be482fe9581860ff615bd39f940c7d8bea3240825316d6e?s=96&d=mm&r=g","contentUrl":"https:\/\/secure.gravatar.com\/avatar\/722e5984ae1b18142be482fe9581860ff615bd39f940c7d8bea3240825316d6e?s=96&d=mm&r=g","caption":"copilarie.org"}}]}},"_links":{"self":[{"href":"https:\/\/copilarie.org\/index.php\/wp-json\/wp\/v2\/posts\/2953","targetHints":{"allow":["GET"]}}],"collection":[{"href":"https:\/\/copilarie.org\/index.php\/wp-json\/wp\/v2\/posts"}],"about":[{"href":"https:\/\/copilarie.org\/index.php\/wp-json\/wp\/v2\/types\/post"}],"author":[{"embeddable":true,"href":"https:\/\/copilarie.org\/index.php\/wp-json\/wp\/v2\/users\/1"}],"replies":[{"embeddable":true,"href":"https:\/\/copilarie.org\/index.php\/wp-json\/wp\/v2\/comments?post=2953"}],"version-history":[{"count":1,"href":"https:\/\/copilarie.org\/index.php\/wp-json\/wp\/v2\/posts\/2953\/revisions"}],"predecessor-version":[{"id":2955,"href":"https:\/\/copilarie.org\/index.php\/wp-json\/wp\/v2\/posts\/2953\/revisions\/2955"}],"wp:featuredmedia":[{"embeddable":true,"href":"https:\/\/copilarie.org\/index.php\/wp-json\/wp\/v2\/media\/2954"}],"wp:attachment":[{"href":"https:\/\/copilarie.org\/index.php\/wp-json\/wp\/v2\/media?parent=2953"}],"wp:term":[{"taxonomy":"category","embeddable":true,"href":"https:\/\/copilarie.org\/index.php\/wp-json\/wp\/v2\/categories?post=2953"},{"taxonomy":"post_tag","embeddable":true,"href":"https:\/\/copilarie.org\/index.php\/wp-json\/wp\/v2\/tags?post=2953"}],"curies":[{"name":"wp","href":"https:\/\/api.w.org\/{rel}","templated":true}]}}