{"id":3157,"date":"2024-10-04T19:19:57","date_gmt":"2024-10-04T19:19:57","guid":{"rendered":"https:\/\/copilarie.org\/?p=3157"},"modified":"2024-10-11T18:55:07","modified_gmt":"2024-10-11T18:55:07","slug":"de-ce-nu-il-duci-pe-copil-la-psiholog-barierele-tale-emotionale","status":"publish","type":"post","link":"https:\/\/copilarie.org\/index.php\/2024\/10\/04\/de-ce-nu-il-duci-pe-copil-la-psiholog-barierele-tale-emotionale\/","title":{"rendered":"De ce nu \u00eel duci pe copil la psiholog. Barierele tale emo\u0163ionale"},"content":{"rendered":"<p><img loading=\"lazy\" decoding=\"async\" class=\"aligncenter size-large wp-image-3167\" src=\"https:\/\/copilarie.org\/wp-content\/uploads\/2024\/10\/de-ce-nu-il-diuci-pe-copil-la-psiholog_-imagine-gratuita_pexels.com_11.10.2024-1024x683.jpg\" alt=\"\" width=\"696\" height=\"464\" srcset=\"https:\/\/copilarie.org\/wp-content\/uploads\/2024\/10\/de-ce-nu-il-diuci-pe-copil-la-psiholog_-imagine-gratuita_pexels.com_11.10.2024-1024x683.jpg 1024w, https:\/\/copilarie.org\/wp-content\/uploads\/2024\/10\/de-ce-nu-il-diuci-pe-copil-la-psiholog_-imagine-gratuita_pexels.com_11.10.2024-300x200.jpg 300w, https:\/\/copilarie.org\/wp-content\/uploads\/2024\/10\/de-ce-nu-il-diuci-pe-copil-la-psiholog_-imagine-gratuita_pexels.com_11.10.2024-768x512.jpg 768w, https:\/\/copilarie.org\/wp-content\/uploads\/2024\/10\/de-ce-nu-il-diuci-pe-copil-la-psiholog_-imagine-gratuita_pexels.com_11.10.2024-1536x1024.jpg 1536w, https:\/\/copilarie.org\/wp-content\/uploads\/2024\/10\/de-ce-nu-il-diuci-pe-copil-la-psiholog_-imagine-gratuita_pexels.com_11.10.2024-630x420.jpg 630w, https:\/\/copilarie.org\/wp-content\/uploads\/2024\/10\/de-ce-nu-il-diuci-pe-copil-la-psiholog_-imagine-gratuita_pexels.com_11.10.2024-696x464.jpg 696w, https:\/\/copilarie.org\/wp-content\/uploads\/2024\/10\/de-ce-nu-il-diuci-pe-copil-la-psiholog_-imagine-gratuita_pexels.com_11.10.2024-1068x712.jpg 1068w, https:\/\/copilarie.org\/wp-content\/uploads\/2024\/10\/de-ce-nu-il-diuci-pe-copil-la-psiholog_-imagine-gratuita_pexels.com_11.10.2024.jpg 2048w\" sizes=\"auto, (max-width: 696px) 100vw, 696px\" \/>Observi anumite semne ale unor dificult\u0103\u0163i emo\u0163ionale sau comportamentale dar chiar \u015fi atunci exist\u0103 mai multe bariere emo\u021bionale care te pot \u00eempiedica ca p\u0103rinte s\u0103 \u00ee\u0163i duci copilul la psiholog.<\/p>\n<p>Mul\u0163i p\u0103rin\u0163i consider\u0103 c\u0103 este &#8222;doar o faz\u0103&#8221; sau c\u0103 problemele vor trece de la sine \u015fi refuz\u0103 s\u0103 accepte ideea c\u0103 puiul lor ar putea avea nevoie de ajutor psihologic. Ei neag\u0103 problema. Aceast\u0103 negare poate fi o modalitate de a te proteja de anxietate \u0219i de frica ce \u00eencepe s\u0103 \u00ee\u0163i dea t\u00e2rcoale&#8230; Copilul t\u0103u ar putea avea o problem\u0103 serioas\u0103!<\/p>\n<p>Apare frica de stigmatizare. Cei din anturaj pot asocia terapia cu sl\u0103biciunea sau o boal\u0103 mental\u0103 grav\u0103 dac\u0103 se afl\u0103 c\u0103 merge la psiholog. Copilul va fi etichetat negativ sau marginalizat ceea ce te va determina s\u0103 ezi\u0163i \u00een a c\u0103uta ajutor.<\/p>\n<p>\u00cencet \u00ee\u015fi fac sim\u0163it\u0103 prezen\u0163a \u015fi vinov\u0103\u021bia \u0219i ru\u0219inea. Te po\u0163i sim\u021bi vinovat sau ru\u0219inat c\u0103 nu ai putut rezolva singur problemele copilului t\u0103u sau c\u0103 poate ai contribuit \u015fi tu la acestea. Po\u0163i s\u0103 percepi ca un e\u015fec personal sau parental recunoa\u0219terea de a cere ajutor specializat pentru copilul t\u0103u.<\/p>\n<p>Exist\u0103 \u015fi posibilitatea s\u0103 nu ai \u00eencredere \u00een speciali\u015fti din cauza unor experien\u0163e negative din trecut sau din cauza unor prejudec\u0103\u0163i. Informeaz\u0103-te din mai multe surse \u015fi nu te l\u0103sa influen\u0163at de mituri. E \u00een joc echilibrul emo\u0163ional al copilului t\u0103u!<\/p>\n<p>Uneori lucrurile pot deveni \u015fi mai profunde. \u0162i-e team\u0103 c\u0103 ajung\u00e2nd\u00a0 copilul la psiholog pot ie\u0219i la iveal\u0103 probleme profunde din via\u0163a voastr\u0103 de familie, cum ar fi tensiunile dintre so\u0163i, probleme nerezolvate din copil\u0103ria voastr\u0103 sau alte dificult\u0103\u021bi care pot genera disconfort. Astfel ne confrumnt\u0103m \u015fi cu frica de a descoperi adev\u0103rul.<\/p>\n<p>Nu e de neglijat nici dorin\u021ba de a-\u0163i proteja copilul. Po\u0163i considera c\u0103 terapia ar putea s\u0103 &#8222;\u00eei fac\u0103 mai mult r\u0103u copilului&#8221;, \u00ee\u0163i \u00eenchipui c\u0103 expunerea la discu\u021bii despre problemele lui emo\u021bionale poate agrava situa\u021bia sau c\u0103 terapia \u00eel va face pe copil s\u0103 se simt\u0103 &#8222;diferit&#8221; sau &#8222;defect&#8221;.<\/p>\n<p>Sunt \u015fi multe situa\u0163ii \u00een care ignori semnele. Pur \u0219i simplu nu recuno\u015fti semnele care \u00ee\u0163i arat\u0103 c\u0103 puiul t\u0103u are nevoie de ajutor, fie din lips\u0103 de informa\u021bii, fie din obi\u0219nuin\u021ba de a minimiza problemele emo\u021bionale.<\/p>\n<p>Ca p\u0103rinte bariere tale emo\u0163ionale, pe care \u00een anumite conjuncturi vei ajunge s\u0103 le dep\u0103\u015fe\u015fti, sunt legate de frica \u0219i incertitudinea ta, precum \u0219i de percep\u021biile sociale legate de s\u0103n\u0103tatea mental\u0103.<\/p>\n","protected":false},"excerpt":{"rendered":"<p>Observi anumite semne ale unor dificult\u0103\u0163i emo\u0163ionale sau comportamentale dar chiar \u015fi atunci exist\u0103 mai multe bariere emo\u021bionale care te pot \u00eempiedica ca p\u0103rinte s\u0103 \u00ee\u0163i duci copilul la psiholog. Mul\u0163i p\u0103rin\u0163i consider\u0103 c\u0103 este &#8222;doar o faz\u0103&#8221; sau c\u0103 problemele vor trece de la sine \u015fi refuz\u0103 s\u0103 accepte ideea c\u0103 puiul lor ar [&hellip;]<\/p>\n","protected":false},"author":1,"featured_media":3167,"comment_status":"open","ping_status":"open","sticky":false,"template":"","format":"standard","meta":{"footnotes":""},"categories":[1,23,22,2],"tags":[327,242,126,328,27,326],"class_list":{"0":"post-3157","1":"post","2":"type-post","3":"status-publish","4":"format-standard","5":"has-post-thumbnail","7":"category-acasa","8":"category-familie","9":"category-opinii","10":"category-featured","11":"tag-bariere-emotionale","12":"tag-copil","13":"tag-copilarie","14":"tag-frica-de-stigmatizare","15":"tag-parinti","16":"tag-psiholog"},"yoast_head":"<!-- This site is optimized with the Yoast SEO plugin v23.6 - https:\/\/yoast.com\/wordpress\/plugins\/seo\/ -->\n<title>De ce nu \u00eel duci pe copil la psiholog. Barierele tale emo\u0163ionale - Copil\u0103rie.org<\/title>\n<meta name=\"description\" content=\"Observi anumite semne ale unor dificult\u0103\u0163i emo\u0163ionale sau comportamentale dar chiar \u015fi atunci exist\u0103 mai multe bariere emo\u021bionale care te pot \u00eempiedica ca p\u0103rinte s\u0103 \u00ee\u0163i duci copilul la psiholog. Mul\u0163i p\u0103rin\u0163i consider\u0103 c\u0103 este &quot;doar o faz\u0103&quot; sau c\u0103 problemele vor trece de la sine \u015fi refuz\u0103 s\u0103 accepte ideea c\u0103 puiul lor ar putea avea nevoie de ajutor psihologic. Aceste bariere psihologice sunt legate de frica \u0219i incertitudinea ta, precum \u0219i de percep\u021biile sociale legate de s\u0103n\u0103tatea mental\u0103.\" \/>\n<meta name=\"robots\" content=\"index, follow, max-snippet:-1, max-image-preview:large, max-video-preview:-1\" \/>\n<link rel=\"canonical\" href=\"https:\/\/copilarie.org\/index.php\/2024\/10\/04\/de-ce-nu-il-duci-pe-copil-la-psiholog-barierele-tale-emotionale\/\" \/>\n<meta property=\"og:locale\" content=\"ro_RO\" \/>\n<meta property=\"og:type\" content=\"article\" \/>\n<meta property=\"og:title\" content=\"De ce nu \u00eel duci pe copil la psiholog. Barierele tale emo\u0163ionale\" \/>\n<meta property=\"og:description\" content=\"Observi anumite semne ale unor dificult\u0103\u0163i emo\u0163ionale sau comportamentale dar chiar \u015fi atunci exist\u0103 mai multe bariere emo\u021bionale care te pot \u00eempiedica ca p\u0103rinte s\u0103 \u00ee\u0163i duci copilul la psiholog.Mul\u0163i p\u0103rin\u0163i consider\u0103 c\u0103 este \u201edoar o faz\u0103\u201d sau c\u0103 problemele vor trece de la sine \u015fi refuz\u0103 s\u0103 accepte ideea c\u0103 puiul lor ar putea avea nevoie de ajutor psihologic. Ei neag\u0103 problema. Aceast\u0103 negare poate fi o modalitate de a te proteja de anxietate \u0219i de frica ce \u00eencepe s\u0103 \u00ee\u0163i dea t\u00e2rcoale\u2026 Copilul t\u0103u ar putea avea o problem\u0103 serioas\u0103!\" \/>\n<meta property=\"og:url\" content=\"https:\/\/copilarie.org\/index.php\/2024\/10\/04\/de-ce-nu-il-duci-pe-copil-la-psiholog-barierele-tale-emotionale\/\" \/>\n<meta property=\"og:site_name\" content=\"Copil\u0103rie.org\" \/>\n<meta property=\"article:publisher\" content=\"https:\/\/www.facebook.com\/copilarie.org\/\" \/>\n<meta property=\"article:published_time\" content=\"2024-10-04T19:19:57+00:00\" \/>\n<meta property=\"article:modified_time\" content=\"2024-10-11T18:55:07+00:00\" \/>\n<meta property=\"og:image\" content=\"https:\/\/copilarie.org\/wp-content\/uploads\/2024\/10\/de-ce-nu-il-diuci-pe-copil-la-psiholog_-imagine-gratuita_pexels.com_11.10.2024.jpg\" \/>\n\t<meta property=\"og:image:width\" content=\"2048\" \/>\n\t<meta property=\"og:image:height\" content=\"1365\" \/>\n\t<meta property=\"og:image:type\" content=\"image\/jpeg\" \/>\n<meta name=\"author\" content=\"copilarie.org\" \/>\n<meta name=\"twitter:card\" content=\"summary_large_image\" \/>\n<meta name=\"twitter:creator\" content=\"@CopilarieOrg\" \/>\n<meta name=\"twitter:site\" content=\"@CopilarieOrg\" \/>\n<meta name=\"twitter:label1\" content=\"Scris de\" \/>\n\t<meta name=\"twitter:data1\" content=\"copilarie.org\" \/>\n\t<meta name=\"twitter:label2\" content=\"Timp estimat pentru citire\" \/>\n\t<meta name=\"twitter:data2\" content=\"3 minute\" \/>\n<script type=\"application\/ld+json\" class=\"yoast-schema-graph\">{\"@context\":\"https:\/\/schema.org\",\"@graph\":[{\"@type\":\"WebPage\",\"@id\":\"https:\/\/copilarie.org\/index.php\/2024\/10\/04\/de-ce-nu-il-duci-pe-copil-la-psiholog-barierele-tale-emotionale\/\",\"url\":\"https:\/\/copilarie.org\/index.php\/2024\/10\/04\/de-ce-nu-il-duci-pe-copil-la-psiholog-barierele-tale-emotionale\/\",\"name\":\"De ce nu \u00eel duci pe copil la psiholog. Barierele tale emo\u0163ionale - Copil\u0103rie.org\",\"isPartOf\":{\"@id\":\"https:\/\/copilarie.org\/#website\"},\"primaryImageOfPage\":{\"@id\":\"https:\/\/copilarie.org\/index.php\/2024\/10\/04\/de-ce-nu-il-duci-pe-copil-la-psiholog-barierele-tale-emotionale\/#primaryimage\"},\"image\":{\"@id\":\"https:\/\/copilarie.org\/index.php\/2024\/10\/04\/de-ce-nu-il-duci-pe-copil-la-psiholog-barierele-tale-emotionale\/#primaryimage\"},\"thumbnailUrl\":\"https:\/\/copilarie.org\/wp-content\/uploads\/2024\/10\/de-ce-nu-il-diuci-pe-copil-la-psiholog_-imagine-gratuita_pexels.com_11.10.2024.jpg\",\"datePublished\":\"2024-10-04T19:19:57+00:00\",\"dateModified\":\"2024-10-11T18:55:07+00:00\",\"author\":{\"@id\":\"https:\/\/copilarie.org\/#\/schema\/person\/d8a7619fc1964ecf029620b5f64cb0ed\"},\"description\":\"Observi anumite semne ale unor dificult\u0103\u0163i emo\u0163ionale sau comportamentale dar chiar \u015fi atunci exist\u0103 mai multe bariere emo\u021bionale care te pot \u00eempiedica ca p\u0103rinte s\u0103 \u00ee\u0163i duci copilul la psiholog. Mul\u0163i p\u0103rin\u0163i consider\u0103 c\u0103 este \\\"doar o faz\u0103\\\" sau c\u0103 problemele vor trece de la sine \u015fi refuz\u0103 s\u0103 accepte ideea c\u0103 puiul lor ar putea avea nevoie de ajutor psihologic. Aceste bariere psihologice sunt legate de frica \u0219i incertitudinea ta, precum \u0219i de percep\u021biile sociale legate de s\u0103n\u0103tatea mental\u0103.\",\"breadcrumb\":{\"@id\":\"https:\/\/copilarie.org\/index.php\/2024\/10\/04\/de-ce-nu-il-duci-pe-copil-la-psiholog-barierele-tale-emotionale\/#breadcrumb\"},\"inLanguage\":\"ro-RO\",\"potentialAction\":[{\"@type\":\"ReadAction\",\"target\":[\"https:\/\/copilarie.org\/index.php\/2024\/10\/04\/de-ce-nu-il-duci-pe-copil-la-psiholog-barierele-tale-emotionale\/\"]}]},{\"@type\":\"ImageObject\",\"inLanguage\":\"ro-RO\",\"@id\":\"https:\/\/copilarie.org\/index.php\/2024\/10\/04\/de-ce-nu-il-duci-pe-copil-la-psiholog-barierele-tale-emotionale\/#primaryimage\",\"url\":\"https:\/\/copilarie.org\/wp-content\/uploads\/2024\/10\/de-ce-nu-il-diuci-pe-copil-la-psiholog_-imagine-gratuita_pexels.com_11.10.2024.jpg\",\"contentUrl\":\"https:\/\/copilarie.org\/wp-content\/uploads\/2024\/10\/de-ce-nu-il-diuci-pe-copil-la-psiholog_-imagine-gratuita_pexels.com_11.10.2024.jpg\",\"width\":2048,\"height\":1365},{\"@type\":\"BreadcrumbList\",\"@id\":\"https:\/\/copilarie.org\/index.php\/2024\/10\/04\/de-ce-nu-il-duci-pe-copil-la-psiholog-barierele-tale-emotionale\/#breadcrumb\",\"itemListElement\":[{\"@type\":\"ListItem\",\"position\":1,\"name\":\"Prima pagin\u0103\",\"item\":\"https:\/\/copilarie.org\/\"},{\"@type\":\"ListItem\",\"position\":2,\"name\":\"De ce nu \u00eel duci pe copil la psiholog. Barierele tale emo\u0163ionale\"}]},{\"@type\":\"WebSite\",\"@id\":\"https:\/\/copilarie.org\/#website\",\"url\":\"https:\/\/copilarie.org\/\",\"name\":\"Copil\u0103rie.org\",\"description\":\"\u00cen pas cu tine\",\"potentialAction\":[{\"@type\":\"SearchAction\",\"target\":{\"@type\":\"EntryPoint\",\"urlTemplate\":\"https:\/\/copilarie.org\/?s={search_term_string}\"},\"query-input\":{\"@type\":\"PropertyValueSpecification\",\"valueRequired\":true,\"valueName\":\"search_term_string\"}}],\"inLanguage\":\"ro-RO\"},{\"@type\":\"Person\",\"@id\":\"https:\/\/copilarie.org\/#\/schema\/person\/d8a7619fc1964ecf029620b5f64cb0ed\",\"name\":\"copilarie.org\",\"image\":{\"@type\":\"ImageObject\",\"inLanguage\":\"ro-RO\",\"@id\":\"https:\/\/copilarie.org\/#\/schema\/person\/image\/\",\"url\":\"https:\/\/secure.gravatar.com\/avatar\/722e5984ae1b18142be482fe9581860ff615bd39f940c7d8bea3240825316d6e?s=96&d=mm&r=g\",\"contentUrl\":\"https:\/\/secure.gravatar.com\/avatar\/722e5984ae1b18142be482fe9581860ff615bd39f940c7d8bea3240825316d6e?s=96&d=mm&r=g\",\"caption\":\"copilarie.org\"}}]}<\/script>\n<!-- \/ Yoast SEO plugin. -->","yoast_head_json":{"title":"De ce nu \u00eel duci pe copil la psiholog. Barierele tale emo\u0163ionale - Copil\u0103rie.org","description":"Observi anumite semne ale unor dificult\u0103\u0163i emo\u0163ionale sau comportamentale dar chiar \u015fi atunci exist\u0103 mai multe bariere emo\u021bionale care te pot \u00eempiedica ca p\u0103rinte s\u0103 \u00ee\u0163i duci copilul la psiholog. Mul\u0163i p\u0103rin\u0163i consider\u0103 c\u0103 este \"doar o faz\u0103\" sau c\u0103 problemele vor trece de la sine \u015fi refuz\u0103 s\u0103 accepte ideea c\u0103 puiul lor ar putea avea nevoie de ajutor psihologic. Aceste bariere psihologice sunt legate de frica \u0219i incertitudinea ta, precum \u0219i de percep\u021biile sociale legate de s\u0103n\u0103tatea mental\u0103.","robots":{"index":"index","follow":"follow","max-snippet":"max-snippet:-1","max-image-preview":"max-image-preview:large","max-video-preview":"max-video-preview:-1"},"canonical":"https:\/\/copilarie.org\/index.php\/2024\/10\/04\/de-ce-nu-il-duci-pe-copil-la-psiholog-barierele-tale-emotionale\/","og_locale":"ro_RO","og_type":"article","og_title":"De ce nu \u00eel duci pe copil la psiholog. Barierele tale emo\u0163ionale","og_description":"Observi anumite semne ale unor dificult\u0103\u0163i emo\u0163ionale sau comportamentale dar chiar \u015fi atunci exist\u0103 mai multe bariere emo\u021bionale care te pot \u00eempiedica ca p\u0103rinte s\u0103 \u00ee\u0163i duci copilul la psiholog.Mul\u0163i p\u0103rin\u0163i consider\u0103 c\u0103 este \u201edoar o faz\u0103\u201d sau c\u0103 problemele vor trece de la sine \u015fi refuz\u0103 s\u0103 accepte ideea c\u0103 puiul lor ar putea avea nevoie de ajutor psihologic. Ei neag\u0103 problema. Aceast\u0103 negare poate fi o modalitate de a te proteja de anxietate \u0219i de frica ce \u00eencepe s\u0103 \u00ee\u0163i dea t\u00e2rcoale\u2026 Copilul t\u0103u ar putea avea o problem\u0103 serioas\u0103!","og_url":"https:\/\/copilarie.org\/index.php\/2024\/10\/04\/de-ce-nu-il-duci-pe-copil-la-psiholog-barierele-tale-emotionale\/","og_site_name":"Copil\u0103rie.org","article_publisher":"https:\/\/www.facebook.com\/copilarie.org\/","article_published_time":"2024-10-04T19:19:57+00:00","article_modified_time":"2024-10-11T18:55:07+00:00","og_image":[{"width":2048,"height":1365,"url":"https:\/\/copilarie.org\/wp-content\/uploads\/2024\/10\/de-ce-nu-il-diuci-pe-copil-la-psiholog_-imagine-gratuita_pexels.com_11.10.2024.jpg","type":"image\/jpeg"}],"author":"copilarie.org","twitter_card":"summary_large_image","twitter_creator":"@CopilarieOrg","twitter_site":"@CopilarieOrg","twitter_misc":{"Scris de":"copilarie.org","Timp estimat pentru citire":"3 minute"},"schema":{"@context":"https:\/\/schema.org","@graph":[{"@type":"WebPage","@id":"https:\/\/copilarie.org\/index.php\/2024\/10\/04\/de-ce-nu-il-duci-pe-copil-la-psiholog-barierele-tale-emotionale\/","url":"https:\/\/copilarie.org\/index.php\/2024\/10\/04\/de-ce-nu-il-duci-pe-copil-la-psiholog-barierele-tale-emotionale\/","name":"De ce nu \u00eel duci pe copil la psiholog. Barierele tale emo\u0163ionale - Copil\u0103rie.org","isPartOf":{"@id":"https:\/\/copilarie.org\/#website"},"primaryImageOfPage":{"@id":"https:\/\/copilarie.org\/index.php\/2024\/10\/04\/de-ce-nu-il-duci-pe-copil-la-psiholog-barierele-tale-emotionale\/#primaryimage"},"image":{"@id":"https:\/\/copilarie.org\/index.php\/2024\/10\/04\/de-ce-nu-il-duci-pe-copil-la-psiholog-barierele-tale-emotionale\/#primaryimage"},"thumbnailUrl":"https:\/\/copilarie.org\/wp-content\/uploads\/2024\/10\/de-ce-nu-il-diuci-pe-copil-la-psiholog_-imagine-gratuita_pexels.com_11.10.2024.jpg","datePublished":"2024-10-04T19:19:57+00:00","dateModified":"2024-10-11T18:55:07+00:00","author":{"@id":"https:\/\/copilarie.org\/#\/schema\/person\/d8a7619fc1964ecf029620b5f64cb0ed"},"description":"Observi anumite semne ale unor dificult\u0103\u0163i emo\u0163ionale sau comportamentale dar chiar \u015fi atunci exist\u0103 mai multe bariere emo\u021bionale care te pot \u00eempiedica ca p\u0103rinte s\u0103 \u00ee\u0163i duci copilul la psiholog. Mul\u0163i p\u0103rin\u0163i consider\u0103 c\u0103 este \"doar o faz\u0103\" sau c\u0103 problemele vor trece de la sine \u015fi refuz\u0103 s\u0103 accepte ideea c\u0103 puiul lor ar putea avea nevoie de ajutor psihologic. Aceste bariere psihologice sunt legate de frica \u0219i incertitudinea ta, precum \u0219i de percep\u021biile sociale legate de s\u0103n\u0103tatea mental\u0103.","breadcrumb":{"@id":"https:\/\/copilarie.org\/index.php\/2024\/10\/04\/de-ce-nu-il-duci-pe-copil-la-psiholog-barierele-tale-emotionale\/#breadcrumb"},"inLanguage":"ro-RO","potentialAction":[{"@type":"ReadAction","target":["https:\/\/copilarie.org\/index.php\/2024\/10\/04\/de-ce-nu-il-duci-pe-copil-la-psiholog-barierele-tale-emotionale\/"]}]},{"@type":"ImageObject","inLanguage":"ro-RO","@id":"https:\/\/copilarie.org\/index.php\/2024\/10\/04\/de-ce-nu-il-duci-pe-copil-la-psiholog-barierele-tale-emotionale\/#primaryimage","url":"https:\/\/copilarie.org\/wp-content\/uploads\/2024\/10\/de-ce-nu-il-diuci-pe-copil-la-psiholog_-imagine-gratuita_pexels.com_11.10.2024.jpg","contentUrl":"https:\/\/copilarie.org\/wp-content\/uploads\/2024\/10\/de-ce-nu-il-diuci-pe-copil-la-psiholog_-imagine-gratuita_pexels.com_11.10.2024.jpg","width":2048,"height":1365},{"@type":"BreadcrumbList","@id":"https:\/\/copilarie.org\/index.php\/2024\/10\/04\/de-ce-nu-il-duci-pe-copil-la-psiholog-barierele-tale-emotionale\/#breadcrumb","itemListElement":[{"@type":"ListItem","position":1,"name":"Prima pagin\u0103","item":"https:\/\/copilarie.org\/"},{"@type":"ListItem","position":2,"name":"De ce nu \u00eel duci pe copil la psiholog. Barierele tale emo\u0163ionale"}]},{"@type":"WebSite","@id":"https:\/\/copilarie.org\/#website","url":"https:\/\/copilarie.org\/","name":"Copil\u0103rie.org","description":"\u00cen pas cu tine","potentialAction":[{"@type":"SearchAction","target":{"@type":"EntryPoint","urlTemplate":"https:\/\/copilarie.org\/?s={search_term_string}"},"query-input":{"@type":"PropertyValueSpecification","valueRequired":true,"valueName":"search_term_string"}}],"inLanguage":"ro-RO"},{"@type":"Person","@id":"https:\/\/copilarie.org\/#\/schema\/person\/d8a7619fc1964ecf029620b5f64cb0ed","name":"copilarie.org","image":{"@type":"ImageObject","inLanguage":"ro-RO","@id":"https:\/\/copilarie.org\/#\/schema\/person\/image\/","url":"https:\/\/secure.gravatar.com\/avatar\/722e5984ae1b18142be482fe9581860ff615bd39f940c7d8bea3240825316d6e?s=96&d=mm&r=g","contentUrl":"https:\/\/secure.gravatar.com\/avatar\/722e5984ae1b18142be482fe9581860ff615bd39f940c7d8bea3240825316d6e?s=96&d=mm&r=g","caption":"copilarie.org"}}]}},"_links":{"self":[{"href":"https:\/\/copilarie.org\/index.php\/wp-json\/wp\/v2\/posts\/3157","targetHints":{"allow":["GET"]}}],"collection":[{"href":"https:\/\/copilarie.org\/index.php\/wp-json\/wp\/v2\/posts"}],"about":[{"href":"https:\/\/copilarie.org\/index.php\/wp-json\/wp\/v2\/types\/post"}],"author":[{"embeddable":true,"href":"https:\/\/copilarie.org\/index.php\/wp-json\/wp\/v2\/users\/1"}],"replies":[{"embeddable":true,"href":"https:\/\/copilarie.org\/index.php\/wp-json\/wp\/v2\/comments?post=3157"}],"version-history":[{"count":4,"href":"https:\/\/copilarie.org\/index.php\/wp-json\/wp\/v2\/posts\/3157\/revisions"}],"predecessor-version":[{"id":3168,"href":"https:\/\/copilarie.org\/index.php\/wp-json\/wp\/v2\/posts\/3157\/revisions\/3168"}],"wp:featuredmedia":[{"embeddable":true,"href":"https:\/\/copilarie.org\/index.php\/wp-json\/wp\/v2\/media\/3167"}],"wp:attachment":[{"href":"https:\/\/copilarie.org\/index.php\/wp-json\/wp\/v2\/media?parent=3157"}],"wp:term":[{"taxonomy":"category","embeddable":true,"href":"https:\/\/copilarie.org\/index.php\/wp-json\/wp\/v2\/categories?post=3157"},{"taxonomy":"post_tag","embeddable":true,"href":"https:\/\/copilarie.org\/index.php\/wp-json\/wp\/v2\/tags?post=3157"}],"curies":[{"name":"wp","href":"https:\/\/api.w.org\/{rel}","templated":true}]}}