{"id":3202,"date":"2024-11-05T09:16:46","date_gmt":"2024-11-05T09:16:46","guid":{"rendered":"https:\/\/copilarie.org\/?p=3202"},"modified":"2024-11-05T09:16:46","modified_gmt":"2024-11-05T09:16:46","slug":"concert-simfonic-cu-maestrul-lawrence-foster-la-pupitrul-dirijoral-pentru-o-seara-dedicata-lui-mozart","status":"publish","type":"post","link":"https:\/\/copilarie.org\/index.php\/2024\/11\/05\/concert-simfonic-cu-maestrul-lawrence-foster-la-pupitrul-dirijoral-pentru-o-seara-dedicata-lui-mozart\/","title":{"rendered":"Concert simfonic cu maestrul Lawrence Foster la pupitrul dirijoral pentru o sear\u0103 dedicat\u0103 lui Mozart"},"content":{"rendered":"<p class=\"p1\"><strong>Dirijorul emerit al Orchestrei Filarmonicii de Stat \u201eTransilvania\u201d, Lawrence Foster, revine, vineri, 8 noiembrie, la pupitrul dirijoral pentru o sear\u0103 dedicat\u0103 lui Mozart, \u00een programul serii reg\u0103sind-se Mica serenad\u0103, KV 525, Concertul nr. 5 \u00een La major pentru vioar\u0103, KV 219 \u0219i Simfonia nr. 40 \u00een sol minor, KV 550. Solist\u0103 va fi violonista Arabella Steinbacher. Concertul va avea loc la Colegiul Academic de la ora 19.00.<\/strong><\/p>\n<p class=\"p1\">Mica serenad\u0103 (Eine kleine Nachtmusik) este o lucrare pentru orchestr\u0103 de camer\u0103 compus\u0103 de Wolfgang Amadeus Mozart. Lucrarea, terminat\u0103 la 10 august 1787, \u00een perioada \u00een care Mozart lucra la al doilea act al operei Don Giovanni, este cunoscut\u0103 \u0219i sub denumirea de Serenada nr. 13 pentru coarde \u00een Sol Major, KV 525. \u201eMica serenad\u0103\u201c este, de fapt, o simfonie de mai mici dimensiuni. Acestea sunt condi\u021bionate \u00een special de faptul c\u0103 ansamblul se reduce la o orchestr\u0103 de coarde (vioar\u0103, viol\u0103, contrabas \u0219i violoncel).<\/p>\n<p class=\"p1\">Spre deosebire de alte lucr\u0103ri ale sale, data finaliz\u0103rii Simfoniei nr. 40 \u00een sol minor, KV 550 este cunoscut\u0103 cu exactitate, deoarece Mozart, la maturitate, a \u021binut un catalog complet al lucr\u0103rilor sale terminate, iar aceast\u0103 lucrare a fost introdus\u0103 \u00een catalog la data de 25 iulie 1788. Compozitorul austriac a lucrat la aceast\u0103 simfonie \u00eentr-o perioad\u0103 extrem de productiv\u0103, care a cuprins doar c\u00e2teva luni, iar Mozart a finalizat \u00een acela\u0219i timp \u0219i simfoniile nr. 39 \u0219i nr. 41 (26 iunie, respectiv, 10 august). \u201dLu\u00e2nd \u00een considerare aceste informa\u021bii, dirijorul austriac Nikolaus Harnoncourt a ajuns la concluzia c\u0103 Mozart a compus cele trei simfonii ca pe o lucrare unitar\u0103, ar\u0103t\u00e2nd, printre altele, faptul c\u0103 Simfonia nr. 40, ca lucrare de mijloc, nu are introducere (spre deosebire de nr. 39) \u0219i nu are un final de amploarea celui din Simfonia nr. 41\u201d, spun organizatorii.<\/p>\n<p class=\"p1\">Lawrence Foster este unul dintre cei mai aprecia\u021bi dirijori din lume \u00een ultimele decenii,\u00a0 recunoscut ca un deosebit interpret al partiturilor lui George Enescu. Lawrence Foster este, din stagiunea 2022\/2023, Dirijor Emerit al Filarmonicii de Stat \u201eTransilvania\u201d.<\/p>\n<p class=\"p3\"><span class=\"s1\">N\u0103scut \u00een 1941 la Los Angeles, \u00eentr-o familie de origine rom\u00e2n\u0103, Lawrence Foster a beneficiat de \u00eendrumarea unor dirijori de renume interna\u021bional, ca Bruno Walter \u0219i Karl B\u00f6hm, \u0219i \u0219i-a f\u0103cut debutul profesional la v\u00e2rsta de 18 ani, la pupitrul unei orchestre de tineret numit\u0103 Debut Orchestra \u0219i a devenit ulterior directorul muzical al acesteia. Tot \u00een aceea\u0219i perioad\u0103, a devenit directorul Baletului din San Francisco, pozi\u021bie pe care a ocupat-o p\u00e2n\u0103 \u00een 1965. \u00centre 1965 \u015fi 1968, a fost asistentul lui Zubin Mehta la Filarmonica din Los Angeles,<\/span> <span class=\"s1\">iar \u00een 1969 a fost numit dirijor invitat principal la Royal<\/span> <span class=\"s1\">Philharmonic Orchestra.<\/span><\/p>\n<p class=\"p1\">A dirijat cele mai importante opere ale lumii (ca cele din Los Angeles, Berlin \u015fi Hamburg) \u015fi numeroase orchestre de tineret. \u00cen urma celor zece ani petrecu\u021bi ca director artistic \u015fi dirijor principal al Orchestrei Gulbenkian, Lawrence Foster a fost numit dirijor laureat al ansamblului. Cu aceast\u0103 orchestr\u0103, s-a reg\u0103sit pe scene din toat\u0103 lumea, inclusiv Festivalul \u201eGeorge Enescu\u201d din Bucure\u0219ti \u015fi Festivalul de Var\u0103 din Bad Kissingen.<\/p>\n<p class=\"p1\">Din anul 2013, este director muzical al Operei \u015fi al Orchestrei Simfonice din Marsilia.<\/p>\n<p class=\"p1\">Promotor neobosit al crea\u021biei lui George Enescu, Lawrence Foster a fost directorul artistic al festivalului omonim de la Bucure\u0219ti \u00eentre 1998 \u015fi 2001. Ultima \u00eenregistrare cu lucr\u0103ri ale compozitorului rom\u00e2n \u2013 cu propria sa orchestra\u021bie a octetului de coarde \u2013, \u00een compania Orchestrei Filarmonicii din Monte Carlo, sub egida EMI, a fost lansat\u0103 \u00een anul 2009. \u00cen ianuarie 2003, a fost decorat de pre\u0219edintele Rom\u00e2niei cu Ordinul \u201eMeritul Cultural\u201d \u00een grad de Mare Ofi\u021ber pentru promovarea muzicii rom\u00e2ne\u0219ti.<\/p>\n<p class=\"p1\">Recunoscut\u0103 \u00een \u00eentreaga lume drept una dintre cele mai importante soliste de ast\u0103zi, Arabella Steinbacher se remarc\u0103 prin repertoriul extraordinar de variat, care cuprinde lucr\u0103ri ce acoper\u0103 epoci diferite din istoria muzicii de la Bart\u00f3k, Berg, Britten, Glazunov, Gubaidulina, la Hartmann, Hindemith, Haciaturian, Milhaud, Prokofiev, Schnittke, \u0218ostakovici \u0219i Szymanowski.<\/p>\n<p class=\"p1\">Arabella Steinbacher a deschis stagiunea 2022\/2023 cu un concert la Festivalul Klosters din Elve\u021bia, unde a ap\u0103rut al\u0103turi de Mozarteumorchester Salzburg \u0219i Patrick Hahn, urmat de un turneu \u00een Spania cu Camerata Salzburg.<\/p>\n<p class=\"p1\">\u00cen acest sezon, ea a fost invitat\u0103 s\u0103 revin\u0103 la London Philharmonic Orchestra \u0219i Royal Philharmonic Orchestra \u0219i va sus\u021bine concerte cu Polish National Radio Symphony Orchestra, Orchestre National de Belgique, M\u00fcnchner Symphoniker, W\u00fcrttembergisches Kammerorchester, precum \u0219i Orchestra del Teatro Petruzzelli di Bari \u0219i Ulster Orchestra Belfast.<\/p>\n<p class=\"p1\">Ea a revenit \u0219i pe scenele Orchestrei Simfonice din Seattle, Orchestrei Simfonice NHK \u0219i Orchestrei Filarmonice din Osaka. Un alt moment important al acestui sezon va fi \u00eentoarcerea la Sydney Symphony Orchestra, sub bagheta lui Umberto Clerici, pentru premiera mondial\u0103 a concertului pentru vioar\u0103 de Georges Lentz, pe care acesta l-a scris pentru violonista \u00eens\u0103\u0219i.<\/p>\n<p class=\"p1\">Printre orchestrele cu care violonista Arabella Steinbacher a mai colaborat se num\u0103r\u0103 New York Philharmonic, Boston Symphony Orchestra, Chicago Symphony Orchestra, Gewandhausorchester Leipzig, Dresdner Philharmonie, NDR Elbphilharmonie Orchester, Symphonieorchester des Bayerischen Rundfunks \u0219i Rundfunk-Sinfonieorchester Berlin. De asemenea, Arabella a c\u00e2ntat cu mare succes al\u0103turi de London Symphony Orchestra \u0219i Orchestre National de France, ORF Radio-Symphonieorchester Wien, precum \u0219i Seoul Philharmonic Orchestra. Ea a efectuat numeroase turnee cu BBC Philharmonic Orchestra, Orchestre Philharmonique de Strasbourg \u0219i Deutsche Radiophilharmonie Saarbr\u00fccken.<\/p>\n<p class=\"p1\">Arabella Steinbacher lucreaz\u0103 cu dirijori precum Marin Alsop, Herbert Blomstedt, Christoph von Dohn\u00e1nyi, Christoph Eschenbach, Lawrence Foster, Jakub Hr\u016f\u0161a, Pietari Inkinen, Marek Janowski, Vladimir Jurowski, Fabio Luisi, Zubin Mehta, Andris Nelsons, Yannick N\u00e9zet-S\u00e9guin, Andr\u00e9s Orozco-Estrada, Kirill Petrenko, John Storg\u00e5rds \u0219i Kazuki Yamada.<\/p>\n<p class=\"p1\">Discografia sa extins\u0103 demonstreaz\u0103 repertoriul s\u0103u divers. Cea mai recent\u0103 \u00eenregistrare, pentru Pentatone, cu care lucreaz\u0103 \u00een exclusivitate, \u00eencheie ciclul de \u00eenregistr\u0103ri cu Mozart. La fel de reu\u0219it\u0103 a fost \u0219i precedenta ei \u00eenregistrare cu \u201eCele patru anotimpuri\u201d ale lui Astor Piazzolla \u0219i Antonio Vivaldi, unde Arabella Steinbacher a fost deopotriv\u0103 solist\u0103 \u0219i dirijoare a M\u00fcnchener Kammerorchester. Kammerorchester,<\/p>\n<p class=\"p1\">N\u0103scut\u0103 \u00eentr-o familie de muzicieni, a c\u00e2ntat la vioar\u0103 de la v\u00e2rsta de trei ani \u0219i a studiat cu Ana Chumachenco la Universitatea de Muzic\u0103 \u0219i Teatru din M\u00fcnchen de la v\u00e2rsta de opt ani. O surs\u0103 de inspira\u021bie \u0219i \u00eendrumare muzical\u0103 a ei este violonistul israelian Ivry Gitlis.<\/p>\n<p class=\"p1\">Arabella Steinbacher c\u00e2nt\u0103 \u00een prezent la o vioar\u0103 Stradivarius, Cremona 1718, cunoscut\u0103 sub numele de \u201eex Benno Walter\u201d \u0219i la o vioar\u0103 Guarneri del Gesu \u201eSainton\u201d, Cremona 1744, ambele oferite cu generozitate de o funda\u021bie privat\u0103 elve\u021bian\u0103.<\/p>\n","protected":false},"excerpt":{"rendered":"<p>Dirijorul emerit al Orchestrei Filarmonicii de Stat \u201eTransilvania\u201d, Lawrence Foster, revine, vineri, 8 noiembrie, la pupitrul dirijoral pentru o sear\u0103 dedicat\u0103 lui Mozart, \u00een programul serii reg\u0103sind-se Mica serenad\u0103, KV 525, Concertul nr. 5 \u00een La major pentru vioar\u0103, KV 219 \u0219i Simfonia nr. 40 \u00een sol minor, KV 550. Solist\u0103 va fi violonista Arabella [&hellip;]<\/p>\n","protected":false},"author":1,"featured_media":3203,"comment_status":"open","ping_status":"open","sticky":false,"template":"","format":"standard","meta":{"footnotes":""},"categories":[1,21],"tags":[333,25,24,354,27],"class_list":{"0":"post-3202","1":"post","2":"type-post","3":"status-publish","4":"format-standard","5":"has-post-thumbnail","7":"category-acasa","8":"category-evenimente","9":"tag-claudiu-padurean","10":"tag-copii","11":"tag-copilarie-org","12":"tag-foster","13":"tag-parinti"},"yoast_head":"<!-- This site is optimized with the Yoast SEO plugin v23.6 - https:\/\/yoast.com\/wordpress\/plugins\/seo\/ -->\n<title>Concert simfonic cu maestrul Lawrence Foster la pupitrul dirijoral pentru o sear\u0103 dedicat\u0103 lui Mozart - Copil\u0103rie.org<\/title>\n<meta name=\"robots\" content=\"index, follow, max-snippet:-1, max-image-preview:large, max-video-preview:-1\" \/>\n<link rel=\"canonical\" href=\"https:\/\/copilarie.org\/index.php\/2024\/11\/05\/concert-simfonic-cu-maestrul-lawrence-foster-la-pupitrul-dirijoral-pentru-o-seara-dedicata-lui-mozart\/\" \/>\n<meta property=\"og:locale\" content=\"ro_RO\" \/>\n<meta property=\"og:type\" content=\"article\" \/>\n<meta property=\"og:title\" content=\"Concert simfonic cu maestrul Lawrence Foster la pupitrul dirijoral pentru o sear\u0103 dedicat\u0103 lui Mozart - Copil\u0103rie.org\" \/>\n<meta property=\"og:description\" content=\"Dirijorul emerit al Orchestrei Filarmonicii de Stat \u201eTransilvania\u201d, Lawrence Foster, revine, vineri, 8 noiembrie, la pupitrul dirijoral pentru o sear\u0103 dedicat\u0103 lui Mozart, \u00een programul serii reg\u0103sind-se Mica serenad\u0103, KV 525, Concertul nr. 5 \u00een La major pentru vioar\u0103, KV 219 \u0219i Simfonia nr. 40 \u00een sol minor, KV 550. Solist\u0103 va fi violonista Arabella [&hellip;]\" \/>\n<meta property=\"og:url\" content=\"https:\/\/copilarie.org\/index.php\/2024\/11\/05\/concert-simfonic-cu-maestrul-lawrence-foster-la-pupitrul-dirijoral-pentru-o-seara-dedicata-lui-mozart\/\" \/>\n<meta property=\"og:site_name\" content=\"Copil\u0103rie.org\" \/>\n<meta property=\"article:publisher\" content=\"https:\/\/www.facebook.com\/copilarie.org\/\" \/>\n<meta property=\"article:published_time\" content=\"2024-11-05T09:16:46+00:00\" \/>\n<meta property=\"og:image\" content=\"https:\/\/copilarie.org\/wp-content\/uploads\/2024\/11\/2K-Fila-08.11.png\" \/>\n\t<meta property=\"og:image:width\" content=\"1200\" \/>\n\t<meta property=\"og:image:height\" content=\"675\" \/>\n\t<meta property=\"og:image:type\" content=\"image\/png\" \/>\n<meta name=\"author\" content=\"copilarie.org\" \/>\n<meta name=\"twitter:card\" content=\"summary_large_image\" \/>\n<meta name=\"twitter:creator\" content=\"@CopilarieOrg\" \/>\n<meta name=\"twitter:site\" content=\"@CopilarieOrg\" \/>\n<meta name=\"twitter:label1\" content=\"Scris de\" \/>\n\t<meta name=\"twitter:data1\" content=\"copilarie.org\" \/>\n\t<meta name=\"twitter:label2\" content=\"Timp estimat pentru citire\" \/>\n\t<meta name=\"twitter:data2\" content=\"6 minute\" \/>\n<script type=\"application\/ld+json\" class=\"yoast-schema-graph\">{\"@context\":\"https:\/\/schema.org\",\"@graph\":[{\"@type\":\"WebPage\",\"@id\":\"https:\/\/copilarie.org\/index.php\/2024\/11\/05\/concert-simfonic-cu-maestrul-lawrence-foster-la-pupitrul-dirijoral-pentru-o-seara-dedicata-lui-mozart\/\",\"url\":\"https:\/\/copilarie.org\/index.php\/2024\/11\/05\/concert-simfonic-cu-maestrul-lawrence-foster-la-pupitrul-dirijoral-pentru-o-seara-dedicata-lui-mozart\/\",\"name\":\"Concert simfonic cu maestrul Lawrence Foster la pupitrul dirijoral pentru o sear\u0103 dedicat\u0103 lui Mozart - Copil\u0103rie.org\",\"isPartOf\":{\"@id\":\"https:\/\/copilarie.org\/#website\"},\"primaryImageOfPage\":{\"@id\":\"https:\/\/copilarie.org\/index.php\/2024\/11\/05\/concert-simfonic-cu-maestrul-lawrence-foster-la-pupitrul-dirijoral-pentru-o-seara-dedicata-lui-mozart\/#primaryimage\"},\"image\":{\"@id\":\"https:\/\/copilarie.org\/index.php\/2024\/11\/05\/concert-simfonic-cu-maestrul-lawrence-foster-la-pupitrul-dirijoral-pentru-o-seara-dedicata-lui-mozart\/#primaryimage\"},\"thumbnailUrl\":\"https:\/\/copilarie.org\/wp-content\/uploads\/2024\/11\/2K-Fila-08.11.png\",\"datePublished\":\"2024-11-05T09:16:46+00:00\",\"dateModified\":\"2024-11-05T09:16:46+00:00\",\"author\":{\"@id\":\"https:\/\/copilarie.org\/#\/schema\/person\/d8a7619fc1964ecf029620b5f64cb0ed\"},\"breadcrumb\":{\"@id\":\"https:\/\/copilarie.org\/index.php\/2024\/11\/05\/concert-simfonic-cu-maestrul-lawrence-foster-la-pupitrul-dirijoral-pentru-o-seara-dedicata-lui-mozart\/#breadcrumb\"},\"inLanguage\":\"ro-RO\",\"potentialAction\":[{\"@type\":\"ReadAction\",\"target\":[\"https:\/\/copilarie.org\/index.php\/2024\/11\/05\/concert-simfonic-cu-maestrul-lawrence-foster-la-pupitrul-dirijoral-pentru-o-seara-dedicata-lui-mozart\/\"]}]},{\"@type\":\"ImageObject\",\"inLanguage\":\"ro-RO\",\"@id\":\"https:\/\/copilarie.org\/index.php\/2024\/11\/05\/concert-simfonic-cu-maestrul-lawrence-foster-la-pupitrul-dirijoral-pentru-o-seara-dedicata-lui-mozart\/#primaryimage\",\"url\":\"https:\/\/copilarie.org\/wp-content\/uploads\/2024\/11\/2K-Fila-08.11.png\",\"contentUrl\":\"https:\/\/copilarie.org\/wp-content\/uploads\/2024\/11\/2K-Fila-08.11.png\",\"width\":1200,\"height\":675},{\"@type\":\"BreadcrumbList\",\"@id\":\"https:\/\/copilarie.org\/index.php\/2024\/11\/05\/concert-simfonic-cu-maestrul-lawrence-foster-la-pupitrul-dirijoral-pentru-o-seara-dedicata-lui-mozart\/#breadcrumb\",\"itemListElement\":[{\"@type\":\"ListItem\",\"position\":1,\"name\":\"Prima pagin\u0103\",\"item\":\"https:\/\/copilarie.org\/\"},{\"@type\":\"ListItem\",\"position\":2,\"name\":\"Concert simfonic cu maestrul Lawrence Foster la pupitrul dirijoral pentru o sear\u0103 dedicat\u0103 lui Mozart\"}]},{\"@type\":\"WebSite\",\"@id\":\"https:\/\/copilarie.org\/#website\",\"url\":\"https:\/\/copilarie.org\/\",\"name\":\"Copil\u0103rie.org\",\"description\":\"\u00cen pas cu tine\",\"potentialAction\":[{\"@type\":\"SearchAction\",\"target\":{\"@type\":\"EntryPoint\",\"urlTemplate\":\"https:\/\/copilarie.org\/?s={search_term_string}\"},\"query-input\":{\"@type\":\"PropertyValueSpecification\",\"valueRequired\":true,\"valueName\":\"search_term_string\"}}],\"inLanguage\":\"ro-RO\"},{\"@type\":\"Person\",\"@id\":\"https:\/\/copilarie.org\/#\/schema\/person\/d8a7619fc1964ecf029620b5f64cb0ed\",\"name\":\"copilarie.org\",\"image\":{\"@type\":\"ImageObject\",\"inLanguage\":\"ro-RO\",\"@id\":\"https:\/\/copilarie.org\/#\/schema\/person\/image\/\",\"url\":\"https:\/\/secure.gravatar.com\/avatar\/722e5984ae1b18142be482fe9581860ff615bd39f940c7d8bea3240825316d6e?s=96&d=mm&r=g\",\"contentUrl\":\"https:\/\/secure.gravatar.com\/avatar\/722e5984ae1b18142be482fe9581860ff615bd39f940c7d8bea3240825316d6e?s=96&d=mm&r=g\",\"caption\":\"copilarie.org\"}}]}<\/script>\n<!-- \/ Yoast SEO plugin. -->","yoast_head_json":{"title":"Concert simfonic cu maestrul Lawrence Foster la pupitrul dirijoral pentru o sear\u0103 dedicat\u0103 lui Mozart - Copil\u0103rie.org","robots":{"index":"index","follow":"follow","max-snippet":"max-snippet:-1","max-image-preview":"max-image-preview:large","max-video-preview":"max-video-preview:-1"},"canonical":"https:\/\/copilarie.org\/index.php\/2024\/11\/05\/concert-simfonic-cu-maestrul-lawrence-foster-la-pupitrul-dirijoral-pentru-o-seara-dedicata-lui-mozart\/","og_locale":"ro_RO","og_type":"article","og_title":"Concert simfonic cu maestrul Lawrence Foster la pupitrul dirijoral pentru o sear\u0103 dedicat\u0103 lui Mozart - Copil\u0103rie.org","og_description":"Dirijorul emerit al Orchestrei Filarmonicii de Stat \u201eTransilvania\u201d, Lawrence Foster, revine, vineri, 8 noiembrie, la pupitrul dirijoral pentru o sear\u0103 dedicat\u0103 lui Mozart, \u00een programul serii reg\u0103sind-se Mica serenad\u0103, KV 525, Concertul nr. 5 \u00een La major pentru vioar\u0103, KV 219 \u0219i Simfonia nr. 40 \u00een sol minor, KV 550. Solist\u0103 va fi violonista Arabella [&hellip;]","og_url":"https:\/\/copilarie.org\/index.php\/2024\/11\/05\/concert-simfonic-cu-maestrul-lawrence-foster-la-pupitrul-dirijoral-pentru-o-seara-dedicata-lui-mozart\/","og_site_name":"Copil\u0103rie.org","article_publisher":"https:\/\/www.facebook.com\/copilarie.org\/","article_published_time":"2024-11-05T09:16:46+00:00","og_image":[{"width":1200,"height":675,"url":"https:\/\/copilarie.org\/wp-content\/uploads\/2024\/11\/2K-Fila-08.11.png","type":"image\/png"}],"author":"copilarie.org","twitter_card":"summary_large_image","twitter_creator":"@CopilarieOrg","twitter_site":"@CopilarieOrg","twitter_misc":{"Scris de":"copilarie.org","Timp estimat pentru citire":"6 minute"},"schema":{"@context":"https:\/\/schema.org","@graph":[{"@type":"WebPage","@id":"https:\/\/copilarie.org\/index.php\/2024\/11\/05\/concert-simfonic-cu-maestrul-lawrence-foster-la-pupitrul-dirijoral-pentru-o-seara-dedicata-lui-mozart\/","url":"https:\/\/copilarie.org\/index.php\/2024\/11\/05\/concert-simfonic-cu-maestrul-lawrence-foster-la-pupitrul-dirijoral-pentru-o-seara-dedicata-lui-mozart\/","name":"Concert simfonic cu maestrul Lawrence Foster la pupitrul dirijoral pentru o sear\u0103 dedicat\u0103 lui Mozart - Copil\u0103rie.org","isPartOf":{"@id":"https:\/\/copilarie.org\/#website"},"primaryImageOfPage":{"@id":"https:\/\/copilarie.org\/index.php\/2024\/11\/05\/concert-simfonic-cu-maestrul-lawrence-foster-la-pupitrul-dirijoral-pentru-o-seara-dedicata-lui-mozart\/#primaryimage"},"image":{"@id":"https:\/\/copilarie.org\/index.php\/2024\/11\/05\/concert-simfonic-cu-maestrul-lawrence-foster-la-pupitrul-dirijoral-pentru-o-seara-dedicata-lui-mozart\/#primaryimage"},"thumbnailUrl":"https:\/\/copilarie.org\/wp-content\/uploads\/2024\/11\/2K-Fila-08.11.png","datePublished":"2024-11-05T09:16:46+00:00","dateModified":"2024-11-05T09:16:46+00:00","author":{"@id":"https:\/\/copilarie.org\/#\/schema\/person\/d8a7619fc1964ecf029620b5f64cb0ed"},"breadcrumb":{"@id":"https:\/\/copilarie.org\/index.php\/2024\/11\/05\/concert-simfonic-cu-maestrul-lawrence-foster-la-pupitrul-dirijoral-pentru-o-seara-dedicata-lui-mozart\/#breadcrumb"},"inLanguage":"ro-RO","potentialAction":[{"@type":"ReadAction","target":["https:\/\/copilarie.org\/index.php\/2024\/11\/05\/concert-simfonic-cu-maestrul-lawrence-foster-la-pupitrul-dirijoral-pentru-o-seara-dedicata-lui-mozart\/"]}]},{"@type":"ImageObject","inLanguage":"ro-RO","@id":"https:\/\/copilarie.org\/index.php\/2024\/11\/05\/concert-simfonic-cu-maestrul-lawrence-foster-la-pupitrul-dirijoral-pentru-o-seara-dedicata-lui-mozart\/#primaryimage","url":"https:\/\/copilarie.org\/wp-content\/uploads\/2024\/11\/2K-Fila-08.11.png","contentUrl":"https:\/\/copilarie.org\/wp-content\/uploads\/2024\/11\/2K-Fila-08.11.png","width":1200,"height":675},{"@type":"BreadcrumbList","@id":"https:\/\/copilarie.org\/index.php\/2024\/11\/05\/concert-simfonic-cu-maestrul-lawrence-foster-la-pupitrul-dirijoral-pentru-o-seara-dedicata-lui-mozart\/#breadcrumb","itemListElement":[{"@type":"ListItem","position":1,"name":"Prima pagin\u0103","item":"https:\/\/copilarie.org\/"},{"@type":"ListItem","position":2,"name":"Concert simfonic cu maestrul Lawrence Foster la pupitrul dirijoral pentru o sear\u0103 dedicat\u0103 lui Mozart"}]},{"@type":"WebSite","@id":"https:\/\/copilarie.org\/#website","url":"https:\/\/copilarie.org\/","name":"Copil\u0103rie.org","description":"\u00cen pas cu tine","potentialAction":[{"@type":"SearchAction","target":{"@type":"EntryPoint","urlTemplate":"https:\/\/copilarie.org\/?s={search_term_string}"},"query-input":{"@type":"PropertyValueSpecification","valueRequired":true,"valueName":"search_term_string"}}],"inLanguage":"ro-RO"},{"@type":"Person","@id":"https:\/\/copilarie.org\/#\/schema\/person\/d8a7619fc1964ecf029620b5f64cb0ed","name":"copilarie.org","image":{"@type":"ImageObject","inLanguage":"ro-RO","@id":"https:\/\/copilarie.org\/#\/schema\/person\/image\/","url":"https:\/\/secure.gravatar.com\/avatar\/722e5984ae1b18142be482fe9581860ff615bd39f940c7d8bea3240825316d6e?s=96&d=mm&r=g","contentUrl":"https:\/\/secure.gravatar.com\/avatar\/722e5984ae1b18142be482fe9581860ff615bd39f940c7d8bea3240825316d6e?s=96&d=mm&r=g","caption":"copilarie.org"}}]}},"_links":{"self":[{"href":"https:\/\/copilarie.org\/index.php\/wp-json\/wp\/v2\/posts\/3202","targetHints":{"allow":["GET"]}}],"collection":[{"href":"https:\/\/copilarie.org\/index.php\/wp-json\/wp\/v2\/posts"}],"about":[{"href":"https:\/\/copilarie.org\/index.php\/wp-json\/wp\/v2\/types\/post"}],"author":[{"embeddable":true,"href":"https:\/\/copilarie.org\/index.php\/wp-json\/wp\/v2\/users\/1"}],"replies":[{"embeddable":true,"href":"https:\/\/copilarie.org\/index.php\/wp-json\/wp\/v2\/comments?post=3202"}],"version-history":[{"count":1,"href":"https:\/\/copilarie.org\/index.php\/wp-json\/wp\/v2\/posts\/3202\/revisions"}],"predecessor-version":[{"id":3205,"href":"https:\/\/copilarie.org\/index.php\/wp-json\/wp\/v2\/posts\/3202\/revisions\/3205"}],"wp:featuredmedia":[{"embeddable":true,"href":"https:\/\/copilarie.org\/index.php\/wp-json\/wp\/v2\/media\/3203"}],"wp:attachment":[{"href":"https:\/\/copilarie.org\/index.php\/wp-json\/wp\/v2\/media?parent=3202"}],"wp:term":[{"taxonomy":"category","embeddable":true,"href":"https:\/\/copilarie.org\/index.php\/wp-json\/wp\/v2\/categories?post=3202"},{"taxonomy":"post_tag","embeddable":true,"href":"https:\/\/copilarie.org\/index.php\/wp-json\/wp\/v2\/tags?post=3202"}],"curies":[{"name":"wp","href":"https:\/\/api.w.org\/{rel}","templated":true}]}}