{"id":321,"date":"2017-06-02T06:28:20","date_gmt":"2017-06-02T06:28:20","guid":{"rendered":"http:\/\/copilarie.org\/?p=321"},"modified":"2017-06-05T12:42:51","modified_gmt":"2017-06-05T12:42:51","slug":"doamna-educatoare-ne-vede-frumosi-asa-cum-suntem","status":"publish","type":"post","link":"https:\/\/copilarie.org\/index.php\/2017\/06\/02\/doamna-educatoare-ne-vede-frumosi-asa-cum-suntem\/","title":{"rendered":"Doamna educatoare ne vede FRUMO\u015eI, A\u015eA CUM SUNTEM"},"content":{"rendered":"<p>&nbsp;<\/p>\n<p><img loading=\"lazy\" decoding=\"async\" class=\"alignnone size-full wp-image-308\" src=\"https:\/\/copilarie.org\/wp-content\/uploads\/2017\/05\/generica.jpg\" alt=\"\" width=\"1280\" height=\"907\" srcset=\"https:\/\/copilarie.org\/wp-content\/uploads\/2017\/05\/generica.jpg 1280w, https:\/\/copilarie.org\/wp-content\/uploads\/2017\/05\/generica-300x213.jpg 300w, https:\/\/copilarie.org\/wp-content\/uploads\/2017\/05\/generica-768x544.jpg 768w, https:\/\/copilarie.org\/wp-content\/uploads\/2017\/05\/generica-1024x726.jpg 1024w, https:\/\/copilarie.org\/wp-content\/uploads\/2017\/05\/generica-100x70.jpg 100w, https:\/\/copilarie.org\/wp-content\/uploads\/2017\/05\/generica-696x493.jpg 696w, https:\/\/copilarie.org\/wp-content\/uploads\/2017\/05\/generica-1068x757.jpg 1068w, https:\/\/copilarie.org\/wp-content\/uploads\/2017\/05\/generica-593x420.jpg 593w\" sizes=\"auto, (max-width: 1280px) 100vw, 1280px\" \/><\/p>\n<p>Trebuie s\u0103 ne bucur\u0103m de copil\u0103rie \u00een fiecare zi! S\u0103 adun\u0103m tr\u0103iri \u00eempreun\u0103 cu copilul nostru! S\u0103 tr\u0103im \u00een armonie recunosc\u00e2nd c\u0103 suntem diferi\u0163i, empatiz\u00e2nd \u015fi ajut\u00e2ndu-ne neconditionat prin \u00een\u0163elegere, prietenie \u015fi r\u0103bdare!!! E doar echilibru.<\/p>\n<p>-Lumea copil\u0103riei, \u00een anii de gr\u0103dini\u0163\u0103, este simpl\u0103 \u015fi frumoas\u0103, ne asigur\u0103 Doamna educatoare!<\/p>\n<p>Nu pu\u0163ini dintre noi ne-am f\u0103cut griji \u00een anii de gr\u0103dini\u0163\u0103. Nelini\u015fti ce au prins forme \u015fi culori prin noutate, zile de adaptare, achizi\u0163ii ce au urmat, serb\u0103ri, grupuri de prietenie ce acum \u00eencep s\u0103 se formeze.<\/p>\n<p>Toate acestea au scos \u00een eviden\u0163\u0103 diferen\u0163ele dintre copii no\u015ftri&#8230; diversitatea!<\/p>\n<p>Educatorul observ\u0103 zilnic \u015fi tr\u0103ie\u015fte diversitatea direc\u0163ion\u00e2nd activit\u0103\u0163ile grupei spre consens \u015fi progres \u00een achizi\u0163ii:<\/p>\n<p>\u201eEu sunt \u00eenalt\u0103, tu e\u015fti scund\u0103<\/p>\n<p>Eu sunt gr\u0103su\u0163\u0103, tu &#8230; sl\u0103bu\u0163\u0103<\/p>\n<p>Eu \u015ftiu dansa c\u00e2nta \u015fi modela<\/p>\n<p>\u00cen timp ce tu scri versuri, \u015fti bine calcula.<\/p>\n<p>&nbsp;<\/p>\n<p>Eu pl\u00e2ng mai des, mereu tu te distrezi,<\/p>\n<p>Desigur caracterul nostru e divers.<\/p>\n<p>Lini\u015ftit, nervos, c\u00e2teodat\u0103 suspicios.<\/p>\n<p>Curios, agitat sau prietenos.<\/p>\n<p>\u00cenfrico\u015fat, civilizat sau m\u00e2nios,<\/p>\n<p>Surprins, \u015focat \u015fi c\u00e2teodat\u0103 indignat!<\/p>\n<p>&nbsp;<\/p>\n<p>Unii dintre noi sunt veseli, al\u0163ii tri\u015fti,<\/p>\n<p>Unii indigna\u0163i \u015fi al\u0163ii optimi\u015fti.<\/p>\n<p>C\u00e2\u0163iva boga\u0163i \u00een suflet \u015fi \u00een caracter,<\/p>\n<p>Iar al\u0163ii doar \u00een portofel&#8230;<\/p>\n<p>Unii, s\u0103raci sau mai pu\u0163in dota\u0163i,<\/p>\n<p>\u00cen timp ce unii sunt foarte creativi \u015fi performan\u0163i!<\/p>\n<p>Unii frumo\u015fi, cu chipuri z\u00e2mbitoare,<\/p>\n<p>Al\u0163ii cu ochii tri\u015fti, spr\u00e2ncene \u00eentreb\u0103toare.<\/p>\n<p>&nbsp;<\/p>\n<p>Venim din locuri diferite, \u0163\u0103ri \u00eendep\u0103rtate,<\/p>\n<p>C\u00e2\u0163iva chiar din familii dezbinate.<\/p>\n<p>Unii avem t\u0103tici \u015fi mame foarte ocupa\u0163i,<\/p>\n<p>\u00cen timp ce al\u0163ii au p\u0103rin\u0163i aten\u0163i \u015fi foarte implica\u0163i!<\/p>\n<p>De unii se ocup\u0103 doar bunicii,<\/p>\n<p>Unii p\u0103rem cumva l\u0103sa\u0163i \u00een voia sor\u0163ii&#8230;<\/p>\n<p>&nbsp;<\/p>\n<p>Dar \u015fti\u0163i ceva? E-a\u015fa de minunat!<\/p>\n<p>C-a\u015fa diver\u015fi cum suntem,<\/p>\n<p>Ne complet\u0103m \u015fi ne ajut\u0103m necondi\u0163ionat!<\/p>\n<p>Cu \u00een\u0163elegere, pritenie \u015fi r\u0103bdare,<\/p>\n<p>Cu \u00eendrumare, munc\u0103 \u015fi o ambi\u0163ie mare,<\/p>\n<p>Spre drumul vie\u0163ii fiecare \u00ee\u015fi croie\u015fte o c\u0103rare&#8230;&#8221;<\/p>\n<p><strong><em>\u00a0<\/em><\/strong><strong><em>Liana Rus, educatoare<\/em><\/strong><\/p>\n<p>&nbsp;<\/p>\n","protected":false},"excerpt":{"rendered":"<p>&nbsp; Trebuie s\u0103 ne bucur\u0103m de copil\u0103rie \u00een fiecare zi! S\u0103 adun\u0103m tr\u0103iri \u00eempreun\u0103 cu copilul nostru! S\u0103 tr\u0103im \u00een armonie recunosc\u00e2nd c\u0103 suntem diferi\u0163i, empatiz\u00e2nd \u015fi ajut\u00e2ndu-ne neconditionat prin \u00een\u0163elegere, prietenie \u015fi r\u0103bdare!!! E doar echilibru. -Lumea copil\u0103riei, \u00een anii de gr\u0103dini\u0163\u0103, este simpl\u0103 \u015fi frumoas\u0103, ne asigur\u0103 Doamna educatoare! Nu pu\u0163ini dintre noi [&hellip;]<\/p>\n","protected":false},"author":1,"featured_media":308,"comment_status":"open","ping_status":"open","sticky":false,"template":"","format":"standard","meta":{"footnotes":""},"categories":[23,2],"tags":[],"class_list":{"0":"post-321","1":"post","2":"type-post","3":"status-publish","4":"format-standard","5":"has-post-thumbnail","7":"category-familie","8":"category-featured"},"yoast_head":"<!-- This site is optimized with the Yoast SEO plugin v23.6 - https:\/\/yoast.com\/wordpress\/plugins\/seo\/ -->\n<title>Doamna educatoare ne vede FRUMO\u015eI, A\u015eA CUM SUNTEM - Copil\u0103rie.org<\/title>\n<meta name=\"robots\" content=\"index, follow, max-snippet:-1, max-image-preview:large, max-video-preview:-1\" \/>\n<link rel=\"canonical\" href=\"https:\/\/copilarie.org\/index.php\/2017\/06\/02\/doamna-educatoare-ne-vede-frumosi-asa-cum-suntem\/\" \/>\n<meta property=\"og:locale\" content=\"ro_RO\" \/>\n<meta property=\"og:type\" content=\"article\" \/>\n<meta property=\"og:title\" content=\"Doamna educatoare ne vede FRUMO\u015eI, A\u015eA CUM SUNTEM - Copil\u0103rie.org\" \/>\n<meta property=\"og:description\" content=\"&nbsp; Trebuie s\u0103 ne bucur\u0103m de copil\u0103rie \u00een fiecare zi! S\u0103 adun\u0103m tr\u0103iri \u00eempreun\u0103 cu copilul nostru! S\u0103 tr\u0103im \u00een armonie recunosc\u00e2nd c\u0103 suntem diferi\u0163i, empatiz\u00e2nd \u015fi ajut\u00e2ndu-ne neconditionat prin \u00een\u0163elegere, prietenie \u015fi r\u0103bdare!!! E doar echilibru. -Lumea copil\u0103riei, \u00een anii de gr\u0103dini\u0163\u0103, este simpl\u0103 \u015fi frumoas\u0103, ne asigur\u0103 Doamna educatoare! Nu pu\u0163ini dintre noi [&hellip;]\" \/>\n<meta property=\"og:url\" content=\"https:\/\/copilarie.org\/index.php\/2017\/06\/02\/doamna-educatoare-ne-vede-frumosi-asa-cum-suntem\/\" \/>\n<meta property=\"og:site_name\" content=\"Copil\u0103rie.org\" \/>\n<meta property=\"article:publisher\" content=\"https:\/\/www.facebook.com\/copilarie.org\/\" \/>\n<meta property=\"article:published_time\" content=\"2017-06-02T06:28:20+00:00\" \/>\n<meta property=\"article:modified_time\" content=\"2017-06-05T12:42:51+00:00\" \/>\n<meta property=\"og:image\" content=\"https:\/\/copilarie.org\/wp-content\/uploads\/2017\/05\/generica.jpg\" \/>\n\t<meta property=\"og:image:width\" content=\"1280\" \/>\n\t<meta property=\"og:image:height\" content=\"907\" \/>\n\t<meta property=\"og:image:type\" content=\"image\/jpeg\" \/>\n<meta name=\"author\" content=\"copilarie.org\" \/>\n<meta name=\"twitter:card\" content=\"summary_large_image\" \/>\n<meta name=\"twitter:creator\" content=\"@CopilarieOrg\" \/>\n<meta name=\"twitter:site\" content=\"@CopilarieOrg\" \/>\n<meta name=\"twitter:label1\" content=\"Scris de\" \/>\n\t<meta name=\"twitter:data1\" content=\"copilarie.org\" \/>\n\t<meta name=\"twitter:label2\" content=\"Timp estimat pentru citire\" \/>\n\t<meta name=\"twitter:data2\" content=\"2 minute\" \/>\n<script type=\"application\/ld+json\" class=\"yoast-schema-graph\">{\"@context\":\"https:\/\/schema.org\",\"@graph\":[{\"@type\":\"WebPage\",\"@id\":\"https:\/\/copilarie.org\/index.php\/2017\/06\/02\/doamna-educatoare-ne-vede-frumosi-asa-cum-suntem\/\",\"url\":\"https:\/\/copilarie.org\/index.php\/2017\/06\/02\/doamna-educatoare-ne-vede-frumosi-asa-cum-suntem\/\",\"name\":\"Doamna educatoare ne vede FRUMO\u015eI, A\u015eA CUM SUNTEM - Copil\u0103rie.org\",\"isPartOf\":{\"@id\":\"https:\/\/copilarie.org\/#website\"},\"primaryImageOfPage\":{\"@id\":\"https:\/\/copilarie.org\/index.php\/2017\/06\/02\/doamna-educatoare-ne-vede-frumosi-asa-cum-suntem\/#primaryimage\"},\"image\":{\"@id\":\"https:\/\/copilarie.org\/index.php\/2017\/06\/02\/doamna-educatoare-ne-vede-frumosi-asa-cum-suntem\/#primaryimage\"},\"thumbnailUrl\":\"https:\/\/copilarie.org\/wp-content\/uploads\/2017\/05\/generica.jpg\",\"datePublished\":\"2017-06-02T06:28:20+00:00\",\"dateModified\":\"2017-06-05T12:42:51+00:00\",\"author\":{\"@id\":\"https:\/\/copilarie.org\/#\/schema\/person\/d8a7619fc1964ecf029620b5f64cb0ed\"},\"breadcrumb\":{\"@id\":\"https:\/\/copilarie.org\/index.php\/2017\/06\/02\/doamna-educatoare-ne-vede-frumosi-asa-cum-suntem\/#breadcrumb\"},\"inLanguage\":\"ro-RO\",\"potentialAction\":[{\"@type\":\"ReadAction\",\"target\":[\"https:\/\/copilarie.org\/index.php\/2017\/06\/02\/doamna-educatoare-ne-vede-frumosi-asa-cum-suntem\/\"]}]},{\"@type\":\"ImageObject\",\"inLanguage\":\"ro-RO\",\"@id\":\"https:\/\/copilarie.org\/index.php\/2017\/06\/02\/doamna-educatoare-ne-vede-frumosi-asa-cum-suntem\/#primaryimage\",\"url\":\"https:\/\/copilarie.org\/wp-content\/uploads\/2017\/05\/generica.jpg\",\"contentUrl\":\"https:\/\/copilarie.org\/wp-content\/uploads\/2017\/05\/generica.jpg\",\"width\":1280,\"height\":907},{\"@type\":\"BreadcrumbList\",\"@id\":\"https:\/\/copilarie.org\/index.php\/2017\/06\/02\/doamna-educatoare-ne-vede-frumosi-asa-cum-suntem\/#breadcrumb\",\"itemListElement\":[{\"@type\":\"ListItem\",\"position\":1,\"name\":\"Prima pagin\u0103\",\"item\":\"https:\/\/copilarie.org\/\"},{\"@type\":\"ListItem\",\"position\":2,\"name\":\"Doamna educatoare ne vede FRUMO\u015eI, A\u015eA CUM SUNTEM\"}]},{\"@type\":\"WebSite\",\"@id\":\"https:\/\/copilarie.org\/#website\",\"url\":\"https:\/\/copilarie.org\/\",\"name\":\"Copil\u0103rie.org\",\"description\":\"\u00cen pas cu tine\",\"potentialAction\":[{\"@type\":\"SearchAction\",\"target\":{\"@type\":\"EntryPoint\",\"urlTemplate\":\"https:\/\/copilarie.org\/?s={search_term_string}\"},\"query-input\":{\"@type\":\"PropertyValueSpecification\",\"valueRequired\":true,\"valueName\":\"search_term_string\"}}],\"inLanguage\":\"ro-RO\"},{\"@type\":\"Person\",\"@id\":\"https:\/\/copilarie.org\/#\/schema\/person\/d8a7619fc1964ecf029620b5f64cb0ed\",\"name\":\"copilarie.org\",\"image\":{\"@type\":\"ImageObject\",\"inLanguage\":\"ro-RO\",\"@id\":\"https:\/\/copilarie.org\/#\/schema\/person\/image\/\",\"url\":\"https:\/\/secure.gravatar.com\/avatar\/722e5984ae1b18142be482fe9581860ff615bd39f940c7d8bea3240825316d6e?s=96&d=mm&r=g\",\"contentUrl\":\"https:\/\/secure.gravatar.com\/avatar\/722e5984ae1b18142be482fe9581860ff615bd39f940c7d8bea3240825316d6e?s=96&d=mm&r=g\",\"caption\":\"copilarie.org\"}}]}<\/script>\n<!-- \/ Yoast SEO plugin. -->","yoast_head_json":{"title":"Doamna educatoare ne vede FRUMO\u015eI, A\u015eA CUM SUNTEM - Copil\u0103rie.org","robots":{"index":"index","follow":"follow","max-snippet":"max-snippet:-1","max-image-preview":"max-image-preview:large","max-video-preview":"max-video-preview:-1"},"canonical":"https:\/\/copilarie.org\/index.php\/2017\/06\/02\/doamna-educatoare-ne-vede-frumosi-asa-cum-suntem\/","og_locale":"ro_RO","og_type":"article","og_title":"Doamna educatoare ne vede FRUMO\u015eI, A\u015eA CUM SUNTEM - Copil\u0103rie.org","og_description":"&nbsp; Trebuie s\u0103 ne bucur\u0103m de copil\u0103rie \u00een fiecare zi! S\u0103 adun\u0103m tr\u0103iri \u00eempreun\u0103 cu copilul nostru! S\u0103 tr\u0103im \u00een armonie recunosc\u00e2nd c\u0103 suntem diferi\u0163i, empatiz\u00e2nd \u015fi ajut\u00e2ndu-ne neconditionat prin \u00een\u0163elegere, prietenie \u015fi r\u0103bdare!!! E doar echilibru. -Lumea copil\u0103riei, \u00een anii de gr\u0103dini\u0163\u0103, este simpl\u0103 \u015fi frumoas\u0103, ne asigur\u0103 Doamna educatoare! Nu pu\u0163ini dintre noi [&hellip;]","og_url":"https:\/\/copilarie.org\/index.php\/2017\/06\/02\/doamna-educatoare-ne-vede-frumosi-asa-cum-suntem\/","og_site_name":"Copil\u0103rie.org","article_publisher":"https:\/\/www.facebook.com\/copilarie.org\/","article_published_time":"2017-06-02T06:28:20+00:00","article_modified_time":"2017-06-05T12:42:51+00:00","og_image":[{"width":1280,"height":907,"url":"https:\/\/copilarie.org\/wp-content\/uploads\/2017\/05\/generica.jpg","type":"image\/jpeg"}],"author":"copilarie.org","twitter_card":"summary_large_image","twitter_creator":"@CopilarieOrg","twitter_site":"@CopilarieOrg","twitter_misc":{"Scris de":"copilarie.org","Timp estimat pentru citire":"2 minute"},"schema":{"@context":"https:\/\/schema.org","@graph":[{"@type":"WebPage","@id":"https:\/\/copilarie.org\/index.php\/2017\/06\/02\/doamna-educatoare-ne-vede-frumosi-asa-cum-suntem\/","url":"https:\/\/copilarie.org\/index.php\/2017\/06\/02\/doamna-educatoare-ne-vede-frumosi-asa-cum-suntem\/","name":"Doamna educatoare ne vede FRUMO\u015eI, A\u015eA CUM SUNTEM - Copil\u0103rie.org","isPartOf":{"@id":"https:\/\/copilarie.org\/#website"},"primaryImageOfPage":{"@id":"https:\/\/copilarie.org\/index.php\/2017\/06\/02\/doamna-educatoare-ne-vede-frumosi-asa-cum-suntem\/#primaryimage"},"image":{"@id":"https:\/\/copilarie.org\/index.php\/2017\/06\/02\/doamna-educatoare-ne-vede-frumosi-asa-cum-suntem\/#primaryimage"},"thumbnailUrl":"https:\/\/copilarie.org\/wp-content\/uploads\/2017\/05\/generica.jpg","datePublished":"2017-06-02T06:28:20+00:00","dateModified":"2017-06-05T12:42:51+00:00","author":{"@id":"https:\/\/copilarie.org\/#\/schema\/person\/d8a7619fc1964ecf029620b5f64cb0ed"},"breadcrumb":{"@id":"https:\/\/copilarie.org\/index.php\/2017\/06\/02\/doamna-educatoare-ne-vede-frumosi-asa-cum-suntem\/#breadcrumb"},"inLanguage":"ro-RO","potentialAction":[{"@type":"ReadAction","target":["https:\/\/copilarie.org\/index.php\/2017\/06\/02\/doamna-educatoare-ne-vede-frumosi-asa-cum-suntem\/"]}]},{"@type":"ImageObject","inLanguage":"ro-RO","@id":"https:\/\/copilarie.org\/index.php\/2017\/06\/02\/doamna-educatoare-ne-vede-frumosi-asa-cum-suntem\/#primaryimage","url":"https:\/\/copilarie.org\/wp-content\/uploads\/2017\/05\/generica.jpg","contentUrl":"https:\/\/copilarie.org\/wp-content\/uploads\/2017\/05\/generica.jpg","width":1280,"height":907},{"@type":"BreadcrumbList","@id":"https:\/\/copilarie.org\/index.php\/2017\/06\/02\/doamna-educatoare-ne-vede-frumosi-asa-cum-suntem\/#breadcrumb","itemListElement":[{"@type":"ListItem","position":1,"name":"Prima pagin\u0103","item":"https:\/\/copilarie.org\/"},{"@type":"ListItem","position":2,"name":"Doamna educatoare ne vede FRUMO\u015eI, A\u015eA CUM SUNTEM"}]},{"@type":"WebSite","@id":"https:\/\/copilarie.org\/#website","url":"https:\/\/copilarie.org\/","name":"Copil\u0103rie.org","description":"\u00cen pas cu tine","potentialAction":[{"@type":"SearchAction","target":{"@type":"EntryPoint","urlTemplate":"https:\/\/copilarie.org\/?s={search_term_string}"},"query-input":{"@type":"PropertyValueSpecification","valueRequired":true,"valueName":"search_term_string"}}],"inLanguage":"ro-RO"},{"@type":"Person","@id":"https:\/\/copilarie.org\/#\/schema\/person\/d8a7619fc1964ecf029620b5f64cb0ed","name":"copilarie.org","image":{"@type":"ImageObject","inLanguage":"ro-RO","@id":"https:\/\/copilarie.org\/#\/schema\/person\/image\/","url":"https:\/\/secure.gravatar.com\/avatar\/722e5984ae1b18142be482fe9581860ff615bd39f940c7d8bea3240825316d6e?s=96&d=mm&r=g","contentUrl":"https:\/\/secure.gravatar.com\/avatar\/722e5984ae1b18142be482fe9581860ff615bd39f940c7d8bea3240825316d6e?s=96&d=mm&r=g","caption":"copilarie.org"}}]}},"_links":{"self":[{"href":"https:\/\/copilarie.org\/index.php\/wp-json\/wp\/v2\/posts\/321","targetHints":{"allow":["GET"]}}],"collection":[{"href":"https:\/\/copilarie.org\/index.php\/wp-json\/wp\/v2\/posts"}],"about":[{"href":"https:\/\/copilarie.org\/index.php\/wp-json\/wp\/v2\/types\/post"}],"author":[{"embeddable":true,"href":"https:\/\/copilarie.org\/index.php\/wp-json\/wp\/v2\/users\/1"}],"replies":[{"embeddable":true,"href":"https:\/\/copilarie.org\/index.php\/wp-json\/wp\/v2\/comments?post=321"}],"version-history":[{"count":2,"href":"https:\/\/copilarie.org\/index.php\/wp-json\/wp\/v2\/posts\/321\/revisions"}],"predecessor-version":[{"id":342,"href":"https:\/\/copilarie.org\/index.php\/wp-json\/wp\/v2\/posts\/321\/revisions\/342"}],"wp:featuredmedia":[{"embeddable":true,"href":"https:\/\/copilarie.org\/index.php\/wp-json\/wp\/v2\/media\/308"}],"wp:attachment":[{"href":"https:\/\/copilarie.org\/index.php\/wp-json\/wp\/v2\/media?parent=321"}],"wp:term":[{"taxonomy":"category","embeddable":true,"href":"https:\/\/copilarie.org\/index.php\/wp-json\/wp\/v2\/categories?post=321"},{"taxonomy":"post_tag","embeddable":true,"href":"https:\/\/copilarie.org\/index.php\/wp-json\/wp\/v2\/tags?post=321"}],"curies":[{"name":"wp","href":"https:\/\/api.w.org\/{rel}","templated":true}]}}