{"id":3230,"date":"2024-11-25T22:04:26","date_gmt":"2024-11-25T22:04:26","guid":{"rendered":"https:\/\/copilarie.org\/?p=3230"},"modified":"2024-11-25T22:04:26","modified_gmt":"2024-11-25T22:04:26","slug":"artisti-polonezi-expun-la-cluj","status":"publish","type":"post","link":"https:\/\/copilarie.org\/index.php\/2024\/11\/25\/artisti-polonezi-expun-la-cluj\/","title":{"rendered":"Arti\u0219ti polonezi expun la Cluj"},"content":{"rendered":"<p><strong>Un spa\u021biu cultural atipic din Cluj este gazda expozi\u021biei de afi\u0219 polonez ce poart\u0103 titlul Abracadabra\u00a0\u0219i apar\u021bine arti\u0219tilor, profesori la\u00a0Facultatea de Grafic\u0103 \u0219i Comunicare Vizual\u0103 a Universit\u0103\u021bii de Arte Magdalena Abakanowicz din Pozna\u0144,\u00a0Agata Kulczyk\u00a0\u0219i\u00a0Marcin Markowski.<\/strong><\/p>\n<p>Vernisajul\u00a0va avea loc \u00een data de\u00a026 noiembrie 2024, cu \u00eencepere de la\u00a0ora 18.00, la\u00a0mushuROI\u00a0creative hub. Expozi\u021bia va beneficia \u0219i de un concert,\u00a0\u00een acela\u0219i loc, care va avea loc \u00een data de\u00a02 decembrie 2024,\u00a0orele 17.30 \u0219i va cuprinde un recital sus\u021binut de elevii Colegiului de Muzica \u201dSigismund Todu\u021b\u0103\u201d din Cluj-Napoca.<\/p>\n<p>Prezen\u021bi, la finalul acestei s\u0103pt\u0103m\u00e2ni, la Bucure\u0219ti, \u00een cadrul \u201dGraphic Days\u201d cu expozi\u021bia \u201dHocus pocus\u201d (deschis\u0103 \u00een\u00a0Sala Rotonda a Teatrului Na\u021bional Bucure\u0219ti), cei doi arti\u0219ti polonezi vor sosi la Cluj pentru a sus\u021bine o serie de workshop-uri cu studen\u021bii Departamentului de Grafic\u0103 din cadrul Universit\u0103\u021bii de Art\u0103 \u0219i Design din Cluj-Napoca (26-28 noiembrie 2024), ateliere care fac o leg\u0103tur\u0103 direct\u0103 cu\u00a0expozi\u021bia de afi\u0219 polonez contemporan &#8211;\u00a0Ryszard Kaja:\u201ePlakat &#8211; Polska\u201d de la Muzeul de Art\u0103 Cluj-Napoca (vernisaj 29 noiembrie 2024, ora 17.00)Expozi\u021bia de postere reprezint\u0103 o c\u0103l\u0103torie prin diverse forme de exprimare grafic\u0103. Lucr\u0103rile prezentate ilustreaz\u0103 varietatea de stiluri \u0219i abord\u0103ri \u00een designul de postere. Fiecare artist folose\u0219te un limbaj de exprimare diferit, iar confruntarea acestor dou\u0103 spa\u021bii creeaz\u0103 un dialog intrigant despre rolul afi\u0219ului \u00een comunicarea social\u0103. Totu\u0219i, ceea ce au \u00een comun ambele abord\u0103ri este accentul pus pe o idee \u00eencapsulat\u0103 \u00eentr-o form\u0103 dinamic\u0103, plin\u0103 de culori expresive.<\/p>\n<p>Agata Kulczyk, doctor \u00een arte, este absolvent\u0103 a programului de Design Grafic la Academia de Arte Frumoase din Pozna\u0144. Este lector la Studioul de Design Informa\u021bional din cadrul Facult\u0103\u021bii de Arte Grafice \u0219i Comunicare Vizual\u0103 de la Universitatea de Arte Magdalena Abakanowicz din Pozna\u0144. Se ocup\u0103 de design grafic, cu un accent deosebit pe grafica explicativ\u0103. Este sus\u021bin\u0103toare a proiectelor cu implicare social\u0103. A participat la numeroase expozi\u021bii \u0219i concursuri na\u021bionale \u0219i interna\u021bionale \u0219i a fost premiat\u0103 \u00een competi\u021biile de design grafic. Din 2016, este prodecan al facult\u0103\u021bii men\u021bionate mai sus.<\/p>\n<p>Marcin Markowski este\u00a0doctor \u00een arte. Ocup\u0103 func\u021bia de \u0218ef al Studioului de Afi\u0219 \u0219i Identificare a Evenimentelor la Facultatea de Arte Grafice \u0219i Comunicare Vizual\u0103 de la Universitatea de Arte Magdalena Abakanowicz din Pozna\u0144. Creator de afi\u0219e, publica\u021bii \u0219i identit\u0103\u021bi vizuale. A c\u00e2\u0219tigat numeroase premii \u0219i distinc\u021bii prestigioase \u00een domeniul designului grafic. Lucr\u0103rile sale au fost prezentate \u00een multe expozi\u021bii de afi\u0219e din \u00eentreaga lume, precum \u0219i \u00een publica\u021bii interna\u021bionale precum \u201eKnight of the Immaculate\u201d, \u201eWatchtower\u201d sau \u201eJa i m\u00f3j ko\u0144\u201d.<\/p>\n","protected":false},"excerpt":{"rendered":"<p>Un spa\u021biu cultural atipic din Cluj este gazda expozi\u021biei de afi\u0219 polonez ce poart\u0103 titlul Abracadabra\u00a0\u0219i apar\u021bine arti\u0219tilor, profesori la\u00a0Facultatea de Grafic\u0103 \u0219i Comunicare Vizual\u0103 a Universit\u0103\u021bii de Arte Magdalena Abakanowicz din Pozna\u0144,\u00a0Agata Kulczyk\u00a0\u0219i\u00a0Marcin Markowski. Vernisajul\u00a0va avea loc \u00een data de\u00a026 noiembrie 2024, cu \u00eencepere de la\u00a0ora 18.00, la\u00a0mushuROI\u00a0creative hub. Expozi\u021bia va beneficia \u0219i de [&hellip;]<\/p>\n","protected":false},"author":1,"featured_media":3231,"comment_status":"open","ping_status":"open","sticky":false,"template":"","format":"standard","meta":{"footnotes":""},"categories":[1,21,19],"tags":[365,333,24,127],"class_list":{"0":"post-3230","1":"post","2":"type-post","3":"status-publish","4":"format-standard","5":"has-post-thumbnail","7":"category-acasa","8":"category-evenimente","9":"category-stiri","10":"tag-afise-poloneze","11":"tag-claudiu-padurean","12":"tag-copilarie-org","13":"tag-expozitie"},"yoast_head":"<!-- This site is optimized with the Yoast SEO plugin v23.6 - https:\/\/yoast.com\/wordpress\/plugins\/seo\/ -->\n<title>Arti\u0219ti polonezi expun la Cluj - Copil\u0103rie.org<\/title>\n<meta name=\"robots\" content=\"index, follow, max-snippet:-1, max-image-preview:large, max-video-preview:-1\" \/>\n<link rel=\"canonical\" href=\"https:\/\/copilarie.org\/index.php\/2024\/11\/25\/artisti-polonezi-expun-la-cluj\/\" \/>\n<meta property=\"og:locale\" content=\"ro_RO\" \/>\n<meta property=\"og:type\" content=\"article\" \/>\n<meta property=\"og:title\" content=\"Arti\u0219ti polonezi expun la Cluj - Copil\u0103rie.org\" \/>\n<meta property=\"og:description\" content=\"Un spa\u021biu cultural atipic din Cluj este gazda expozi\u021biei de afi\u0219 polonez ce poart\u0103 titlul Abracadabra\u00a0\u0219i apar\u021bine arti\u0219tilor, profesori la\u00a0Facultatea de Grafic\u0103 \u0219i Comunicare Vizual\u0103 a Universit\u0103\u021bii de Arte Magdalena Abakanowicz din Pozna\u0144,\u00a0Agata Kulczyk\u00a0\u0219i\u00a0Marcin Markowski. Vernisajul\u00a0va avea loc \u00een data de\u00a026 noiembrie 2024, cu \u00eencepere de la\u00a0ora 18.00, la\u00a0mushuROI\u00a0creative hub. Expozi\u021bia va beneficia \u0219i de [&hellip;]\" \/>\n<meta property=\"og:url\" content=\"https:\/\/copilarie.org\/index.php\/2024\/11\/25\/artisti-polonezi-expun-la-cluj\/\" \/>\n<meta property=\"og:site_name\" content=\"Copil\u0103rie.org\" \/>\n<meta property=\"article:publisher\" content=\"https:\/\/www.facebook.com\/copilarie.org\/\" \/>\n<meta property=\"article:published_time\" content=\"2024-11-25T22:04:26+00:00\" \/>\n<meta property=\"og:image\" content=\"https:\/\/copilarie.org\/wp-content\/uploads\/2024\/11\/ABRACADRA_1200x628.png\" \/>\n\t<meta property=\"og:image:width\" content=\"1200\" \/>\n\t<meta property=\"og:image:height\" content=\"628\" \/>\n\t<meta property=\"og:image:type\" content=\"image\/png\" \/>\n<meta name=\"author\" content=\"copilarie.org\" \/>\n<meta name=\"twitter:card\" content=\"summary_large_image\" \/>\n<meta name=\"twitter:creator\" content=\"@CopilarieOrg\" \/>\n<meta name=\"twitter:site\" content=\"@CopilarieOrg\" \/>\n<meta name=\"twitter:label1\" content=\"Scris de\" \/>\n\t<meta name=\"twitter:data1\" content=\"copilarie.org\" \/>\n\t<meta name=\"twitter:label2\" content=\"Timp estimat pentru citire\" \/>\n\t<meta name=\"twitter:data2\" content=\"3 minute\" \/>\n<script type=\"application\/ld+json\" class=\"yoast-schema-graph\">{\"@context\":\"https:\/\/schema.org\",\"@graph\":[{\"@type\":\"WebPage\",\"@id\":\"https:\/\/copilarie.org\/index.php\/2024\/11\/25\/artisti-polonezi-expun-la-cluj\/\",\"url\":\"https:\/\/copilarie.org\/index.php\/2024\/11\/25\/artisti-polonezi-expun-la-cluj\/\",\"name\":\"Arti\u0219ti polonezi expun la Cluj - Copil\u0103rie.org\",\"isPartOf\":{\"@id\":\"https:\/\/copilarie.org\/#website\"},\"primaryImageOfPage\":{\"@id\":\"https:\/\/copilarie.org\/index.php\/2024\/11\/25\/artisti-polonezi-expun-la-cluj\/#primaryimage\"},\"image\":{\"@id\":\"https:\/\/copilarie.org\/index.php\/2024\/11\/25\/artisti-polonezi-expun-la-cluj\/#primaryimage\"},\"thumbnailUrl\":\"https:\/\/copilarie.org\/wp-content\/uploads\/2024\/11\/ABRACADRA_1200x628.png\",\"datePublished\":\"2024-11-25T22:04:26+00:00\",\"dateModified\":\"2024-11-25T22:04:26+00:00\",\"author\":{\"@id\":\"https:\/\/copilarie.org\/#\/schema\/person\/d8a7619fc1964ecf029620b5f64cb0ed\"},\"breadcrumb\":{\"@id\":\"https:\/\/copilarie.org\/index.php\/2024\/11\/25\/artisti-polonezi-expun-la-cluj\/#breadcrumb\"},\"inLanguage\":\"ro-RO\",\"potentialAction\":[{\"@type\":\"ReadAction\",\"target\":[\"https:\/\/copilarie.org\/index.php\/2024\/11\/25\/artisti-polonezi-expun-la-cluj\/\"]}]},{\"@type\":\"ImageObject\",\"inLanguage\":\"ro-RO\",\"@id\":\"https:\/\/copilarie.org\/index.php\/2024\/11\/25\/artisti-polonezi-expun-la-cluj\/#primaryimage\",\"url\":\"https:\/\/copilarie.org\/wp-content\/uploads\/2024\/11\/ABRACADRA_1200x628.png\",\"contentUrl\":\"https:\/\/copilarie.org\/wp-content\/uploads\/2024\/11\/ABRACADRA_1200x628.png\",\"width\":1200,\"height\":628},{\"@type\":\"BreadcrumbList\",\"@id\":\"https:\/\/copilarie.org\/index.php\/2024\/11\/25\/artisti-polonezi-expun-la-cluj\/#breadcrumb\",\"itemListElement\":[{\"@type\":\"ListItem\",\"position\":1,\"name\":\"Prima pagin\u0103\",\"item\":\"https:\/\/copilarie.org\/\"},{\"@type\":\"ListItem\",\"position\":2,\"name\":\"Arti\u0219ti polonezi expun la Cluj\"}]},{\"@type\":\"WebSite\",\"@id\":\"https:\/\/copilarie.org\/#website\",\"url\":\"https:\/\/copilarie.org\/\",\"name\":\"Copil\u0103rie.org\",\"description\":\"\u00cen pas cu tine\",\"potentialAction\":[{\"@type\":\"SearchAction\",\"target\":{\"@type\":\"EntryPoint\",\"urlTemplate\":\"https:\/\/copilarie.org\/?s={search_term_string}\"},\"query-input\":{\"@type\":\"PropertyValueSpecification\",\"valueRequired\":true,\"valueName\":\"search_term_string\"}}],\"inLanguage\":\"ro-RO\"},{\"@type\":\"Person\",\"@id\":\"https:\/\/copilarie.org\/#\/schema\/person\/d8a7619fc1964ecf029620b5f64cb0ed\",\"name\":\"copilarie.org\",\"image\":{\"@type\":\"ImageObject\",\"inLanguage\":\"ro-RO\",\"@id\":\"https:\/\/copilarie.org\/#\/schema\/person\/image\/\",\"url\":\"https:\/\/secure.gravatar.com\/avatar\/722e5984ae1b18142be482fe9581860ff615bd39f940c7d8bea3240825316d6e?s=96&d=mm&r=g\",\"contentUrl\":\"https:\/\/secure.gravatar.com\/avatar\/722e5984ae1b18142be482fe9581860ff615bd39f940c7d8bea3240825316d6e?s=96&d=mm&r=g\",\"caption\":\"copilarie.org\"}}]}<\/script>\n<!-- \/ Yoast SEO plugin. -->","yoast_head_json":{"title":"Arti\u0219ti polonezi expun la Cluj - Copil\u0103rie.org","robots":{"index":"index","follow":"follow","max-snippet":"max-snippet:-1","max-image-preview":"max-image-preview:large","max-video-preview":"max-video-preview:-1"},"canonical":"https:\/\/copilarie.org\/index.php\/2024\/11\/25\/artisti-polonezi-expun-la-cluj\/","og_locale":"ro_RO","og_type":"article","og_title":"Arti\u0219ti polonezi expun la Cluj - Copil\u0103rie.org","og_description":"Un spa\u021biu cultural atipic din Cluj este gazda expozi\u021biei de afi\u0219 polonez ce poart\u0103 titlul Abracadabra\u00a0\u0219i apar\u021bine arti\u0219tilor, profesori la\u00a0Facultatea de Grafic\u0103 \u0219i Comunicare Vizual\u0103 a Universit\u0103\u021bii de Arte Magdalena Abakanowicz din Pozna\u0144,\u00a0Agata Kulczyk\u00a0\u0219i\u00a0Marcin Markowski. Vernisajul\u00a0va avea loc \u00een data de\u00a026 noiembrie 2024, cu \u00eencepere de la\u00a0ora 18.00, la\u00a0mushuROI\u00a0creative hub. Expozi\u021bia va beneficia \u0219i de [&hellip;]","og_url":"https:\/\/copilarie.org\/index.php\/2024\/11\/25\/artisti-polonezi-expun-la-cluj\/","og_site_name":"Copil\u0103rie.org","article_publisher":"https:\/\/www.facebook.com\/copilarie.org\/","article_published_time":"2024-11-25T22:04:26+00:00","og_image":[{"width":1200,"height":628,"url":"https:\/\/copilarie.org\/wp-content\/uploads\/2024\/11\/ABRACADRA_1200x628.png","type":"image\/png"}],"author":"copilarie.org","twitter_card":"summary_large_image","twitter_creator":"@CopilarieOrg","twitter_site":"@CopilarieOrg","twitter_misc":{"Scris de":"copilarie.org","Timp estimat pentru citire":"3 minute"},"schema":{"@context":"https:\/\/schema.org","@graph":[{"@type":"WebPage","@id":"https:\/\/copilarie.org\/index.php\/2024\/11\/25\/artisti-polonezi-expun-la-cluj\/","url":"https:\/\/copilarie.org\/index.php\/2024\/11\/25\/artisti-polonezi-expun-la-cluj\/","name":"Arti\u0219ti polonezi expun la Cluj - Copil\u0103rie.org","isPartOf":{"@id":"https:\/\/copilarie.org\/#website"},"primaryImageOfPage":{"@id":"https:\/\/copilarie.org\/index.php\/2024\/11\/25\/artisti-polonezi-expun-la-cluj\/#primaryimage"},"image":{"@id":"https:\/\/copilarie.org\/index.php\/2024\/11\/25\/artisti-polonezi-expun-la-cluj\/#primaryimage"},"thumbnailUrl":"https:\/\/copilarie.org\/wp-content\/uploads\/2024\/11\/ABRACADRA_1200x628.png","datePublished":"2024-11-25T22:04:26+00:00","dateModified":"2024-11-25T22:04:26+00:00","author":{"@id":"https:\/\/copilarie.org\/#\/schema\/person\/d8a7619fc1964ecf029620b5f64cb0ed"},"breadcrumb":{"@id":"https:\/\/copilarie.org\/index.php\/2024\/11\/25\/artisti-polonezi-expun-la-cluj\/#breadcrumb"},"inLanguage":"ro-RO","potentialAction":[{"@type":"ReadAction","target":["https:\/\/copilarie.org\/index.php\/2024\/11\/25\/artisti-polonezi-expun-la-cluj\/"]}]},{"@type":"ImageObject","inLanguage":"ro-RO","@id":"https:\/\/copilarie.org\/index.php\/2024\/11\/25\/artisti-polonezi-expun-la-cluj\/#primaryimage","url":"https:\/\/copilarie.org\/wp-content\/uploads\/2024\/11\/ABRACADRA_1200x628.png","contentUrl":"https:\/\/copilarie.org\/wp-content\/uploads\/2024\/11\/ABRACADRA_1200x628.png","width":1200,"height":628},{"@type":"BreadcrumbList","@id":"https:\/\/copilarie.org\/index.php\/2024\/11\/25\/artisti-polonezi-expun-la-cluj\/#breadcrumb","itemListElement":[{"@type":"ListItem","position":1,"name":"Prima pagin\u0103","item":"https:\/\/copilarie.org\/"},{"@type":"ListItem","position":2,"name":"Arti\u0219ti polonezi expun la Cluj"}]},{"@type":"WebSite","@id":"https:\/\/copilarie.org\/#website","url":"https:\/\/copilarie.org\/","name":"Copil\u0103rie.org","description":"\u00cen pas cu tine","potentialAction":[{"@type":"SearchAction","target":{"@type":"EntryPoint","urlTemplate":"https:\/\/copilarie.org\/?s={search_term_string}"},"query-input":{"@type":"PropertyValueSpecification","valueRequired":true,"valueName":"search_term_string"}}],"inLanguage":"ro-RO"},{"@type":"Person","@id":"https:\/\/copilarie.org\/#\/schema\/person\/d8a7619fc1964ecf029620b5f64cb0ed","name":"copilarie.org","image":{"@type":"ImageObject","inLanguage":"ro-RO","@id":"https:\/\/copilarie.org\/#\/schema\/person\/image\/","url":"https:\/\/secure.gravatar.com\/avatar\/722e5984ae1b18142be482fe9581860ff615bd39f940c7d8bea3240825316d6e?s=96&d=mm&r=g","contentUrl":"https:\/\/secure.gravatar.com\/avatar\/722e5984ae1b18142be482fe9581860ff615bd39f940c7d8bea3240825316d6e?s=96&d=mm&r=g","caption":"copilarie.org"}}]}},"_links":{"self":[{"href":"https:\/\/copilarie.org\/index.php\/wp-json\/wp\/v2\/posts\/3230","targetHints":{"allow":["GET"]}}],"collection":[{"href":"https:\/\/copilarie.org\/index.php\/wp-json\/wp\/v2\/posts"}],"about":[{"href":"https:\/\/copilarie.org\/index.php\/wp-json\/wp\/v2\/types\/post"}],"author":[{"embeddable":true,"href":"https:\/\/copilarie.org\/index.php\/wp-json\/wp\/v2\/users\/1"}],"replies":[{"embeddable":true,"href":"https:\/\/copilarie.org\/index.php\/wp-json\/wp\/v2\/comments?post=3230"}],"version-history":[{"count":1,"href":"https:\/\/copilarie.org\/index.php\/wp-json\/wp\/v2\/posts\/3230\/revisions"}],"predecessor-version":[{"id":3232,"href":"https:\/\/copilarie.org\/index.php\/wp-json\/wp\/v2\/posts\/3230\/revisions\/3232"}],"wp:featuredmedia":[{"embeddable":true,"href":"https:\/\/copilarie.org\/index.php\/wp-json\/wp\/v2\/media\/3231"}],"wp:attachment":[{"href":"https:\/\/copilarie.org\/index.php\/wp-json\/wp\/v2\/media?parent=3230"}],"wp:term":[{"taxonomy":"category","embeddable":true,"href":"https:\/\/copilarie.org\/index.php\/wp-json\/wp\/v2\/categories?post=3230"},{"taxonomy":"post_tag","embeddable":true,"href":"https:\/\/copilarie.org\/index.php\/wp-json\/wp\/v2\/tags?post=3230"}],"curies":[{"name":"wp","href":"https:\/\/api.w.org\/{rel}","templated":true}]}}