{"id":3310,"date":"2025-02-24T14:28:24","date_gmt":"2025-02-24T14:28:24","guid":{"rendered":"https:\/\/copilarie.org\/?p=3310"},"modified":"2025-02-24T14:28:24","modified_gmt":"2025-02-24T14:28:24","slug":"richard-clayderman-va-concerta-la-cluj","status":"publish","type":"post","link":"https:\/\/copilarie.org\/index.php\/2025\/02\/24\/richard-clayderman-va-concerta-la-cluj\/","title":{"rendered":"Richard Clayderman va concerta la Cluj"},"content":{"rendered":"<p class=\"p1\"><b>Publicul clujean are ocazia s\u0103 se re\u00eent\u00e2lneasc\u0103 cu un muzician de excep\u021bie. Richard Clayderman, cel mai de succes pianist din toate timpurile, oficializat s\u0326i de Guinness World Records, va concerta pe 29 martie la BT Arena, din Cluj-Napoca. \u201eThe Prince of Romance\u201d, as\u0326a cum este supranumit celebrul pianist francez Richard Clayderman va oferi publicului o seara\u0306 magica\u0306 sub semnul iubirii s\u0326i al sensibilita\u0306t\u0326ii, potrivit <a href=\"https:\/\/clujtoday.ro\/forever-love-richard-clayderman-concerteaza-in-cluj-napoca\/\">ClujToday.ro<\/a>.<\/b><\/p>\n<p class=\"p1\">Sub titulatura \u201eForever Love\u201d, acest spectacol grandios este un omagiu adus femeii s\u0326i emot\u0326iilor pure. Cu un palmares impresionant \u2013 peste 90 de milioane de albume v\u00e2ndute, 267 de Discuri de Aur s\u0326i 70 de Discuri de Platina\u0306 \u2013 Richard Clayderman este considerat cel mai de succes pianist din toate timpurile, un record oficializat s\u0326i de Guinness World Records.<\/p>\n<div class=\"youtube-embed\" data-video_id=\"YCl-0lu0vHM\"><iframe loading=\"lazy\" title=\"Richard Clayderman (Mariage d&#039;amour)\" width=\"696\" height=\"522\" src=\"https:\/\/www.youtube.com\/embed\/YCl-0lu0vHM?feature=oembed&#038;enablejsapi=1\" frameborder=\"0\" allow=\"accelerometer; autoplay; clipboard-write; encrypted-media; gyroscope; picture-in-picture; web-share\" referrerpolicy=\"strict-origin-when-cross-origin\" allowfullscreen><\/iframe><\/div>\n<p class=\"p1\">Faimos pentru interpretarea emot\u0326ionanta\u0306 a piesei \u201eBallade pour Adeline\u201d, care a cucerit lumea s\u0326i a v\u00e2ndut peste 22 de milioane de copii, Richard Clayderman creeaza\u0306 o poveste de dragoste la fiecare concert.<\/p>\n<p class=\"p1\">El va fi acompaniat de Filarmonica \u201eGeorge Enescu\u201d din Botos\u0326ania.<\/p>\n<p class=\"p1\">Concertul extraordinar din Cluj-Napoca va fi precedat de cel din Bucure\u015fti, programat pe 25 martie la Sala Palatului.<\/p>\n<p class=\"p1\">\u201eSuntem onorat\u0326i sa\u0306 \u00eel avem din nou \u00een Rom\u00e2nia pe Richard Clayderman, pe 25 martie la Sala Palatului s\u0326i pe 29 martie la BT Arena, Cluj, un artist care a emot\u0326ionat generat\u0326ii \u00eentregi prin muzica sa inconfundabila\u0306. Spectacolele din Bucures\u0326ti s\u0326i Cluj-Napoca vor fi cu adeva\u0306rat speciale, mai ales datorita\u0306 colabora\u0306rii cu Filarmonica \u201eGeorge Enescu\u201d din Botos\u0326ani, care va aduce o profunzime s\u0326i o elegant\u0326a\u0306 aparte fieca\u0306rui moment muzical. Publicul va avea parte de o experient\u0326a\u0306 unica\u0306, un adeva\u0306rat omagiu adus iubirii s\u0326i sensibilita\u0306t\u0326ii\u201d, a declarat Radu Groza, organizatorul evenimentului.<\/p>\n<p class=\"p1\">Biletele pentru concertele \u201eForever Love\u201d sunt disponibile pe\u00a0<a href=\"https:\/\/www.entertix.ro\/evenimente\/26692\/richard-clayderman-29-martie-2025-bt-arena-sala-polivalenta-cluj-napoca.html\"><span class=\"s1\">Entertix.ro<\/span><\/a>.<\/p>\n<p>Richard Clayderman, n\u0103scut Philippe Pag\u00e8s pe 28 decembrie 1953 \u00een Paris, Fran\u021ba, este cunoscut pentru stilul s\u0103u romantic \u0219i interpret\u0103rile sale emo\u021bionante.<\/p>\n<p>Richard Clayderman a \u00eenceput s\u0103 studieze pianul de la o v\u00e2rst\u0103 fraged\u0103, sub \u00eendrumarea tat\u0103lui s\u0103u, care era profesor de pian. La v\u00e2rsta de 12 ani, a fost acceptat la Conservatorul din Paris, unde a c\u00e2\u0219tigat numeroase premii \u0219i recunoa\u0219tere pentru talentul s\u0103u. Cu toate acestea, dificult\u0103\u021bile financiare ale familiei l-au determinat s\u0103 renun\u021be la cariera de pianist clasic \u0219i s\u0103 lucreze ca func\u021bionar bancar \u0219i acompaniator pentru trupe contemporane.<\/p>\n<p>\u00cen 1976, Richard Clayderman a fost invitat de produc\u0103torul francez Olivier Toussaint \u0219i partenerul s\u0103u Paul de Senneville s\u0103 \u00eenregistreze o balad\u0103 de pian compus\u0103 de Paul de Senneville \u00een onoarea fiicei sale, Adeline. Piesa, intitulat\u0103 \u201cBallade pour Adeline\u201d, a devenit un succes interna\u021bional, cu v\u00e2nz\u0103ri de peste 22 de milioane de exemplare \u00een 38 de \u021b\u0103ri. Acest succes a marcat \u00eenceputul unei cariere str\u0103lucite pentru Richard Clayderman.<\/p>\n<p>De-a lungul carierei sale, Richard Clayderman a \u00eenregistrat peste 1.300 de melodii \u0219i a creat un stil romantic nou, A v\u00e2ndut aproximativ 70 de milioane de discuri \u0219i a primit 267 de discuri de aur \u0219i 70 de discuri de platin\u0103.<\/p>\n<p>Concertele lui Richard Clayderman sunt cunoscute pentru capacitatea lor de a emo\u021biona \u0219i de a crea o atmosfer\u0103 deosebit\u0103. Pianistul transform\u0103 fiecare not\u0103 muzical\u0103 \u00eentr-o emo\u021bie \u0219i exprim\u0103 prin fiecare atingere de clape tandre\u021bea \u0219i candoarea sentimentului de iubire. Publicul rom\u00e2n a fost \u00eentotdeauna receptiv la muzica sa, iar concertele sale sunt adesea sold-out. <span style=\"font-family: Verdana, BlinkMacSystemFont, -apple-system, 'Segoe UI', Roboto, Oxygen, Ubuntu, Cantarell, 'Open Sans', 'Helvetica Neue', sans-serif;\">Biletele pentru concertele lui Richard Clayderman din Bucure\u0219ti \u0219i Cluj-Napoca sunt disponibile online, cu pre\u021buri care variaz\u0103 \u00eentre 100 \u0219i 450 de lei pentru evenimentul de la Bucure\u0219ti \u0219i \u00eentre 80 \u0219i 450 de lei pentru cel de la Cluj-Napoca.<\/span><\/p>\n<p>Citi\u021bi \u0219i:<\/p>\n<p><a href=\"https:\/\/copilarie.org\/index.php\/2024\/12\/11\/casa-de-cultura-a-studentilor-din-cluj-gazduieste-concerte-sustinute-de-ducu-bertzi-paula-seling-si-stefan-hrusca\/\">Casa de Cultur\u0103 a Studen\u021bilor din Cluj g\u0103zduie\u0219te concerte sus\u021binute de Ducu Bertzi, Paula Seling \u0219i \u0218tefan Hru\u0219c\u0103<\/a><\/p>\n<p><a href=\"https:\/\/copilarie.org\/index.php\/2024\/12\/25\/tenorul-stefan-von-korch-a-adus-eleganta-muzicii-de-opera-in-concertul-craciun-vienez-de-la-sala-palatului\/\">Tenorul \u015etefan von Korch a adus elegan\u0163a muzicii de oper\u0103 \u00een concertul Cr\u0103ciun Vienez de la Sala Palatului<\/a><\/p>\n","protected":false},"excerpt":{"rendered":"<p>Publicul clujean are ocazia s\u0103 se re\u00eent\u00e2lneasc\u0103 cu un muzician de excep\u021bie. Richard Clayderman, cel mai de succes pianist din toate timpurile, oficializat s\u0326i de Guinness World Records, va concerta pe 29 martie la BT Arena, din Cluj-Napoca. \u201eThe Prince of Romance\u201d, as\u0326a cum este supranumit celebrul pianist francez Richard Clayderman va oferi publicului o [&hellip;]<\/p>\n","protected":false},"author":1,"featured_media":3311,"comment_status":"open","ping_status":"open","sticky":false,"template":"","format":"video","meta":{"footnotes":""},"categories":[1,21,19],"tags":[333,70,24,344,413,345],"class_list":{"0":"post-3310","1":"post","2":"type-post","3":"status-publish","4":"format-video","5":"has-post-thumbnail","7":"category-acasa","8":"category-evenimente","9":"category-stiri","10":"tag-claudiu-padurean","11":"tag-cluj","12":"tag-copilarie-org","13":"tag-news","14":"tag-richard-clayderman","15":"tag-stiri","16":"post_format-post-format-video"},"yoast_head":"<!-- This site is optimized with the Yoast SEO plugin v23.6 - https:\/\/yoast.com\/wordpress\/plugins\/seo\/ -->\n<title>Richard Clayderman va concerta la Cluj - Copil\u0103rie.org<\/title>\n<meta name=\"robots\" content=\"index, follow, max-snippet:-1, max-image-preview:large, max-video-preview:-1\" \/>\n<link rel=\"canonical\" href=\"https:\/\/copilarie.org\/index.php\/2025\/02\/24\/richard-clayderman-va-concerta-la-cluj\/\" \/>\n<meta property=\"og:locale\" content=\"ro_RO\" \/>\n<meta property=\"og:type\" content=\"article\" \/>\n<meta property=\"og:title\" content=\"Richard Clayderman va concerta la Cluj - Copil\u0103rie.org\" \/>\n<meta property=\"og:description\" content=\"Publicul clujean are ocazia s\u0103 se re\u00eent\u00e2lneasc\u0103 cu un muzician de excep\u021bie. Richard Clayderman, cel mai de succes pianist din toate timpurile, oficializat s\u0326i de Guinness World Records, va concerta pe 29 martie la BT Arena, din Cluj-Napoca. \u201eThe Prince of Romance\u201d, as\u0326a cum este supranumit celebrul pianist francez Richard Clayderman va oferi publicului o [&hellip;]\" \/>\n<meta property=\"og:url\" content=\"https:\/\/copilarie.org\/index.php\/2025\/02\/24\/richard-clayderman-va-concerta-la-cluj\/\" \/>\n<meta property=\"og:site_name\" content=\"Copil\u0103rie.org\" \/>\n<meta property=\"article:publisher\" content=\"https:\/\/www.facebook.com\/copilarie.org\/\" \/>\n<meta property=\"article:published_time\" content=\"2025-02-24T14:28:24+00:00\" \/>\n<meta property=\"og:image\" content=\"https:\/\/copilarie.org\/wp-content\/uploads\/2025\/02\/Richard-Clayderman_Cluj_Landscape.jpg\" \/>\n\t<meta property=\"og:image:width\" content=\"1600\" \/>\n\t<meta property=\"og:image:height\" content=\"900\" \/>\n\t<meta property=\"og:image:type\" content=\"image\/jpeg\" \/>\n<meta name=\"author\" content=\"copilarie.org\" \/>\n<meta name=\"twitter:card\" content=\"summary_large_image\" \/>\n<meta name=\"twitter:creator\" content=\"@CopilarieOrg\" \/>\n<meta name=\"twitter:site\" content=\"@CopilarieOrg\" \/>\n<meta name=\"twitter:label1\" content=\"Scris de\" \/>\n\t<meta name=\"twitter:data1\" content=\"copilarie.org\" \/>\n\t<meta name=\"twitter:label2\" content=\"Timp estimat pentru citire\" \/>\n\t<meta name=\"twitter:data2\" content=\"4 minute\" \/>\n<script type=\"application\/ld+json\" class=\"yoast-schema-graph\">{\"@context\":\"https:\/\/schema.org\",\"@graph\":[{\"@type\":\"WebPage\",\"@id\":\"https:\/\/copilarie.org\/index.php\/2025\/02\/24\/richard-clayderman-va-concerta-la-cluj\/\",\"url\":\"https:\/\/copilarie.org\/index.php\/2025\/02\/24\/richard-clayderman-va-concerta-la-cluj\/\",\"name\":\"Richard Clayderman va concerta la Cluj - Copil\u0103rie.org\",\"isPartOf\":{\"@id\":\"https:\/\/copilarie.org\/#website\"},\"primaryImageOfPage\":{\"@id\":\"https:\/\/copilarie.org\/index.php\/2025\/02\/24\/richard-clayderman-va-concerta-la-cluj\/#primaryimage\"},\"image\":{\"@id\":\"https:\/\/copilarie.org\/index.php\/2025\/02\/24\/richard-clayderman-va-concerta-la-cluj\/#primaryimage\"},\"thumbnailUrl\":\"https:\/\/copilarie.org\/wp-content\/uploads\/2025\/02\/Richard-Clayderman_Cluj_Landscape.jpg\",\"datePublished\":\"2025-02-24T14:28:24+00:00\",\"dateModified\":\"2025-02-24T14:28:24+00:00\",\"author\":{\"@id\":\"https:\/\/copilarie.org\/#\/schema\/person\/d8a7619fc1964ecf029620b5f64cb0ed\"},\"breadcrumb\":{\"@id\":\"https:\/\/copilarie.org\/index.php\/2025\/02\/24\/richard-clayderman-va-concerta-la-cluj\/#breadcrumb\"},\"inLanguage\":\"ro-RO\",\"potentialAction\":[{\"@type\":\"ReadAction\",\"target\":[\"https:\/\/copilarie.org\/index.php\/2025\/02\/24\/richard-clayderman-va-concerta-la-cluj\/\"]}]},{\"@type\":\"ImageObject\",\"inLanguage\":\"ro-RO\",\"@id\":\"https:\/\/copilarie.org\/index.php\/2025\/02\/24\/richard-clayderman-va-concerta-la-cluj\/#primaryimage\",\"url\":\"https:\/\/copilarie.org\/wp-content\/uploads\/2025\/02\/Richard-Clayderman_Cluj_Landscape.jpg\",\"contentUrl\":\"https:\/\/copilarie.org\/wp-content\/uploads\/2025\/02\/Richard-Clayderman_Cluj_Landscape.jpg\",\"width\":1600,\"height\":900},{\"@type\":\"BreadcrumbList\",\"@id\":\"https:\/\/copilarie.org\/index.php\/2025\/02\/24\/richard-clayderman-va-concerta-la-cluj\/#breadcrumb\",\"itemListElement\":[{\"@type\":\"ListItem\",\"position\":1,\"name\":\"Prima pagin\u0103\",\"item\":\"https:\/\/copilarie.org\/\"},{\"@type\":\"ListItem\",\"position\":2,\"name\":\"Richard Clayderman va concerta la Cluj\"}]},{\"@type\":\"WebSite\",\"@id\":\"https:\/\/copilarie.org\/#website\",\"url\":\"https:\/\/copilarie.org\/\",\"name\":\"Copil\u0103rie.org\",\"description\":\"\u00cen pas cu tine\",\"potentialAction\":[{\"@type\":\"SearchAction\",\"target\":{\"@type\":\"EntryPoint\",\"urlTemplate\":\"https:\/\/copilarie.org\/?s={search_term_string}\"},\"query-input\":{\"@type\":\"PropertyValueSpecification\",\"valueRequired\":true,\"valueName\":\"search_term_string\"}}],\"inLanguage\":\"ro-RO\"},{\"@type\":\"Person\",\"@id\":\"https:\/\/copilarie.org\/#\/schema\/person\/d8a7619fc1964ecf029620b5f64cb0ed\",\"name\":\"copilarie.org\",\"image\":{\"@type\":\"ImageObject\",\"inLanguage\":\"ro-RO\",\"@id\":\"https:\/\/copilarie.org\/#\/schema\/person\/image\/\",\"url\":\"https:\/\/secure.gravatar.com\/avatar\/722e5984ae1b18142be482fe9581860ff615bd39f940c7d8bea3240825316d6e?s=96&d=mm&r=g\",\"contentUrl\":\"https:\/\/secure.gravatar.com\/avatar\/722e5984ae1b18142be482fe9581860ff615bd39f940c7d8bea3240825316d6e?s=96&d=mm&r=g\",\"caption\":\"copilarie.org\"}}]}<\/script>\n<!-- \/ Yoast SEO plugin. -->","yoast_head_json":{"title":"Richard Clayderman va concerta la Cluj - Copil\u0103rie.org","robots":{"index":"index","follow":"follow","max-snippet":"max-snippet:-1","max-image-preview":"max-image-preview:large","max-video-preview":"max-video-preview:-1"},"canonical":"https:\/\/copilarie.org\/index.php\/2025\/02\/24\/richard-clayderman-va-concerta-la-cluj\/","og_locale":"ro_RO","og_type":"article","og_title":"Richard Clayderman va concerta la Cluj - Copil\u0103rie.org","og_description":"Publicul clujean are ocazia s\u0103 se re\u00eent\u00e2lneasc\u0103 cu un muzician de excep\u021bie. Richard Clayderman, cel mai de succes pianist din toate timpurile, oficializat s\u0326i de Guinness World Records, va concerta pe 29 martie la BT Arena, din Cluj-Napoca. \u201eThe Prince of Romance\u201d, as\u0326a cum este supranumit celebrul pianist francez Richard Clayderman va oferi publicului o [&hellip;]","og_url":"https:\/\/copilarie.org\/index.php\/2025\/02\/24\/richard-clayderman-va-concerta-la-cluj\/","og_site_name":"Copil\u0103rie.org","article_publisher":"https:\/\/www.facebook.com\/copilarie.org\/","article_published_time":"2025-02-24T14:28:24+00:00","og_image":[{"width":1600,"height":900,"url":"https:\/\/copilarie.org\/wp-content\/uploads\/2025\/02\/Richard-Clayderman_Cluj_Landscape.jpg","type":"image\/jpeg"}],"author":"copilarie.org","twitter_card":"summary_large_image","twitter_creator":"@CopilarieOrg","twitter_site":"@CopilarieOrg","twitter_misc":{"Scris de":"copilarie.org","Timp estimat pentru citire":"4 minute"},"schema":{"@context":"https:\/\/schema.org","@graph":[{"@type":"WebPage","@id":"https:\/\/copilarie.org\/index.php\/2025\/02\/24\/richard-clayderman-va-concerta-la-cluj\/","url":"https:\/\/copilarie.org\/index.php\/2025\/02\/24\/richard-clayderman-va-concerta-la-cluj\/","name":"Richard Clayderman va concerta la Cluj - Copil\u0103rie.org","isPartOf":{"@id":"https:\/\/copilarie.org\/#website"},"primaryImageOfPage":{"@id":"https:\/\/copilarie.org\/index.php\/2025\/02\/24\/richard-clayderman-va-concerta-la-cluj\/#primaryimage"},"image":{"@id":"https:\/\/copilarie.org\/index.php\/2025\/02\/24\/richard-clayderman-va-concerta-la-cluj\/#primaryimage"},"thumbnailUrl":"https:\/\/copilarie.org\/wp-content\/uploads\/2025\/02\/Richard-Clayderman_Cluj_Landscape.jpg","datePublished":"2025-02-24T14:28:24+00:00","dateModified":"2025-02-24T14:28:24+00:00","author":{"@id":"https:\/\/copilarie.org\/#\/schema\/person\/d8a7619fc1964ecf029620b5f64cb0ed"},"breadcrumb":{"@id":"https:\/\/copilarie.org\/index.php\/2025\/02\/24\/richard-clayderman-va-concerta-la-cluj\/#breadcrumb"},"inLanguage":"ro-RO","potentialAction":[{"@type":"ReadAction","target":["https:\/\/copilarie.org\/index.php\/2025\/02\/24\/richard-clayderman-va-concerta-la-cluj\/"]}]},{"@type":"ImageObject","inLanguage":"ro-RO","@id":"https:\/\/copilarie.org\/index.php\/2025\/02\/24\/richard-clayderman-va-concerta-la-cluj\/#primaryimage","url":"https:\/\/copilarie.org\/wp-content\/uploads\/2025\/02\/Richard-Clayderman_Cluj_Landscape.jpg","contentUrl":"https:\/\/copilarie.org\/wp-content\/uploads\/2025\/02\/Richard-Clayderman_Cluj_Landscape.jpg","width":1600,"height":900},{"@type":"BreadcrumbList","@id":"https:\/\/copilarie.org\/index.php\/2025\/02\/24\/richard-clayderman-va-concerta-la-cluj\/#breadcrumb","itemListElement":[{"@type":"ListItem","position":1,"name":"Prima pagin\u0103","item":"https:\/\/copilarie.org\/"},{"@type":"ListItem","position":2,"name":"Richard Clayderman va concerta la Cluj"}]},{"@type":"WebSite","@id":"https:\/\/copilarie.org\/#website","url":"https:\/\/copilarie.org\/","name":"Copil\u0103rie.org","description":"\u00cen pas cu tine","potentialAction":[{"@type":"SearchAction","target":{"@type":"EntryPoint","urlTemplate":"https:\/\/copilarie.org\/?s={search_term_string}"},"query-input":{"@type":"PropertyValueSpecification","valueRequired":true,"valueName":"search_term_string"}}],"inLanguage":"ro-RO"},{"@type":"Person","@id":"https:\/\/copilarie.org\/#\/schema\/person\/d8a7619fc1964ecf029620b5f64cb0ed","name":"copilarie.org","image":{"@type":"ImageObject","inLanguage":"ro-RO","@id":"https:\/\/copilarie.org\/#\/schema\/person\/image\/","url":"https:\/\/secure.gravatar.com\/avatar\/722e5984ae1b18142be482fe9581860ff615bd39f940c7d8bea3240825316d6e?s=96&d=mm&r=g","contentUrl":"https:\/\/secure.gravatar.com\/avatar\/722e5984ae1b18142be482fe9581860ff615bd39f940c7d8bea3240825316d6e?s=96&d=mm&r=g","caption":"copilarie.org"}}]}},"_links":{"self":[{"href":"https:\/\/copilarie.org\/index.php\/wp-json\/wp\/v2\/posts\/3310","targetHints":{"allow":["GET"]}}],"collection":[{"href":"https:\/\/copilarie.org\/index.php\/wp-json\/wp\/v2\/posts"}],"about":[{"href":"https:\/\/copilarie.org\/index.php\/wp-json\/wp\/v2\/types\/post"}],"author":[{"embeddable":true,"href":"https:\/\/copilarie.org\/index.php\/wp-json\/wp\/v2\/users\/1"}],"replies":[{"embeddable":true,"href":"https:\/\/copilarie.org\/index.php\/wp-json\/wp\/v2\/comments?post=3310"}],"version-history":[{"count":1,"href":"https:\/\/copilarie.org\/index.php\/wp-json\/wp\/v2\/posts\/3310\/revisions"}],"predecessor-version":[{"id":3312,"href":"https:\/\/copilarie.org\/index.php\/wp-json\/wp\/v2\/posts\/3310\/revisions\/3312"}],"wp:featuredmedia":[{"embeddable":true,"href":"https:\/\/copilarie.org\/index.php\/wp-json\/wp\/v2\/media\/3311"}],"wp:attachment":[{"href":"https:\/\/copilarie.org\/index.php\/wp-json\/wp\/v2\/media?parent=3310"}],"wp:term":[{"taxonomy":"category","embeddable":true,"href":"https:\/\/copilarie.org\/index.php\/wp-json\/wp\/v2\/categories?post=3310"},{"taxonomy":"post_tag","embeddable":true,"href":"https:\/\/copilarie.org\/index.php\/wp-json\/wp\/v2\/tags?post=3310"}],"curies":[{"name":"wp","href":"https:\/\/api.w.org\/{rel}","templated":true}]}}