{"id":3333,"date":"2025-03-26T16:06:55","date_gmt":"2025-03-26T16:06:55","guid":{"rendered":"https:\/\/copilarie.org\/?p=3333"},"modified":"2025-03-26T16:06:55","modified_gmt":"2025-03-26T16:06:55","slug":"sapte-scoli-din-judetul-cluj-participa-la-programul-a-doua-sansa","status":"publish","type":"post","link":"https:\/\/copilarie.org\/index.php\/2025\/03\/26\/sapte-scoli-din-judetul-cluj-participa-la-programul-a-doua-sansa\/","title":{"rendered":"\u0218apte \u0219coli din jude\u021bul Cluj particip\u0103 la programul \u201dA doua \u0219ans\u0103\u201d"},"content":{"rendered":"<p class=\"p1\"><strong>Programul A doua \u0219ans\u0103 \u00een Educa\u021bie a st\u00e2rnit interes mai ales \u00een mediul rural. Acolo, oamenii \u00ee\u0219i dau seama c\u0103 \u00ee\u0219i pot construi cariere mai bune dac\u0103 au diplomele cerute de angajatori, potrivit <a href=\"https:\/\/clujtoday.ro\/sapte-scoli-din-judetul-cluj-participa-la-programul-a-doua-sansa\/\">ClujToday.ro<\/a>.<\/strong><\/p>\n<p class=\"p1\">\u00cen fiecare an, zeci de clujeni particip\u0103 la programele educa\u021bionale de tip \u201dA doua \u0219ans\u0103\u201d. Este vorba de un program structurat pe dou\u0103 paliere. Primul este destinat celor care nu au reu\u0219it s\u0103 finalizeze \u00eenv\u0103\u021b\u0103m\u00e2ntul primar, iar cel de-al doilea celor care nu \u0219i-au finalizat \u00eenv\u0103\u021b\u0103m\u00e2ntul secundar inferior. Cel de-al doilea palier are \u0219i o component\u0103 de formare profesional\u0103, pentru a facilita integrarea acestor persoane pe pia\u021ba muncii.<\/p>\n<p class=\"p1\">Cei care beneficiaz\u0103 de aceste programe sunt persoane din medii defavorizate, precum tinerii din mediul rural ori persoane care provin din comunit\u0103\u021bile de romi. Programul \u201dA doua \u0219ans\u0103 \u00een educa\u021bie\u201d este derulat \u00een patru \u0219coli din Cluj-Napoca, \u00eentr-una din Turda \u0219i \u00een dou\u0103 din C\u00e2mpia Turzii. Pentru a ajuta adaptarea mai u\u0219oar\u0103 a elevilor din comunit\u0103\u021bile de romi la rigorile acestui program, dou\u0103 dintre \u0219coli, respectiv \u0218coala Nicolae Iorga din Cluj-Napoca \u0219i \u0218coala Poiana din Turda, au directori adjunc\u021bi de etnie rom\u0103. Este vorba de tineri care au absolvit universitatea \u0219i care pot fi exemple de succes pentru elevii lor.<\/p>\n<p><strong>Ce este programul A doua \u0219ans\u0103<\/strong><\/p>\n<p>Programul guvernamental \u201eA doua \u0219ans\u0103\u201d este o ini\u021biativ\u0103 dedicat\u0103 sprijinirii adolescen\u021bilor, tinerilor \u0219i adul\u021bilor care nu au urmat sau nu au finalizat \u00eenv\u0103\u021b\u0103m\u00e2ntul primar \u0219i gimnazial. Acesta ofer\u0103 posibilitatea continu\u0103rii \u0219i finaliz\u0103rii educa\u021biei obligatorii, f\u0103r\u0103 ca participan\u021bii s\u0103 fie nevoi\u021bi s\u0103 \u00ee\u0219i \u00eentrerup\u0103 activit\u0103\u021bile profesionale sau familiale.<\/p>\n<p>Nu exist\u0103 limit\u0103 superioar\u0103 de v\u00e2rst\u0103 pentru \u00eenscriere, iar metodologia este flexibil\u0103, adaptat\u0103 nevoilor cursan\u021bilor. Printre elementele inovatoare se num\u0103r\u0103 curriculumul modular, sistemul de credite pentru educa\u021bia de baz\u0103 \u0219i recunoa\u0219terea competen\u021belor dob\u00e2ndite anterior.<\/p>\n<p>Prin acest program, Guvernul urm\u0103re\u0219te reducerea abandonului \u0219colar \u0219i integrarea social\u0103 a persoanelor din medii dezavantajate \u0219i s\u0103 contribuie astfel la dezvoltarea personal\u0103 \u0219i profesional\u0103 a acestora.<\/p>\n","protected":false},"excerpt":{"rendered":"<p>Programul A doua \u0219ans\u0103 \u00een Educa\u021bie a st\u00e2rnit interes mai ales \u00een mediul rural. Acolo, oamenii \u00ee\u0219i dau seama c\u0103 \u00ee\u0219i pot construi cariere mai bune dac\u0103 au diplomele cerute de angajatori, potrivit ClujToday.ro. \u00cen fiecare an, zeci de clujeni particip\u0103 la programele educa\u021bionale de tip \u201dA doua \u0219ans\u0103\u201d. Este vorba de un program structurat [&hellip;]<\/p>\n","protected":false},"author":1,"featured_media":3334,"comment_status":"open","ping_status":"open","sticky":false,"template":"","format":"standard","meta":{"footnotes":""},"categories":[1,21],"tags":[424,24,344,280,345],"class_list":{"0":"post-3333","1":"post","2":"type-post","3":"status-publish","4":"format-standard","5":"has-post-thumbnail","7":"category-acasa","8":"category-evenimente","9":"tag-a-doua-sansa","10":"tag-copilarie-org","11":"tag-news","12":"tag-scoli","13":"tag-stiri"},"yoast_head":"<!-- This site is optimized with the Yoast SEO plugin v23.6 - https:\/\/yoast.com\/wordpress\/plugins\/seo\/ -->\n<title>\u0218apte \u0219coli din jude\u021bul Cluj particip\u0103 la programul \u201dA doua \u0219ans\u0103\u201d - Copil\u0103rie.org<\/title>\n<meta name=\"robots\" content=\"index, follow, max-snippet:-1, max-image-preview:large, max-video-preview:-1\" \/>\n<link rel=\"canonical\" href=\"https:\/\/copilarie.org\/index.php\/2025\/03\/26\/sapte-scoli-din-judetul-cluj-participa-la-programul-a-doua-sansa\/\" \/>\n<meta property=\"og:locale\" content=\"ro_RO\" \/>\n<meta property=\"og:type\" content=\"article\" \/>\n<meta property=\"og:title\" content=\"\u0218apte \u0219coli din jude\u021bul Cluj particip\u0103 la programul \u201dA doua \u0219ans\u0103\u201d - Copil\u0103rie.org\" \/>\n<meta property=\"og:description\" content=\"Programul A doua \u0219ans\u0103 \u00een Educa\u021bie a st\u00e2rnit interes mai ales \u00een mediul rural. Acolo, oamenii \u00ee\u0219i dau seama c\u0103 \u00ee\u0219i pot construi cariere mai bune dac\u0103 au diplomele cerute de angajatori, potrivit ClujToday.ro. \u00cen fiecare an, zeci de clujeni particip\u0103 la programele educa\u021bionale de tip \u201dA doua \u0219ans\u0103\u201d. Este vorba de un program structurat [&hellip;]\" \/>\n<meta property=\"og:url\" content=\"https:\/\/copilarie.org\/index.php\/2025\/03\/26\/sapte-scoli-din-judetul-cluj-participa-la-programul-a-doua-sansa\/\" \/>\n<meta property=\"og:site_name\" content=\"Copil\u0103rie.org\" \/>\n<meta property=\"article:publisher\" content=\"https:\/\/www.facebook.com\/copilarie.org\/\" \/>\n<meta property=\"article:published_time\" content=\"2025-03-26T16:06:55+00:00\" \/>\n<meta property=\"og:image\" content=\"https:\/\/copilarie.org\/wp-content\/uploads\/2025\/03\/scoala-1.jpg\" \/>\n\t<meta property=\"og:image:width\" content=\"1280\" \/>\n\t<meta property=\"og:image:height\" content=\"853\" \/>\n\t<meta property=\"og:image:type\" content=\"image\/jpeg\" \/>\n<meta name=\"author\" content=\"copilarie.org\" \/>\n<meta name=\"twitter:card\" content=\"summary_large_image\" \/>\n<meta name=\"twitter:creator\" content=\"@CopilarieOrg\" \/>\n<meta name=\"twitter:site\" content=\"@CopilarieOrg\" \/>\n<meta name=\"twitter:label1\" content=\"Scris de\" \/>\n\t<meta name=\"twitter:data1\" content=\"copilarie.org\" \/>\n\t<meta name=\"twitter:label2\" content=\"Timp estimat pentru citire\" \/>\n\t<meta name=\"twitter:data2\" content=\"2 minute\" \/>\n<script type=\"application\/ld+json\" class=\"yoast-schema-graph\">{\"@context\":\"https:\/\/schema.org\",\"@graph\":[{\"@type\":\"WebPage\",\"@id\":\"https:\/\/copilarie.org\/index.php\/2025\/03\/26\/sapte-scoli-din-judetul-cluj-participa-la-programul-a-doua-sansa\/\",\"url\":\"https:\/\/copilarie.org\/index.php\/2025\/03\/26\/sapte-scoli-din-judetul-cluj-participa-la-programul-a-doua-sansa\/\",\"name\":\"\u0218apte \u0219coli din jude\u021bul Cluj particip\u0103 la programul \u201dA doua \u0219ans\u0103\u201d - Copil\u0103rie.org\",\"isPartOf\":{\"@id\":\"https:\/\/copilarie.org\/#website\"},\"primaryImageOfPage\":{\"@id\":\"https:\/\/copilarie.org\/index.php\/2025\/03\/26\/sapte-scoli-din-judetul-cluj-participa-la-programul-a-doua-sansa\/#primaryimage\"},\"image\":{\"@id\":\"https:\/\/copilarie.org\/index.php\/2025\/03\/26\/sapte-scoli-din-judetul-cluj-participa-la-programul-a-doua-sansa\/#primaryimage\"},\"thumbnailUrl\":\"https:\/\/copilarie.org\/wp-content\/uploads\/2025\/03\/scoala-1.jpg\",\"datePublished\":\"2025-03-26T16:06:55+00:00\",\"dateModified\":\"2025-03-26T16:06:55+00:00\",\"author\":{\"@id\":\"https:\/\/copilarie.org\/#\/schema\/person\/d8a7619fc1964ecf029620b5f64cb0ed\"},\"breadcrumb\":{\"@id\":\"https:\/\/copilarie.org\/index.php\/2025\/03\/26\/sapte-scoli-din-judetul-cluj-participa-la-programul-a-doua-sansa\/#breadcrumb\"},\"inLanguage\":\"ro-RO\",\"potentialAction\":[{\"@type\":\"ReadAction\",\"target\":[\"https:\/\/copilarie.org\/index.php\/2025\/03\/26\/sapte-scoli-din-judetul-cluj-participa-la-programul-a-doua-sansa\/\"]}]},{\"@type\":\"ImageObject\",\"inLanguage\":\"ro-RO\",\"@id\":\"https:\/\/copilarie.org\/index.php\/2025\/03\/26\/sapte-scoli-din-judetul-cluj-participa-la-programul-a-doua-sansa\/#primaryimage\",\"url\":\"https:\/\/copilarie.org\/wp-content\/uploads\/2025\/03\/scoala-1.jpg\",\"contentUrl\":\"https:\/\/copilarie.org\/wp-content\/uploads\/2025\/03\/scoala-1.jpg\",\"width\":1280,\"height\":853},{\"@type\":\"BreadcrumbList\",\"@id\":\"https:\/\/copilarie.org\/index.php\/2025\/03\/26\/sapte-scoli-din-judetul-cluj-participa-la-programul-a-doua-sansa\/#breadcrumb\",\"itemListElement\":[{\"@type\":\"ListItem\",\"position\":1,\"name\":\"Prima pagin\u0103\",\"item\":\"https:\/\/copilarie.org\/\"},{\"@type\":\"ListItem\",\"position\":2,\"name\":\"\u0218apte \u0219coli din jude\u021bul Cluj particip\u0103 la programul \u201dA doua \u0219ans\u0103\u201d\"}]},{\"@type\":\"WebSite\",\"@id\":\"https:\/\/copilarie.org\/#website\",\"url\":\"https:\/\/copilarie.org\/\",\"name\":\"Copil\u0103rie.org\",\"description\":\"\u00cen pas cu tine\",\"potentialAction\":[{\"@type\":\"SearchAction\",\"target\":{\"@type\":\"EntryPoint\",\"urlTemplate\":\"https:\/\/copilarie.org\/?s={search_term_string}\"},\"query-input\":{\"@type\":\"PropertyValueSpecification\",\"valueRequired\":true,\"valueName\":\"search_term_string\"}}],\"inLanguage\":\"ro-RO\"},{\"@type\":\"Person\",\"@id\":\"https:\/\/copilarie.org\/#\/schema\/person\/d8a7619fc1964ecf029620b5f64cb0ed\",\"name\":\"copilarie.org\",\"image\":{\"@type\":\"ImageObject\",\"inLanguage\":\"ro-RO\",\"@id\":\"https:\/\/copilarie.org\/#\/schema\/person\/image\/\",\"url\":\"https:\/\/secure.gravatar.com\/avatar\/722e5984ae1b18142be482fe9581860ff615bd39f940c7d8bea3240825316d6e?s=96&d=mm&r=g\",\"contentUrl\":\"https:\/\/secure.gravatar.com\/avatar\/722e5984ae1b18142be482fe9581860ff615bd39f940c7d8bea3240825316d6e?s=96&d=mm&r=g\",\"caption\":\"copilarie.org\"}}]}<\/script>\n<!-- \/ Yoast SEO plugin. -->","yoast_head_json":{"title":"\u0218apte \u0219coli din jude\u021bul Cluj particip\u0103 la programul \u201dA doua \u0219ans\u0103\u201d - Copil\u0103rie.org","robots":{"index":"index","follow":"follow","max-snippet":"max-snippet:-1","max-image-preview":"max-image-preview:large","max-video-preview":"max-video-preview:-1"},"canonical":"https:\/\/copilarie.org\/index.php\/2025\/03\/26\/sapte-scoli-din-judetul-cluj-participa-la-programul-a-doua-sansa\/","og_locale":"ro_RO","og_type":"article","og_title":"\u0218apte \u0219coli din jude\u021bul Cluj particip\u0103 la programul \u201dA doua \u0219ans\u0103\u201d - Copil\u0103rie.org","og_description":"Programul A doua \u0219ans\u0103 \u00een Educa\u021bie a st\u00e2rnit interes mai ales \u00een mediul rural. Acolo, oamenii \u00ee\u0219i dau seama c\u0103 \u00ee\u0219i pot construi cariere mai bune dac\u0103 au diplomele cerute de angajatori, potrivit ClujToday.ro. \u00cen fiecare an, zeci de clujeni particip\u0103 la programele educa\u021bionale de tip \u201dA doua \u0219ans\u0103\u201d. Este vorba de un program structurat [&hellip;]","og_url":"https:\/\/copilarie.org\/index.php\/2025\/03\/26\/sapte-scoli-din-judetul-cluj-participa-la-programul-a-doua-sansa\/","og_site_name":"Copil\u0103rie.org","article_publisher":"https:\/\/www.facebook.com\/copilarie.org\/","article_published_time":"2025-03-26T16:06:55+00:00","og_image":[{"width":1280,"height":853,"url":"https:\/\/copilarie.org\/wp-content\/uploads\/2025\/03\/scoala-1.jpg","type":"image\/jpeg"}],"author":"copilarie.org","twitter_card":"summary_large_image","twitter_creator":"@CopilarieOrg","twitter_site":"@CopilarieOrg","twitter_misc":{"Scris de":"copilarie.org","Timp estimat pentru citire":"2 minute"},"schema":{"@context":"https:\/\/schema.org","@graph":[{"@type":"WebPage","@id":"https:\/\/copilarie.org\/index.php\/2025\/03\/26\/sapte-scoli-din-judetul-cluj-participa-la-programul-a-doua-sansa\/","url":"https:\/\/copilarie.org\/index.php\/2025\/03\/26\/sapte-scoli-din-judetul-cluj-participa-la-programul-a-doua-sansa\/","name":"\u0218apte \u0219coli din jude\u021bul Cluj particip\u0103 la programul \u201dA doua \u0219ans\u0103\u201d - Copil\u0103rie.org","isPartOf":{"@id":"https:\/\/copilarie.org\/#website"},"primaryImageOfPage":{"@id":"https:\/\/copilarie.org\/index.php\/2025\/03\/26\/sapte-scoli-din-judetul-cluj-participa-la-programul-a-doua-sansa\/#primaryimage"},"image":{"@id":"https:\/\/copilarie.org\/index.php\/2025\/03\/26\/sapte-scoli-din-judetul-cluj-participa-la-programul-a-doua-sansa\/#primaryimage"},"thumbnailUrl":"https:\/\/copilarie.org\/wp-content\/uploads\/2025\/03\/scoala-1.jpg","datePublished":"2025-03-26T16:06:55+00:00","dateModified":"2025-03-26T16:06:55+00:00","author":{"@id":"https:\/\/copilarie.org\/#\/schema\/person\/d8a7619fc1964ecf029620b5f64cb0ed"},"breadcrumb":{"@id":"https:\/\/copilarie.org\/index.php\/2025\/03\/26\/sapte-scoli-din-judetul-cluj-participa-la-programul-a-doua-sansa\/#breadcrumb"},"inLanguage":"ro-RO","potentialAction":[{"@type":"ReadAction","target":["https:\/\/copilarie.org\/index.php\/2025\/03\/26\/sapte-scoli-din-judetul-cluj-participa-la-programul-a-doua-sansa\/"]}]},{"@type":"ImageObject","inLanguage":"ro-RO","@id":"https:\/\/copilarie.org\/index.php\/2025\/03\/26\/sapte-scoli-din-judetul-cluj-participa-la-programul-a-doua-sansa\/#primaryimage","url":"https:\/\/copilarie.org\/wp-content\/uploads\/2025\/03\/scoala-1.jpg","contentUrl":"https:\/\/copilarie.org\/wp-content\/uploads\/2025\/03\/scoala-1.jpg","width":1280,"height":853},{"@type":"BreadcrumbList","@id":"https:\/\/copilarie.org\/index.php\/2025\/03\/26\/sapte-scoli-din-judetul-cluj-participa-la-programul-a-doua-sansa\/#breadcrumb","itemListElement":[{"@type":"ListItem","position":1,"name":"Prima pagin\u0103","item":"https:\/\/copilarie.org\/"},{"@type":"ListItem","position":2,"name":"\u0218apte \u0219coli din jude\u021bul Cluj particip\u0103 la programul \u201dA doua \u0219ans\u0103\u201d"}]},{"@type":"WebSite","@id":"https:\/\/copilarie.org\/#website","url":"https:\/\/copilarie.org\/","name":"Copil\u0103rie.org","description":"\u00cen pas cu tine","potentialAction":[{"@type":"SearchAction","target":{"@type":"EntryPoint","urlTemplate":"https:\/\/copilarie.org\/?s={search_term_string}"},"query-input":{"@type":"PropertyValueSpecification","valueRequired":true,"valueName":"search_term_string"}}],"inLanguage":"ro-RO"},{"@type":"Person","@id":"https:\/\/copilarie.org\/#\/schema\/person\/d8a7619fc1964ecf029620b5f64cb0ed","name":"copilarie.org","image":{"@type":"ImageObject","inLanguage":"ro-RO","@id":"https:\/\/copilarie.org\/#\/schema\/person\/image\/","url":"https:\/\/secure.gravatar.com\/avatar\/722e5984ae1b18142be482fe9581860ff615bd39f940c7d8bea3240825316d6e?s=96&d=mm&r=g","contentUrl":"https:\/\/secure.gravatar.com\/avatar\/722e5984ae1b18142be482fe9581860ff615bd39f940c7d8bea3240825316d6e?s=96&d=mm&r=g","caption":"copilarie.org"}}]}},"_links":{"self":[{"href":"https:\/\/copilarie.org\/index.php\/wp-json\/wp\/v2\/posts\/3333","targetHints":{"allow":["GET"]}}],"collection":[{"href":"https:\/\/copilarie.org\/index.php\/wp-json\/wp\/v2\/posts"}],"about":[{"href":"https:\/\/copilarie.org\/index.php\/wp-json\/wp\/v2\/types\/post"}],"author":[{"embeddable":true,"href":"https:\/\/copilarie.org\/index.php\/wp-json\/wp\/v2\/users\/1"}],"replies":[{"embeddable":true,"href":"https:\/\/copilarie.org\/index.php\/wp-json\/wp\/v2\/comments?post=3333"}],"version-history":[{"count":1,"href":"https:\/\/copilarie.org\/index.php\/wp-json\/wp\/v2\/posts\/3333\/revisions"}],"predecessor-version":[{"id":3335,"href":"https:\/\/copilarie.org\/index.php\/wp-json\/wp\/v2\/posts\/3333\/revisions\/3335"}],"wp:featuredmedia":[{"embeddable":true,"href":"https:\/\/copilarie.org\/index.php\/wp-json\/wp\/v2\/media\/3334"}],"wp:attachment":[{"href":"https:\/\/copilarie.org\/index.php\/wp-json\/wp\/v2\/media?parent=3333"}],"wp:term":[{"taxonomy":"category","embeddable":true,"href":"https:\/\/copilarie.org\/index.php\/wp-json\/wp\/v2\/categories?post=3333"},{"taxonomy":"post_tag","embeddable":true,"href":"https:\/\/copilarie.org\/index.php\/wp-json\/wp\/v2\/tags?post=3333"}],"curies":[{"name":"wp","href":"https:\/\/api.w.org\/{rel}","templated":true}]}}