{"id":3351,"date":"2025-04-10T11:54:02","date_gmt":"2025-04-10T11:54:02","guid":{"rendered":"https:\/\/copilarie.org\/?p=3351"},"modified":"2025-04-10T11:54:20","modified_gmt":"2025-04-10T11:54:20","slug":"targul-gaudeamus-a-inceput-la-cluj-napoca","status":"publish","type":"post","link":"https:\/\/copilarie.org\/index.php\/2025\/04\/10\/targul-gaudeamus-a-inceput-la-cluj-napoca\/","title":{"rendered":"T\u00e2rgul Gaudeamus a \u00eenceput la Cluj-Napoca"},"content":{"rendered":"<p class=\"p1\"><strong>La Cluj a \u00eenceput o nou\u0103 edi\u021bie a T\u00e2rgului de Carte Gaudeamus Radio Rom\u00e2nia. \u00cen ciuda vremii reci, pe la cele 16 pavilioane care ad\u0103postesc standurile a peste 70 de edituri au trecut foarte mul\u021bi tineri. Mul\u021bi dintre ei au mers la t\u00e2rgul de carte direct din amfiteatrele facult\u0103\u021bilor sau din s\u0103lile de clas\u0103 ale liceelor din centrul Clujului.<\/strong><\/p>\n<p class=\"p1\">Pia\u021ba Unirii din centrul istoric al Clujului a devenit o adev\u0103rat\u0103 cetate a lecturii. Edituri din toat\u0103 \u021bara sunt prezente la T\u00e2rgul de Carte Gaudeamus Radio Rom\u00e2nia. Exist\u0103 c\u0103r\u021bi tip\u0103rite \u00een rom\u00e2n\u0103, englez\u0103, maghiar\u0103, francez\u0103 \u0219i alte limbi, exist\u0103 audiobook-uri, precum \u0219i viniluri \u0219i CD-uri ori materiale multimedia. T\u00e2rgul a atras foarte mul\u021bi vizitatori tineri.<\/p>\n<p class=\"p1\">Interesul pentru carte este impresionant, spune pre\u0219edintele de onoare al edi\u021biei din acest an, Laura Ilea de la Universitatea Babe\u0219-Bolyai.<\/p>\n<p class=\"p1\">Foarte mul\u021bi vizitatori sunt interesa\u021bi s\u0103 cumpere c\u0103r\u021bi pe care s\u0103 le ofere cadou de Florii sau de Pa\u0219te. T\u00e2rgul de Carte Gaudeamus Radio Rom\u00e2nia se va \u00eencheia duminic\u0103. P\u00e2n\u0103 atunci, cititorii pot participa la lans\u0103ri de carte, dialoguri cu scriitori, sesiuni de autografe sau alte evenimente culturale.<\/p>\n<p>Citi\u021bi \u0219i:<\/p>\n<p><a href=\"https:\/\/copilarie.org\/index.php\/2017\/05\/25\/caravana-gaudeamus\/\">Caravana Gaudeamus<\/a><\/p>\n","protected":false},"excerpt":{"rendered":"<p>La Cluj a \u00eenceput o nou\u0103 edi\u021bie a T\u00e2rgului de Carte Gaudeamus Radio Rom\u00e2nia. \u00cen ciuda vremii reci, pe la cele 16 pavilioane care ad\u0103postesc standurile a peste 70 de edituri au trecut foarte mul\u021bi tineri. Mul\u021bi dintre ei au mers la t\u00e2rgul de carte direct din amfiteatrele facult\u0103\u021bilor sau din s\u0103lile de clas\u0103 ale [&hellip;]<\/p>\n","protected":false},"author":1,"featured_media":3352,"comment_status":"open","ping_status":"open","sticky":false,"template":"","format":"standard","meta":{"footnotes":""},"categories":[1,21],"tags":[333,24,428,48],"class_list":{"0":"post-3351","1":"post","2":"type-post","3":"status-publish","4":"format-standard","5":"has-post-thumbnail","7":"category-acasa","8":"category-evenimente","9":"tag-claudiu-padurean","10":"tag-copilarie-org","11":"tag-gaudeamus","12":"tag-targ-de-carte"},"yoast_head":"<!-- This site is optimized with the Yoast SEO plugin v23.6 - https:\/\/yoast.com\/wordpress\/plugins\/seo\/ -->\n<title>T\u00e2rgul Gaudeamus a \u00eenceput la Cluj-Napoca - Copil\u0103rie.org<\/title>\n<meta name=\"robots\" content=\"index, follow, max-snippet:-1, max-image-preview:large, max-video-preview:-1\" \/>\n<link rel=\"canonical\" href=\"https:\/\/copilarie.org\/index.php\/2025\/04\/10\/targul-gaudeamus-a-inceput-la-cluj-napoca\/\" \/>\n<meta property=\"og:locale\" content=\"ro_RO\" \/>\n<meta property=\"og:type\" content=\"article\" \/>\n<meta property=\"og:title\" content=\"T\u00e2rgul Gaudeamus a \u00eenceput la Cluj-Napoca - Copil\u0103rie.org\" \/>\n<meta property=\"og:description\" content=\"La Cluj a \u00eenceput o nou\u0103 edi\u021bie a T\u00e2rgului de Carte Gaudeamus Radio Rom\u00e2nia. \u00cen ciuda vremii reci, pe la cele 16 pavilioane care ad\u0103postesc standurile a peste 70 de edituri au trecut foarte mul\u021bi tineri. Mul\u021bi dintre ei au mers la t\u00e2rgul de carte direct din amfiteatrele facult\u0103\u021bilor sau din s\u0103lile de clas\u0103 ale [&hellip;]\" \/>\n<meta property=\"og:url\" content=\"https:\/\/copilarie.org\/index.php\/2025\/04\/10\/targul-gaudeamus-a-inceput-la-cluj-napoca\/\" \/>\n<meta property=\"og:site_name\" content=\"Copil\u0103rie.org\" \/>\n<meta property=\"article:publisher\" content=\"https:\/\/www.facebook.com\/copilarie.org\/\" \/>\n<meta property=\"article:published_time\" content=\"2025-04-10T11:54:02+00:00\" \/>\n<meta property=\"article:modified_time\" content=\"2025-04-10T11:54:20+00:00\" \/>\n<meta property=\"og:image\" content=\"https:\/\/copilarie.org\/wp-content\/uploads\/2025\/04\/gaudeamus-.jpeg\" \/>\n\t<meta property=\"og:image:width\" content=\"2048\" \/>\n\t<meta property=\"og:image:height\" content=\"1152\" \/>\n\t<meta property=\"og:image:type\" content=\"image\/jpeg\" \/>\n<meta name=\"author\" content=\"copilarie.org\" \/>\n<meta name=\"twitter:card\" content=\"summary_large_image\" \/>\n<meta name=\"twitter:creator\" content=\"@CopilarieOrg\" \/>\n<meta name=\"twitter:site\" content=\"@CopilarieOrg\" \/>\n<meta name=\"twitter:label1\" content=\"Scris de\" \/>\n\t<meta name=\"twitter:data1\" content=\"copilarie.org\" \/>\n\t<meta name=\"twitter:label2\" content=\"Timp estimat pentru citire\" \/>\n\t<meta name=\"twitter:data2\" content=\"2 minute\" \/>\n<script type=\"application\/ld+json\" class=\"yoast-schema-graph\">{\"@context\":\"https:\/\/schema.org\",\"@graph\":[{\"@type\":\"WebPage\",\"@id\":\"https:\/\/copilarie.org\/index.php\/2025\/04\/10\/targul-gaudeamus-a-inceput-la-cluj-napoca\/\",\"url\":\"https:\/\/copilarie.org\/index.php\/2025\/04\/10\/targul-gaudeamus-a-inceput-la-cluj-napoca\/\",\"name\":\"T\u00e2rgul Gaudeamus a \u00eenceput la Cluj-Napoca - Copil\u0103rie.org\",\"isPartOf\":{\"@id\":\"https:\/\/copilarie.org\/#website\"},\"primaryImageOfPage\":{\"@id\":\"https:\/\/copilarie.org\/index.php\/2025\/04\/10\/targul-gaudeamus-a-inceput-la-cluj-napoca\/#primaryimage\"},\"image\":{\"@id\":\"https:\/\/copilarie.org\/index.php\/2025\/04\/10\/targul-gaudeamus-a-inceput-la-cluj-napoca\/#primaryimage\"},\"thumbnailUrl\":\"https:\/\/copilarie.org\/wp-content\/uploads\/2025\/04\/gaudeamus-.jpeg\",\"datePublished\":\"2025-04-10T11:54:02+00:00\",\"dateModified\":\"2025-04-10T11:54:20+00:00\",\"author\":{\"@id\":\"https:\/\/copilarie.org\/#\/schema\/person\/d8a7619fc1964ecf029620b5f64cb0ed\"},\"breadcrumb\":{\"@id\":\"https:\/\/copilarie.org\/index.php\/2025\/04\/10\/targul-gaudeamus-a-inceput-la-cluj-napoca\/#breadcrumb\"},\"inLanguage\":\"ro-RO\",\"potentialAction\":[{\"@type\":\"ReadAction\",\"target\":[\"https:\/\/copilarie.org\/index.php\/2025\/04\/10\/targul-gaudeamus-a-inceput-la-cluj-napoca\/\"]}]},{\"@type\":\"ImageObject\",\"inLanguage\":\"ro-RO\",\"@id\":\"https:\/\/copilarie.org\/index.php\/2025\/04\/10\/targul-gaudeamus-a-inceput-la-cluj-napoca\/#primaryimage\",\"url\":\"https:\/\/copilarie.org\/wp-content\/uploads\/2025\/04\/gaudeamus-.jpeg\",\"contentUrl\":\"https:\/\/copilarie.org\/wp-content\/uploads\/2025\/04\/gaudeamus-.jpeg\",\"width\":2048,\"height\":1152},{\"@type\":\"BreadcrumbList\",\"@id\":\"https:\/\/copilarie.org\/index.php\/2025\/04\/10\/targul-gaudeamus-a-inceput-la-cluj-napoca\/#breadcrumb\",\"itemListElement\":[{\"@type\":\"ListItem\",\"position\":1,\"name\":\"Prima pagin\u0103\",\"item\":\"https:\/\/copilarie.org\/\"},{\"@type\":\"ListItem\",\"position\":2,\"name\":\"T\u00e2rgul Gaudeamus a \u00eenceput la Cluj-Napoca\"}]},{\"@type\":\"WebSite\",\"@id\":\"https:\/\/copilarie.org\/#website\",\"url\":\"https:\/\/copilarie.org\/\",\"name\":\"Copil\u0103rie.org\",\"description\":\"\u00cen pas cu tine\",\"potentialAction\":[{\"@type\":\"SearchAction\",\"target\":{\"@type\":\"EntryPoint\",\"urlTemplate\":\"https:\/\/copilarie.org\/?s={search_term_string}\"},\"query-input\":{\"@type\":\"PropertyValueSpecification\",\"valueRequired\":true,\"valueName\":\"search_term_string\"}}],\"inLanguage\":\"ro-RO\"},{\"@type\":\"Person\",\"@id\":\"https:\/\/copilarie.org\/#\/schema\/person\/d8a7619fc1964ecf029620b5f64cb0ed\",\"name\":\"copilarie.org\",\"image\":{\"@type\":\"ImageObject\",\"inLanguage\":\"ro-RO\",\"@id\":\"https:\/\/copilarie.org\/#\/schema\/person\/image\/\",\"url\":\"https:\/\/secure.gravatar.com\/avatar\/722e5984ae1b18142be482fe9581860ff615bd39f940c7d8bea3240825316d6e?s=96&d=mm&r=g\",\"contentUrl\":\"https:\/\/secure.gravatar.com\/avatar\/722e5984ae1b18142be482fe9581860ff615bd39f940c7d8bea3240825316d6e?s=96&d=mm&r=g\",\"caption\":\"copilarie.org\"}}]}<\/script>\n<!-- \/ Yoast SEO plugin. -->","yoast_head_json":{"title":"T\u00e2rgul Gaudeamus a \u00eenceput la Cluj-Napoca - Copil\u0103rie.org","robots":{"index":"index","follow":"follow","max-snippet":"max-snippet:-1","max-image-preview":"max-image-preview:large","max-video-preview":"max-video-preview:-1"},"canonical":"https:\/\/copilarie.org\/index.php\/2025\/04\/10\/targul-gaudeamus-a-inceput-la-cluj-napoca\/","og_locale":"ro_RO","og_type":"article","og_title":"T\u00e2rgul Gaudeamus a \u00eenceput la Cluj-Napoca - Copil\u0103rie.org","og_description":"La Cluj a \u00eenceput o nou\u0103 edi\u021bie a T\u00e2rgului de Carte Gaudeamus Radio Rom\u00e2nia. \u00cen ciuda vremii reci, pe la cele 16 pavilioane care ad\u0103postesc standurile a peste 70 de edituri au trecut foarte mul\u021bi tineri. Mul\u021bi dintre ei au mers la t\u00e2rgul de carte direct din amfiteatrele facult\u0103\u021bilor sau din s\u0103lile de clas\u0103 ale [&hellip;]","og_url":"https:\/\/copilarie.org\/index.php\/2025\/04\/10\/targul-gaudeamus-a-inceput-la-cluj-napoca\/","og_site_name":"Copil\u0103rie.org","article_publisher":"https:\/\/www.facebook.com\/copilarie.org\/","article_published_time":"2025-04-10T11:54:02+00:00","article_modified_time":"2025-04-10T11:54:20+00:00","og_image":[{"width":2048,"height":1152,"url":"https:\/\/copilarie.org\/wp-content\/uploads\/2025\/04\/gaudeamus-.jpeg","type":"image\/jpeg"}],"author":"copilarie.org","twitter_card":"summary_large_image","twitter_creator":"@CopilarieOrg","twitter_site":"@CopilarieOrg","twitter_misc":{"Scris de":"copilarie.org","Timp estimat pentru citire":"2 minute"},"schema":{"@context":"https:\/\/schema.org","@graph":[{"@type":"WebPage","@id":"https:\/\/copilarie.org\/index.php\/2025\/04\/10\/targul-gaudeamus-a-inceput-la-cluj-napoca\/","url":"https:\/\/copilarie.org\/index.php\/2025\/04\/10\/targul-gaudeamus-a-inceput-la-cluj-napoca\/","name":"T\u00e2rgul Gaudeamus a \u00eenceput la Cluj-Napoca - Copil\u0103rie.org","isPartOf":{"@id":"https:\/\/copilarie.org\/#website"},"primaryImageOfPage":{"@id":"https:\/\/copilarie.org\/index.php\/2025\/04\/10\/targul-gaudeamus-a-inceput-la-cluj-napoca\/#primaryimage"},"image":{"@id":"https:\/\/copilarie.org\/index.php\/2025\/04\/10\/targul-gaudeamus-a-inceput-la-cluj-napoca\/#primaryimage"},"thumbnailUrl":"https:\/\/copilarie.org\/wp-content\/uploads\/2025\/04\/gaudeamus-.jpeg","datePublished":"2025-04-10T11:54:02+00:00","dateModified":"2025-04-10T11:54:20+00:00","author":{"@id":"https:\/\/copilarie.org\/#\/schema\/person\/d8a7619fc1964ecf029620b5f64cb0ed"},"breadcrumb":{"@id":"https:\/\/copilarie.org\/index.php\/2025\/04\/10\/targul-gaudeamus-a-inceput-la-cluj-napoca\/#breadcrumb"},"inLanguage":"ro-RO","potentialAction":[{"@type":"ReadAction","target":["https:\/\/copilarie.org\/index.php\/2025\/04\/10\/targul-gaudeamus-a-inceput-la-cluj-napoca\/"]}]},{"@type":"ImageObject","inLanguage":"ro-RO","@id":"https:\/\/copilarie.org\/index.php\/2025\/04\/10\/targul-gaudeamus-a-inceput-la-cluj-napoca\/#primaryimage","url":"https:\/\/copilarie.org\/wp-content\/uploads\/2025\/04\/gaudeamus-.jpeg","contentUrl":"https:\/\/copilarie.org\/wp-content\/uploads\/2025\/04\/gaudeamus-.jpeg","width":2048,"height":1152},{"@type":"BreadcrumbList","@id":"https:\/\/copilarie.org\/index.php\/2025\/04\/10\/targul-gaudeamus-a-inceput-la-cluj-napoca\/#breadcrumb","itemListElement":[{"@type":"ListItem","position":1,"name":"Prima pagin\u0103","item":"https:\/\/copilarie.org\/"},{"@type":"ListItem","position":2,"name":"T\u00e2rgul Gaudeamus a \u00eenceput la Cluj-Napoca"}]},{"@type":"WebSite","@id":"https:\/\/copilarie.org\/#website","url":"https:\/\/copilarie.org\/","name":"Copil\u0103rie.org","description":"\u00cen pas cu tine","potentialAction":[{"@type":"SearchAction","target":{"@type":"EntryPoint","urlTemplate":"https:\/\/copilarie.org\/?s={search_term_string}"},"query-input":{"@type":"PropertyValueSpecification","valueRequired":true,"valueName":"search_term_string"}}],"inLanguage":"ro-RO"},{"@type":"Person","@id":"https:\/\/copilarie.org\/#\/schema\/person\/d8a7619fc1964ecf029620b5f64cb0ed","name":"copilarie.org","image":{"@type":"ImageObject","inLanguage":"ro-RO","@id":"https:\/\/copilarie.org\/#\/schema\/person\/image\/","url":"https:\/\/secure.gravatar.com\/avatar\/722e5984ae1b18142be482fe9581860ff615bd39f940c7d8bea3240825316d6e?s=96&d=mm&r=g","contentUrl":"https:\/\/secure.gravatar.com\/avatar\/722e5984ae1b18142be482fe9581860ff615bd39f940c7d8bea3240825316d6e?s=96&d=mm&r=g","caption":"copilarie.org"}}]}},"_links":{"self":[{"href":"https:\/\/copilarie.org\/index.php\/wp-json\/wp\/v2\/posts\/3351","targetHints":{"allow":["GET"]}}],"collection":[{"href":"https:\/\/copilarie.org\/index.php\/wp-json\/wp\/v2\/posts"}],"about":[{"href":"https:\/\/copilarie.org\/index.php\/wp-json\/wp\/v2\/types\/post"}],"author":[{"embeddable":true,"href":"https:\/\/copilarie.org\/index.php\/wp-json\/wp\/v2\/users\/1"}],"replies":[{"embeddable":true,"href":"https:\/\/copilarie.org\/index.php\/wp-json\/wp\/v2\/comments?post=3351"}],"version-history":[{"count":2,"href":"https:\/\/copilarie.org\/index.php\/wp-json\/wp\/v2\/posts\/3351\/revisions"}],"predecessor-version":[{"id":3354,"href":"https:\/\/copilarie.org\/index.php\/wp-json\/wp\/v2\/posts\/3351\/revisions\/3354"}],"wp:featuredmedia":[{"embeddable":true,"href":"https:\/\/copilarie.org\/index.php\/wp-json\/wp\/v2\/media\/3352"}],"wp:attachment":[{"href":"https:\/\/copilarie.org\/index.php\/wp-json\/wp\/v2\/media?parent=3351"}],"wp:term":[{"taxonomy":"category","embeddable":true,"href":"https:\/\/copilarie.org\/index.php\/wp-json\/wp\/v2\/categories?post=3351"},{"taxonomy":"post_tag","embeddable":true,"href":"https:\/\/copilarie.org\/index.php\/wp-json\/wp\/v2\/tags?post=3351"}],"curies":[{"name":"wp","href":"https:\/\/api.w.org\/{rel}","templated":true}]}}