{"id":3416,"date":"2025-06-11T10:15:19","date_gmt":"2025-06-11T10:15:19","guid":{"rendered":"https:\/\/copilarie.org\/?p=3416"},"modified":"2025-06-11T10:15:19","modified_gmt":"2025-06-11T10:15:19","slug":"gradina-n-bucate-sau-cum-sunt-conectati-producatorii-locali-cu-retelele-de-magazine","status":"publish","type":"post","link":"https:\/\/copilarie.org\/index.php\/2025\/06\/11\/gradina-n-bucate-sau-cum-sunt-conectati-producatorii-locali-cu-retelele-de-magazine\/","title":{"rendered":"\u201eGr\u0103dina-n Bucate\u201d sau cum sunt conecta\u021bi produc\u0103torii locali cu re\u021belele de magazine"},"content":{"rendered":"<p class=\"p1\"><strong>\u00centr-un moment \u00een care distan\u021ba dintre produc\u0103tor \u0219i consumator este mai mare ca oric\u00e2nd, iar \u00eencrederea \u00een sursa alimentelor devine esen\u021bial\u0103, Moldovan Carmangerie a lansat oficial, miercuri, 11 iunie, proiectul \u201eGr\u0103dina-n Bucate\u201d, o ini\u021biativ\u0103 inovatoare care aduce legumele locale de sezon, cultivate de fermieri din jude\u021bul Cluj, direct \u00een preparatele gata de servit din re\u021beaua proprie de magazine.<\/strong><\/p>\n<p class=\"p1\">Evenimentul de lansare a avut loc la Servus, The M Experience, \u00een incinta centrului de inginerie Bosch din Cluj-Napoca, \u00een prezen\u021ba reprezentan\u021bilor presei, ai institu\u021biilor locale, partenerilor fermieri \u0219i echipei Moldovan. Atmosfera a fost una autentic\u0103 \u0219i prietenoas\u0103, reflect\u00e2nd spiritul colaborativ al proiectului: apropierea real\u0103 dintre p\u0103m\u00e2nt, om \u0219i produsul final.<\/p>\n<p class=\"p1\"><strong>Din gr\u0103din\u0103 \u00een farfurie \u2013 f\u0103r\u0103 ocoli\u0219uri<\/strong><\/p>\n<p class=\"p1\">\n\u201eGr\u0103dina-n Bucate\u201d este un model func\u021bional de colaborare \u00eentre fermieri \u0219i procesatori locali, bazat pe lan\u021bul scurt de aprovizionare: f\u0103r\u0103 intermediari, f\u0103r\u0103 drumuri lungi, f\u0103r\u0103 compromisuri. Legumele ajung direct de la fermier \u00een buc\u0103t\u0103riile de produc\u021bie Moldovan Carmangerie, iar de acolo \u00een preparate familiare \u0219i \u00eendr\u0103gite de clien\u021bi, precum ciorbe, salate \u0219i garnituri.<\/p>\n<p class=\"p1\">\u201ePentru noi, proiectul \u00eenseamn\u0103 \u00een primul r\u00e2nd \u00eencredere. \u00cen fermieri, \u00een calitatea ingredientelor locale, \u00een gustul autentic. Nu am vrut s\u0103 cre\u0103m o linie special\u0103 de produse \u00abde fi\u021be\u00bb, ci s\u0103 integr\u0103m normalitatea \u00een re\u021bete cunoscute, cu ingrediente din vecin\u0103tate\u201d, a declarat Cosmin Moldovan, directorul general al Moldovan Carmangerie.<\/p>\n<p class=\"p1\"><strong>Parteneriate locale, impact real<\/strong><\/p>\n<p class=\"p1\">\nFermierii implica\u021bi \u00een proiect au fost selecta\u021bi pe baza proximit\u0103\u021bii fa\u021b\u0103 de punctele de lucru Moldovan Carmangerie (50 &#8211; 75 de km), a capacit\u0103\u021bii de livrare \u0219i a diversit\u0103\u021bii culturilor. Fiecare dintre ace\u0219tia a devenit parte a unui lan\u021b transparent \u0219i sustenabil, care ofer\u0103 nu doar stabilitate economic\u0103, ci \u0219i recunoa\u0219tere social\u0103.<\/p>\n<p class=\"p1\">\u201ePentru noi, e o oportunitate. Avem un partener care ne valorific\u0103 munca \u0219i ne ofer\u0103 siguran\u021b\u0103. Nu livr\u0103m doar materie prim\u0103, ci contribuim direct la un produs finit de calitate, s\u0103n\u0103tos, apreciat de clien\u021bi\u201d, a spus Alina Nedelu\u0219, Bioculture, unul dintre fermierii parteneri.<\/p>\n<p class=\"p1\">Evenimentul a fost organizat \u00een cadrul proiectului \u201eDezvoltarea cooper\u0103rii \u00eentre actorii locali pe baza conceptului de pia\u021b\u0103 local\u0103 exclusiv prin lan\u021bul scurt de aprovizionare \u00een municipiul Cluj-Napoca\u201d, finan\u021bat prin PNDR \u2013 Subm\u0103sura 16.4. Proiectul este coordonat de Moldovan Carmangerie, \u00een calitate de lider de parteneriat.<\/p>\n<p class=\"p1\">Fondat\u0103 \u00een 1994, compania Moldovan Carmangerie este ast\u0103zi unul dintre cei mai respecta\u021bi produc\u0103tori locali de preparate din carne, cu o re\u021bea de 36 de magazine \u00een jude\u021bul Cluj, o baz\u0103 solid\u0103 de clien\u021bi \u0219i o reputa\u021bie construit\u0103 pe calitate, transparen\u021b\u0103 \u0219i gust autentic.<\/p>\n","protected":false},"excerpt":{"rendered":"<p>\u00centr-un moment \u00een care distan\u021ba dintre produc\u0103tor \u0219i consumator este mai mare ca oric\u00e2nd, iar \u00eencrederea \u00een sursa alimentelor devine esen\u021bial\u0103, Moldovan Carmangerie a lansat oficial, miercuri, 11 iunie, proiectul \u201eGr\u0103dina-n Bucate\u201d, o ini\u021biativ\u0103 inovatoare care aduce legumele locale de sezon, cultivate de fermieri din jude\u021bul Cluj, direct \u00een preparatele gata de servit din re\u021beaua [&hellip;]<\/p>\n","protected":false},"author":1,"featured_media":3417,"comment_status":"open","ping_status":"open","sticky":false,"template":"","format":"standard","meta":{"footnotes":""},"categories":[1,2],"tags":[333,24,452,344,453,345],"class_list":{"0":"post-3416","1":"post","2":"type-post","3":"status-publish","4":"format-standard","5":"has-post-thumbnail","7":"category-acasa","8":"category-featured","9":"tag-claudiu-padurean","10":"tag-copilarie-org","11":"tag-gradina-n-bucate","12":"tag-news","13":"tag-producatori-locali","14":"tag-stiri"},"yoast_head":"<!-- This site is optimized with the Yoast SEO plugin v23.6 - https:\/\/yoast.com\/wordpress\/plugins\/seo\/ -->\n<title>\u201eGr\u0103dina-n Bucate\u201d sau cum sunt conecta\u021bi produc\u0103torii locali cu re\u021belele de magazine - Copil\u0103rie.org<\/title>\n<meta name=\"robots\" content=\"index, follow, max-snippet:-1, max-image-preview:large, max-video-preview:-1\" \/>\n<link rel=\"canonical\" href=\"https:\/\/copilarie.org\/index.php\/2025\/06\/11\/gradina-n-bucate-sau-cum-sunt-conectati-producatorii-locali-cu-retelele-de-magazine\/\" \/>\n<meta property=\"og:locale\" content=\"ro_RO\" \/>\n<meta property=\"og:type\" content=\"article\" \/>\n<meta property=\"og:title\" content=\"\u201eGr\u0103dina-n Bucate\u201d sau cum sunt conecta\u021bi produc\u0103torii locali cu re\u021belele de magazine - Copil\u0103rie.org\" \/>\n<meta property=\"og:description\" content=\"\u00centr-un moment \u00een care distan\u021ba dintre produc\u0103tor \u0219i consumator este mai mare ca oric\u00e2nd, iar \u00eencrederea \u00een sursa alimentelor devine esen\u021bial\u0103, Moldovan Carmangerie a lansat oficial, miercuri, 11 iunie, proiectul \u201eGr\u0103dina-n Bucate\u201d, o ini\u021biativ\u0103 inovatoare care aduce legumele locale de sezon, cultivate de fermieri din jude\u021bul Cluj, direct \u00een preparatele gata de servit din re\u021beaua [&hellip;]\" \/>\n<meta property=\"og:url\" content=\"https:\/\/copilarie.org\/index.php\/2025\/06\/11\/gradina-n-bucate-sau-cum-sunt-conectati-producatorii-locali-cu-retelele-de-magazine\/\" \/>\n<meta property=\"og:site_name\" content=\"Copil\u0103rie.org\" \/>\n<meta property=\"article:publisher\" content=\"https:\/\/www.facebook.com\/copilarie.org\/\" \/>\n<meta property=\"article:published_time\" content=\"2025-06-11T10:15:19+00:00\" \/>\n<meta property=\"og:image\" content=\"https:\/\/copilarie.org\/wp-content\/uploads\/2025\/06\/moldovan-scaled.jpg\" \/>\n\t<meta property=\"og:image:width\" content=\"1707\" \/>\n\t<meta property=\"og:image:height\" content=\"2560\" \/>\n\t<meta property=\"og:image:type\" content=\"image\/jpeg\" \/>\n<meta name=\"author\" content=\"copilarie.org\" \/>\n<meta name=\"twitter:card\" content=\"summary_large_image\" \/>\n<meta name=\"twitter:creator\" content=\"@CopilarieOrg\" \/>\n<meta name=\"twitter:site\" content=\"@CopilarieOrg\" \/>\n<meta name=\"twitter:label1\" content=\"Scris de\" \/>\n\t<meta name=\"twitter:data1\" content=\"copilarie.org\" \/>\n\t<meta name=\"twitter:label2\" content=\"Timp estimat pentru citire\" \/>\n\t<meta name=\"twitter:data2\" content=\"3 minute\" \/>\n<script type=\"application\/ld+json\" class=\"yoast-schema-graph\">{\"@context\":\"https:\/\/schema.org\",\"@graph\":[{\"@type\":\"WebPage\",\"@id\":\"https:\/\/copilarie.org\/index.php\/2025\/06\/11\/gradina-n-bucate-sau-cum-sunt-conectati-producatorii-locali-cu-retelele-de-magazine\/\",\"url\":\"https:\/\/copilarie.org\/index.php\/2025\/06\/11\/gradina-n-bucate-sau-cum-sunt-conectati-producatorii-locali-cu-retelele-de-magazine\/\",\"name\":\"\u201eGr\u0103dina-n Bucate\u201d sau cum sunt conecta\u021bi produc\u0103torii locali cu re\u021belele de magazine - Copil\u0103rie.org\",\"isPartOf\":{\"@id\":\"https:\/\/copilarie.org\/#website\"},\"primaryImageOfPage\":{\"@id\":\"https:\/\/copilarie.org\/index.php\/2025\/06\/11\/gradina-n-bucate-sau-cum-sunt-conectati-producatorii-locali-cu-retelele-de-magazine\/#primaryimage\"},\"image\":{\"@id\":\"https:\/\/copilarie.org\/index.php\/2025\/06\/11\/gradina-n-bucate-sau-cum-sunt-conectati-producatorii-locali-cu-retelele-de-magazine\/#primaryimage\"},\"thumbnailUrl\":\"https:\/\/copilarie.org\/wp-content\/uploads\/2025\/06\/moldovan-scaled.jpg\",\"datePublished\":\"2025-06-11T10:15:19+00:00\",\"dateModified\":\"2025-06-11T10:15:19+00:00\",\"author\":{\"@id\":\"https:\/\/copilarie.org\/#\/schema\/person\/d8a7619fc1964ecf029620b5f64cb0ed\"},\"breadcrumb\":{\"@id\":\"https:\/\/copilarie.org\/index.php\/2025\/06\/11\/gradina-n-bucate-sau-cum-sunt-conectati-producatorii-locali-cu-retelele-de-magazine\/#breadcrumb\"},\"inLanguage\":\"ro-RO\",\"potentialAction\":[{\"@type\":\"ReadAction\",\"target\":[\"https:\/\/copilarie.org\/index.php\/2025\/06\/11\/gradina-n-bucate-sau-cum-sunt-conectati-producatorii-locali-cu-retelele-de-magazine\/\"]}]},{\"@type\":\"ImageObject\",\"inLanguage\":\"ro-RO\",\"@id\":\"https:\/\/copilarie.org\/index.php\/2025\/06\/11\/gradina-n-bucate-sau-cum-sunt-conectati-producatorii-locali-cu-retelele-de-magazine\/#primaryimage\",\"url\":\"https:\/\/copilarie.org\/wp-content\/uploads\/2025\/06\/moldovan-scaled.jpg\",\"contentUrl\":\"https:\/\/copilarie.org\/wp-content\/uploads\/2025\/06\/moldovan-scaled.jpg\",\"width\":1707,\"height\":2560},{\"@type\":\"BreadcrumbList\",\"@id\":\"https:\/\/copilarie.org\/index.php\/2025\/06\/11\/gradina-n-bucate-sau-cum-sunt-conectati-producatorii-locali-cu-retelele-de-magazine\/#breadcrumb\",\"itemListElement\":[{\"@type\":\"ListItem\",\"position\":1,\"name\":\"Prima pagin\u0103\",\"item\":\"https:\/\/copilarie.org\/\"},{\"@type\":\"ListItem\",\"position\":2,\"name\":\"\u201eGr\u0103dina-n Bucate\u201d sau cum sunt conecta\u021bi produc\u0103torii locali cu re\u021belele de magazine\"}]},{\"@type\":\"WebSite\",\"@id\":\"https:\/\/copilarie.org\/#website\",\"url\":\"https:\/\/copilarie.org\/\",\"name\":\"Copil\u0103rie.org\",\"description\":\"\u00cen pas cu tine\",\"potentialAction\":[{\"@type\":\"SearchAction\",\"target\":{\"@type\":\"EntryPoint\",\"urlTemplate\":\"https:\/\/copilarie.org\/?s={search_term_string}\"},\"query-input\":{\"@type\":\"PropertyValueSpecification\",\"valueRequired\":true,\"valueName\":\"search_term_string\"}}],\"inLanguage\":\"ro-RO\"},{\"@type\":\"Person\",\"@id\":\"https:\/\/copilarie.org\/#\/schema\/person\/d8a7619fc1964ecf029620b5f64cb0ed\",\"name\":\"copilarie.org\",\"image\":{\"@type\":\"ImageObject\",\"inLanguage\":\"ro-RO\",\"@id\":\"https:\/\/copilarie.org\/#\/schema\/person\/image\/\",\"url\":\"https:\/\/secure.gravatar.com\/avatar\/722e5984ae1b18142be482fe9581860ff615bd39f940c7d8bea3240825316d6e?s=96&d=mm&r=g\",\"contentUrl\":\"https:\/\/secure.gravatar.com\/avatar\/722e5984ae1b18142be482fe9581860ff615bd39f940c7d8bea3240825316d6e?s=96&d=mm&r=g\",\"caption\":\"copilarie.org\"}}]}<\/script>\n<!-- \/ Yoast SEO plugin. -->","yoast_head_json":{"title":"\u201eGr\u0103dina-n Bucate\u201d sau cum sunt conecta\u021bi produc\u0103torii locali cu re\u021belele de magazine - Copil\u0103rie.org","robots":{"index":"index","follow":"follow","max-snippet":"max-snippet:-1","max-image-preview":"max-image-preview:large","max-video-preview":"max-video-preview:-1"},"canonical":"https:\/\/copilarie.org\/index.php\/2025\/06\/11\/gradina-n-bucate-sau-cum-sunt-conectati-producatorii-locali-cu-retelele-de-magazine\/","og_locale":"ro_RO","og_type":"article","og_title":"\u201eGr\u0103dina-n Bucate\u201d sau cum sunt conecta\u021bi produc\u0103torii locali cu re\u021belele de magazine - Copil\u0103rie.org","og_description":"\u00centr-un moment \u00een care distan\u021ba dintre produc\u0103tor \u0219i consumator este mai mare ca oric\u00e2nd, iar \u00eencrederea \u00een sursa alimentelor devine esen\u021bial\u0103, Moldovan Carmangerie a lansat oficial, miercuri, 11 iunie, proiectul \u201eGr\u0103dina-n Bucate\u201d, o ini\u021biativ\u0103 inovatoare care aduce legumele locale de sezon, cultivate de fermieri din jude\u021bul Cluj, direct \u00een preparatele gata de servit din re\u021beaua [&hellip;]","og_url":"https:\/\/copilarie.org\/index.php\/2025\/06\/11\/gradina-n-bucate-sau-cum-sunt-conectati-producatorii-locali-cu-retelele-de-magazine\/","og_site_name":"Copil\u0103rie.org","article_publisher":"https:\/\/www.facebook.com\/copilarie.org\/","article_published_time":"2025-06-11T10:15:19+00:00","og_image":[{"width":1707,"height":2560,"url":"https:\/\/copilarie.org\/wp-content\/uploads\/2025\/06\/moldovan-scaled.jpg","type":"image\/jpeg"}],"author":"copilarie.org","twitter_card":"summary_large_image","twitter_creator":"@CopilarieOrg","twitter_site":"@CopilarieOrg","twitter_misc":{"Scris de":"copilarie.org","Timp estimat pentru citire":"3 minute"},"schema":{"@context":"https:\/\/schema.org","@graph":[{"@type":"WebPage","@id":"https:\/\/copilarie.org\/index.php\/2025\/06\/11\/gradina-n-bucate-sau-cum-sunt-conectati-producatorii-locali-cu-retelele-de-magazine\/","url":"https:\/\/copilarie.org\/index.php\/2025\/06\/11\/gradina-n-bucate-sau-cum-sunt-conectati-producatorii-locali-cu-retelele-de-magazine\/","name":"\u201eGr\u0103dina-n Bucate\u201d sau cum sunt conecta\u021bi produc\u0103torii locali cu re\u021belele de magazine - Copil\u0103rie.org","isPartOf":{"@id":"https:\/\/copilarie.org\/#website"},"primaryImageOfPage":{"@id":"https:\/\/copilarie.org\/index.php\/2025\/06\/11\/gradina-n-bucate-sau-cum-sunt-conectati-producatorii-locali-cu-retelele-de-magazine\/#primaryimage"},"image":{"@id":"https:\/\/copilarie.org\/index.php\/2025\/06\/11\/gradina-n-bucate-sau-cum-sunt-conectati-producatorii-locali-cu-retelele-de-magazine\/#primaryimage"},"thumbnailUrl":"https:\/\/copilarie.org\/wp-content\/uploads\/2025\/06\/moldovan-scaled.jpg","datePublished":"2025-06-11T10:15:19+00:00","dateModified":"2025-06-11T10:15:19+00:00","author":{"@id":"https:\/\/copilarie.org\/#\/schema\/person\/d8a7619fc1964ecf029620b5f64cb0ed"},"breadcrumb":{"@id":"https:\/\/copilarie.org\/index.php\/2025\/06\/11\/gradina-n-bucate-sau-cum-sunt-conectati-producatorii-locali-cu-retelele-de-magazine\/#breadcrumb"},"inLanguage":"ro-RO","potentialAction":[{"@type":"ReadAction","target":["https:\/\/copilarie.org\/index.php\/2025\/06\/11\/gradina-n-bucate-sau-cum-sunt-conectati-producatorii-locali-cu-retelele-de-magazine\/"]}]},{"@type":"ImageObject","inLanguage":"ro-RO","@id":"https:\/\/copilarie.org\/index.php\/2025\/06\/11\/gradina-n-bucate-sau-cum-sunt-conectati-producatorii-locali-cu-retelele-de-magazine\/#primaryimage","url":"https:\/\/copilarie.org\/wp-content\/uploads\/2025\/06\/moldovan-scaled.jpg","contentUrl":"https:\/\/copilarie.org\/wp-content\/uploads\/2025\/06\/moldovan-scaled.jpg","width":1707,"height":2560},{"@type":"BreadcrumbList","@id":"https:\/\/copilarie.org\/index.php\/2025\/06\/11\/gradina-n-bucate-sau-cum-sunt-conectati-producatorii-locali-cu-retelele-de-magazine\/#breadcrumb","itemListElement":[{"@type":"ListItem","position":1,"name":"Prima pagin\u0103","item":"https:\/\/copilarie.org\/"},{"@type":"ListItem","position":2,"name":"\u201eGr\u0103dina-n Bucate\u201d sau cum sunt conecta\u021bi produc\u0103torii locali cu re\u021belele de magazine"}]},{"@type":"WebSite","@id":"https:\/\/copilarie.org\/#website","url":"https:\/\/copilarie.org\/","name":"Copil\u0103rie.org","description":"\u00cen pas cu tine","potentialAction":[{"@type":"SearchAction","target":{"@type":"EntryPoint","urlTemplate":"https:\/\/copilarie.org\/?s={search_term_string}"},"query-input":{"@type":"PropertyValueSpecification","valueRequired":true,"valueName":"search_term_string"}}],"inLanguage":"ro-RO"},{"@type":"Person","@id":"https:\/\/copilarie.org\/#\/schema\/person\/d8a7619fc1964ecf029620b5f64cb0ed","name":"copilarie.org","image":{"@type":"ImageObject","inLanguage":"ro-RO","@id":"https:\/\/copilarie.org\/#\/schema\/person\/image\/","url":"https:\/\/secure.gravatar.com\/avatar\/722e5984ae1b18142be482fe9581860ff615bd39f940c7d8bea3240825316d6e?s=96&d=mm&r=g","contentUrl":"https:\/\/secure.gravatar.com\/avatar\/722e5984ae1b18142be482fe9581860ff615bd39f940c7d8bea3240825316d6e?s=96&d=mm&r=g","caption":"copilarie.org"}}]}},"_links":{"self":[{"href":"https:\/\/copilarie.org\/index.php\/wp-json\/wp\/v2\/posts\/3416","targetHints":{"allow":["GET"]}}],"collection":[{"href":"https:\/\/copilarie.org\/index.php\/wp-json\/wp\/v2\/posts"}],"about":[{"href":"https:\/\/copilarie.org\/index.php\/wp-json\/wp\/v2\/types\/post"}],"author":[{"embeddable":true,"href":"https:\/\/copilarie.org\/index.php\/wp-json\/wp\/v2\/users\/1"}],"replies":[{"embeddable":true,"href":"https:\/\/copilarie.org\/index.php\/wp-json\/wp\/v2\/comments?post=3416"}],"version-history":[{"count":1,"href":"https:\/\/copilarie.org\/index.php\/wp-json\/wp\/v2\/posts\/3416\/revisions"}],"predecessor-version":[{"id":3418,"href":"https:\/\/copilarie.org\/index.php\/wp-json\/wp\/v2\/posts\/3416\/revisions\/3418"}],"wp:featuredmedia":[{"embeddable":true,"href":"https:\/\/copilarie.org\/index.php\/wp-json\/wp\/v2\/media\/3417"}],"wp:attachment":[{"href":"https:\/\/copilarie.org\/index.php\/wp-json\/wp\/v2\/media?parent=3416"}],"wp:term":[{"taxonomy":"category","embeddable":true,"href":"https:\/\/copilarie.org\/index.php\/wp-json\/wp\/v2\/categories?post=3416"},{"taxonomy":"post_tag","embeddable":true,"href":"https:\/\/copilarie.org\/index.php\/wp-json\/wp\/v2\/tags?post=3416"}],"curies":[{"name":"wp","href":"https:\/\/api.w.org\/{rel}","templated":true}]}}