{"id":3430,"date":"2025-06-21T09:23:51","date_gmt":"2025-06-21T09:23:51","guid":{"rendered":"https:\/\/copilarie.org\/?p=3430"},"modified":"2025-07-21T09:24:05","modified_gmt":"2025-07-21T09:24:05","slug":"proiect-educational-complex-gazduit-de-scoala-pelaghia-rosu-din-marisel","status":"publish","type":"post","link":"https:\/\/copilarie.org\/index.php\/2025\/06\/21\/proiect-educational-complex-gazduit-de-scoala-pelaghia-rosu-din-marisel\/","title":{"rendered":"Proiect educa\u021bional complex, g\u0103zduit de \u0218coala \u201dPelaghia Ro\u0219u\u201d din M\u0103ri\u0219el"},"content":{"rendered":"<p><strong>\u0218coala Gimnazial\u0103 \u201dPelaghia Ro\u0219u\u201d din M\u0103ri\u0219el a g\u0103zduit un proiect educa\u021bional complex, organizat \u00een parteneriat cu Terocart Academy. \u00cen cadrul acestui proiect, elevii \u0219colii din inima Mun\u021bilor Apuseni au avut ocazia s\u0103 participe la ateliere de profil, organizate de psihologul Mihaela Fedele\u0219 \u0219i de pre\u0219edintele Terocart Academy, jurista Ramona S\u0103pl\u0103can. Atelierele de lucru au avut drept menire identificarea abilit\u0103\u021bilor fiec\u0103rui copil \u00een parte, precum \u0219i educarea informal\u0103 a celor mici.<\/strong><\/p>\n<p>Astfel, ei au avut ocazia s\u0103 vizioneze documentarul \u201dMaria, Inima Rom\u00e2niei\u201d, realizat de echipa de cinea\u0219ti John Florescu &#8211; Dan Dr\u0103ghicescu. Acest documentar ilustreaz\u0103 rolul istoric al Reginei Marii Uniri, \u00een contextul \u00eemplinirii unui secol \u0219i jum\u0103tate de la na\u0219terea sa.<\/p>\n<p>Proiectul a fost posibil datorit\u0103 sprijinului oferit de directoarea \u0218colii Gimnaziale \u201dPelaghia Ro\u0219u\u201d, prof. Mariana Hetea, a dirigin\u021bilor Olga Abrudan, Adriana Ghic, Daniel Hetea \u0219i Larisa Bordea, a consilierului \u0219colar Beatrix Perde \u0219i a profesorului Vlad Moldovan.<\/p>\n","protected":false},"excerpt":{"rendered":"<p>\u0218coala Gimnazial\u0103 \u201dPelaghia Ro\u0219u\u201d din M\u0103ri\u0219el a g\u0103zduit un proiect educa\u021bional complex, organizat \u00een parteneriat cu Terocart Academy. \u00cen cadrul acestui proiect, elevii \u0219colii din inima Mun\u021bilor Apuseni au avut ocazia s\u0103 participe la ateliere de profil, organizate de psihologul Mihaela Fedele\u0219 \u0219i de pre\u0219edintele Terocart Academy, jurista Ramona S\u0103pl\u0103can. Atelierele de lucru au avut [&hellip;]<\/p>\n","protected":false},"author":6,"featured_media":3431,"comment_status":"open","ping_status":"open","sticky":false,"template":"","format":"standard","meta":{"footnotes":""},"categories":[1,19],"tags":[333,25,24,39,457],"class_list":{"0":"post-3430","1":"post","2":"type-post","3":"status-publish","4":"format-standard","5":"has-post-thumbnail","7":"category-acasa","8":"category-stiri","9":"tag-claudiu-padurean","10":"tag-copii","11":"tag-copilarie-org","12":"tag-marisel","13":"tag-scoala-gimnaziala-pelaghia-rosu"},"yoast_head":"<!-- This site is optimized with the Yoast SEO plugin v23.6 - https:\/\/yoast.com\/wordpress\/plugins\/seo\/ -->\n<title>Proiect educa\u021bional complex, g\u0103zduit de \u0218coala \u201dPelaghia Ro\u0219u\u201d din M\u0103ri\u0219el - Copil\u0103rie.org<\/title>\n<meta name=\"robots\" content=\"index, follow, max-snippet:-1, max-image-preview:large, max-video-preview:-1\" \/>\n<link rel=\"canonical\" href=\"https:\/\/copilarie.org\/index.php\/2025\/06\/21\/proiect-educational-complex-gazduit-de-scoala-pelaghia-rosu-din-marisel\/\" \/>\n<meta property=\"og:locale\" content=\"ro_RO\" \/>\n<meta property=\"og:type\" content=\"article\" \/>\n<meta property=\"og:title\" content=\"Proiect educa\u021bional complex, g\u0103zduit de \u0218coala \u201dPelaghia Ro\u0219u\u201d din M\u0103ri\u0219el - Copil\u0103rie.org\" \/>\n<meta property=\"og:description\" content=\"\u0218coala Gimnazial\u0103 \u201dPelaghia Ro\u0219u\u201d din M\u0103ri\u0219el a g\u0103zduit un proiect educa\u021bional complex, organizat \u00een parteneriat cu Terocart Academy. \u00cen cadrul acestui proiect, elevii \u0219colii din inima Mun\u021bilor Apuseni au avut ocazia s\u0103 participe la ateliere de profil, organizate de psihologul Mihaela Fedele\u0219 \u0219i de pre\u0219edintele Terocart Academy, jurista Ramona S\u0103pl\u0103can. Atelierele de lucru au avut [&hellip;]\" \/>\n<meta property=\"og:url\" content=\"https:\/\/copilarie.org\/index.php\/2025\/06\/21\/proiect-educational-complex-gazduit-de-scoala-pelaghia-rosu-din-marisel\/\" \/>\n<meta property=\"og:site_name\" content=\"Copil\u0103rie.org\" \/>\n<meta property=\"article:publisher\" content=\"https:\/\/www.facebook.com\/copilarie.org\/\" \/>\n<meta property=\"article:published_time\" content=\"2025-06-21T09:23:51+00:00\" \/>\n<meta property=\"article:modified_time\" content=\"2025-07-21T09:24:05+00:00\" \/>\n<meta property=\"og:image\" content=\"https:\/\/copilarie.org\/wp-content\/uploads\/2025\/07\/marisel.jpeg\" \/>\n\t<meta property=\"og:image:width\" content=\"2048\" \/>\n\t<meta property=\"og:image:height\" content=\"1536\" \/>\n\t<meta property=\"og:image:type\" content=\"image\/jpeg\" \/>\n<meta name=\"author\" content=\"Claudiu Padurean\" \/>\n<meta name=\"twitter:card\" content=\"summary_large_image\" \/>\n<meta name=\"twitter:creator\" content=\"@CopilarieOrg\" \/>\n<meta name=\"twitter:site\" content=\"@CopilarieOrg\" \/>\n<meta name=\"twitter:label1\" content=\"Scris de\" \/>\n\t<meta name=\"twitter:data1\" content=\"Claudiu Padurean\" \/>\n\t<meta name=\"twitter:label2\" content=\"Timp estimat pentru citire\" \/>\n\t<meta name=\"twitter:data2\" content=\"2 minute\" \/>\n<script type=\"application\/ld+json\" class=\"yoast-schema-graph\">{\"@context\":\"https:\/\/schema.org\",\"@graph\":[{\"@type\":\"WebPage\",\"@id\":\"https:\/\/copilarie.org\/index.php\/2025\/06\/21\/proiect-educational-complex-gazduit-de-scoala-pelaghia-rosu-din-marisel\/\",\"url\":\"https:\/\/copilarie.org\/index.php\/2025\/06\/21\/proiect-educational-complex-gazduit-de-scoala-pelaghia-rosu-din-marisel\/\",\"name\":\"Proiect educa\u021bional complex, g\u0103zduit de \u0218coala \u201dPelaghia Ro\u0219u\u201d din M\u0103ri\u0219el - Copil\u0103rie.org\",\"isPartOf\":{\"@id\":\"https:\/\/copilarie.org\/#website\"},\"primaryImageOfPage\":{\"@id\":\"https:\/\/copilarie.org\/index.php\/2025\/06\/21\/proiect-educational-complex-gazduit-de-scoala-pelaghia-rosu-din-marisel\/#primaryimage\"},\"image\":{\"@id\":\"https:\/\/copilarie.org\/index.php\/2025\/06\/21\/proiect-educational-complex-gazduit-de-scoala-pelaghia-rosu-din-marisel\/#primaryimage\"},\"thumbnailUrl\":\"https:\/\/copilarie.org\/wp-content\/uploads\/2025\/07\/marisel.jpeg\",\"datePublished\":\"2025-06-21T09:23:51+00:00\",\"dateModified\":\"2025-07-21T09:24:05+00:00\",\"author\":{\"@id\":\"https:\/\/copilarie.org\/#\/schema\/person\/cc68df24fe273441f59111720355e6d7\"},\"breadcrumb\":{\"@id\":\"https:\/\/copilarie.org\/index.php\/2025\/06\/21\/proiect-educational-complex-gazduit-de-scoala-pelaghia-rosu-din-marisel\/#breadcrumb\"},\"inLanguage\":\"ro-RO\",\"potentialAction\":[{\"@type\":\"ReadAction\",\"target\":[\"https:\/\/copilarie.org\/index.php\/2025\/06\/21\/proiect-educational-complex-gazduit-de-scoala-pelaghia-rosu-din-marisel\/\"]}]},{\"@type\":\"ImageObject\",\"inLanguage\":\"ro-RO\",\"@id\":\"https:\/\/copilarie.org\/index.php\/2025\/06\/21\/proiect-educational-complex-gazduit-de-scoala-pelaghia-rosu-din-marisel\/#primaryimage\",\"url\":\"https:\/\/copilarie.org\/wp-content\/uploads\/2025\/07\/marisel.jpeg\",\"contentUrl\":\"https:\/\/copilarie.org\/wp-content\/uploads\/2025\/07\/marisel.jpeg\",\"width\":2048,\"height\":1536},{\"@type\":\"BreadcrumbList\",\"@id\":\"https:\/\/copilarie.org\/index.php\/2025\/06\/21\/proiect-educational-complex-gazduit-de-scoala-pelaghia-rosu-din-marisel\/#breadcrumb\",\"itemListElement\":[{\"@type\":\"ListItem\",\"position\":1,\"name\":\"Prima pagin\u0103\",\"item\":\"https:\/\/copilarie.org\/\"},{\"@type\":\"ListItem\",\"position\":2,\"name\":\"Proiect educa\u021bional complex, g\u0103zduit de \u0218coala \u201dPelaghia Ro\u0219u\u201d din M\u0103ri\u0219el\"}]},{\"@type\":\"WebSite\",\"@id\":\"https:\/\/copilarie.org\/#website\",\"url\":\"https:\/\/copilarie.org\/\",\"name\":\"Copil\u0103rie.org\",\"description\":\"\u00cen pas cu tine\",\"potentialAction\":[{\"@type\":\"SearchAction\",\"target\":{\"@type\":\"EntryPoint\",\"urlTemplate\":\"https:\/\/copilarie.org\/?s={search_term_string}\"},\"query-input\":{\"@type\":\"PropertyValueSpecification\",\"valueRequired\":true,\"valueName\":\"search_term_string\"}}],\"inLanguage\":\"ro-RO\"},{\"@type\":\"Person\",\"@id\":\"https:\/\/copilarie.org\/#\/schema\/person\/cc68df24fe273441f59111720355e6d7\",\"name\":\"Claudiu Padurean\",\"image\":{\"@type\":\"ImageObject\",\"inLanguage\":\"ro-RO\",\"@id\":\"https:\/\/copilarie.org\/#\/schema\/person\/image\/\",\"url\":\"https:\/\/secure.gravatar.com\/avatar\/f254259557f5b35053cf76205615a03f17a29fe60ac58ed31adacef6a3f612f9?s=96&d=mm&r=g\",\"contentUrl\":\"https:\/\/secure.gravatar.com\/avatar\/f254259557f5b35053cf76205615a03f17a29fe60ac58ed31adacef6a3f612f9?s=96&d=mm&r=g\",\"caption\":\"Claudiu Padurean\"}}]}<\/script>\n<!-- \/ Yoast SEO plugin. -->","yoast_head_json":{"title":"Proiect educa\u021bional complex, g\u0103zduit de \u0218coala \u201dPelaghia Ro\u0219u\u201d din M\u0103ri\u0219el - Copil\u0103rie.org","robots":{"index":"index","follow":"follow","max-snippet":"max-snippet:-1","max-image-preview":"max-image-preview:large","max-video-preview":"max-video-preview:-1"},"canonical":"https:\/\/copilarie.org\/index.php\/2025\/06\/21\/proiect-educational-complex-gazduit-de-scoala-pelaghia-rosu-din-marisel\/","og_locale":"ro_RO","og_type":"article","og_title":"Proiect educa\u021bional complex, g\u0103zduit de \u0218coala \u201dPelaghia Ro\u0219u\u201d din M\u0103ri\u0219el - Copil\u0103rie.org","og_description":"\u0218coala Gimnazial\u0103 \u201dPelaghia Ro\u0219u\u201d din M\u0103ri\u0219el a g\u0103zduit un proiect educa\u021bional complex, organizat \u00een parteneriat cu Terocart Academy. \u00cen cadrul acestui proiect, elevii \u0219colii din inima Mun\u021bilor Apuseni au avut ocazia s\u0103 participe la ateliere de profil, organizate de psihologul Mihaela Fedele\u0219 \u0219i de pre\u0219edintele Terocart Academy, jurista Ramona S\u0103pl\u0103can. Atelierele de lucru au avut [&hellip;]","og_url":"https:\/\/copilarie.org\/index.php\/2025\/06\/21\/proiect-educational-complex-gazduit-de-scoala-pelaghia-rosu-din-marisel\/","og_site_name":"Copil\u0103rie.org","article_publisher":"https:\/\/www.facebook.com\/copilarie.org\/","article_published_time":"2025-06-21T09:23:51+00:00","article_modified_time":"2025-07-21T09:24:05+00:00","og_image":[{"width":2048,"height":1536,"url":"https:\/\/copilarie.org\/wp-content\/uploads\/2025\/07\/marisel.jpeg","type":"image\/jpeg"}],"author":"Claudiu Padurean","twitter_card":"summary_large_image","twitter_creator":"@CopilarieOrg","twitter_site":"@CopilarieOrg","twitter_misc":{"Scris de":"Claudiu Padurean","Timp estimat pentru citire":"2 minute"},"schema":{"@context":"https:\/\/schema.org","@graph":[{"@type":"WebPage","@id":"https:\/\/copilarie.org\/index.php\/2025\/06\/21\/proiect-educational-complex-gazduit-de-scoala-pelaghia-rosu-din-marisel\/","url":"https:\/\/copilarie.org\/index.php\/2025\/06\/21\/proiect-educational-complex-gazduit-de-scoala-pelaghia-rosu-din-marisel\/","name":"Proiect educa\u021bional complex, g\u0103zduit de \u0218coala \u201dPelaghia Ro\u0219u\u201d din M\u0103ri\u0219el - Copil\u0103rie.org","isPartOf":{"@id":"https:\/\/copilarie.org\/#website"},"primaryImageOfPage":{"@id":"https:\/\/copilarie.org\/index.php\/2025\/06\/21\/proiect-educational-complex-gazduit-de-scoala-pelaghia-rosu-din-marisel\/#primaryimage"},"image":{"@id":"https:\/\/copilarie.org\/index.php\/2025\/06\/21\/proiect-educational-complex-gazduit-de-scoala-pelaghia-rosu-din-marisel\/#primaryimage"},"thumbnailUrl":"https:\/\/copilarie.org\/wp-content\/uploads\/2025\/07\/marisel.jpeg","datePublished":"2025-06-21T09:23:51+00:00","dateModified":"2025-07-21T09:24:05+00:00","author":{"@id":"https:\/\/copilarie.org\/#\/schema\/person\/cc68df24fe273441f59111720355e6d7"},"breadcrumb":{"@id":"https:\/\/copilarie.org\/index.php\/2025\/06\/21\/proiect-educational-complex-gazduit-de-scoala-pelaghia-rosu-din-marisel\/#breadcrumb"},"inLanguage":"ro-RO","potentialAction":[{"@type":"ReadAction","target":["https:\/\/copilarie.org\/index.php\/2025\/06\/21\/proiect-educational-complex-gazduit-de-scoala-pelaghia-rosu-din-marisel\/"]}]},{"@type":"ImageObject","inLanguage":"ro-RO","@id":"https:\/\/copilarie.org\/index.php\/2025\/06\/21\/proiect-educational-complex-gazduit-de-scoala-pelaghia-rosu-din-marisel\/#primaryimage","url":"https:\/\/copilarie.org\/wp-content\/uploads\/2025\/07\/marisel.jpeg","contentUrl":"https:\/\/copilarie.org\/wp-content\/uploads\/2025\/07\/marisel.jpeg","width":2048,"height":1536},{"@type":"BreadcrumbList","@id":"https:\/\/copilarie.org\/index.php\/2025\/06\/21\/proiect-educational-complex-gazduit-de-scoala-pelaghia-rosu-din-marisel\/#breadcrumb","itemListElement":[{"@type":"ListItem","position":1,"name":"Prima pagin\u0103","item":"https:\/\/copilarie.org\/"},{"@type":"ListItem","position":2,"name":"Proiect educa\u021bional complex, g\u0103zduit de \u0218coala \u201dPelaghia Ro\u0219u\u201d din M\u0103ri\u0219el"}]},{"@type":"WebSite","@id":"https:\/\/copilarie.org\/#website","url":"https:\/\/copilarie.org\/","name":"Copil\u0103rie.org","description":"\u00cen pas cu tine","potentialAction":[{"@type":"SearchAction","target":{"@type":"EntryPoint","urlTemplate":"https:\/\/copilarie.org\/?s={search_term_string}"},"query-input":{"@type":"PropertyValueSpecification","valueRequired":true,"valueName":"search_term_string"}}],"inLanguage":"ro-RO"},{"@type":"Person","@id":"https:\/\/copilarie.org\/#\/schema\/person\/cc68df24fe273441f59111720355e6d7","name":"Claudiu Padurean","image":{"@type":"ImageObject","inLanguage":"ro-RO","@id":"https:\/\/copilarie.org\/#\/schema\/person\/image\/","url":"https:\/\/secure.gravatar.com\/avatar\/f254259557f5b35053cf76205615a03f17a29fe60ac58ed31adacef6a3f612f9?s=96&d=mm&r=g","contentUrl":"https:\/\/secure.gravatar.com\/avatar\/f254259557f5b35053cf76205615a03f17a29fe60ac58ed31adacef6a3f612f9?s=96&d=mm&r=g","caption":"Claudiu Padurean"}}]}},"_links":{"self":[{"href":"https:\/\/copilarie.org\/index.php\/wp-json\/wp\/v2\/posts\/3430","targetHints":{"allow":["GET"]}}],"collection":[{"href":"https:\/\/copilarie.org\/index.php\/wp-json\/wp\/v2\/posts"}],"about":[{"href":"https:\/\/copilarie.org\/index.php\/wp-json\/wp\/v2\/types\/post"}],"author":[{"embeddable":true,"href":"https:\/\/copilarie.org\/index.php\/wp-json\/wp\/v2\/users\/6"}],"replies":[{"embeddable":true,"href":"https:\/\/copilarie.org\/index.php\/wp-json\/wp\/v2\/comments?post=3430"}],"version-history":[{"count":1,"href":"https:\/\/copilarie.org\/index.php\/wp-json\/wp\/v2\/posts\/3430\/revisions"}],"predecessor-version":[{"id":3432,"href":"https:\/\/copilarie.org\/index.php\/wp-json\/wp\/v2\/posts\/3430\/revisions\/3432"}],"wp:featuredmedia":[{"embeddable":true,"href":"https:\/\/copilarie.org\/index.php\/wp-json\/wp\/v2\/media\/3431"}],"wp:attachment":[{"href":"https:\/\/copilarie.org\/index.php\/wp-json\/wp\/v2\/media?parent=3430"}],"wp:term":[{"taxonomy":"category","embeddable":true,"href":"https:\/\/copilarie.org\/index.php\/wp-json\/wp\/v2\/categories?post=3430"},{"taxonomy":"post_tag","embeddable":true,"href":"https:\/\/copilarie.org\/index.php\/wp-json\/wp\/v2\/tags?post=3430"}],"curies":[{"name":"wp","href":"https:\/\/api.w.org\/{rel}","templated":true}]}}