{"id":3600,"date":"2025-10-13T12:26:39","date_gmt":"2025-10-13T12:26:39","guid":{"rendered":"https:\/\/copilarie.org\/?p=3600"},"modified":"2025-10-13T12:26:39","modified_gmt":"2025-10-13T12:26:39","slug":"tabara-de-sporturi-montane-pentru-elevii-liceului-special-pentru-deficienti-de-vedere","status":"publish","type":"post","link":"https:\/\/copilarie.org\/index.php\/2025\/10\/13\/tabara-de-sporturi-montane-pentru-elevii-liceului-special-pentru-deficienti-de-vedere\/","title":{"rendered":"Tab\u0103r\u0103 de sporturi montane pentru elevii Liceului Special pentru Deficien\u021bi de Vedere"},"content":{"rendered":"<p style=\"font-weight: 400;\"><strong>Tab\u0103ra de sporturi montane pentru elevii Liceului Special pentru Deficien\u021bi de Vedere Cluj-Napoca a ajuns la cea de-a zecea edi\u021bie.<\/strong><\/p>\n<p style=\"font-weight: 400;\">Pornit\u0103 cu inten\u021bia de a crea un cadru pentru ca elevii liceului s\u0103 descopere \u0219i s\u0103 \u00ee\u0219i cultive dragostea pentru natur\u0103 \u0219i munte \u00een special, \u00eencrederea \u00een sine \u0219i \u00een ceilal\u021bi, tab\u0103ra de la Moara de P\u0103dure a crescut de la an la an \u0219i a devenit un reper de bune practici \u00een organizarea de activit\u0103\u021bi pentru copiii cu deficien\u021be. Acest lucru este confirmat, de altfel, de cererile venite din partea \u0219colilor ori a organiza\u021biilor care se ocup\u0103 de copiii cu alte tipuri de deficien\u021be.<\/p>\n<p style=\"font-weight: 400;\">Edi\u021bia aniversar\u0103, la fel ca \u0219i precedentele, a fost organizat\u0103 de c\u0103tre Organiza\u021bia de Caritate Eco-Phoenix, Clubul Sportiv Kory Francisc, \u00een parteneriat cu Consiliul Jude\u021bean Cluj, Liceul Special pentru Deficien\u021bi de Vedere Cluj-Napoca \u0219i Serviciul Public Jude\u021bean Salvamont-Salvaspeo Cluj din subordinea Consiliului Jude\u021bean Cluj \u0219i s-a derulat \u00een perioada 10-12 octombrie 2025, la Moara de P\u0103dure, \u00een comuna B\u0103i\u0219oara.<\/p>\n<p style=\"font-weight: 400;\">Alin Ti\u0219e, pre\u0219edintele Consiliului Jude\u021bean Cluj, a declarat:\u00a0\u201cFelicit\u0103ri Salvamont Cluj \u0219i tuturor celor implica\u021bi, pentru buna desf\u0103\u0219urare a acestei tabere de tradi\u021bie \u0219i pentru experien\u021bele memorabile oferite acestor copii minuna\u021bi\u201d.<\/p>\n<p style=\"font-weight: 400;\">Activit\u0103\u021bile desf\u0103\u0219urate au avut drept scop dezvoltarea personal\u0103, obiectivele fiind cre\u0219terea \u00eencrederii \u00een for\u021bele proprii, a spiritului de echip\u0103 \u0219i a cuno\u0219tin\u021belor legate de activit\u0103\u021bile montane. Acestea au fost atinse prin activit\u0103\u021bi tehnice, precum escalad\u0103, tirolian\u0103, parc de aventur\u0103 \u0219i de anima\u021bie\u00a0 &#8211; jocuri tematice, activit\u0103\u021bi muzicale, foc de tab\u0103r\u0103 etc.<\/p>\n<p style=\"font-weight: 400;\">La edi\u021bia de anul acesta au participat 32 de copii asista\u021bi de 11 voluntari, respectiv de trei salvatori montani, trei studen\u021bi ai Facult\u0103\u021bii de Educa\u021bie Fizic\u0103 \u0219i Sport \u2013 Specializarea Kinetoterapie din cadrul UBB, precum \u0219i voluntari din cadrul celor dou\u0103 ONG-uri organizatoare, a precizat vicepre\u0219edintele Consiliului Jude\u021bean Cluj, V\u00e1k\u00e1r Istv\u00e1n.<\/p>\n<p style=\"font-weight: 400;\">Chiar dac\u0103 vremea nu a \u021binut tot timpul cu organizatorii, aceast\u0103 edi\u021bie aniversar\u0103 a fost un real succes, aduc\u00e2nd bucurie at\u00e2t copiilor c\u00e2t \u0219i voluntarilor implica\u021bi. Evenimentul se bucur\u0103 de asemenea apreciere \u00eenc\u00e2t, \u00een ultimii ani, au fost programate dou\u0103 edi\u021bii: de prim\u0103var\u0103 \u0219i de toamn\u0103.<\/p>\n<blockquote class=\"wp-embedded-content\" data-secret=\"eZpHgqXytc\"><p><a href=\"https:\/\/copilarie.org\/index.php\/2025\/09\/26\/conferinta-dtx-2025-organizata-la-cluj\/\">Conferin\u021ba DTX 2025, organizat\u0103 la Cluj<\/a><\/p><\/blockquote>\n<p><iframe loading=\"lazy\" class=\"wp-embedded-content\" sandbox=\"allow-scripts\" security=\"restricted\" style=\"position: absolute; visibility: hidden;\" title=\"&#8222;Conferin\u021ba DTX 2025, organizat\u0103 la Cluj&#8221; &#8211; Copil\u0103rie.org\" src=\"https:\/\/copilarie.org\/index.php\/2025\/09\/26\/conferinta-dtx-2025-organizata-la-cluj\/embed\/#?secret=gJj6eu9cw6#?secret=eZpHgqXytc\" data-secret=\"eZpHgqXytc\" width=\"600\" height=\"338\" frameborder=\"0\" marginwidth=\"0\" marginheight=\"0\" scrolling=\"no\"><\/iframe><\/p>\n","protected":false},"excerpt":{"rendered":"<p>Tab\u0103ra de sporturi montane pentru elevii Liceului Special pentru Deficien\u021bi de Vedere Cluj-Napoca a ajuns la cea de-a zecea edi\u021bie. Pornit\u0103 cu inten\u021bia de a crea un cadru pentru ca elevii liceului s\u0103 descopere \u0219i s\u0103 \u00ee\u0219i cultive dragostea pentru natur\u0103 \u0219i munte \u00een special, \u00eencrederea \u00een sine \u0219i \u00een ceilal\u021bi, tab\u0103ra de la Moara [&hellip;]<\/p>\n","protected":false},"author":6,"featured_media":3601,"comment_status":"open","ping_status":"open","sticky":false,"template":"","format":"standard","meta":{"footnotes":""},"categories":[1,19],"tags":[333,25,24,523,344,345,475],"class_list":{"0":"post-3600","1":"post","2":"type-post","3":"status-publish","4":"format-standard","5":"has-post-thumbnail","7":"category-acasa","8":"category-stiri","9":"tag-claudiu-padurean","10":"tag-copii","11":"tag-copilarie-org","12":"tag-deficiente","13":"tag-news","14":"tag-stiri","15":"tag-vakar-istvan"},"yoast_head":"<!-- This site is optimized with the Yoast SEO plugin v23.6 - https:\/\/yoast.com\/wordpress\/plugins\/seo\/ -->\n<title>Tab\u0103r\u0103 de sporturi montane pentru elevii Liceului Special pentru Deficien\u021bi de Vedere - Copil\u0103rie.org<\/title>\n<meta name=\"robots\" content=\"index, follow, max-snippet:-1, max-image-preview:large, max-video-preview:-1\" \/>\n<link rel=\"canonical\" href=\"https:\/\/copilarie.org\/index.php\/2025\/10\/13\/tabara-de-sporturi-montane-pentru-elevii-liceului-special-pentru-deficienti-de-vedere\/\" \/>\n<meta property=\"og:locale\" content=\"ro_RO\" \/>\n<meta property=\"og:type\" content=\"article\" \/>\n<meta property=\"og:title\" content=\"Tab\u0103r\u0103 de sporturi montane pentru elevii Liceului Special pentru Deficien\u021bi de Vedere - Copil\u0103rie.org\" \/>\n<meta property=\"og:description\" content=\"Tab\u0103ra de sporturi montane pentru elevii Liceului Special pentru Deficien\u021bi de Vedere Cluj-Napoca a ajuns la cea de-a zecea edi\u021bie. Pornit\u0103 cu inten\u021bia de a crea un cadru pentru ca elevii liceului s\u0103 descopere \u0219i s\u0103 \u00ee\u0219i cultive dragostea pentru natur\u0103 \u0219i munte \u00een special, \u00eencrederea \u00een sine \u0219i \u00een ceilal\u021bi, tab\u0103ra de la Moara [&hellip;]\" \/>\n<meta property=\"og:url\" content=\"https:\/\/copilarie.org\/index.php\/2025\/10\/13\/tabara-de-sporturi-montane-pentru-elevii-liceului-special-pentru-deficienti-de-vedere\/\" \/>\n<meta property=\"og:site_name\" content=\"Copil\u0103rie.org\" \/>\n<meta property=\"article:publisher\" content=\"https:\/\/www.facebook.com\/copilarie.org\/\" \/>\n<meta property=\"article:published_time\" content=\"2025-10-13T12:26:39+00:00\" \/>\n<meta property=\"og:image\" content=\"https:\/\/copilarie.org\/wp-content\/uploads\/2025\/10\/1-1.jpeg\" \/>\n\t<meta property=\"og:image:width\" content=\"2048\" \/>\n\t<meta property=\"og:image:height\" content=\"1536\" \/>\n\t<meta property=\"og:image:type\" content=\"image\/jpeg\" \/>\n<meta name=\"author\" content=\"Claudiu Padurean\" \/>\n<meta name=\"twitter:card\" content=\"summary_large_image\" \/>\n<meta name=\"twitter:creator\" content=\"@CopilarieOrg\" \/>\n<meta name=\"twitter:site\" content=\"@CopilarieOrg\" \/>\n<meta name=\"twitter:label1\" content=\"Scris de\" \/>\n\t<meta name=\"twitter:data1\" content=\"Claudiu Padurean\" \/>\n\t<meta name=\"twitter:label2\" content=\"Timp estimat pentru citire\" \/>\n\t<meta name=\"twitter:data2\" content=\"3 minute\" \/>\n<script type=\"application\/ld+json\" class=\"yoast-schema-graph\">{\"@context\":\"https:\/\/schema.org\",\"@graph\":[{\"@type\":\"WebPage\",\"@id\":\"https:\/\/copilarie.org\/index.php\/2025\/10\/13\/tabara-de-sporturi-montane-pentru-elevii-liceului-special-pentru-deficienti-de-vedere\/\",\"url\":\"https:\/\/copilarie.org\/index.php\/2025\/10\/13\/tabara-de-sporturi-montane-pentru-elevii-liceului-special-pentru-deficienti-de-vedere\/\",\"name\":\"Tab\u0103r\u0103 de sporturi montane pentru elevii Liceului Special pentru Deficien\u021bi de Vedere - Copil\u0103rie.org\",\"isPartOf\":{\"@id\":\"https:\/\/copilarie.org\/#website\"},\"primaryImageOfPage\":{\"@id\":\"https:\/\/copilarie.org\/index.php\/2025\/10\/13\/tabara-de-sporturi-montane-pentru-elevii-liceului-special-pentru-deficienti-de-vedere\/#primaryimage\"},\"image\":{\"@id\":\"https:\/\/copilarie.org\/index.php\/2025\/10\/13\/tabara-de-sporturi-montane-pentru-elevii-liceului-special-pentru-deficienti-de-vedere\/#primaryimage\"},\"thumbnailUrl\":\"https:\/\/copilarie.org\/wp-content\/uploads\/2025\/10\/1-1.jpeg\",\"datePublished\":\"2025-10-13T12:26:39+00:00\",\"dateModified\":\"2025-10-13T12:26:39+00:00\",\"author\":{\"@id\":\"https:\/\/copilarie.org\/#\/schema\/person\/cc68df24fe273441f59111720355e6d7\"},\"breadcrumb\":{\"@id\":\"https:\/\/copilarie.org\/index.php\/2025\/10\/13\/tabara-de-sporturi-montane-pentru-elevii-liceului-special-pentru-deficienti-de-vedere\/#breadcrumb\"},\"inLanguage\":\"ro-RO\",\"potentialAction\":[{\"@type\":\"ReadAction\",\"target\":[\"https:\/\/copilarie.org\/index.php\/2025\/10\/13\/tabara-de-sporturi-montane-pentru-elevii-liceului-special-pentru-deficienti-de-vedere\/\"]}]},{\"@type\":\"ImageObject\",\"inLanguage\":\"ro-RO\",\"@id\":\"https:\/\/copilarie.org\/index.php\/2025\/10\/13\/tabara-de-sporturi-montane-pentru-elevii-liceului-special-pentru-deficienti-de-vedere\/#primaryimage\",\"url\":\"https:\/\/copilarie.org\/wp-content\/uploads\/2025\/10\/1-1.jpeg\",\"contentUrl\":\"https:\/\/copilarie.org\/wp-content\/uploads\/2025\/10\/1-1.jpeg\",\"width\":2048,\"height\":1536},{\"@type\":\"BreadcrumbList\",\"@id\":\"https:\/\/copilarie.org\/index.php\/2025\/10\/13\/tabara-de-sporturi-montane-pentru-elevii-liceului-special-pentru-deficienti-de-vedere\/#breadcrumb\",\"itemListElement\":[{\"@type\":\"ListItem\",\"position\":1,\"name\":\"Prima pagin\u0103\",\"item\":\"https:\/\/copilarie.org\/\"},{\"@type\":\"ListItem\",\"position\":2,\"name\":\"Tab\u0103r\u0103 de sporturi montane pentru elevii Liceului Special pentru Deficien\u021bi de Vedere\"}]},{\"@type\":\"WebSite\",\"@id\":\"https:\/\/copilarie.org\/#website\",\"url\":\"https:\/\/copilarie.org\/\",\"name\":\"Copil\u0103rie.org\",\"description\":\"\u00cen pas cu tine\",\"potentialAction\":[{\"@type\":\"SearchAction\",\"target\":{\"@type\":\"EntryPoint\",\"urlTemplate\":\"https:\/\/copilarie.org\/?s={search_term_string}\"},\"query-input\":{\"@type\":\"PropertyValueSpecification\",\"valueRequired\":true,\"valueName\":\"search_term_string\"}}],\"inLanguage\":\"ro-RO\"},{\"@type\":\"Person\",\"@id\":\"https:\/\/copilarie.org\/#\/schema\/person\/cc68df24fe273441f59111720355e6d7\",\"name\":\"Claudiu Padurean\",\"image\":{\"@type\":\"ImageObject\",\"inLanguage\":\"ro-RO\",\"@id\":\"https:\/\/copilarie.org\/#\/schema\/person\/image\/\",\"url\":\"https:\/\/secure.gravatar.com\/avatar\/f254259557f5b35053cf76205615a03f17a29fe60ac58ed31adacef6a3f612f9?s=96&d=mm&r=g\",\"contentUrl\":\"https:\/\/secure.gravatar.com\/avatar\/f254259557f5b35053cf76205615a03f17a29fe60ac58ed31adacef6a3f612f9?s=96&d=mm&r=g\",\"caption\":\"Claudiu Padurean\"}}]}<\/script>\n<!-- \/ Yoast SEO plugin. -->","yoast_head_json":{"title":"Tab\u0103r\u0103 de sporturi montane pentru elevii Liceului Special pentru Deficien\u021bi de Vedere - Copil\u0103rie.org","robots":{"index":"index","follow":"follow","max-snippet":"max-snippet:-1","max-image-preview":"max-image-preview:large","max-video-preview":"max-video-preview:-1"},"canonical":"https:\/\/copilarie.org\/index.php\/2025\/10\/13\/tabara-de-sporturi-montane-pentru-elevii-liceului-special-pentru-deficienti-de-vedere\/","og_locale":"ro_RO","og_type":"article","og_title":"Tab\u0103r\u0103 de sporturi montane pentru elevii Liceului Special pentru Deficien\u021bi de Vedere - Copil\u0103rie.org","og_description":"Tab\u0103ra de sporturi montane pentru elevii Liceului Special pentru Deficien\u021bi de Vedere Cluj-Napoca a ajuns la cea de-a zecea edi\u021bie. Pornit\u0103 cu inten\u021bia de a crea un cadru pentru ca elevii liceului s\u0103 descopere \u0219i s\u0103 \u00ee\u0219i cultive dragostea pentru natur\u0103 \u0219i munte \u00een special, \u00eencrederea \u00een sine \u0219i \u00een ceilal\u021bi, tab\u0103ra de la Moara [&hellip;]","og_url":"https:\/\/copilarie.org\/index.php\/2025\/10\/13\/tabara-de-sporturi-montane-pentru-elevii-liceului-special-pentru-deficienti-de-vedere\/","og_site_name":"Copil\u0103rie.org","article_publisher":"https:\/\/www.facebook.com\/copilarie.org\/","article_published_time":"2025-10-13T12:26:39+00:00","og_image":[{"width":2048,"height":1536,"url":"https:\/\/copilarie.org\/wp-content\/uploads\/2025\/10\/1-1.jpeg","type":"image\/jpeg"}],"author":"Claudiu Padurean","twitter_card":"summary_large_image","twitter_creator":"@CopilarieOrg","twitter_site":"@CopilarieOrg","twitter_misc":{"Scris de":"Claudiu Padurean","Timp estimat pentru citire":"3 minute"},"schema":{"@context":"https:\/\/schema.org","@graph":[{"@type":"WebPage","@id":"https:\/\/copilarie.org\/index.php\/2025\/10\/13\/tabara-de-sporturi-montane-pentru-elevii-liceului-special-pentru-deficienti-de-vedere\/","url":"https:\/\/copilarie.org\/index.php\/2025\/10\/13\/tabara-de-sporturi-montane-pentru-elevii-liceului-special-pentru-deficienti-de-vedere\/","name":"Tab\u0103r\u0103 de sporturi montane pentru elevii Liceului Special pentru Deficien\u021bi de Vedere - Copil\u0103rie.org","isPartOf":{"@id":"https:\/\/copilarie.org\/#website"},"primaryImageOfPage":{"@id":"https:\/\/copilarie.org\/index.php\/2025\/10\/13\/tabara-de-sporturi-montane-pentru-elevii-liceului-special-pentru-deficienti-de-vedere\/#primaryimage"},"image":{"@id":"https:\/\/copilarie.org\/index.php\/2025\/10\/13\/tabara-de-sporturi-montane-pentru-elevii-liceului-special-pentru-deficienti-de-vedere\/#primaryimage"},"thumbnailUrl":"https:\/\/copilarie.org\/wp-content\/uploads\/2025\/10\/1-1.jpeg","datePublished":"2025-10-13T12:26:39+00:00","dateModified":"2025-10-13T12:26:39+00:00","author":{"@id":"https:\/\/copilarie.org\/#\/schema\/person\/cc68df24fe273441f59111720355e6d7"},"breadcrumb":{"@id":"https:\/\/copilarie.org\/index.php\/2025\/10\/13\/tabara-de-sporturi-montane-pentru-elevii-liceului-special-pentru-deficienti-de-vedere\/#breadcrumb"},"inLanguage":"ro-RO","potentialAction":[{"@type":"ReadAction","target":["https:\/\/copilarie.org\/index.php\/2025\/10\/13\/tabara-de-sporturi-montane-pentru-elevii-liceului-special-pentru-deficienti-de-vedere\/"]}]},{"@type":"ImageObject","inLanguage":"ro-RO","@id":"https:\/\/copilarie.org\/index.php\/2025\/10\/13\/tabara-de-sporturi-montane-pentru-elevii-liceului-special-pentru-deficienti-de-vedere\/#primaryimage","url":"https:\/\/copilarie.org\/wp-content\/uploads\/2025\/10\/1-1.jpeg","contentUrl":"https:\/\/copilarie.org\/wp-content\/uploads\/2025\/10\/1-1.jpeg","width":2048,"height":1536},{"@type":"BreadcrumbList","@id":"https:\/\/copilarie.org\/index.php\/2025\/10\/13\/tabara-de-sporturi-montane-pentru-elevii-liceului-special-pentru-deficienti-de-vedere\/#breadcrumb","itemListElement":[{"@type":"ListItem","position":1,"name":"Prima pagin\u0103","item":"https:\/\/copilarie.org\/"},{"@type":"ListItem","position":2,"name":"Tab\u0103r\u0103 de sporturi montane pentru elevii Liceului Special pentru Deficien\u021bi de Vedere"}]},{"@type":"WebSite","@id":"https:\/\/copilarie.org\/#website","url":"https:\/\/copilarie.org\/","name":"Copil\u0103rie.org","description":"\u00cen pas cu tine","potentialAction":[{"@type":"SearchAction","target":{"@type":"EntryPoint","urlTemplate":"https:\/\/copilarie.org\/?s={search_term_string}"},"query-input":{"@type":"PropertyValueSpecification","valueRequired":true,"valueName":"search_term_string"}}],"inLanguage":"ro-RO"},{"@type":"Person","@id":"https:\/\/copilarie.org\/#\/schema\/person\/cc68df24fe273441f59111720355e6d7","name":"Claudiu Padurean","image":{"@type":"ImageObject","inLanguage":"ro-RO","@id":"https:\/\/copilarie.org\/#\/schema\/person\/image\/","url":"https:\/\/secure.gravatar.com\/avatar\/f254259557f5b35053cf76205615a03f17a29fe60ac58ed31adacef6a3f612f9?s=96&d=mm&r=g","contentUrl":"https:\/\/secure.gravatar.com\/avatar\/f254259557f5b35053cf76205615a03f17a29fe60ac58ed31adacef6a3f612f9?s=96&d=mm&r=g","caption":"Claudiu Padurean"}}]}},"_links":{"self":[{"href":"https:\/\/copilarie.org\/index.php\/wp-json\/wp\/v2\/posts\/3600","targetHints":{"allow":["GET"]}}],"collection":[{"href":"https:\/\/copilarie.org\/index.php\/wp-json\/wp\/v2\/posts"}],"about":[{"href":"https:\/\/copilarie.org\/index.php\/wp-json\/wp\/v2\/types\/post"}],"author":[{"embeddable":true,"href":"https:\/\/copilarie.org\/index.php\/wp-json\/wp\/v2\/users\/6"}],"replies":[{"embeddable":true,"href":"https:\/\/copilarie.org\/index.php\/wp-json\/wp\/v2\/comments?post=3600"}],"version-history":[{"count":1,"href":"https:\/\/copilarie.org\/index.php\/wp-json\/wp\/v2\/posts\/3600\/revisions"}],"predecessor-version":[{"id":3602,"href":"https:\/\/copilarie.org\/index.php\/wp-json\/wp\/v2\/posts\/3600\/revisions\/3602"}],"wp:featuredmedia":[{"embeddable":true,"href":"https:\/\/copilarie.org\/index.php\/wp-json\/wp\/v2\/media\/3601"}],"wp:attachment":[{"href":"https:\/\/copilarie.org\/index.php\/wp-json\/wp\/v2\/media?parent=3600"}],"wp:term":[{"taxonomy":"category","embeddable":true,"href":"https:\/\/copilarie.org\/index.php\/wp-json\/wp\/v2\/categories?post=3600"},{"taxonomy":"post_tag","embeddable":true,"href":"https:\/\/copilarie.org\/index.php\/wp-json\/wp\/v2\/tags?post=3600"}],"curies":[{"name":"wp","href":"https:\/\/api.w.org\/{rel}","templated":true}]}}