{"id":365,"date":"2017-06-21T11:05:35","date_gmt":"2017-06-21T11:05:35","guid":{"rendered":"http:\/\/copilarie.org\/?p=365"},"modified":"2017-06-21T11:05:35","modified_gmt":"2017-06-21T11:05:35","slug":"cu-bebe-la-biblioteca","status":"publish","type":"post","link":"https:\/\/copilarie.org\/index.php\/2017\/06\/21\/cu-bebe-la-biblioteca\/","title":{"rendered":"Cu bebe la bibliotec\u0103"},"content":{"rendered":"<p><img loading=\"lazy\" decoding=\"async\" class=\"alignnone size-full wp-image-366\" src=\"https:\/\/copilarie.org\/wp-content\/uploads\/2017\/06\/Afis.jpg\" alt=\"\" width=\"640\" height=\"438\" srcset=\"https:\/\/copilarie.org\/wp-content\/uploads\/2017\/06\/Afis.jpg 640w, https:\/\/copilarie.org\/wp-content\/uploads\/2017\/06\/Afis-300x205.jpg 300w, https:\/\/copilarie.org\/wp-content\/uploads\/2017\/06\/Afis-600x411.jpg 600w, https:\/\/copilarie.org\/wp-content\/uploads\/2017\/06\/Afis-218x150.jpg 218w, https:\/\/copilarie.org\/wp-content\/uploads\/2017\/06\/Afis-614x420.jpg 614w\" sizes=\"auto, (max-width: 640px) 100vw, 640px\" \/>Biblioteca Jude\u021bean\u0103 \u201eOctavian Goga\u201d, invit\u0103 p\u0103rin\u021bii cu copii cu v\u00e2rsta \u00eentre 0 \u0219i 3 ani la un nou program intitulat, CU BEBE LA BIBLIOTEC\u0102. Acesta va consta \u00een lecturarea de pove\u0219ti bebelu\u0219ilor \u0219i se va desf\u0103\u0219ura s\u0103pt\u0103m\u00e2nal, joia, de la ora 10.00, la Sec\u021bia pentru copii din sediul central al bibliotecii, \u00eencep\u00e2nd cu 22 iunie 2017.<\/p>\n<p>De ce am citi bebelu\u0219ilor? Pentru c\u0103 p\u00e2n\u0103 la v\u00e2rsta de 3 ani, creierul uman \u00ee\u0219i \u00eencheie 85% din cre\u0219terea fizic\u0103 \u0219i tot atunci, se dezvolt\u0103 circuitele din creierul uman, care depind \u00een foarte mare m\u0103sur\u0103 de limbaj. Un copil c\u0103ruia i se cite\u0219te de foarte mic va avea abilit\u0103\u021bi lingvistice \u0219i va fi mai inteligent dec\u00e2t un copil c\u0103ruia nu i s-a citit.<\/p>\n<p>Partener \u00een aceast\u0103 ini\u021biativ\u0103 a Bibliotecii Jude\u021bene \u201eOctavian Goga\u201d este grupul <em>Citim \u00cempreun\u0103 Rom\u00e2nia<\/em>, care cultiv\u0103 beneficiile \u0219i frumuse\u021bea cititului \u00eempreun\u0103 \u00een r\u00e2ndul copiilor \u0219i adul\u021bilor din Rom\u00e2nia, grup care cuprinde autori de c\u0103r\u021bi pentru copii, ilustratori, editori, educatori, bibliotecari.<\/p>\n<p>\u00centr-un spa\u021biu special adaptat v\u00e2rstei copiilor, invit\u0103m p\u0103rin\u021bii cu bebelu\u0219i s\u0103 cunoasc\u0103 al\u021bi p\u0103rin\u021bi, s\u0103-\u0219i \u00eemp\u0103rt\u0103\u0219easc\u0103 experien\u021bele \u0219i s\u0103 contribuim \u00eempreun\u0103 la dezvoltarea copiilor, citindu-le de la v\u00e2rste c\u00e2t mai fragede! Este bine-cunoscut faptul c\u0103 lectura are un rol important \u00een dezvoltarea \u0219i formarea personalit\u0103\u021bii. Este evident c\u0103 deprinderea lecturii r\u0103m\u00e2ne o baz\u0103 solid\u0103 pentru toat\u0103 via\u021ba \u0219i \u00eembog\u0103\u021be\u0219te bagajul \u201dcelor \u0219apte ani de acas\u0103\u201d.<\/p>\n<p>Sunte\u0163i a\u0219tepta\u0163i la bibliotec\u0103!<\/p>\n","protected":false},"excerpt":{"rendered":"<p>Biblioteca Jude\u021bean\u0103 \u201eOctavian Goga\u201d, invit\u0103 p\u0103rin\u021bii cu copii cu v\u00e2rsta \u00eentre 0 \u0219i 3 ani la un nou program intitulat, CU BEBE LA BIBLIOTEC\u0102. Acesta va consta \u00een lecturarea de pove\u0219ti bebelu\u0219ilor \u0219i se va desf\u0103\u0219ura s\u0103pt\u0103m\u00e2nal, joia, de la ora 10.00, la Sec\u021bia pentru copii din sediul central al bibliotecii, \u00eencep\u00e2nd cu 22 iunie [&hellip;]<\/p>\n","protected":false},"author":1,"featured_media":366,"comment_status":"open","ping_status":"open","sticky":false,"template":"","format":"standard","meta":{"footnotes":""},"categories":[21,2],"tags":[86,75,87,25,24,27,55],"class_list":{"0":"post-365","1":"post","2":"type-post","3":"status-publish","4":"format-standard","5":"has-post-thumbnail","7":"category-evenimente","8":"category-featured","9":"tag-biblioteca","10":"tag-carti","11":"tag-citit","12":"tag-copii","13":"tag-copilarie-org","14":"tag-parinti","15":"tag-povesti"},"yoast_head":"<!-- This site is optimized with the Yoast SEO plugin v23.6 - https:\/\/yoast.com\/wordpress\/plugins\/seo\/ -->\n<title>Cu bebe la bibliotec\u0103 - Copil\u0103rie.org<\/title>\n<meta name=\"robots\" content=\"index, follow, max-snippet:-1, max-image-preview:large, max-video-preview:-1\" \/>\n<link rel=\"canonical\" href=\"https:\/\/copilarie.org\/index.php\/2017\/06\/21\/cu-bebe-la-biblioteca\/\" \/>\n<meta property=\"og:locale\" content=\"ro_RO\" \/>\n<meta property=\"og:type\" content=\"article\" \/>\n<meta property=\"og:title\" content=\"Cu bebe la bibliotec\u0103 - Copil\u0103rie.org\" \/>\n<meta property=\"og:description\" content=\"Biblioteca Jude\u021bean\u0103 \u201eOctavian Goga\u201d, invit\u0103 p\u0103rin\u021bii cu copii cu v\u00e2rsta \u00eentre 0 \u0219i 3 ani la un nou program intitulat, CU BEBE LA BIBLIOTEC\u0102. Acesta va consta \u00een lecturarea de pove\u0219ti bebelu\u0219ilor \u0219i se va desf\u0103\u0219ura s\u0103pt\u0103m\u00e2nal, joia, de la ora 10.00, la Sec\u021bia pentru copii din sediul central al bibliotecii, \u00eencep\u00e2nd cu 22 iunie [&hellip;]\" \/>\n<meta property=\"og:url\" content=\"https:\/\/copilarie.org\/index.php\/2017\/06\/21\/cu-bebe-la-biblioteca\/\" \/>\n<meta property=\"og:site_name\" content=\"Copil\u0103rie.org\" \/>\n<meta property=\"article:publisher\" content=\"https:\/\/www.facebook.com\/copilarie.org\/\" \/>\n<meta property=\"article:published_time\" content=\"2017-06-21T11:05:35+00:00\" \/>\n<meta property=\"og:image\" content=\"https:\/\/copilarie.org\/wp-content\/uploads\/2017\/06\/Afis.jpg\" \/>\n\t<meta property=\"og:image:width\" content=\"640\" \/>\n\t<meta property=\"og:image:height\" content=\"438\" \/>\n\t<meta property=\"og:image:type\" content=\"image\/jpeg\" \/>\n<meta name=\"author\" content=\"copilarie.org\" \/>\n<meta name=\"twitter:card\" content=\"summary_large_image\" \/>\n<meta name=\"twitter:creator\" content=\"@CopilarieOrg\" \/>\n<meta name=\"twitter:site\" content=\"@CopilarieOrg\" \/>\n<meta name=\"twitter:label1\" content=\"Scris de\" \/>\n\t<meta name=\"twitter:data1\" content=\"copilarie.org\" \/>\n\t<meta name=\"twitter:label2\" content=\"Timp estimat pentru citire\" \/>\n\t<meta name=\"twitter:data2\" content=\"1 minut\" \/>\n<script type=\"application\/ld+json\" class=\"yoast-schema-graph\">{\"@context\":\"https:\/\/schema.org\",\"@graph\":[{\"@type\":\"WebPage\",\"@id\":\"https:\/\/copilarie.org\/index.php\/2017\/06\/21\/cu-bebe-la-biblioteca\/\",\"url\":\"https:\/\/copilarie.org\/index.php\/2017\/06\/21\/cu-bebe-la-biblioteca\/\",\"name\":\"Cu bebe la bibliotec\u0103 - Copil\u0103rie.org\",\"isPartOf\":{\"@id\":\"https:\/\/copilarie.org\/#website\"},\"primaryImageOfPage\":{\"@id\":\"https:\/\/copilarie.org\/index.php\/2017\/06\/21\/cu-bebe-la-biblioteca\/#primaryimage\"},\"image\":{\"@id\":\"https:\/\/copilarie.org\/index.php\/2017\/06\/21\/cu-bebe-la-biblioteca\/#primaryimage\"},\"thumbnailUrl\":\"https:\/\/copilarie.org\/wp-content\/uploads\/2017\/06\/Afis.jpg\",\"datePublished\":\"2017-06-21T11:05:35+00:00\",\"dateModified\":\"2017-06-21T11:05:35+00:00\",\"author\":{\"@id\":\"https:\/\/copilarie.org\/#\/schema\/person\/d8a7619fc1964ecf029620b5f64cb0ed\"},\"breadcrumb\":{\"@id\":\"https:\/\/copilarie.org\/index.php\/2017\/06\/21\/cu-bebe-la-biblioteca\/#breadcrumb\"},\"inLanguage\":\"ro-RO\",\"potentialAction\":[{\"@type\":\"ReadAction\",\"target\":[\"https:\/\/copilarie.org\/index.php\/2017\/06\/21\/cu-bebe-la-biblioteca\/\"]}]},{\"@type\":\"ImageObject\",\"inLanguage\":\"ro-RO\",\"@id\":\"https:\/\/copilarie.org\/index.php\/2017\/06\/21\/cu-bebe-la-biblioteca\/#primaryimage\",\"url\":\"https:\/\/copilarie.org\/wp-content\/uploads\/2017\/06\/Afis.jpg\",\"contentUrl\":\"https:\/\/copilarie.org\/wp-content\/uploads\/2017\/06\/Afis.jpg\",\"width\":640,\"height\":438},{\"@type\":\"BreadcrumbList\",\"@id\":\"https:\/\/copilarie.org\/index.php\/2017\/06\/21\/cu-bebe-la-biblioteca\/#breadcrumb\",\"itemListElement\":[{\"@type\":\"ListItem\",\"position\":1,\"name\":\"Prima pagin\u0103\",\"item\":\"https:\/\/copilarie.org\/\"},{\"@type\":\"ListItem\",\"position\":2,\"name\":\"Cu bebe la bibliotec\u0103\"}]},{\"@type\":\"WebSite\",\"@id\":\"https:\/\/copilarie.org\/#website\",\"url\":\"https:\/\/copilarie.org\/\",\"name\":\"Copil\u0103rie.org\",\"description\":\"\u00cen pas cu tine\",\"potentialAction\":[{\"@type\":\"SearchAction\",\"target\":{\"@type\":\"EntryPoint\",\"urlTemplate\":\"https:\/\/copilarie.org\/?s={search_term_string}\"},\"query-input\":{\"@type\":\"PropertyValueSpecification\",\"valueRequired\":true,\"valueName\":\"search_term_string\"}}],\"inLanguage\":\"ro-RO\"},{\"@type\":\"Person\",\"@id\":\"https:\/\/copilarie.org\/#\/schema\/person\/d8a7619fc1964ecf029620b5f64cb0ed\",\"name\":\"copilarie.org\",\"image\":{\"@type\":\"ImageObject\",\"inLanguage\":\"ro-RO\",\"@id\":\"https:\/\/copilarie.org\/#\/schema\/person\/image\/\",\"url\":\"https:\/\/secure.gravatar.com\/avatar\/722e5984ae1b18142be482fe9581860ff615bd39f940c7d8bea3240825316d6e?s=96&d=mm&r=g\",\"contentUrl\":\"https:\/\/secure.gravatar.com\/avatar\/722e5984ae1b18142be482fe9581860ff615bd39f940c7d8bea3240825316d6e?s=96&d=mm&r=g\",\"caption\":\"copilarie.org\"}}]}<\/script>\n<!-- \/ Yoast SEO plugin. -->","yoast_head_json":{"title":"Cu bebe la bibliotec\u0103 - Copil\u0103rie.org","robots":{"index":"index","follow":"follow","max-snippet":"max-snippet:-1","max-image-preview":"max-image-preview:large","max-video-preview":"max-video-preview:-1"},"canonical":"https:\/\/copilarie.org\/index.php\/2017\/06\/21\/cu-bebe-la-biblioteca\/","og_locale":"ro_RO","og_type":"article","og_title":"Cu bebe la bibliotec\u0103 - Copil\u0103rie.org","og_description":"Biblioteca Jude\u021bean\u0103 \u201eOctavian Goga\u201d, invit\u0103 p\u0103rin\u021bii cu copii cu v\u00e2rsta \u00eentre 0 \u0219i 3 ani la un nou program intitulat, CU BEBE LA BIBLIOTEC\u0102. Acesta va consta \u00een lecturarea de pove\u0219ti bebelu\u0219ilor \u0219i se va desf\u0103\u0219ura s\u0103pt\u0103m\u00e2nal, joia, de la ora 10.00, la Sec\u021bia pentru copii din sediul central al bibliotecii, \u00eencep\u00e2nd cu 22 iunie [&hellip;]","og_url":"https:\/\/copilarie.org\/index.php\/2017\/06\/21\/cu-bebe-la-biblioteca\/","og_site_name":"Copil\u0103rie.org","article_publisher":"https:\/\/www.facebook.com\/copilarie.org\/","article_published_time":"2017-06-21T11:05:35+00:00","og_image":[{"width":640,"height":438,"url":"https:\/\/copilarie.org\/wp-content\/uploads\/2017\/06\/Afis.jpg","type":"image\/jpeg"}],"author":"copilarie.org","twitter_card":"summary_large_image","twitter_creator":"@CopilarieOrg","twitter_site":"@CopilarieOrg","twitter_misc":{"Scris de":"copilarie.org","Timp estimat pentru citire":"1 minut"},"schema":{"@context":"https:\/\/schema.org","@graph":[{"@type":"WebPage","@id":"https:\/\/copilarie.org\/index.php\/2017\/06\/21\/cu-bebe-la-biblioteca\/","url":"https:\/\/copilarie.org\/index.php\/2017\/06\/21\/cu-bebe-la-biblioteca\/","name":"Cu bebe la bibliotec\u0103 - Copil\u0103rie.org","isPartOf":{"@id":"https:\/\/copilarie.org\/#website"},"primaryImageOfPage":{"@id":"https:\/\/copilarie.org\/index.php\/2017\/06\/21\/cu-bebe-la-biblioteca\/#primaryimage"},"image":{"@id":"https:\/\/copilarie.org\/index.php\/2017\/06\/21\/cu-bebe-la-biblioteca\/#primaryimage"},"thumbnailUrl":"https:\/\/copilarie.org\/wp-content\/uploads\/2017\/06\/Afis.jpg","datePublished":"2017-06-21T11:05:35+00:00","dateModified":"2017-06-21T11:05:35+00:00","author":{"@id":"https:\/\/copilarie.org\/#\/schema\/person\/d8a7619fc1964ecf029620b5f64cb0ed"},"breadcrumb":{"@id":"https:\/\/copilarie.org\/index.php\/2017\/06\/21\/cu-bebe-la-biblioteca\/#breadcrumb"},"inLanguage":"ro-RO","potentialAction":[{"@type":"ReadAction","target":["https:\/\/copilarie.org\/index.php\/2017\/06\/21\/cu-bebe-la-biblioteca\/"]}]},{"@type":"ImageObject","inLanguage":"ro-RO","@id":"https:\/\/copilarie.org\/index.php\/2017\/06\/21\/cu-bebe-la-biblioteca\/#primaryimage","url":"https:\/\/copilarie.org\/wp-content\/uploads\/2017\/06\/Afis.jpg","contentUrl":"https:\/\/copilarie.org\/wp-content\/uploads\/2017\/06\/Afis.jpg","width":640,"height":438},{"@type":"BreadcrumbList","@id":"https:\/\/copilarie.org\/index.php\/2017\/06\/21\/cu-bebe-la-biblioteca\/#breadcrumb","itemListElement":[{"@type":"ListItem","position":1,"name":"Prima pagin\u0103","item":"https:\/\/copilarie.org\/"},{"@type":"ListItem","position":2,"name":"Cu bebe la bibliotec\u0103"}]},{"@type":"WebSite","@id":"https:\/\/copilarie.org\/#website","url":"https:\/\/copilarie.org\/","name":"Copil\u0103rie.org","description":"\u00cen pas cu tine","potentialAction":[{"@type":"SearchAction","target":{"@type":"EntryPoint","urlTemplate":"https:\/\/copilarie.org\/?s={search_term_string}"},"query-input":{"@type":"PropertyValueSpecification","valueRequired":true,"valueName":"search_term_string"}}],"inLanguage":"ro-RO"},{"@type":"Person","@id":"https:\/\/copilarie.org\/#\/schema\/person\/d8a7619fc1964ecf029620b5f64cb0ed","name":"copilarie.org","image":{"@type":"ImageObject","inLanguage":"ro-RO","@id":"https:\/\/copilarie.org\/#\/schema\/person\/image\/","url":"https:\/\/secure.gravatar.com\/avatar\/722e5984ae1b18142be482fe9581860ff615bd39f940c7d8bea3240825316d6e?s=96&d=mm&r=g","contentUrl":"https:\/\/secure.gravatar.com\/avatar\/722e5984ae1b18142be482fe9581860ff615bd39f940c7d8bea3240825316d6e?s=96&d=mm&r=g","caption":"copilarie.org"}}]}},"_links":{"self":[{"href":"https:\/\/copilarie.org\/index.php\/wp-json\/wp\/v2\/posts\/365","targetHints":{"allow":["GET"]}}],"collection":[{"href":"https:\/\/copilarie.org\/index.php\/wp-json\/wp\/v2\/posts"}],"about":[{"href":"https:\/\/copilarie.org\/index.php\/wp-json\/wp\/v2\/types\/post"}],"author":[{"embeddable":true,"href":"https:\/\/copilarie.org\/index.php\/wp-json\/wp\/v2\/users\/1"}],"replies":[{"embeddable":true,"href":"https:\/\/copilarie.org\/index.php\/wp-json\/wp\/v2\/comments?post=365"}],"version-history":[{"count":1,"href":"https:\/\/copilarie.org\/index.php\/wp-json\/wp\/v2\/posts\/365\/revisions"}],"predecessor-version":[{"id":367,"href":"https:\/\/copilarie.org\/index.php\/wp-json\/wp\/v2\/posts\/365\/revisions\/367"}],"wp:featuredmedia":[{"embeddable":true,"href":"https:\/\/copilarie.org\/index.php\/wp-json\/wp\/v2\/media\/366"}],"wp:attachment":[{"href":"https:\/\/copilarie.org\/index.php\/wp-json\/wp\/v2\/media?parent=365"}],"wp:term":[{"taxonomy":"category","embeddable":true,"href":"https:\/\/copilarie.org\/index.php\/wp-json\/wp\/v2\/categories?post=365"},{"taxonomy":"post_tag","embeddable":true,"href":"https:\/\/copilarie.org\/index.php\/wp-json\/wp\/v2\/tags?post=365"}],"curies":[{"name":"wp","href":"https:\/\/api.w.org\/{rel}","templated":true}]}}