{"id":3697,"date":"2025-11-26T20:32:03","date_gmt":"2025-11-26T20:32:03","guid":{"rendered":"https:\/\/copilarie.org\/?p=3697"},"modified":"2025-11-26T20:32:03","modified_gmt":"2025-11-26T20:32:03","slug":"american-councils-si-ministerul-educatiei-si-cercetarii-din-romania-semneaza-un-acord-istoric-de-co-finantare-pentru-programul-flex","status":"publish","type":"post","link":"https:\/\/copilarie.org\/index.php\/2025\/11\/26\/american-councils-si-ministerul-educatiei-si-cercetarii-din-romania-semneaza-un-acord-istoric-de-co-finantare-pentru-programul-flex\/","title":{"rendered":"American Councils \u0219i Ministerul Educa\u021biei \u0219i Cercet\u0103rii din Rom\u00e2nia semneaz\u0103 un acord istoric de co-finan\u021bare pentru programul FLEX"},"content":{"rendered":"<p class=\"m_309340961449068427xmsonormal\"><strong>American Councils for International Education a anun\u021bat un acord de referin\u021b\u0103 cu Ministerul Educa\u021biei \u0219i Cercet\u0103rii din Rom\u00e2nia pentru sus\u021binerea programului Future Leaders Exchange (FLEX) \u00een anul academic 2026\u20132027. Acest parteneriat marcheaz\u0103 un moment semnificativ \u00een cooperarea educa\u021bional\u0103 dintre Statele Unite ale Americii \u0219i Rom\u00e2nia. \u00cens\u0103, deocamdat\u0103, Statele Unite ale Americii refuz\u0103 s\u0103 elimine vizele pentru cet\u0103\u021benii rom\u00e2ni, ceea ce \u00eengreuneaz\u0103 derularea programului FLEX pentru tinerii din Rom\u00e2nia.\u00a0<\/strong><u><\/u><\/p>\n<p class=\"m_309340961449068427xmsonormal\"><u><\/u>\u00a0<u><\/u><\/p>\n<p class=\"m_309340961449068427xmsonormal\">Programul FLEX este finan\u021bat de Departamentul de Stat al Statelor Unite ale Americii prin Biroul pentru Afaceri Educa\u021bionale \u0219i Culturale. FLEX este unul dintre cele mai competitive programe de schimb pentru liceeni din lume, bazat pe merit, \u0219i se desf\u0103\u015foar\u0103 \u00een 22 de \u021b\u0103ri. Absolven\u021bii programului, la nivel global, au ajuns s\u0103 ocupe pozi\u021bii importante \u00een guverne, companii, precum \u0219i \u00een domeniile artelor \u0219i mass-mediei.<u><\/u><u><\/u><\/p>\n<p class=\"m_309340961449068427xmsonormal\"><u><\/u>\u00a0<u><\/u><\/p>\n<p class=\"m_309340961449068427xmsonormal\">Continuarea programului FLEX \u00een Rom\u00e2nia este posibil\u0103 datorit\u0103 unei noi formule de co-finan\u021bare \u00een care Guvernul Rom\u00e2niei va \u00eemp\u0103r\u021bi costurile programului pentru participan\u021bii rom\u00e2ni \u0219i americani. Acest nou angajament vine la zece ani dup\u0103 ce Rom\u00e2nia s-a al\u0103turat pentru prima dat\u0103 programului FLEX. Din 2015, peste 18.000 de rom\u00e2ni au candidat pentru programul FLEX. Fiecare participant rom\u00e2n petrece un an \u00een SUA, timp \u00een care locuie\u0219te \u00eentr-o familie american\u0103 \u0219i studiaz\u0103 \u00eentr-un liceu american. Programul reciproc FLEX Abroad a fost lansat \u00een Rom\u00e2nia \u00een 2024 \u0219i ofer\u0103 liceenilor americani oportunitatea de a locui \u0219i studia \u00een Rom\u00e2nia.<u><\/u><u><\/u><\/p>\n<p class=\"m_309340961449068427xmsonormal\"><u><\/u>\u00a0<u><\/u><\/p>\n<p class=\"m_309340961449068427xmsonormal\">Ceremonia de semnare a acordului a fost onorat\u0103 de prezen\u021ba unor reprezentan\u021bi\u00a0 ai ambelor guverne, inclusiv Daniel David, ministrul Educa\u021biei \u0219i Cercet\u0103rii din Rom\u00e2nia, Andrei Muraru, ambasadorul Rom\u00e2niei \u00een Statele Unite ale Americii, \u0219i Remus Pricopie, fost ministru al Educa\u021biei, care a contribuit ini\u021bial la participarea Rom\u00e2niei \u00een programul FLEX; precum \u0219i o delega\u021bie a Departamentului de Stat al Statelor Unite ale Americii condus\u0103 de Stefanie Williams, secretar adjunct pentru schimburi profesionale \u0219i culturale, al\u0103turi de al\u021bi reprezentan\u021bi ai Biroului pentru Afaceri Educa\u021bionale \u0219i Culturale.<u><\/u><u><\/u><\/p>\n<p class=\"m_309340961449068427xmsonormal\"><u><\/u>\u00a0<u><\/u><\/p>\n<p class=\"m_309340961449068427xmsonormal\">\u201eSuntem profund recunosc\u0103tori Ministerului Educa\u021biei din Rom\u00e2nia pentru viziunea \u0219i investi\u021bia \u00een urm\u0103toarea genera\u021bie de lideri\u201d, a declarat Lisa Choate, pre\u0219edinte \u0219i director executiv al American Councils for International Education. \u201eAcest acord nu doar \u00eent\u0103re\u0219te rela\u021bia bilateral\u0103, ci ofer\u0103 \u0219i experien\u021be transforma\u021bionale pentru tinerii americani \u0219i rom\u00e2ni, dezvolt\u00e2nd competen\u021be esen\u021biale care vor stimula cre\u0219terea economic\u0103 \u0219i vor contribui la \u00eent\u0103rirea securit\u0103\u021bii pe termen lung\u201d, a mai spus ea.\u00a0<u><\/u><\/p>\n<p class=\"m_309340961449068427xmsonormal\"><u><\/u>\u00a0<u><\/u><\/p>\n<p class=\"m_309340961449068427xmsonormal\">\u201eAcest acord reflect\u0103 angajamentul Rom\u00e2niei de a investi \u00een tinerii no\u0219tri \u0219i de a aprofunda parteneriatul cu Statele Unite\u201d, a declarat ministrul Daniel David. \u201ePrin participarea la aceste schimburi, elevii rom\u00e2ni \u0219i americani dob\u00e2ndesc abilit\u0103\u021bi, perspective \u0219i rela\u021bii care \u00eent\u0103resc societ\u0103\u021bile noastre, sus\u021bin prosperitatea economic\u0103 \u0219i contribuie la succesul unei rela\u021bii bilaterale de lung\u0103 durat\u0103\u201d, a ad\u0103ugat ministrul rom\u00e2n.<u><\/u><\/p>\n<p class=\"m_309340961449068427xmsonormal\"><u><\/u>\u00a0<u><\/u><\/p>\n<p class=\"m_309340961449068427xmsonormal\">Tinerii rom\u00e2ni pot candida p\u00e2n\u0103 la data de 18 decembrie 2025 la urm\u0103torul link: <a href=\"https:\/\/ais.americancouncils.org\/FLEXRomania\" target=\"_blank\" rel=\"noopener\" data-saferedirecturl=\"https:\/\/www.google.com\/url?q=https:\/\/ais.americancouncils.org\/FLEXRomania&amp;source=gmail&amp;ust=1764254169410000&amp;usg=AOvVaw1wA5aqIYCZEcAuPqJaJGqX\">https:\/\/ais.americancouncils.<wbr \/>org\/FLEXRomania<\/a><u><\/u><u><\/u><\/p>\n<p class=\"m_309340961449068427xmsonormal\"><u><\/u>\u00a0<u><\/u><\/p>\n<p class=\"m_309340961449068427xmsonormal\">Competi\u021bia este deschis\u0103 liceenilor care \u00eendeplinesc cumulativ urm\u0103toarele condi\u021bii:<u><\/u><u><\/u><\/p>\n<ul type=\"disc\">\n<li class=\"m_309340961449068427xmsonormal\">au cet\u0103\u021benie rom\u00e2n\u0103;<u><\/u><u><\/u><\/li>\n<li class=\"m_309340961449068427xmsonormal\">sunt n\u0103scu\u021bi \u00eentre 1 ianuarie 2009 \u0219i 31 decembrie 2010;<u><\/u><u><\/u><\/li>\n<li class=\"m_309340961449068427xmsonormal\">sunt \u00een clasele a IX-a, a X-a sau a XI-a, \u00een anul \u0219colar 2025-2026 la un liceu din Rom\u00e2nia;<u><\/u><u><\/u><\/li>\n<li class=\"m_309340961449068427xmsonormal\">studiaz\u0103 engleza \u00een liceu;<u><\/u><u><\/u><\/li>\n<li class=\"m_309340961449068427xmsonormal\">\u00eendeplinesc criteriile pentru a ob\u021bine viza SUA \u0219i nu au stat \u00een SUA mai mult de 3 luni \u00een ultimii 5 ani.<u><\/u><u><\/u><\/li>\n<\/ul>\n<p class=\"m_309340961449068427xmsonormal\"><u><\/u>\u00a0<u><\/u><\/p>\n<p class=\"m_309340961449068427xmsonormal\">Tinerii americani pentru FLEX Abroad pot candida p\u00e2n\u0103 la 8 decembrie 2025: <a href=\"https:\/\/www.discoverflex.org\/flex-abroad\" target=\"_blank\" rel=\"noopener\" data-saferedirecturl=\"https:\/\/www.google.com\/url?q=https:\/\/www.discoverflex.org\/flex-abroad&amp;source=gmail&amp;ust=1764254169411000&amp;usg=AOvVaw1hhQf7bLIqxOanyYgZAvCd\">https:\/\/www.discoverflex.org\/<wbr \/>flex-abroad<\/a><u><\/u><u><\/u><\/p>\n<blockquote class=\"wp-embedded-content\" data-secret=\"bRR5uIGDPK\"><p><a href=\"https:\/\/copilarie.org\/index.php\/2025\/11\/05\/studentii-japonezi-vor-juca-oina-in-muzeul-etnografic-al-transilvaniei\/\">Studen\u021bii japonezi vor juca oin\u0103 \u00een Muzeul Etnografic al Transilvaniei<\/a><\/p><\/blockquote>\n<p><iframe loading=\"lazy\" class=\"wp-embedded-content\" sandbox=\"allow-scripts\" security=\"restricted\" style=\"position: absolute; visibility: hidden;\" title=\"&#8222;Studen\u021bii japonezi vor juca oin\u0103 \u00een Muzeul Etnografic al Transilvaniei&#8221; &#8211; Copil\u0103rie.org\" src=\"https:\/\/copilarie.org\/index.php\/2025\/11\/05\/studentii-japonezi-vor-juca-oina-in-muzeul-etnografic-al-transilvaniei\/embed\/#?secret=WNfSU4OwGF#?secret=bRR5uIGDPK\" data-secret=\"bRR5uIGDPK\" width=\"600\" height=\"338\" frameborder=\"0\" marginwidth=\"0\" marginheight=\"0\" scrolling=\"no\"><\/iframe><\/p>\n","protected":false},"excerpt":{"rendered":"<p>American Councils for International Education a anun\u021bat un acord de referin\u021b\u0103 cu Ministerul Educa\u021biei \u0219i Cercet\u0103rii din Rom\u00e2nia pentru sus\u021binerea programului Future Leaders Exchange (FLEX) \u00een anul academic 2026\u20132027. Acest parteneriat marcheaz\u0103 un moment semnificativ \u00een cooperarea educa\u021bional\u0103 dintre Statele Unite ale Americii \u0219i Rom\u00e2nia. \u00cens\u0103, deocamdat\u0103, Statele Unite ale Americii refuz\u0103 s\u0103 elimine vizele [&hellip;]<\/p>\n","protected":false},"author":6,"featured_media":3698,"comment_status":"open","ping_status":"open","sticky":false,"template":"","format":"standard","meta":{"footnotes":""},"categories":[1,19],"tags":[333,24,577,344,578,345],"class_list":{"0":"post-3697","1":"post","2":"type-post","3":"status-publish","4":"format-standard","5":"has-post-thumbnail","7":"category-acasa","8":"category-stiri","9":"tag-claudiu-padurean","10":"tag-copilarie-org","11":"tag-daniel-david","12":"tag-news","13":"tag-statele-unite-ale-americii","14":"tag-stiri"},"yoast_head":"<!-- This site is optimized with the Yoast SEO plugin v23.6 - https:\/\/yoast.com\/wordpress\/plugins\/seo\/ -->\n<title>American Councils \u0219i Ministerul Educa\u021biei \u0219i Cercet\u0103rii din Rom\u00e2nia semneaz\u0103 un acord istoric de co-finan\u021bare pentru programul FLEX - Copil\u0103rie.org<\/title>\n<meta name=\"robots\" content=\"index, follow, max-snippet:-1, max-image-preview:large, max-video-preview:-1\" \/>\n<link rel=\"canonical\" href=\"https:\/\/copilarie.org\/index.php\/2025\/11\/26\/american-councils-si-ministerul-educatiei-si-cercetarii-din-romania-semneaza-un-acord-istoric-de-co-finantare-pentru-programul-flex\/\" \/>\n<meta property=\"og:locale\" content=\"ro_RO\" \/>\n<meta property=\"og:type\" content=\"article\" \/>\n<meta property=\"og:title\" content=\"American Councils \u0219i Ministerul Educa\u021biei \u0219i Cercet\u0103rii din Rom\u00e2nia semneaz\u0103 un acord istoric de co-finan\u021bare pentru programul FLEX - Copil\u0103rie.org\" \/>\n<meta property=\"og:description\" content=\"American Councils for International Education a anun\u021bat un acord de referin\u021b\u0103 cu Ministerul Educa\u021biei \u0219i Cercet\u0103rii din Rom\u00e2nia pentru sus\u021binerea programului Future Leaders Exchange (FLEX) \u00een anul academic 2026\u20132027. Acest parteneriat marcheaz\u0103 un moment semnificativ \u00een cooperarea educa\u021bional\u0103 dintre Statele Unite ale Americii \u0219i Rom\u00e2nia. \u00cens\u0103, deocamdat\u0103, Statele Unite ale Americii refuz\u0103 s\u0103 elimine vizele [&hellip;]\" \/>\n<meta property=\"og:url\" content=\"https:\/\/copilarie.org\/index.php\/2025\/11\/26\/american-councils-si-ministerul-educatiei-si-cercetarii-din-romania-semneaza-un-acord-istoric-de-co-finantare-pentru-programul-flex\/\" \/>\n<meta property=\"og:site_name\" content=\"Copil\u0103rie.org\" \/>\n<meta property=\"article:publisher\" content=\"https:\/\/www.facebook.com\/copilarie.org\/\" \/>\n<meta property=\"article:published_time\" content=\"2025-11-26T20:32:03+00:00\" \/>\n<meta property=\"og:image\" content=\"https:\/\/copilarie.org\/wp-content\/uploads\/2025\/11\/flex.jpg\" \/>\n\t<meta property=\"og:image:width\" content=\"1920\" \/>\n\t<meta property=\"og:image:height\" content=\"1280\" \/>\n\t<meta property=\"og:image:type\" content=\"image\/jpeg\" \/>\n<meta name=\"author\" content=\"Claudiu Padurean\" \/>\n<meta name=\"twitter:card\" content=\"summary_large_image\" \/>\n<meta name=\"twitter:creator\" content=\"@CopilarieOrg\" \/>\n<meta name=\"twitter:site\" content=\"@CopilarieOrg\" \/>\n<meta name=\"twitter:label1\" content=\"Scris de\" \/>\n\t<meta name=\"twitter:data1\" content=\"Claudiu Padurean\" \/>\n\t<meta name=\"twitter:label2\" content=\"Timp estimat pentru citire\" \/>\n\t<meta name=\"twitter:data2\" content=\"4 minute\" \/>\n<script type=\"application\/ld+json\" class=\"yoast-schema-graph\">{\"@context\":\"https:\/\/schema.org\",\"@graph\":[{\"@type\":\"WebPage\",\"@id\":\"https:\/\/copilarie.org\/index.php\/2025\/11\/26\/american-councils-si-ministerul-educatiei-si-cercetarii-din-romania-semneaza-un-acord-istoric-de-co-finantare-pentru-programul-flex\/\",\"url\":\"https:\/\/copilarie.org\/index.php\/2025\/11\/26\/american-councils-si-ministerul-educatiei-si-cercetarii-din-romania-semneaza-un-acord-istoric-de-co-finantare-pentru-programul-flex\/\",\"name\":\"American Councils \u0219i Ministerul Educa\u021biei \u0219i Cercet\u0103rii din Rom\u00e2nia semneaz\u0103 un acord istoric de co-finan\u021bare pentru programul FLEX - Copil\u0103rie.org\",\"isPartOf\":{\"@id\":\"https:\/\/copilarie.org\/#website\"},\"primaryImageOfPage\":{\"@id\":\"https:\/\/copilarie.org\/index.php\/2025\/11\/26\/american-councils-si-ministerul-educatiei-si-cercetarii-din-romania-semneaza-un-acord-istoric-de-co-finantare-pentru-programul-flex\/#primaryimage\"},\"image\":{\"@id\":\"https:\/\/copilarie.org\/index.php\/2025\/11\/26\/american-councils-si-ministerul-educatiei-si-cercetarii-din-romania-semneaza-un-acord-istoric-de-co-finantare-pentru-programul-flex\/#primaryimage\"},\"thumbnailUrl\":\"https:\/\/copilarie.org\/wp-content\/uploads\/2025\/11\/flex.jpg\",\"datePublished\":\"2025-11-26T20:32:03+00:00\",\"dateModified\":\"2025-11-26T20:32:03+00:00\",\"author\":{\"@id\":\"https:\/\/copilarie.org\/#\/schema\/person\/cc68df24fe273441f59111720355e6d7\"},\"breadcrumb\":{\"@id\":\"https:\/\/copilarie.org\/index.php\/2025\/11\/26\/american-councils-si-ministerul-educatiei-si-cercetarii-din-romania-semneaza-un-acord-istoric-de-co-finantare-pentru-programul-flex\/#breadcrumb\"},\"inLanguage\":\"ro-RO\",\"potentialAction\":[{\"@type\":\"ReadAction\",\"target\":[\"https:\/\/copilarie.org\/index.php\/2025\/11\/26\/american-councils-si-ministerul-educatiei-si-cercetarii-din-romania-semneaza-un-acord-istoric-de-co-finantare-pentru-programul-flex\/\"]}]},{\"@type\":\"ImageObject\",\"inLanguage\":\"ro-RO\",\"@id\":\"https:\/\/copilarie.org\/index.php\/2025\/11\/26\/american-councils-si-ministerul-educatiei-si-cercetarii-din-romania-semneaza-un-acord-istoric-de-co-finantare-pentru-programul-flex\/#primaryimage\",\"url\":\"https:\/\/copilarie.org\/wp-content\/uploads\/2025\/11\/flex.jpg\",\"contentUrl\":\"https:\/\/copilarie.org\/wp-content\/uploads\/2025\/11\/flex.jpg\",\"width\":1920,\"height\":1280},{\"@type\":\"BreadcrumbList\",\"@id\":\"https:\/\/copilarie.org\/index.php\/2025\/11\/26\/american-councils-si-ministerul-educatiei-si-cercetarii-din-romania-semneaza-un-acord-istoric-de-co-finantare-pentru-programul-flex\/#breadcrumb\",\"itemListElement\":[{\"@type\":\"ListItem\",\"position\":1,\"name\":\"Prima pagin\u0103\",\"item\":\"https:\/\/copilarie.org\/\"},{\"@type\":\"ListItem\",\"position\":2,\"name\":\"American Councils \u0219i Ministerul Educa\u021biei \u0219i Cercet\u0103rii din Rom\u00e2nia semneaz\u0103 un acord istoric de co-finan\u021bare pentru programul FLEX\"}]},{\"@type\":\"WebSite\",\"@id\":\"https:\/\/copilarie.org\/#website\",\"url\":\"https:\/\/copilarie.org\/\",\"name\":\"Copil\u0103rie.org\",\"description\":\"\u00cen pas cu tine\",\"potentialAction\":[{\"@type\":\"SearchAction\",\"target\":{\"@type\":\"EntryPoint\",\"urlTemplate\":\"https:\/\/copilarie.org\/?s={search_term_string}\"},\"query-input\":{\"@type\":\"PropertyValueSpecification\",\"valueRequired\":true,\"valueName\":\"search_term_string\"}}],\"inLanguage\":\"ro-RO\"},{\"@type\":\"Person\",\"@id\":\"https:\/\/copilarie.org\/#\/schema\/person\/cc68df24fe273441f59111720355e6d7\",\"name\":\"Claudiu Padurean\",\"image\":{\"@type\":\"ImageObject\",\"inLanguage\":\"ro-RO\",\"@id\":\"https:\/\/copilarie.org\/#\/schema\/person\/image\/\",\"url\":\"https:\/\/secure.gravatar.com\/avatar\/f254259557f5b35053cf76205615a03f17a29fe60ac58ed31adacef6a3f612f9?s=96&d=mm&r=g\",\"contentUrl\":\"https:\/\/secure.gravatar.com\/avatar\/f254259557f5b35053cf76205615a03f17a29fe60ac58ed31adacef6a3f612f9?s=96&d=mm&r=g\",\"caption\":\"Claudiu Padurean\"}}]}<\/script>\n<!-- \/ Yoast SEO plugin. -->","yoast_head_json":{"title":"American Councils \u0219i Ministerul Educa\u021biei \u0219i Cercet\u0103rii din Rom\u00e2nia semneaz\u0103 un acord istoric de co-finan\u021bare pentru programul FLEX - Copil\u0103rie.org","robots":{"index":"index","follow":"follow","max-snippet":"max-snippet:-1","max-image-preview":"max-image-preview:large","max-video-preview":"max-video-preview:-1"},"canonical":"https:\/\/copilarie.org\/index.php\/2025\/11\/26\/american-councils-si-ministerul-educatiei-si-cercetarii-din-romania-semneaza-un-acord-istoric-de-co-finantare-pentru-programul-flex\/","og_locale":"ro_RO","og_type":"article","og_title":"American Councils \u0219i Ministerul Educa\u021biei \u0219i Cercet\u0103rii din Rom\u00e2nia semneaz\u0103 un acord istoric de co-finan\u021bare pentru programul FLEX - Copil\u0103rie.org","og_description":"American Councils for International Education a anun\u021bat un acord de referin\u021b\u0103 cu Ministerul Educa\u021biei \u0219i Cercet\u0103rii din Rom\u00e2nia pentru sus\u021binerea programului Future Leaders Exchange (FLEX) \u00een anul academic 2026\u20132027. Acest parteneriat marcheaz\u0103 un moment semnificativ \u00een cooperarea educa\u021bional\u0103 dintre Statele Unite ale Americii \u0219i Rom\u00e2nia. \u00cens\u0103, deocamdat\u0103, Statele Unite ale Americii refuz\u0103 s\u0103 elimine vizele [&hellip;]","og_url":"https:\/\/copilarie.org\/index.php\/2025\/11\/26\/american-councils-si-ministerul-educatiei-si-cercetarii-din-romania-semneaza-un-acord-istoric-de-co-finantare-pentru-programul-flex\/","og_site_name":"Copil\u0103rie.org","article_publisher":"https:\/\/www.facebook.com\/copilarie.org\/","article_published_time":"2025-11-26T20:32:03+00:00","og_image":[{"width":1920,"height":1280,"url":"https:\/\/copilarie.org\/wp-content\/uploads\/2025\/11\/flex.jpg","type":"image\/jpeg"}],"author":"Claudiu Padurean","twitter_card":"summary_large_image","twitter_creator":"@CopilarieOrg","twitter_site":"@CopilarieOrg","twitter_misc":{"Scris de":"Claudiu Padurean","Timp estimat pentru citire":"4 minute"},"schema":{"@context":"https:\/\/schema.org","@graph":[{"@type":"WebPage","@id":"https:\/\/copilarie.org\/index.php\/2025\/11\/26\/american-councils-si-ministerul-educatiei-si-cercetarii-din-romania-semneaza-un-acord-istoric-de-co-finantare-pentru-programul-flex\/","url":"https:\/\/copilarie.org\/index.php\/2025\/11\/26\/american-councils-si-ministerul-educatiei-si-cercetarii-din-romania-semneaza-un-acord-istoric-de-co-finantare-pentru-programul-flex\/","name":"American Councils \u0219i Ministerul Educa\u021biei \u0219i Cercet\u0103rii din Rom\u00e2nia semneaz\u0103 un acord istoric de co-finan\u021bare pentru programul FLEX - Copil\u0103rie.org","isPartOf":{"@id":"https:\/\/copilarie.org\/#website"},"primaryImageOfPage":{"@id":"https:\/\/copilarie.org\/index.php\/2025\/11\/26\/american-councils-si-ministerul-educatiei-si-cercetarii-din-romania-semneaza-un-acord-istoric-de-co-finantare-pentru-programul-flex\/#primaryimage"},"image":{"@id":"https:\/\/copilarie.org\/index.php\/2025\/11\/26\/american-councils-si-ministerul-educatiei-si-cercetarii-din-romania-semneaza-un-acord-istoric-de-co-finantare-pentru-programul-flex\/#primaryimage"},"thumbnailUrl":"https:\/\/copilarie.org\/wp-content\/uploads\/2025\/11\/flex.jpg","datePublished":"2025-11-26T20:32:03+00:00","dateModified":"2025-11-26T20:32:03+00:00","author":{"@id":"https:\/\/copilarie.org\/#\/schema\/person\/cc68df24fe273441f59111720355e6d7"},"breadcrumb":{"@id":"https:\/\/copilarie.org\/index.php\/2025\/11\/26\/american-councils-si-ministerul-educatiei-si-cercetarii-din-romania-semneaza-un-acord-istoric-de-co-finantare-pentru-programul-flex\/#breadcrumb"},"inLanguage":"ro-RO","potentialAction":[{"@type":"ReadAction","target":["https:\/\/copilarie.org\/index.php\/2025\/11\/26\/american-councils-si-ministerul-educatiei-si-cercetarii-din-romania-semneaza-un-acord-istoric-de-co-finantare-pentru-programul-flex\/"]}]},{"@type":"ImageObject","inLanguage":"ro-RO","@id":"https:\/\/copilarie.org\/index.php\/2025\/11\/26\/american-councils-si-ministerul-educatiei-si-cercetarii-din-romania-semneaza-un-acord-istoric-de-co-finantare-pentru-programul-flex\/#primaryimage","url":"https:\/\/copilarie.org\/wp-content\/uploads\/2025\/11\/flex.jpg","contentUrl":"https:\/\/copilarie.org\/wp-content\/uploads\/2025\/11\/flex.jpg","width":1920,"height":1280},{"@type":"BreadcrumbList","@id":"https:\/\/copilarie.org\/index.php\/2025\/11\/26\/american-councils-si-ministerul-educatiei-si-cercetarii-din-romania-semneaza-un-acord-istoric-de-co-finantare-pentru-programul-flex\/#breadcrumb","itemListElement":[{"@type":"ListItem","position":1,"name":"Prima pagin\u0103","item":"https:\/\/copilarie.org\/"},{"@type":"ListItem","position":2,"name":"American Councils \u0219i Ministerul Educa\u021biei \u0219i Cercet\u0103rii din Rom\u00e2nia semneaz\u0103 un acord istoric de co-finan\u021bare pentru programul FLEX"}]},{"@type":"WebSite","@id":"https:\/\/copilarie.org\/#website","url":"https:\/\/copilarie.org\/","name":"Copil\u0103rie.org","description":"\u00cen pas cu tine","potentialAction":[{"@type":"SearchAction","target":{"@type":"EntryPoint","urlTemplate":"https:\/\/copilarie.org\/?s={search_term_string}"},"query-input":{"@type":"PropertyValueSpecification","valueRequired":true,"valueName":"search_term_string"}}],"inLanguage":"ro-RO"},{"@type":"Person","@id":"https:\/\/copilarie.org\/#\/schema\/person\/cc68df24fe273441f59111720355e6d7","name":"Claudiu Padurean","image":{"@type":"ImageObject","inLanguage":"ro-RO","@id":"https:\/\/copilarie.org\/#\/schema\/person\/image\/","url":"https:\/\/secure.gravatar.com\/avatar\/f254259557f5b35053cf76205615a03f17a29fe60ac58ed31adacef6a3f612f9?s=96&d=mm&r=g","contentUrl":"https:\/\/secure.gravatar.com\/avatar\/f254259557f5b35053cf76205615a03f17a29fe60ac58ed31adacef6a3f612f9?s=96&d=mm&r=g","caption":"Claudiu Padurean"}}]}},"_links":{"self":[{"href":"https:\/\/copilarie.org\/index.php\/wp-json\/wp\/v2\/posts\/3697","targetHints":{"allow":["GET"]}}],"collection":[{"href":"https:\/\/copilarie.org\/index.php\/wp-json\/wp\/v2\/posts"}],"about":[{"href":"https:\/\/copilarie.org\/index.php\/wp-json\/wp\/v2\/types\/post"}],"author":[{"embeddable":true,"href":"https:\/\/copilarie.org\/index.php\/wp-json\/wp\/v2\/users\/6"}],"replies":[{"embeddable":true,"href":"https:\/\/copilarie.org\/index.php\/wp-json\/wp\/v2\/comments?post=3697"}],"version-history":[{"count":1,"href":"https:\/\/copilarie.org\/index.php\/wp-json\/wp\/v2\/posts\/3697\/revisions"}],"predecessor-version":[{"id":3699,"href":"https:\/\/copilarie.org\/index.php\/wp-json\/wp\/v2\/posts\/3697\/revisions\/3699"}],"wp:featuredmedia":[{"embeddable":true,"href":"https:\/\/copilarie.org\/index.php\/wp-json\/wp\/v2\/media\/3698"}],"wp:attachment":[{"href":"https:\/\/copilarie.org\/index.php\/wp-json\/wp\/v2\/media?parent=3697"}],"wp:term":[{"taxonomy":"category","embeddable":true,"href":"https:\/\/copilarie.org\/index.php\/wp-json\/wp\/v2\/categories?post=3697"},{"taxonomy":"post_tag","embeddable":true,"href":"https:\/\/copilarie.org\/index.php\/wp-json\/wp\/v2\/tags?post=3697"}],"curies":[{"name":"wp","href":"https:\/\/api.w.org\/{rel}","templated":true}]}}