{"id":3723,"date":"2025-12-10T10:51:38","date_gmt":"2025-12-10T10:51:38","guid":{"rendered":"https:\/\/copilarie.org\/?p=3723"},"modified":"2025-12-10T10:51:38","modified_gmt":"2025-12-10T10:51:38","slug":"romsilva-va-planta-aproximativ-28-milioane-de-puieti-forestieri-in-campania-de-impaduriri-de-toamna","status":"publish","type":"post","link":"https:\/\/copilarie.org\/index.php\/2025\/12\/10\/romsilva-va-planta-aproximativ-28-milioane-de-puieti-forestieri-in-campania-de-impaduriri-de-toamna\/","title":{"rendered":"Romsilva va planta aproximativ 2,8 milioane de puie\u021bi forestieri \u00een campania de \u00eemp\u0103duriri de toamn\u0103"},"content":{"rendered":"<p class=\"p1\"><strong>Directorul general al Regiei Na\u021bionale a P\u0103durilor \u2013 Romsilva, Jean Vi\u0219an, al\u0103turi de directorul Direc\u021biei Regenerare \u2013 Dezvoltare, Eleodor Olavi Ni\u021bescu, \u0219i silvicultori ai Direc\u021biei Silvice Ilfov au participat, mar\u021bi, 9 decembrie 2025, la o ac\u021biune de \u00eemp\u0103durire la Ocolul Silvic Br\u0103ne\u0219ti, \u00een cadrul campaniei de toamn\u0103.<\/strong><\/p>\n<p class=\"p1\">\u00cen campania de \u00eemp\u0103duriri de toamn\u0103, Regia Na\u021bional\u0103 a P\u0103durilor \u2013 Romsilva va planta aproximativ 2,8 milioane de puie\u021bi forestieri \u0219i va regenera 1.326 hectare fond forestier proprietatea public\u0103 a statului. Dintre acestea, 814 hectare se vor realiza prin regener\u0103ri naturale, iar 512 hectare prin regener\u0103ri artificiale, adic\u0103 prin lucr\u0103ri de \u00eemp\u0103duriri.<\/p>\n<p class=\"p1\">De asemenea, \u00een campania de \u00eemp\u0103duriri de toamn\u0103 sunt prev\u0103zute lucr\u0103ri de complet\u0103ri pe 482 hectare \u0219i lucr\u0103ri de refacere a planta\u021biilor pe alte 495 hectare.<\/p>\n<p class=\"p1\">Majoritatea \u0219antierelor de \u00eemp\u0103duriri este situat\u0103 \u00een zone de c\u00e2mpie din sudul \u021b\u0103rii \u0219i zone din lunca \u0219i Delta Dun\u0103rii, iar \u00eenaintea campaniei de \u00eemp\u0103duriri de toamn\u0103, angaja\u021bii Romsilva au realizat lucr\u0103rile mecanizate de preg\u0103tire a solului \u0219i de scoatere a puie\u021bilor din pepinierele silvice.<\/p>\n<p class=\"p1\">Programul de regenerare a p\u0103durilor proprietatea public\u0103 a statului, pentru acest an, \u00een cele dou\u0103 campanii de \u00eemp\u0103duriri, de prim\u0103var\u0103 \u0219i de toamn\u0103, prevede regenerarea a 10.100 hectare, dintre care 6.515 hectare regener\u0103ri naturale \u0219i 3.585 hectare fond forestier regenerate artificial.<\/p>\n<p class=\"p1\">\u00cen campania de \u00eemp\u0103duriri de prim\u0103var\u0103, Romsilva a regenerat 9.454 hectare, 6.306 regener\u0103ri naturale \u0219i 3.148 hectare regener\u0103ri artificiale. Au fost realizate, de asemenea, lucr\u0103ri de complet\u0103ri pe 1.861 hectare \u0219i de refacere a planta\u021biilor pe alte 517 hectare.<\/p>\n<p class=\"p1\">Pentru toate aceste lucr\u0103ri, de \u00eemp\u0103duriri, complet\u0103ri \u0219i refaceri, Romsilva a plantat, \u00een campania de \u00eemp\u0103duriri de prim\u0103var\u0103, 20,4 milioane de puie\u021bi forestieri.<\/p>\n<p class=\"p2\">\u00cen ultimii cinci ani, Romsilva a regenerat 71.539 hectare fond forestier proprietatea public\u0103 a statului, 48.921 hectare prin regener\u0103ri naturale \u0219i 22.618 hectare prin regener\u0103ri artificiale, unde au fost planta\u021bi peste 130 de milioane de puie\u021bi forestieri.<\/p>\n<p class=\"p2\">Regia Na\u021bional\u0103 a P\u0103durilor \u2013 Romsilva administreaz\u0103 3,13 milioane hectare p\u0103duri proprietatea public\u0103 a statului \u0219i asigur\u0103 servicii silvice pentru aproximativ un milion de hectare de p\u0103duri aflate \u00een alte forme de proprietate.<\/p>\n<p class=\"p2\">Toate p\u0103durile proprietatea public\u0103 a statului de\u021bin certificarea managementului forestier \u00een sisteme interna\u021bionale.<\/p>\n<p class=\"p2\">Regia Na\u021bional\u0103 a P\u0103durilor \u2013 Romsilva administreaz\u0103 \u0219i 22 de parcuri na\u021bionale \u0219i naturale, cu o suprafa\u021b\u0103 cumulat\u0103 de peste 850.000 de hectare, precum \u0219i 12 herghelii de stat.<\/p>\n<blockquote class=\"wp-embedded-content\" data-secret=\"DVrZXLGd4w\"><p><a href=\"https:\/\/copilarie.org\/index.php\/2025\/11\/11\/filmul-un-simplu-accident-marele-castigator-de-la-cannes-2025-intra-in-cinematografe\/\">Filmul Un simplu accident, marele c\u00e2\u0219tig\u0103tor de la Cannes 2025, intr\u0103 \u00een cinematografe<\/a><\/p><\/blockquote>\n<p><iframe loading=\"lazy\" class=\"wp-embedded-content\" sandbox=\"allow-scripts\" security=\"restricted\" style=\"position: absolute; visibility: hidden;\" title=\"&#8222;Filmul Un simplu accident, marele c\u00e2\u0219tig\u0103tor de la Cannes 2025, intr\u0103 \u00een cinematografe&#8221; &#8211; Copil\u0103rie.org\" src=\"https:\/\/copilarie.org\/index.php\/2025\/11\/11\/filmul-un-simplu-accident-marele-castigator-de-la-cannes-2025-intra-in-cinematografe\/embed\/#?secret=EXUoPpk5tV#?secret=DVrZXLGd4w\" data-secret=\"DVrZXLGd4w\" width=\"600\" height=\"338\" frameborder=\"0\" marginwidth=\"0\" marginheight=\"0\" scrolling=\"no\"><\/iframe><\/p>\n","protected":false},"excerpt":{"rendered":"<p>Directorul general al Regiei Na\u021bionale a P\u0103durilor \u2013 Romsilva, Jean Vi\u0219an, al\u0103turi de directorul Direc\u021biei Regenerare \u2013 Dezvoltare, Eleodor Olavi Ni\u021bescu, \u0219i silvicultori ai Direc\u021biei Silvice Ilfov au participat, mar\u021bi, 9 decembrie 2025, la o ac\u021biune de \u00eemp\u0103durire la Ocolul Silvic Br\u0103ne\u0219ti, \u00een cadrul campaniei de toamn\u0103. \u00cen campania de \u00eemp\u0103duriri de toamn\u0103, Regia Na\u021bional\u0103 [&hellip;]<\/p>\n","protected":false},"author":6,"featured_media":3724,"comment_status":"open","ping_status":"open","sticky":false,"template":"","format":"standard","meta":{"footnotes":""},"categories":[1,19],"tags":[333,24,344,585,345],"class_list":{"0":"post-3723","1":"post","2":"type-post","3":"status-publish","4":"format-standard","5":"has-post-thumbnail","7":"category-acasa","8":"category-stiri","9":"tag-claudiu-padurean","10":"tag-copilarie-org","11":"tag-news","12":"tag-plantari-romsilva","13":"tag-stiri"},"yoast_head":"<!-- This site is optimized with the Yoast SEO plugin v23.6 - https:\/\/yoast.com\/wordpress\/plugins\/seo\/ -->\n<title>Romsilva va planta aproximativ 2,8 milioane de puie\u021bi forestieri \u00een campania de \u00eemp\u0103duriri de toamn\u0103 - Copil\u0103rie.org<\/title>\n<meta name=\"robots\" content=\"index, follow, max-snippet:-1, max-image-preview:large, max-video-preview:-1\" \/>\n<link rel=\"canonical\" href=\"https:\/\/copilarie.org\/index.php\/2025\/12\/10\/romsilva-va-planta-aproximativ-28-milioane-de-puieti-forestieri-in-campania-de-impaduriri-de-toamna\/\" \/>\n<meta property=\"og:locale\" content=\"ro_RO\" \/>\n<meta property=\"og:type\" content=\"article\" \/>\n<meta property=\"og:title\" content=\"Romsilva va planta aproximativ 2,8 milioane de puie\u021bi forestieri \u00een campania de \u00eemp\u0103duriri de toamn\u0103 - Copil\u0103rie.org\" \/>\n<meta property=\"og:description\" content=\"Directorul general al Regiei Na\u021bionale a P\u0103durilor \u2013 Romsilva, Jean Vi\u0219an, al\u0103turi de directorul Direc\u021biei Regenerare \u2013 Dezvoltare, Eleodor Olavi Ni\u021bescu, \u0219i silvicultori ai Direc\u021biei Silvice Ilfov au participat, mar\u021bi, 9 decembrie 2025, la o ac\u021biune de \u00eemp\u0103durire la Ocolul Silvic Br\u0103ne\u0219ti, \u00een cadrul campaniei de toamn\u0103. \u00cen campania de \u00eemp\u0103duriri de toamn\u0103, Regia Na\u021bional\u0103 [&hellip;]\" \/>\n<meta property=\"og:url\" content=\"https:\/\/copilarie.org\/index.php\/2025\/12\/10\/romsilva-va-planta-aproximativ-28-milioane-de-puieti-forestieri-in-campania-de-impaduriri-de-toamna\/\" \/>\n<meta property=\"og:site_name\" content=\"Copil\u0103rie.org\" \/>\n<meta property=\"article:publisher\" content=\"https:\/\/www.facebook.com\/copilarie.org\/\" \/>\n<meta property=\"article:published_time\" content=\"2025-12-10T10:51:38+00:00\" \/>\n<meta property=\"og:image\" content=\"https:\/\/copilarie.org\/wp-content\/uploads\/2025\/12\/FOTO_ROMSILVA_CAMPANIE_TOAMNA_2025.jpg\" \/>\n\t<meta property=\"og:image:width\" content=\"1200\" \/>\n\t<meta property=\"og:image:height\" content=\"751\" \/>\n\t<meta property=\"og:image:type\" content=\"image\/jpeg\" \/>\n<meta name=\"author\" content=\"Claudiu Padurean\" \/>\n<meta name=\"twitter:card\" content=\"summary_large_image\" \/>\n<meta name=\"twitter:creator\" content=\"@CopilarieOrg\" \/>\n<meta name=\"twitter:site\" content=\"@CopilarieOrg\" \/>\n<meta name=\"twitter:label1\" content=\"Scris de\" \/>\n\t<meta name=\"twitter:data1\" content=\"Claudiu Padurean\" \/>\n\t<meta name=\"twitter:label2\" content=\"Timp estimat pentru citire\" \/>\n\t<meta name=\"twitter:data2\" content=\"3 minute\" \/>\n<script type=\"application\/ld+json\" class=\"yoast-schema-graph\">{\"@context\":\"https:\/\/schema.org\",\"@graph\":[{\"@type\":\"WebPage\",\"@id\":\"https:\/\/copilarie.org\/index.php\/2025\/12\/10\/romsilva-va-planta-aproximativ-28-milioane-de-puieti-forestieri-in-campania-de-impaduriri-de-toamna\/\",\"url\":\"https:\/\/copilarie.org\/index.php\/2025\/12\/10\/romsilva-va-planta-aproximativ-28-milioane-de-puieti-forestieri-in-campania-de-impaduriri-de-toamna\/\",\"name\":\"Romsilva va planta aproximativ 2,8 milioane de puie\u021bi forestieri \u00een campania de \u00eemp\u0103duriri de toamn\u0103 - Copil\u0103rie.org\",\"isPartOf\":{\"@id\":\"https:\/\/copilarie.org\/#website\"},\"primaryImageOfPage\":{\"@id\":\"https:\/\/copilarie.org\/index.php\/2025\/12\/10\/romsilva-va-planta-aproximativ-28-milioane-de-puieti-forestieri-in-campania-de-impaduriri-de-toamna\/#primaryimage\"},\"image\":{\"@id\":\"https:\/\/copilarie.org\/index.php\/2025\/12\/10\/romsilva-va-planta-aproximativ-28-milioane-de-puieti-forestieri-in-campania-de-impaduriri-de-toamna\/#primaryimage\"},\"thumbnailUrl\":\"https:\/\/copilarie.org\/wp-content\/uploads\/2025\/12\/FOTO_ROMSILVA_CAMPANIE_TOAMNA_2025.jpg\",\"datePublished\":\"2025-12-10T10:51:38+00:00\",\"dateModified\":\"2025-12-10T10:51:38+00:00\",\"author\":{\"@id\":\"https:\/\/copilarie.org\/#\/schema\/person\/cc68df24fe273441f59111720355e6d7\"},\"breadcrumb\":{\"@id\":\"https:\/\/copilarie.org\/index.php\/2025\/12\/10\/romsilva-va-planta-aproximativ-28-milioane-de-puieti-forestieri-in-campania-de-impaduriri-de-toamna\/#breadcrumb\"},\"inLanguage\":\"ro-RO\",\"potentialAction\":[{\"@type\":\"ReadAction\",\"target\":[\"https:\/\/copilarie.org\/index.php\/2025\/12\/10\/romsilva-va-planta-aproximativ-28-milioane-de-puieti-forestieri-in-campania-de-impaduriri-de-toamna\/\"]}]},{\"@type\":\"ImageObject\",\"inLanguage\":\"ro-RO\",\"@id\":\"https:\/\/copilarie.org\/index.php\/2025\/12\/10\/romsilva-va-planta-aproximativ-28-milioane-de-puieti-forestieri-in-campania-de-impaduriri-de-toamna\/#primaryimage\",\"url\":\"https:\/\/copilarie.org\/wp-content\/uploads\/2025\/12\/FOTO_ROMSILVA_CAMPANIE_TOAMNA_2025.jpg\",\"contentUrl\":\"https:\/\/copilarie.org\/wp-content\/uploads\/2025\/12\/FOTO_ROMSILVA_CAMPANIE_TOAMNA_2025.jpg\",\"width\":1200,\"height\":751},{\"@type\":\"BreadcrumbList\",\"@id\":\"https:\/\/copilarie.org\/index.php\/2025\/12\/10\/romsilva-va-planta-aproximativ-28-milioane-de-puieti-forestieri-in-campania-de-impaduriri-de-toamna\/#breadcrumb\",\"itemListElement\":[{\"@type\":\"ListItem\",\"position\":1,\"name\":\"Prima pagin\u0103\",\"item\":\"https:\/\/copilarie.org\/\"},{\"@type\":\"ListItem\",\"position\":2,\"name\":\"Romsilva va planta aproximativ 2,8 milioane de puie\u021bi forestieri \u00een campania de \u00eemp\u0103duriri de toamn\u0103\"}]},{\"@type\":\"WebSite\",\"@id\":\"https:\/\/copilarie.org\/#website\",\"url\":\"https:\/\/copilarie.org\/\",\"name\":\"Copil\u0103rie.org\",\"description\":\"\u00cen pas cu tine\",\"potentialAction\":[{\"@type\":\"SearchAction\",\"target\":{\"@type\":\"EntryPoint\",\"urlTemplate\":\"https:\/\/copilarie.org\/?s={search_term_string}\"},\"query-input\":{\"@type\":\"PropertyValueSpecification\",\"valueRequired\":true,\"valueName\":\"search_term_string\"}}],\"inLanguage\":\"ro-RO\"},{\"@type\":\"Person\",\"@id\":\"https:\/\/copilarie.org\/#\/schema\/person\/cc68df24fe273441f59111720355e6d7\",\"name\":\"Claudiu Padurean\",\"image\":{\"@type\":\"ImageObject\",\"inLanguage\":\"ro-RO\",\"@id\":\"https:\/\/copilarie.org\/#\/schema\/person\/image\/\",\"url\":\"https:\/\/secure.gravatar.com\/avatar\/f254259557f5b35053cf76205615a03f17a29fe60ac58ed31adacef6a3f612f9?s=96&d=mm&r=g\",\"contentUrl\":\"https:\/\/secure.gravatar.com\/avatar\/f254259557f5b35053cf76205615a03f17a29fe60ac58ed31adacef6a3f612f9?s=96&d=mm&r=g\",\"caption\":\"Claudiu Padurean\"}}]}<\/script>\n<!-- \/ Yoast SEO plugin. -->","yoast_head_json":{"title":"Romsilva va planta aproximativ 2,8 milioane de puie\u021bi forestieri \u00een campania de \u00eemp\u0103duriri de toamn\u0103 - Copil\u0103rie.org","robots":{"index":"index","follow":"follow","max-snippet":"max-snippet:-1","max-image-preview":"max-image-preview:large","max-video-preview":"max-video-preview:-1"},"canonical":"https:\/\/copilarie.org\/index.php\/2025\/12\/10\/romsilva-va-planta-aproximativ-28-milioane-de-puieti-forestieri-in-campania-de-impaduriri-de-toamna\/","og_locale":"ro_RO","og_type":"article","og_title":"Romsilva va planta aproximativ 2,8 milioane de puie\u021bi forestieri \u00een campania de \u00eemp\u0103duriri de toamn\u0103 - Copil\u0103rie.org","og_description":"Directorul general al Regiei Na\u021bionale a P\u0103durilor \u2013 Romsilva, Jean Vi\u0219an, al\u0103turi de directorul Direc\u021biei Regenerare \u2013 Dezvoltare, Eleodor Olavi Ni\u021bescu, \u0219i silvicultori ai Direc\u021biei Silvice Ilfov au participat, mar\u021bi, 9 decembrie 2025, la o ac\u021biune de \u00eemp\u0103durire la Ocolul Silvic Br\u0103ne\u0219ti, \u00een cadrul campaniei de toamn\u0103. \u00cen campania de \u00eemp\u0103duriri de toamn\u0103, Regia Na\u021bional\u0103 [&hellip;]","og_url":"https:\/\/copilarie.org\/index.php\/2025\/12\/10\/romsilva-va-planta-aproximativ-28-milioane-de-puieti-forestieri-in-campania-de-impaduriri-de-toamna\/","og_site_name":"Copil\u0103rie.org","article_publisher":"https:\/\/www.facebook.com\/copilarie.org\/","article_published_time":"2025-12-10T10:51:38+00:00","og_image":[{"width":1200,"height":751,"url":"https:\/\/copilarie.org\/wp-content\/uploads\/2025\/12\/FOTO_ROMSILVA_CAMPANIE_TOAMNA_2025.jpg","type":"image\/jpeg"}],"author":"Claudiu Padurean","twitter_card":"summary_large_image","twitter_creator":"@CopilarieOrg","twitter_site":"@CopilarieOrg","twitter_misc":{"Scris de":"Claudiu Padurean","Timp estimat pentru citire":"3 minute"},"schema":{"@context":"https:\/\/schema.org","@graph":[{"@type":"WebPage","@id":"https:\/\/copilarie.org\/index.php\/2025\/12\/10\/romsilva-va-planta-aproximativ-28-milioane-de-puieti-forestieri-in-campania-de-impaduriri-de-toamna\/","url":"https:\/\/copilarie.org\/index.php\/2025\/12\/10\/romsilva-va-planta-aproximativ-28-milioane-de-puieti-forestieri-in-campania-de-impaduriri-de-toamna\/","name":"Romsilva va planta aproximativ 2,8 milioane de puie\u021bi forestieri \u00een campania de \u00eemp\u0103duriri de toamn\u0103 - Copil\u0103rie.org","isPartOf":{"@id":"https:\/\/copilarie.org\/#website"},"primaryImageOfPage":{"@id":"https:\/\/copilarie.org\/index.php\/2025\/12\/10\/romsilva-va-planta-aproximativ-28-milioane-de-puieti-forestieri-in-campania-de-impaduriri-de-toamna\/#primaryimage"},"image":{"@id":"https:\/\/copilarie.org\/index.php\/2025\/12\/10\/romsilva-va-planta-aproximativ-28-milioane-de-puieti-forestieri-in-campania-de-impaduriri-de-toamna\/#primaryimage"},"thumbnailUrl":"https:\/\/copilarie.org\/wp-content\/uploads\/2025\/12\/FOTO_ROMSILVA_CAMPANIE_TOAMNA_2025.jpg","datePublished":"2025-12-10T10:51:38+00:00","dateModified":"2025-12-10T10:51:38+00:00","author":{"@id":"https:\/\/copilarie.org\/#\/schema\/person\/cc68df24fe273441f59111720355e6d7"},"breadcrumb":{"@id":"https:\/\/copilarie.org\/index.php\/2025\/12\/10\/romsilva-va-planta-aproximativ-28-milioane-de-puieti-forestieri-in-campania-de-impaduriri-de-toamna\/#breadcrumb"},"inLanguage":"ro-RO","potentialAction":[{"@type":"ReadAction","target":["https:\/\/copilarie.org\/index.php\/2025\/12\/10\/romsilva-va-planta-aproximativ-28-milioane-de-puieti-forestieri-in-campania-de-impaduriri-de-toamna\/"]}]},{"@type":"ImageObject","inLanguage":"ro-RO","@id":"https:\/\/copilarie.org\/index.php\/2025\/12\/10\/romsilva-va-planta-aproximativ-28-milioane-de-puieti-forestieri-in-campania-de-impaduriri-de-toamna\/#primaryimage","url":"https:\/\/copilarie.org\/wp-content\/uploads\/2025\/12\/FOTO_ROMSILVA_CAMPANIE_TOAMNA_2025.jpg","contentUrl":"https:\/\/copilarie.org\/wp-content\/uploads\/2025\/12\/FOTO_ROMSILVA_CAMPANIE_TOAMNA_2025.jpg","width":1200,"height":751},{"@type":"BreadcrumbList","@id":"https:\/\/copilarie.org\/index.php\/2025\/12\/10\/romsilva-va-planta-aproximativ-28-milioane-de-puieti-forestieri-in-campania-de-impaduriri-de-toamna\/#breadcrumb","itemListElement":[{"@type":"ListItem","position":1,"name":"Prima pagin\u0103","item":"https:\/\/copilarie.org\/"},{"@type":"ListItem","position":2,"name":"Romsilva va planta aproximativ 2,8 milioane de puie\u021bi forestieri \u00een campania de \u00eemp\u0103duriri de toamn\u0103"}]},{"@type":"WebSite","@id":"https:\/\/copilarie.org\/#website","url":"https:\/\/copilarie.org\/","name":"Copil\u0103rie.org","description":"\u00cen pas cu tine","potentialAction":[{"@type":"SearchAction","target":{"@type":"EntryPoint","urlTemplate":"https:\/\/copilarie.org\/?s={search_term_string}"},"query-input":{"@type":"PropertyValueSpecification","valueRequired":true,"valueName":"search_term_string"}}],"inLanguage":"ro-RO"},{"@type":"Person","@id":"https:\/\/copilarie.org\/#\/schema\/person\/cc68df24fe273441f59111720355e6d7","name":"Claudiu Padurean","image":{"@type":"ImageObject","inLanguage":"ro-RO","@id":"https:\/\/copilarie.org\/#\/schema\/person\/image\/","url":"https:\/\/secure.gravatar.com\/avatar\/f254259557f5b35053cf76205615a03f17a29fe60ac58ed31adacef6a3f612f9?s=96&d=mm&r=g","contentUrl":"https:\/\/secure.gravatar.com\/avatar\/f254259557f5b35053cf76205615a03f17a29fe60ac58ed31adacef6a3f612f9?s=96&d=mm&r=g","caption":"Claudiu Padurean"}}]}},"_links":{"self":[{"href":"https:\/\/copilarie.org\/index.php\/wp-json\/wp\/v2\/posts\/3723","targetHints":{"allow":["GET"]}}],"collection":[{"href":"https:\/\/copilarie.org\/index.php\/wp-json\/wp\/v2\/posts"}],"about":[{"href":"https:\/\/copilarie.org\/index.php\/wp-json\/wp\/v2\/types\/post"}],"author":[{"embeddable":true,"href":"https:\/\/copilarie.org\/index.php\/wp-json\/wp\/v2\/users\/6"}],"replies":[{"embeddable":true,"href":"https:\/\/copilarie.org\/index.php\/wp-json\/wp\/v2\/comments?post=3723"}],"version-history":[{"count":1,"href":"https:\/\/copilarie.org\/index.php\/wp-json\/wp\/v2\/posts\/3723\/revisions"}],"predecessor-version":[{"id":3725,"href":"https:\/\/copilarie.org\/index.php\/wp-json\/wp\/v2\/posts\/3723\/revisions\/3725"}],"wp:featuredmedia":[{"embeddable":true,"href":"https:\/\/copilarie.org\/index.php\/wp-json\/wp\/v2\/media\/3724"}],"wp:attachment":[{"href":"https:\/\/copilarie.org\/index.php\/wp-json\/wp\/v2\/media?parent=3723"}],"wp:term":[{"taxonomy":"category","embeddable":true,"href":"https:\/\/copilarie.org\/index.php\/wp-json\/wp\/v2\/categories?post=3723"},{"taxonomy":"post_tag","embeddable":true,"href":"https:\/\/copilarie.org\/index.php\/wp-json\/wp\/v2\/tags?post=3723"}],"curies":[{"name":"wp","href":"https:\/\/api.w.org\/{rel}","templated":true}]}}