{"id":3731,"date":"2025-12-12T18:45:19","date_gmt":"2025-12-12T18:45:19","guid":{"rendered":"https:\/\/copilarie.org\/?p=3731"},"modified":"2025-12-12T18:45:19","modified_gmt":"2025-12-12T18:45:19","slug":"opt-galerii-de-arta-contemporana-se-reunesc-la-final-de-an-pentru-a-treia-editie-sat-primul-targ-din-romania-dedicat-exclusiv-lucrarilor-pe-hartie","status":"publish","type":"post","link":"https:\/\/copilarie.org\/index.php\/2025\/12\/12\/opt-galerii-de-arta-contemporana-se-reunesc-la-final-de-an-pentru-a-treia-editie-sat-primul-targ-din-romania-dedicat-exclusiv-lucrarilor-pe-hartie\/","title":{"rendered":"Opt galerii de art\u0103 contemporan\u0103 se reunesc la final de an pentru a treia edi\u021bie SAT, primul t\u00e2rg din Rom\u00e2nia dedicat exclusiv lucr\u0103rilor pe h\u00e2rtie"},"content":{"rendered":"<p><strong>\u00centre 14 \u0219i 21 decembrie 2025 are loc a treia edi\u021bie a SAT \u2013 SMALLEST ART FAIR IN TOWN, primul t\u00e2rg de art\u0103 din Rom\u00e2nia dedicat exclusiv lucr\u0103rilor pe h\u00e2rtie. P\u0103str\u00e2nd spiritul primelor edi\u021bii, SAT respinge formatul clasic cu standuri \u0219i ofer\u0103 galeriilor un spa\u021biu comun de expunere \u0219i mediere a discursului expozi\u021bional prezentat publicului. Cu lucr\u0103ri din portofoliile a 25 de arti\u0219ti, edi\u021bia de final de an pune \u00een discu\u021bie momente de trecere, de c\u0103utare a sensului \u0219i de descoperire a unor posibile c\u0103i de traversare c\u0103tre o form\u0103, chiar \u0219i incipient\u0103, de claritate. Evenimentul se adreseaz\u0103 publicului larg, colec\u021bionarilor afla\u021bi la \u00eenceput de drum \u0219i celor consacra\u021bi, oferind acces gratuit \u0219i un cadru deschis pentru explorarea artei contemporane.<\/strong><\/p>\n<p>&nbsp;<\/p>\n<p><b>GALERII DE ART\u0102 PARTICIPANTE LA CEA DE-A TREIA EDI\u021aIE:<\/b><\/p>\n<p><span style=\"font-weight: 400;\">ARSMONITOR, ANAID, GAEP,\u00a0 LUTNI\u021aA, MOBIUS, SECTOR 1, SOLO, SUPRAINFINIT<\/span><\/p>\n<p><b>DETALII DESPRE EVENIMENT:<\/b><\/p>\n<p><span style=\"font-weight: 400;\">Perioada: 14 \u2013 21 decembrie 2025<\/span><\/p>\n<p><span style=\"font-weight: 400;\">Program de vizitare: Zilnic, \u00eentre orele 13:00 \u2013 20:00. Accesul este gratuit.<\/span><\/p>\n<p><span style=\"font-weight: 400;\">Loca\u021bia: Salon de Papier, Str. Constantin Cristescu, Nr. 12, etaj 1, Sector 1, Bucure\u0219ti<\/span><\/p>\n<p>&nbsp;<\/p>\n<p><b>ARTI\u0218TI:\u00a0<\/b><\/p>\n<p><span style=\"font-weight: 400;\">Alina Aldea, Raluca Arn\u0103utu, Alex Bodea, Pavel Br\u0103ila, Michele Bressan, Eva Chapkin, Norbert Filep, Andrei Gamar\u021b, Bogdan G\u00eerbovan, Yvonne Hasan, Andrei Ispas, Irina Marinescu, Iulian Mereu\u021b\u0103, Mito\u0219 Micleu\u0219anu, Gili Mocanu, Sebastian Moldovan, Anca Mure\u0219an, Sorin Neam\u021bu, Radu Pandele, Magdalena Pelmu\u0219, Marilena Preda S\u00e2nc, Lea Rasovszky, Victoria Sadovnic, Roman Tolici, Ecaterina Vrana.<\/span><\/p>\n<p>&nbsp;<\/p>\n<p><b>TEMA CURATORIAL\u0102: \u201eIN DARK WOODS, A GATE\u201d<\/b><\/p>\n<p><span style=\"font-weight: 400;\">Edi\u021bia a treia a SAT &#8211; Smallest Art Fair in Town reune\u0219te o selec\u021bie de lucr\u0103ri prezentate de opt galerii, care investigheaz\u0103 starea de r\u0103t\u0103cire, dezorientare \u0219i redescoperire \u00een fa\u021ba incertitudinii. Desf\u0103\u0219ur\u00e2ndu-se sub titlul <\/span><span style=\"font-weight: 400;\">In Dark Woods, A Gate<\/span><span style=\"font-weight: 400;\">, evenimentul propune o reflec\u021bie asupra momentelor de r\u0103t\u0103cire \u0219i tranzi\u021bie, explor\u00e2nd spa\u021biile intermediare \u00een care sensul se destram\u0103 pentru a se reconfigura. Lucr\u0103rile prezentate urm\u0103resc conturul peisajelor interioare, unde actul de a c\u0103uta noi perspective devine form\u0103 de orientare.\u00a0<\/span><\/p>\n<p>&nbsp;<\/p>\n<p><b>UN R\u0102SPUNS LOCAL LA O TENDIN\u021a\u0102 GLOBAL\u0102<\/b><\/p>\n<p><b>SAT \u2013 SMALLEST ART FAIR IN TOWN<\/b><span style=\"font-weight: 400;\"> \u00ee\u0219i fundamenteaz\u0103 identitatea pe principii esen\u021biale care reflect\u0103 transform\u0103rile \u0219i nevoile actuale ale pie\u021bei de art\u0103 contemporan\u0103: colaborare, accesibilitate \u0219i sprijinirea dezvolt\u0103rii acesteia. \u00cen opozi\u021bie cu formatul clasic al t\u00e2rgurilor, SAT propune un cadru comun de expunere, \u00eencuraj\u00e2nd interac\u021biunea direct\u0103 \u00eentre galerii, arti\u0219ti \u0219i public. Cu acces gratuit, at\u00e2t pentru galerii, c\u00e2t \u0219i pentru vizitatori, SAT se adreseaz\u0103 publicului larg, colec\u021bionarilor consacra\u021bi \u0219i celor afla\u021bi la \u00eenceput de drum, \u00eencuraj\u00e2nd o nou\u0103 genera\u021bie de sus\u021bin\u0103tori ai artei contemporane.<\/span><\/p>\n","protected":false},"excerpt":{"rendered":"<p>\u00centre 14 \u0219i 21 decembrie 2025 are loc a treia edi\u021bie a SAT \u2013 SMALLEST ART FAIR IN TOWN, primul t\u00e2rg de art\u0103 din Rom\u00e2nia dedicat exclusiv lucr\u0103rilor pe h\u00e2rtie. P\u0103str\u00e2nd spiritul primelor edi\u021bii, SAT respinge formatul clasic cu standuri \u0219i ofer\u0103 galeriilor un spa\u021biu comun de expunere \u0219i mediere a discursului expozi\u021bional prezentat publicului. [&hellip;]<\/p>\n","protected":false},"author":6,"featured_media":3732,"comment_status":"open","ping_status":"open","sticky":false,"template":"","format":"standard","meta":{"footnotes":""},"categories":[1,2],"tags":[333,24,127,344,345],"class_list":{"0":"post-3731","1":"post","2":"type-post","3":"status-publish","4":"format-standard","5":"has-post-thumbnail","7":"category-acasa","8":"category-featured","9":"tag-claudiu-padurean","10":"tag-copilarie-org","11":"tag-expozitie","12":"tag-news","13":"tag-stiri"},"yoast_head":"<!-- This site is optimized with the Yoast SEO plugin v23.6 - https:\/\/yoast.com\/wordpress\/plugins\/seo\/ -->\n<title>Opt galerii de art\u0103 contemporan\u0103 se reunesc la final de an pentru a treia edi\u021bie SAT, primul t\u00e2rg din Rom\u00e2nia dedicat exclusiv lucr\u0103rilor pe h\u00e2rtie - Copil\u0103rie.org<\/title>\n<meta name=\"robots\" content=\"index, follow, max-snippet:-1, max-image-preview:large, max-video-preview:-1\" \/>\n<link rel=\"canonical\" href=\"https:\/\/copilarie.org\/index.php\/2025\/12\/12\/opt-galerii-de-arta-contemporana-se-reunesc-la-final-de-an-pentru-a-treia-editie-sat-primul-targ-din-romania-dedicat-exclusiv-lucrarilor-pe-hartie\/\" \/>\n<meta property=\"og:locale\" content=\"ro_RO\" \/>\n<meta property=\"og:type\" content=\"article\" \/>\n<meta property=\"og:title\" content=\"Opt galerii de art\u0103 contemporan\u0103 se reunesc la final de an pentru a treia edi\u021bie SAT, primul t\u00e2rg din Rom\u00e2nia dedicat exclusiv lucr\u0103rilor pe h\u00e2rtie - Copil\u0103rie.org\" \/>\n<meta property=\"og:description\" content=\"\u00centre 14 \u0219i 21 decembrie 2025 are loc a treia edi\u021bie a SAT \u2013 SMALLEST ART FAIR IN TOWN, primul t\u00e2rg de art\u0103 din Rom\u00e2nia dedicat exclusiv lucr\u0103rilor pe h\u00e2rtie. P\u0103str\u00e2nd spiritul primelor edi\u021bii, SAT respinge formatul clasic cu standuri \u0219i ofer\u0103 galeriilor un spa\u021biu comun de expunere \u0219i mediere a discursului expozi\u021bional prezentat publicului. [&hellip;]\" \/>\n<meta property=\"og:url\" content=\"https:\/\/copilarie.org\/index.php\/2025\/12\/12\/opt-galerii-de-arta-contemporana-se-reunesc-la-final-de-an-pentru-a-treia-editie-sat-primul-targ-din-romania-dedicat-exclusiv-lucrarilor-pe-hartie\/\" \/>\n<meta property=\"og:site_name\" content=\"Copil\u0103rie.org\" \/>\n<meta property=\"article:publisher\" content=\"https:\/\/www.facebook.com\/copilarie.org\/\" \/>\n<meta property=\"article:published_time\" content=\"2025-12-12T18:45:19+00:00\" \/>\n<meta property=\"og:image\" content=\"https:\/\/copilarie.org\/wp-content\/uploads\/2025\/12\/Alex-Bodea-First-Aid-2022-tempera-and-ink-on-paper-12-x-11-cm-Courtesy-of-Solo-Project-Space.jpeg\" \/>\n\t<meta property=\"og:image:width\" content=\"1014\" \/>\n\t<meta property=\"og:image:height\" content=\"933\" \/>\n\t<meta property=\"og:image:type\" content=\"image\/jpeg\" \/>\n<meta name=\"author\" content=\"Claudiu Padurean\" \/>\n<meta name=\"twitter:card\" content=\"summary_large_image\" \/>\n<meta name=\"twitter:creator\" content=\"@CopilarieOrg\" \/>\n<meta name=\"twitter:site\" content=\"@CopilarieOrg\" \/>\n<meta name=\"twitter:label1\" content=\"Scris de\" \/>\n\t<meta name=\"twitter:data1\" content=\"Claudiu Padurean\" \/>\n\t<meta name=\"twitter:label2\" content=\"Timp estimat pentru citire\" \/>\n\t<meta name=\"twitter:data2\" content=\"3 minute\" \/>\n<script type=\"application\/ld+json\" class=\"yoast-schema-graph\">{\"@context\":\"https:\/\/schema.org\",\"@graph\":[{\"@type\":\"WebPage\",\"@id\":\"https:\/\/copilarie.org\/index.php\/2025\/12\/12\/opt-galerii-de-arta-contemporana-se-reunesc-la-final-de-an-pentru-a-treia-editie-sat-primul-targ-din-romania-dedicat-exclusiv-lucrarilor-pe-hartie\/\",\"url\":\"https:\/\/copilarie.org\/index.php\/2025\/12\/12\/opt-galerii-de-arta-contemporana-se-reunesc-la-final-de-an-pentru-a-treia-editie-sat-primul-targ-din-romania-dedicat-exclusiv-lucrarilor-pe-hartie\/\",\"name\":\"Opt galerii de art\u0103 contemporan\u0103 se reunesc la final de an pentru a treia edi\u021bie SAT, primul t\u00e2rg din Rom\u00e2nia dedicat exclusiv lucr\u0103rilor pe h\u00e2rtie - Copil\u0103rie.org\",\"isPartOf\":{\"@id\":\"https:\/\/copilarie.org\/#website\"},\"primaryImageOfPage\":{\"@id\":\"https:\/\/copilarie.org\/index.php\/2025\/12\/12\/opt-galerii-de-arta-contemporana-se-reunesc-la-final-de-an-pentru-a-treia-editie-sat-primul-targ-din-romania-dedicat-exclusiv-lucrarilor-pe-hartie\/#primaryimage\"},\"image\":{\"@id\":\"https:\/\/copilarie.org\/index.php\/2025\/12\/12\/opt-galerii-de-arta-contemporana-se-reunesc-la-final-de-an-pentru-a-treia-editie-sat-primul-targ-din-romania-dedicat-exclusiv-lucrarilor-pe-hartie\/#primaryimage\"},\"thumbnailUrl\":\"https:\/\/copilarie.org\/wp-content\/uploads\/2025\/12\/Alex-Bodea-First-Aid-2022-tempera-and-ink-on-paper-12-x-11-cm-Courtesy-of-Solo-Project-Space.jpeg\",\"datePublished\":\"2025-12-12T18:45:19+00:00\",\"dateModified\":\"2025-12-12T18:45:19+00:00\",\"author\":{\"@id\":\"https:\/\/copilarie.org\/#\/schema\/person\/cc68df24fe273441f59111720355e6d7\"},\"breadcrumb\":{\"@id\":\"https:\/\/copilarie.org\/index.php\/2025\/12\/12\/opt-galerii-de-arta-contemporana-se-reunesc-la-final-de-an-pentru-a-treia-editie-sat-primul-targ-din-romania-dedicat-exclusiv-lucrarilor-pe-hartie\/#breadcrumb\"},\"inLanguage\":\"ro-RO\",\"potentialAction\":[{\"@type\":\"ReadAction\",\"target\":[\"https:\/\/copilarie.org\/index.php\/2025\/12\/12\/opt-galerii-de-arta-contemporana-se-reunesc-la-final-de-an-pentru-a-treia-editie-sat-primul-targ-din-romania-dedicat-exclusiv-lucrarilor-pe-hartie\/\"]}]},{\"@type\":\"ImageObject\",\"inLanguage\":\"ro-RO\",\"@id\":\"https:\/\/copilarie.org\/index.php\/2025\/12\/12\/opt-galerii-de-arta-contemporana-se-reunesc-la-final-de-an-pentru-a-treia-editie-sat-primul-targ-din-romania-dedicat-exclusiv-lucrarilor-pe-hartie\/#primaryimage\",\"url\":\"https:\/\/copilarie.org\/wp-content\/uploads\/2025\/12\/Alex-Bodea-First-Aid-2022-tempera-and-ink-on-paper-12-x-11-cm-Courtesy-of-Solo-Project-Space.jpeg\",\"contentUrl\":\"https:\/\/copilarie.org\/wp-content\/uploads\/2025\/12\/Alex-Bodea-First-Aid-2022-tempera-and-ink-on-paper-12-x-11-cm-Courtesy-of-Solo-Project-Space.jpeg\",\"width\":1014,\"height\":933},{\"@type\":\"BreadcrumbList\",\"@id\":\"https:\/\/copilarie.org\/index.php\/2025\/12\/12\/opt-galerii-de-arta-contemporana-se-reunesc-la-final-de-an-pentru-a-treia-editie-sat-primul-targ-din-romania-dedicat-exclusiv-lucrarilor-pe-hartie\/#breadcrumb\",\"itemListElement\":[{\"@type\":\"ListItem\",\"position\":1,\"name\":\"Prima pagin\u0103\",\"item\":\"https:\/\/copilarie.org\/\"},{\"@type\":\"ListItem\",\"position\":2,\"name\":\"Opt galerii de art\u0103 contemporan\u0103 se reunesc la final de an pentru a treia edi\u021bie SAT, primul t\u00e2rg din Rom\u00e2nia dedicat exclusiv lucr\u0103rilor pe h\u00e2rtie\"}]},{\"@type\":\"WebSite\",\"@id\":\"https:\/\/copilarie.org\/#website\",\"url\":\"https:\/\/copilarie.org\/\",\"name\":\"Copil\u0103rie.org\",\"description\":\"\u00cen pas cu tine\",\"potentialAction\":[{\"@type\":\"SearchAction\",\"target\":{\"@type\":\"EntryPoint\",\"urlTemplate\":\"https:\/\/copilarie.org\/?s={search_term_string}\"},\"query-input\":{\"@type\":\"PropertyValueSpecification\",\"valueRequired\":true,\"valueName\":\"search_term_string\"}}],\"inLanguage\":\"ro-RO\"},{\"@type\":\"Person\",\"@id\":\"https:\/\/copilarie.org\/#\/schema\/person\/cc68df24fe273441f59111720355e6d7\",\"name\":\"Claudiu Padurean\",\"image\":{\"@type\":\"ImageObject\",\"inLanguage\":\"ro-RO\",\"@id\":\"https:\/\/copilarie.org\/#\/schema\/person\/image\/\",\"url\":\"https:\/\/secure.gravatar.com\/avatar\/f254259557f5b35053cf76205615a03f17a29fe60ac58ed31adacef6a3f612f9?s=96&d=mm&r=g\",\"contentUrl\":\"https:\/\/secure.gravatar.com\/avatar\/f254259557f5b35053cf76205615a03f17a29fe60ac58ed31adacef6a3f612f9?s=96&d=mm&r=g\",\"caption\":\"Claudiu Padurean\"}}]}<\/script>\n<!-- \/ Yoast SEO plugin. -->","yoast_head_json":{"title":"Opt galerii de art\u0103 contemporan\u0103 se reunesc la final de an pentru a treia edi\u021bie SAT, primul t\u00e2rg din Rom\u00e2nia dedicat exclusiv lucr\u0103rilor pe h\u00e2rtie - Copil\u0103rie.org","robots":{"index":"index","follow":"follow","max-snippet":"max-snippet:-1","max-image-preview":"max-image-preview:large","max-video-preview":"max-video-preview:-1"},"canonical":"https:\/\/copilarie.org\/index.php\/2025\/12\/12\/opt-galerii-de-arta-contemporana-se-reunesc-la-final-de-an-pentru-a-treia-editie-sat-primul-targ-din-romania-dedicat-exclusiv-lucrarilor-pe-hartie\/","og_locale":"ro_RO","og_type":"article","og_title":"Opt galerii de art\u0103 contemporan\u0103 se reunesc la final de an pentru a treia edi\u021bie SAT, primul t\u00e2rg din Rom\u00e2nia dedicat exclusiv lucr\u0103rilor pe h\u00e2rtie - Copil\u0103rie.org","og_description":"\u00centre 14 \u0219i 21 decembrie 2025 are loc a treia edi\u021bie a SAT \u2013 SMALLEST ART FAIR IN TOWN, primul t\u00e2rg de art\u0103 din Rom\u00e2nia dedicat exclusiv lucr\u0103rilor pe h\u00e2rtie. P\u0103str\u00e2nd spiritul primelor edi\u021bii, SAT respinge formatul clasic cu standuri \u0219i ofer\u0103 galeriilor un spa\u021biu comun de expunere \u0219i mediere a discursului expozi\u021bional prezentat publicului. [&hellip;]","og_url":"https:\/\/copilarie.org\/index.php\/2025\/12\/12\/opt-galerii-de-arta-contemporana-se-reunesc-la-final-de-an-pentru-a-treia-editie-sat-primul-targ-din-romania-dedicat-exclusiv-lucrarilor-pe-hartie\/","og_site_name":"Copil\u0103rie.org","article_publisher":"https:\/\/www.facebook.com\/copilarie.org\/","article_published_time":"2025-12-12T18:45:19+00:00","og_image":[{"width":1014,"height":933,"url":"https:\/\/copilarie.org\/wp-content\/uploads\/2025\/12\/Alex-Bodea-First-Aid-2022-tempera-and-ink-on-paper-12-x-11-cm-Courtesy-of-Solo-Project-Space.jpeg","type":"image\/jpeg"}],"author":"Claudiu Padurean","twitter_card":"summary_large_image","twitter_creator":"@CopilarieOrg","twitter_site":"@CopilarieOrg","twitter_misc":{"Scris de":"Claudiu Padurean","Timp estimat pentru citire":"3 minute"},"schema":{"@context":"https:\/\/schema.org","@graph":[{"@type":"WebPage","@id":"https:\/\/copilarie.org\/index.php\/2025\/12\/12\/opt-galerii-de-arta-contemporana-se-reunesc-la-final-de-an-pentru-a-treia-editie-sat-primul-targ-din-romania-dedicat-exclusiv-lucrarilor-pe-hartie\/","url":"https:\/\/copilarie.org\/index.php\/2025\/12\/12\/opt-galerii-de-arta-contemporana-se-reunesc-la-final-de-an-pentru-a-treia-editie-sat-primul-targ-din-romania-dedicat-exclusiv-lucrarilor-pe-hartie\/","name":"Opt galerii de art\u0103 contemporan\u0103 se reunesc la final de an pentru a treia edi\u021bie SAT, primul t\u00e2rg din Rom\u00e2nia dedicat exclusiv lucr\u0103rilor pe h\u00e2rtie - Copil\u0103rie.org","isPartOf":{"@id":"https:\/\/copilarie.org\/#website"},"primaryImageOfPage":{"@id":"https:\/\/copilarie.org\/index.php\/2025\/12\/12\/opt-galerii-de-arta-contemporana-se-reunesc-la-final-de-an-pentru-a-treia-editie-sat-primul-targ-din-romania-dedicat-exclusiv-lucrarilor-pe-hartie\/#primaryimage"},"image":{"@id":"https:\/\/copilarie.org\/index.php\/2025\/12\/12\/opt-galerii-de-arta-contemporana-se-reunesc-la-final-de-an-pentru-a-treia-editie-sat-primul-targ-din-romania-dedicat-exclusiv-lucrarilor-pe-hartie\/#primaryimage"},"thumbnailUrl":"https:\/\/copilarie.org\/wp-content\/uploads\/2025\/12\/Alex-Bodea-First-Aid-2022-tempera-and-ink-on-paper-12-x-11-cm-Courtesy-of-Solo-Project-Space.jpeg","datePublished":"2025-12-12T18:45:19+00:00","dateModified":"2025-12-12T18:45:19+00:00","author":{"@id":"https:\/\/copilarie.org\/#\/schema\/person\/cc68df24fe273441f59111720355e6d7"},"breadcrumb":{"@id":"https:\/\/copilarie.org\/index.php\/2025\/12\/12\/opt-galerii-de-arta-contemporana-se-reunesc-la-final-de-an-pentru-a-treia-editie-sat-primul-targ-din-romania-dedicat-exclusiv-lucrarilor-pe-hartie\/#breadcrumb"},"inLanguage":"ro-RO","potentialAction":[{"@type":"ReadAction","target":["https:\/\/copilarie.org\/index.php\/2025\/12\/12\/opt-galerii-de-arta-contemporana-se-reunesc-la-final-de-an-pentru-a-treia-editie-sat-primul-targ-din-romania-dedicat-exclusiv-lucrarilor-pe-hartie\/"]}]},{"@type":"ImageObject","inLanguage":"ro-RO","@id":"https:\/\/copilarie.org\/index.php\/2025\/12\/12\/opt-galerii-de-arta-contemporana-se-reunesc-la-final-de-an-pentru-a-treia-editie-sat-primul-targ-din-romania-dedicat-exclusiv-lucrarilor-pe-hartie\/#primaryimage","url":"https:\/\/copilarie.org\/wp-content\/uploads\/2025\/12\/Alex-Bodea-First-Aid-2022-tempera-and-ink-on-paper-12-x-11-cm-Courtesy-of-Solo-Project-Space.jpeg","contentUrl":"https:\/\/copilarie.org\/wp-content\/uploads\/2025\/12\/Alex-Bodea-First-Aid-2022-tempera-and-ink-on-paper-12-x-11-cm-Courtesy-of-Solo-Project-Space.jpeg","width":1014,"height":933},{"@type":"BreadcrumbList","@id":"https:\/\/copilarie.org\/index.php\/2025\/12\/12\/opt-galerii-de-arta-contemporana-se-reunesc-la-final-de-an-pentru-a-treia-editie-sat-primul-targ-din-romania-dedicat-exclusiv-lucrarilor-pe-hartie\/#breadcrumb","itemListElement":[{"@type":"ListItem","position":1,"name":"Prima pagin\u0103","item":"https:\/\/copilarie.org\/"},{"@type":"ListItem","position":2,"name":"Opt galerii de art\u0103 contemporan\u0103 se reunesc la final de an pentru a treia edi\u021bie SAT, primul t\u00e2rg din Rom\u00e2nia dedicat exclusiv lucr\u0103rilor pe h\u00e2rtie"}]},{"@type":"WebSite","@id":"https:\/\/copilarie.org\/#website","url":"https:\/\/copilarie.org\/","name":"Copil\u0103rie.org","description":"\u00cen pas cu tine","potentialAction":[{"@type":"SearchAction","target":{"@type":"EntryPoint","urlTemplate":"https:\/\/copilarie.org\/?s={search_term_string}"},"query-input":{"@type":"PropertyValueSpecification","valueRequired":true,"valueName":"search_term_string"}}],"inLanguage":"ro-RO"},{"@type":"Person","@id":"https:\/\/copilarie.org\/#\/schema\/person\/cc68df24fe273441f59111720355e6d7","name":"Claudiu Padurean","image":{"@type":"ImageObject","inLanguage":"ro-RO","@id":"https:\/\/copilarie.org\/#\/schema\/person\/image\/","url":"https:\/\/secure.gravatar.com\/avatar\/f254259557f5b35053cf76205615a03f17a29fe60ac58ed31adacef6a3f612f9?s=96&d=mm&r=g","contentUrl":"https:\/\/secure.gravatar.com\/avatar\/f254259557f5b35053cf76205615a03f17a29fe60ac58ed31adacef6a3f612f9?s=96&d=mm&r=g","caption":"Claudiu Padurean"}}]}},"_links":{"self":[{"href":"https:\/\/copilarie.org\/index.php\/wp-json\/wp\/v2\/posts\/3731","targetHints":{"allow":["GET"]}}],"collection":[{"href":"https:\/\/copilarie.org\/index.php\/wp-json\/wp\/v2\/posts"}],"about":[{"href":"https:\/\/copilarie.org\/index.php\/wp-json\/wp\/v2\/types\/post"}],"author":[{"embeddable":true,"href":"https:\/\/copilarie.org\/index.php\/wp-json\/wp\/v2\/users\/6"}],"replies":[{"embeddable":true,"href":"https:\/\/copilarie.org\/index.php\/wp-json\/wp\/v2\/comments?post=3731"}],"version-history":[{"count":1,"href":"https:\/\/copilarie.org\/index.php\/wp-json\/wp\/v2\/posts\/3731\/revisions"}],"predecessor-version":[{"id":3733,"href":"https:\/\/copilarie.org\/index.php\/wp-json\/wp\/v2\/posts\/3731\/revisions\/3733"}],"wp:featuredmedia":[{"embeddable":true,"href":"https:\/\/copilarie.org\/index.php\/wp-json\/wp\/v2\/media\/3732"}],"wp:attachment":[{"href":"https:\/\/copilarie.org\/index.php\/wp-json\/wp\/v2\/media?parent=3731"}],"wp:term":[{"taxonomy":"category","embeddable":true,"href":"https:\/\/copilarie.org\/index.php\/wp-json\/wp\/v2\/categories?post=3731"},{"taxonomy":"post_tag","embeddable":true,"href":"https:\/\/copilarie.org\/index.php\/wp-json\/wp\/v2\/tags?post=3731"}],"curies":[{"name":"wp","href":"https:\/\/api.w.org\/{rel}","templated":true}]}}