{"id":3739,"date":"2025-12-24T13:58:17","date_gmt":"2025-12-24T13:58:17","guid":{"rendered":"https:\/\/copilarie.org\/?p=3739"},"modified":"2025-12-24T16:25:21","modified_gmt":"2025-12-24T16:25:21","slug":"cum-isi-petrec-craciunul-campionii-romaniei","status":"publish","type":"post","link":"https:\/\/copilarie.org\/index.php\/2025\/12\/24\/cum-isi-petrec-craciunul-campionii-romaniei\/","title":{"rendered":"Cum \u00ee\u0219i petrec Cr\u0103ciunul campionii Rom\u00e2niei"},"content":{"rendered":"<div><\/div>\n<div><strong>Pentru sportivi \u0219i antrenori, Cr\u0103ciunul reprezint\u0103 o perioad\u0103 de respiro a\u0219teptat\u0103 cu mare ner\u0103bdare. Mai mult, c\u00e2\u021biva dintre campioni au ie\u0219it la colindat.<\/strong><\/div>\n<div><\/div>\n<div><\/div>\n<div>Vicecampioan\u0103 mondial\u0103 de junioare la \u00eenot, Daria Sili\u0219teanu, abia a\u0219teapt\u0103 Cr\u0103ciunul. Obiectivul ei e simplu: s\u0103 fie ea cea care va pune steaua \u00een v\u00e2rful bradului. Rival\u0103 \u00eei este sora ei mai mic\u0103. \u201eAbia a\u0219tept s\u0103 vin\u0103 Cr\u0103ciunul. S\u0103 stau cu familia. Bradul e acela\u0219i. Cine pune steaua e mai greu. De obicei ne batem pentru ea. Anul trecut a pus-o sora mea. Sper c\u0103 anul \u0103sta m\u0103 las\u0103 pe mine. C\u0103 eu anul trecut nu eram acas\u0103. A\u0219a c\u0103 \u0103sta e obiectivul de Cr\u0103ciun\u201d, poveste\u0219te, glumind, Daria Sili\u0219teanu.<\/div>\n<div><\/div>\n<div><\/div>\n<div>Vlad Mihalache este unul dintre cei mai reprezentativi \u00eenot\u0103tori ai noului \u201eval\u201d. Chiar dac\u0103 nu are dec\u00e2t 19 ani, Vlad Mihalache are deja obiceiuri de campion are un regim alimentar care-l ajut\u0103 s\u0103-\u0219i duc\u0103 limitele c\u00e2t mai sus \u0219i nu va renun\u021ba la el nici de Cr\u0103ciun, atunci c\u00e2nd tenta\u021biile sunt, \u00een mod evident, mult mai mari.<\/div>\n<div><\/div>\n<div><\/div>\n<div>\u201eDe Cr\u0103ciun m\u0103 voi antrena, normal, nu se opresc niciodat\u0103 antrenamentele. Chiar \u0219i atunci c\u00e2nd ai o pauz\u0103, tot antrenament se pune, pentru c\u0103 este un antrenament de revenire mental. Eu a\u0219a \u00eel consider. Sincer, de Cr\u0103ciun eu nu am de la ce m\u00e2nc\u0103ruri s\u0103 m\u0103 ab\u021bin, pentru c\u0103 tot ce ar fi d\u0103un\u0103tor deja nu consum, a\u0219a c\u0103 nu-mi este greu s\u0103 \u021bin o diet\u0103\u201d, spune el.<\/div>\n<div><\/div>\n<div><\/div>\n<div>Pentru Vlad Mihalache, cea mai frumoas\u0103 amintire de Cr\u0103ciun este una de c\u00e2nd avea 6 ani.<\/div>\n<div>\u201cE un Cr\u0103ciun \u00een care tat\u0103l meu \u00eempreun\u0103 cu mama mea mi-au f\u0103cut un mesaj personalizat pe calculator \u00een care Mo\u0219 Cr\u0103ciun \u00eemi ura\u00a0personal, pe camer\u0103, un Cr\u0103ciun fericit \u0219i \u00eemi spunea ce cadouri s\u0103 primesc. Mi s-a p\u0103rut foarte frumos\u201d, poveste\u0219te sportivul.<\/div>\n<div><\/div>\n<div><\/div>\n<div>Pentru Mircea Purcaru, antrenorul lui Vlad Mihalache, acest Cr\u0103ciun va fi unul special, pentru c\u0103 este primul \u00een calitate de tat\u0103.<\/div>\n<div><\/div>\n<div><\/div>\n<div>\u201cM\u0103 bucur\u0103 faptul c\u0103 a venit un copil \u00een familie, evident. A\u0219tept\u0103m cu bucurie Cr\u0103ciunul, dar nu consider c\u0103 e o emo\u021bie special\u0103 fa\u021b\u0103 de alte Cr\u0103ciunuri\u201d, explic\u0103 tehnicianul.<\/div>\n<div><\/div>\n<div><\/div>\n<div>\u00cen ceea ce-i prive\u0219te pe sportivii s\u0103i, Mircea Purcaru le d\u0103 o veste bun\u0103: de Cr\u0103ciun pot m\u00e2nca orice \u0219i oric\u00e2t vor. Apoi, le d\u0103 \u0219i vestea proast\u0103: dup\u0103 S\u0103rb\u0103tori, vor fi nevoi\u021bi s\u0103 dea jos prin antrenamente orice surplus de greutate.<\/div>\n<div><\/div>\n<div><\/div>\n<div>\u201eSincer vorbind, nu-mi pas\u0103 ce m\u0103n\u00e2nc\u0103 de Cr\u0103ciun. Cred c\u0103 fiecare sportiv trebuie s\u0103 aib\u0103 \u0219i momente \u00een care s\u0103 \u00ee\u0219i revin\u0103 dup\u0103 efortul intens. \u0218i cred c\u0103 perioada s\u0103rb\u0103torilor este acea perioad\u0103 \u00een care nu trebuie s\u0103-\u021bi spun\u0103 nimeni n-ai voie aia, n-ai voie aia, n-ai voie aia&#8230;. Dar, dac\u0103 exagerezi, o s\u0103 pl\u0103te\u0219ti dup\u0103\u201d, \u00ee\u0219i anun\u021b\u0103 de pe acum antrenorul sportivii.<\/div>\n<div><\/div>\n<div><\/div>\n<div>Selec\u021bionerul na\u021bionalei de volei, Sergiu Stancu, se va relaxa al\u0103turi de familie de Cr\u0103ciun. \u00cen anii trecu\u021bi, tehnicianul s-a costumat \u0219i \u00een Mo\u0219 Cr\u0103ciun, spre marea bucurie a feti\u021bei sale.<\/div>\n<div>\u201eDe Cr\u0103ciun vom avea o vacan\u021b\u0103 de 3-4 zile, o vacan\u021b\u0103 normal\u0103.\u00a0Vom s\u0103rb\u0103tori \u00een familie, ca de obicei, la Constan\u021ba, cu p\u0103rin\u021bii mei, cu p\u0103rin\u021bii so\u021biei mele.\u00a0Vom sta \u00een cadru r\u0103str\u00e2ns, ca de obicei, unde ne sim\u021bim ca de fiecare dat\u0103 foarte bine. M-am \u00eembr\u0103cat \u00een Mo\u0219 Cr\u0103ciun pentru fata mea. Este o experien\u021b\u0103 frumoas\u0103\u201d, spune selec\u021bionerul Rom\u00e2niei.<\/div>\n<div><\/div>\n<div><\/div>\n<div>T\u0103tar de origine, rugbystul Kemal Altinok nu celebreaz\u0103 Cr\u0103ciunul, dar tot petrece cu rudele<\/div>\n<div>Component al na\u021bionalei Rom\u00e2niei, rugbystul Kemal Altinok este musulman. Drept urmare, nu s\u0103rb\u0103tore\u0219te Cr\u0103ciunul \u00eens\u0103, a\u0219a cum recunoa\u0219te, p\u0103rin\u021bii au avut grij\u0103 s\u0103 nu sufere din cauza lipsei cadourilor, a\u0219a c\u0103 amintirile legate de perioada S\u0103rb\u0103torilor de Iarn\u0103 au fost mereu speciale.<\/div>\n<div><\/div>\n<div><\/div>\n<div>\u201eCr\u0103ciunul este o s\u0103rb\u0103toare cre\u0219tin\u0103 \u0219i mereu c\u00e2nd am avut s\u0103rb\u0103tori de genul \u00een familie \u0219i eram mai mic, mama noastr\u0103 tot ne f\u0103cea surprize, tot ne lua chestii, \u00eencerca s\u0103 acopere gaura aia pe care ne-o cream noi \u00een interiorul nostru, deoarece colegii to\u021bi spuneau: &lt;&lt;uite ce mi-a luat mama, uite ce mi-a adus Mo\u0219ul&gt;&gt;. Noi petreceam \u00een familie acas\u0103. N-am sim\u021bit niciodat\u0103 s\u0103 fiu sup\u0103rat c\u0103 nu am Cr\u0103ciunul sau c\u0103 nu am Pa\u0219tele\u201d, recunoa\u0219te rugbystul originar din Bucure\u0219ti.<\/div>\n<div><\/div>\n<div><\/div>\n<div>Pentru \u201estejarul\u201d Gheorghe Gajion, Cr\u0103ciunul e unul dintre pu\u021binele momente \u00een care se str\u00e2nge laolalt\u0103 toat\u0103 familia.<\/div>\n<div><\/div>\n<div><\/div>\n<div>\u201eCe facem de Cr\u0103ciun? Petrecem cu familia de obicei. Cu familia \u0219i cineva din familie mai vine. Ori sor\u0103 a so\u021biei, ori p\u0103rinte, ori depinde cum. \u00cen fiecare an ne organiz\u0103m, c\u0103 e destul de complicat, afl\u00e2ndu-se departe\u201d, spune juc\u0103torul n\u0103scut \u00een Republica Moldova.<\/div>\n<div>Gigantul din na\u021bionala Rom\u00e2niei recunoa\u0219te c\u0103 nu s-a \u00eembr\u0103cat niciodat\u0103 \u00een Mo\u0219 Cr\u0103ciun, de\u0219i are deja barb\u0103, deci costumarea ar fi mai rapid\u0103. \u201eNu m-am \u00eembr\u0103cat niciodat\u0103 \u00een Mo\u0219 Cr\u0103ciun. N-am avut ocazia. Mai trebuia doar s\u0103-mi surez barba \u0219i eram gata\u201d, spune Gheorghe Gajion.<\/div>\n<div><\/div>\n<div>https:\/\/copilarie.org\/index.php\/2025\/12\/04\/cluj-doua-zile-de-plantare-pentru-un-oras-mai-verde-in-cadrul-proiectului-urbreath\/<\/div>\n","protected":false},"excerpt":{"rendered":"<p>Pentru sportivi \u0219i antrenori, Cr\u0103ciunul reprezint\u0103 o perioad\u0103 de respiro a\u0219teptat\u0103 cu mare ner\u0103bdare. Mai mult, c\u00e2\u021biva dintre campioni au ie\u0219it la colindat. Vicecampioan\u0103 mondial\u0103 de junioare la \u00eenot, Daria Sili\u0219teanu, abia a\u0219teapt\u0103 Cr\u0103ciunul. Obiectivul ei e simplu: s\u0103 fie ea cea care va pune steaua \u00een v\u00e2rful bradului. Rival\u0103 \u00eei este sora ei mai [&hellip;]<\/p>\n","protected":false},"author":6,"featured_media":3740,"comment_status":"open","ping_status":"open","sticky":false,"template":"","format":"standard","meta":{"footnotes":""},"categories":[1,20],"tags":[333,24,263,344,345],"class_list":{"0":"post-3739","1":"post","2":"type-post","3":"status-publish","4":"format-standard","5":"has-post-thumbnail","7":"category-acasa","8":"category-lifestyle","9":"tag-claudiu-padurean","10":"tag-copilarie-org","11":"tag-craciun","12":"tag-news","13":"tag-stiri"},"yoast_head":"<!-- This site is optimized with the Yoast SEO plugin v23.6 - https:\/\/yoast.com\/wordpress\/plugins\/seo\/ -->\n<title>Cum \u00ee\u0219i petrec Cr\u0103ciunul campionii Rom\u00e2niei - Copil\u0103rie.org<\/title>\n<meta name=\"robots\" content=\"index, follow, max-snippet:-1, max-image-preview:large, max-video-preview:-1\" \/>\n<link rel=\"canonical\" href=\"https:\/\/copilarie.org\/index.php\/2025\/12\/24\/cum-isi-petrec-craciunul-campionii-romaniei\/\" \/>\n<meta property=\"og:locale\" content=\"ro_RO\" \/>\n<meta property=\"og:type\" content=\"article\" \/>\n<meta property=\"og:title\" content=\"Cum \u00ee\u0219i petrec Cr\u0103ciunul campionii Rom\u00e2niei - Copil\u0103rie.org\" \/>\n<meta property=\"og:description\" content=\"Pentru sportivi \u0219i antrenori, Cr\u0103ciunul reprezint\u0103 o perioad\u0103 de respiro a\u0219teptat\u0103 cu mare ner\u0103bdare. Mai mult, c\u00e2\u021biva dintre campioni au ie\u0219it la colindat. Vicecampioan\u0103 mondial\u0103 de junioare la \u00eenot, Daria Sili\u0219teanu, abia a\u0219teapt\u0103 Cr\u0103ciunul. Obiectivul ei e simplu: s\u0103 fie ea cea care va pune steaua \u00een v\u00e2rful bradului. Rival\u0103 \u00eei este sora ei mai [&hellip;]\" \/>\n<meta property=\"og:url\" content=\"https:\/\/copilarie.org\/index.php\/2025\/12\/24\/cum-isi-petrec-craciunul-campionii-romaniei\/\" \/>\n<meta property=\"og:site_name\" content=\"Copil\u0103rie.org\" \/>\n<meta property=\"article:publisher\" content=\"https:\/\/www.facebook.com\/copilarie.org\/\" \/>\n<meta property=\"article:published_time\" content=\"2025-12-24T13:58:17+00:00\" \/>\n<meta property=\"article:modified_time\" content=\"2025-12-24T16:25:21+00:00\" \/>\n<meta property=\"og:image\" content=\"https:\/\/copilarie.org\/wp-content\/uploads\/2025\/12\/Mircea-Purcaru-si-Vlad-Mihalache.jpg\" \/>\n\t<meta property=\"og:image:width\" content=\"1200\" \/>\n\t<meta property=\"og:image:height\" content=\"1077\" \/>\n\t<meta property=\"og:image:type\" content=\"image\/jpeg\" \/>\n<meta name=\"author\" content=\"Claudiu Padurean\" \/>\n<meta name=\"twitter:card\" content=\"summary_large_image\" \/>\n<meta name=\"twitter:creator\" content=\"@CopilarieOrg\" \/>\n<meta name=\"twitter:site\" content=\"@CopilarieOrg\" \/>\n<meta name=\"twitter:label1\" content=\"Scris de\" \/>\n\t<meta name=\"twitter:data1\" content=\"Claudiu Padurean\" \/>\n\t<meta name=\"twitter:label2\" content=\"Timp estimat pentru citire\" \/>\n\t<meta name=\"twitter:data2\" content=\"5 minute\" \/>\n<script type=\"application\/ld+json\" class=\"yoast-schema-graph\">{\"@context\":\"https:\/\/schema.org\",\"@graph\":[{\"@type\":\"WebPage\",\"@id\":\"https:\/\/copilarie.org\/index.php\/2025\/12\/24\/cum-isi-petrec-craciunul-campionii-romaniei\/\",\"url\":\"https:\/\/copilarie.org\/index.php\/2025\/12\/24\/cum-isi-petrec-craciunul-campionii-romaniei\/\",\"name\":\"Cum \u00ee\u0219i petrec Cr\u0103ciunul campionii Rom\u00e2niei - Copil\u0103rie.org\",\"isPartOf\":{\"@id\":\"https:\/\/copilarie.org\/#website\"},\"primaryImageOfPage\":{\"@id\":\"https:\/\/copilarie.org\/index.php\/2025\/12\/24\/cum-isi-petrec-craciunul-campionii-romaniei\/#primaryimage\"},\"image\":{\"@id\":\"https:\/\/copilarie.org\/index.php\/2025\/12\/24\/cum-isi-petrec-craciunul-campionii-romaniei\/#primaryimage\"},\"thumbnailUrl\":\"https:\/\/copilarie.org\/wp-content\/uploads\/2025\/12\/Mircea-Purcaru-si-Vlad-Mihalache.jpg\",\"datePublished\":\"2025-12-24T13:58:17+00:00\",\"dateModified\":\"2025-12-24T16:25:21+00:00\",\"author\":{\"@id\":\"https:\/\/copilarie.org\/#\/schema\/person\/cc68df24fe273441f59111720355e6d7\"},\"breadcrumb\":{\"@id\":\"https:\/\/copilarie.org\/index.php\/2025\/12\/24\/cum-isi-petrec-craciunul-campionii-romaniei\/#breadcrumb\"},\"inLanguage\":\"ro-RO\",\"potentialAction\":[{\"@type\":\"ReadAction\",\"target\":[\"https:\/\/copilarie.org\/index.php\/2025\/12\/24\/cum-isi-petrec-craciunul-campionii-romaniei\/\"]}]},{\"@type\":\"ImageObject\",\"inLanguage\":\"ro-RO\",\"@id\":\"https:\/\/copilarie.org\/index.php\/2025\/12\/24\/cum-isi-petrec-craciunul-campionii-romaniei\/#primaryimage\",\"url\":\"https:\/\/copilarie.org\/wp-content\/uploads\/2025\/12\/Mircea-Purcaru-si-Vlad-Mihalache.jpg\",\"contentUrl\":\"https:\/\/copilarie.org\/wp-content\/uploads\/2025\/12\/Mircea-Purcaru-si-Vlad-Mihalache.jpg\",\"width\":1200,\"height\":1077},{\"@type\":\"BreadcrumbList\",\"@id\":\"https:\/\/copilarie.org\/index.php\/2025\/12\/24\/cum-isi-petrec-craciunul-campionii-romaniei\/#breadcrumb\",\"itemListElement\":[{\"@type\":\"ListItem\",\"position\":1,\"name\":\"Prima pagin\u0103\",\"item\":\"https:\/\/copilarie.org\/\"},{\"@type\":\"ListItem\",\"position\":2,\"name\":\"Cum \u00ee\u0219i petrec Cr\u0103ciunul campionii Rom\u00e2niei\"}]},{\"@type\":\"WebSite\",\"@id\":\"https:\/\/copilarie.org\/#website\",\"url\":\"https:\/\/copilarie.org\/\",\"name\":\"Copil\u0103rie.org\",\"description\":\"\u00cen pas cu tine\",\"potentialAction\":[{\"@type\":\"SearchAction\",\"target\":{\"@type\":\"EntryPoint\",\"urlTemplate\":\"https:\/\/copilarie.org\/?s={search_term_string}\"},\"query-input\":{\"@type\":\"PropertyValueSpecification\",\"valueRequired\":true,\"valueName\":\"search_term_string\"}}],\"inLanguage\":\"ro-RO\"},{\"@type\":\"Person\",\"@id\":\"https:\/\/copilarie.org\/#\/schema\/person\/cc68df24fe273441f59111720355e6d7\",\"name\":\"Claudiu Padurean\",\"image\":{\"@type\":\"ImageObject\",\"inLanguage\":\"ro-RO\",\"@id\":\"https:\/\/copilarie.org\/#\/schema\/person\/image\/\",\"url\":\"https:\/\/secure.gravatar.com\/avatar\/f254259557f5b35053cf76205615a03f17a29fe60ac58ed31adacef6a3f612f9?s=96&d=mm&r=g\",\"contentUrl\":\"https:\/\/secure.gravatar.com\/avatar\/f254259557f5b35053cf76205615a03f17a29fe60ac58ed31adacef6a3f612f9?s=96&d=mm&r=g\",\"caption\":\"Claudiu Padurean\"}}]}<\/script>\n<!-- \/ Yoast SEO plugin. -->","yoast_head_json":{"title":"Cum \u00ee\u0219i petrec Cr\u0103ciunul campionii Rom\u00e2niei - Copil\u0103rie.org","robots":{"index":"index","follow":"follow","max-snippet":"max-snippet:-1","max-image-preview":"max-image-preview:large","max-video-preview":"max-video-preview:-1"},"canonical":"https:\/\/copilarie.org\/index.php\/2025\/12\/24\/cum-isi-petrec-craciunul-campionii-romaniei\/","og_locale":"ro_RO","og_type":"article","og_title":"Cum \u00ee\u0219i petrec Cr\u0103ciunul campionii Rom\u00e2niei - Copil\u0103rie.org","og_description":"Pentru sportivi \u0219i antrenori, Cr\u0103ciunul reprezint\u0103 o perioad\u0103 de respiro a\u0219teptat\u0103 cu mare ner\u0103bdare. Mai mult, c\u00e2\u021biva dintre campioni au ie\u0219it la colindat. Vicecampioan\u0103 mondial\u0103 de junioare la \u00eenot, Daria Sili\u0219teanu, abia a\u0219teapt\u0103 Cr\u0103ciunul. Obiectivul ei e simplu: s\u0103 fie ea cea care va pune steaua \u00een v\u00e2rful bradului. Rival\u0103 \u00eei este sora ei mai [&hellip;]","og_url":"https:\/\/copilarie.org\/index.php\/2025\/12\/24\/cum-isi-petrec-craciunul-campionii-romaniei\/","og_site_name":"Copil\u0103rie.org","article_publisher":"https:\/\/www.facebook.com\/copilarie.org\/","article_published_time":"2025-12-24T13:58:17+00:00","article_modified_time":"2025-12-24T16:25:21+00:00","og_image":[{"width":1200,"height":1077,"url":"https:\/\/copilarie.org\/wp-content\/uploads\/2025\/12\/Mircea-Purcaru-si-Vlad-Mihalache.jpg","type":"image\/jpeg"}],"author":"Claudiu Padurean","twitter_card":"summary_large_image","twitter_creator":"@CopilarieOrg","twitter_site":"@CopilarieOrg","twitter_misc":{"Scris de":"Claudiu Padurean","Timp estimat pentru citire":"5 minute"},"schema":{"@context":"https:\/\/schema.org","@graph":[{"@type":"WebPage","@id":"https:\/\/copilarie.org\/index.php\/2025\/12\/24\/cum-isi-petrec-craciunul-campionii-romaniei\/","url":"https:\/\/copilarie.org\/index.php\/2025\/12\/24\/cum-isi-petrec-craciunul-campionii-romaniei\/","name":"Cum \u00ee\u0219i petrec Cr\u0103ciunul campionii Rom\u00e2niei - Copil\u0103rie.org","isPartOf":{"@id":"https:\/\/copilarie.org\/#website"},"primaryImageOfPage":{"@id":"https:\/\/copilarie.org\/index.php\/2025\/12\/24\/cum-isi-petrec-craciunul-campionii-romaniei\/#primaryimage"},"image":{"@id":"https:\/\/copilarie.org\/index.php\/2025\/12\/24\/cum-isi-petrec-craciunul-campionii-romaniei\/#primaryimage"},"thumbnailUrl":"https:\/\/copilarie.org\/wp-content\/uploads\/2025\/12\/Mircea-Purcaru-si-Vlad-Mihalache.jpg","datePublished":"2025-12-24T13:58:17+00:00","dateModified":"2025-12-24T16:25:21+00:00","author":{"@id":"https:\/\/copilarie.org\/#\/schema\/person\/cc68df24fe273441f59111720355e6d7"},"breadcrumb":{"@id":"https:\/\/copilarie.org\/index.php\/2025\/12\/24\/cum-isi-petrec-craciunul-campionii-romaniei\/#breadcrumb"},"inLanguage":"ro-RO","potentialAction":[{"@type":"ReadAction","target":["https:\/\/copilarie.org\/index.php\/2025\/12\/24\/cum-isi-petrec-craciunul-campionii-romaniei\/"]}]},{"@type":"ImageObject","inLanguage":"ro-RO","@id":"https:\/\/copilarie.org\/index.php\/2025\/12\/24\/cum-isi-petrec-craciunul-campionii-romaniei\/#primaryimage","url":"https:\/\/copilarie.org\/wp-content\/uploads\/2025\/12\/Mircea-Purcaru-si-Vlad-Mihalache.jpg","contentUrl":"https:\/\/copilarie.org\/wp-content\/uploads\/2025\/12\/Mircea-Purcaru-si-Vlad-Mihalache.jpg","width":1200,"height":1077},{"@type":"BreadcrumbList","@id":"https:\/\/copilarie.org\/index.php\/2025\/12\/24\/cum-isi-petrec-craciunul-campionii-romaniei\/#breadcrumb","itemListElement":[{"@type":"ListItem","position":1,"name":"Prima pagin\u0103","item":"https:\/\/copilarie.org\/"},{"@type":"ListItem","position":2,"name":"Cum \u00ee\u0219i petrec Cr\u0103ciunul campionii Rom\u00e2niei"}]},{"@type":"WebSite","@id":"https:\/\/copilarie.org\/#website","url":"https:\/\/copilarie.org\/","name":"Copil\u0103rie.org","description":"\u00cen pas cu tine","potentialAction":[{"@type":"SearchAction","target":{"@type":"EntryPoint","urlTemplate":"https:\/\/copilarie.org\/?s={search_term_string}"},"query-input":{"@type":"PropertyValueSpecification","valueRequired":true,"valueName":"search_term_string"}}],"inLanguage":"ro-RO"},{"@type":"Person","@id":"https:\/\/copilarie.org\/#\/schema\/person\/cc68df24fe273441f59111720355e6d7","name":"Claudiu Padurean","image":{"@type":"ImageObject","inLanguage":"ro-RO","@id":"https:\/\/copilarie.org\/#\/schema\/person\/image\/","url":"https:\/\/secure.gravatar.com\/avatar\/f254259557f5b35053cf76205615a03f17a29fe60ac58ed31adacef6a3f612f9?s=96&d=mm&r=g","contentUrl":"https:\/\/secure.gravatar.com\/avatar\/f254259557f5b35053cf76205615a03f17a29fe60ac58ed31adacef6a3f612f9?s=96&d=mm&r=g","caption":"Claudiu Padurean"}}]}},"_links":{"self":[{"href":"https:\/\/copilarie.org\/index.php\/wp-json\/wp\/v2\/posts\/3739","targetHints":{"allow":["GET"]}}],"collection":[{"href":"https:\/\/copilarie.org\/index.php\/wp-json\/wp\/v2\/posts"}],"about":[{"href":"https:\/\/copilarie.org\/index.php\/wp-json\/wp\/v2\/types\/post"}],"author":[{"embeddable":true,"href":"https:\/\/copilarie.org\/index.php\/wp-json\/wp\/v2\/users\/6"}],"replies":[{"embeddable":true,"href":"https:\/\/copilarie.org\/index.php\/wp-json\/wp\/v2\/comments?post=3739"}],"version-history":[{"count":2,"href":"https:\/\/copilarie.org\/index.php\/wp-json\/wp\/v2\/posts\/3739\/revisions"}],"predecessor-version":[{"id":3742,"href":"https:\/\/copilarie.org\/index.php\/wp-json\/wp\/v2\/posts\/3739\/revisions\/3742"}],"wp:featuredmedia":[{"embeddable":true,"href":"https:\/\/copilarie.org\/index.php\/wp-json\/wp\/v2\/media\/3740"}],"wp:attachment":[{"href":"https:\/\/copilarie.org\/index.php\/wp-json\/wp\/v2\/media?parent=3739"}],"wp:term":[{"taxonomy":"category","embeddable":true,"href":"https:\/\/copilarie.org\/index.php\/wp-json\/wp\/v2\/categories?post=3739"},{"taxonomy":"post_tag","embeddable":true,"href":"https:\/\/copilarie.org\/index.php\/wp-json\/wp\/v2\/tags?post=3739"}],"curies":[{"name":"wp","href":"https:\/\/api.w.org\/{rel}","templated":true}]}}