{"id":3760,"date":"2026-01-02T13:32:07","date_gmt":"2026-01-02T13:32:07","guid":{"rendered":"https:\/\/copilarie.org\/?p=3760"},"modified":"2026-01-02T13:32:07","modified_gmt":"2026-01-02T13:32:07","slug":"o-noua-galerie-din-transilvania-va-crea-o-punte-culturala-intre-europa-si-statele-unite-ale-americii","status":"publish","type":"post","link":"https:\/\/copilarie.org\/index.php\/2026\/01\/02\/o-noua-galerie-din-transilvania-va-crea-o-punte-culturala-intre-europa-si-statele-unite-ale-americii\/","title":{"rendered":"O nou\u0103 galerie din Transilvania va crea o punte cultural\u0103 \u00eentre Europa \u0219i Statele Unite ale Americii"},"content":{"rendered":"<p class=\"p1\"><strong>Un nou proiect cultural rom\u00e2nesc \u00ee\u0219i propune s\u0103 creeze o punte activ\u0103 \u00eentre scena artistic\u0103 european\u0103 \u0219i cea american\u0103. Doi medici rom\u00e2ni, dr. Dimir C\u0103t\u0103lin \u0219i dr. Antonia-Maria Ghi\u0219a, deschid la Cluj-Napoca <a href=\"https:\/\/www.facebook.com\/profile.php?id=61584117339818\"><span class=\"s1\">Dimir&amp;Son<\/span><\/a>, una dintre cele mai mari galerii de art\u0103 independent\u0103 din Rom\u00e2nia, \u0219i anun\u021b\u0103 lansarea, \u00een vara acestui an, a unei galerii \u201eoglind\u0103\u201d la New York, sub marca The Cureators, dedicat\u0103 promov\u0103rii artei rom\u00e2ne\u0219ti pe scena interna\u021bional\u0103. Publicul din Rom\u00e2nia va avea astfel ocazia s\u0103 descopere la Cluj lucr\u0103ri \u0219i arti\u0219ti care vor fi expu\u0219i \u0219i \u00een New York.<\/strong><\/p>\n<p class=\"p1\">Conceput\u0103 ca un hub cultural activ, Dimir&amp;Son nu se limiteaz\u0103 la expozi\u021bii de art\u0103, ci func\u021bioneaz\u0103 \u00een jurul a dou\u0103 direc\u021bii complementare \u0219i prezint\u0103 publicului o colec\u021bie de obiecte de art\u0103 \u0219i o colec\u021bie de evenimente, toate dezvoltate sub marca <a href=\"https:\/\/www.instagram.com\/thecureators\"><span class=\"s1\">The Cureators<\/span><\/a>.<\/p>\n<p class=\"p1\">Galeria din Cluj-Napoca, cu o suprafa\u021b\u0103 de peste 300 mp, este amenajat\u0103 \u00eentr-o cl\u0103dire istoric\u0103 de pe Dealul Cet\u0103\u021buia. Cu o vechime de peste 350 de ani, spa\u021biul a avut utiliz\u0103ri multiple de-a lungul timpului, inclusiv ca \u00eenchisoare, iar ast\u0103zi este convertit \u00eentr-un loc dedicat libert\u0103\u021bii de expresie prin art\u0103 \u0219i dialogului cultural. Dimir&amp;Son reune\u0219te lucr\u0103ri de pictur\u0103 \u0219i sculptur\u0103 contemporane semnate at\u00e2t de arti\u0219ti rom\u00e2ni consacra\u021bi, c\u00e2t \u0219i de creatori emergen\u021bi atent selecta\u021bi. Deschiderea oficial\u0103 pentru public va avea loc miercuri, 7 ianuarie 2026, de la ora 18:00.<\/p>\n<p class=\"p4\">Dr. C\u0103t\u0103lin Dimir, medic stomatolog, antreprenor \u0219i curator, a dezvoltat \u00een timp o rela\u021bie profund\u0103 cu arta, v\u0103zut\u0103 ca un spa\u021biu al introspec\u021biei \u0219i al echilibrului interior. Fondator al conceptului Dentistry 2.0 \u0219i al clinicii stomatologice D\u2019Institute, acesta a integrat constant designul, estetica \u0219i grija pentru om \u00een practica sa profesional\u0103. De-a lungul anilor, practica sa profesional\u0103 s-a extins natural c\u0103tre art\u0103, v\u0103zut\u0103 nu ca un lux, ci ca un instrument de introspec\u021bie, echilibru \u0219i vindecare emo\u021bional\u0103.<\/p>\n<p class=\"p4\">Dr. Antonia-Maria Ghi\u0219a este medic specialist radiolog \u0219i de\u021bin\u0103toare a Diplomei Europene \u00een Radiologie (EDiR), cu formare \u00een Rom\u00e2nia \u0219i experien\u021b\u0103 clinic\u0103 interna\u021bional\u0103. Parcursul s\u0103u profesional \u00een imagistica avansat\u0103 i-a modelat o perspectiv\u0103 atent\u0103 la detalii, structur\u0103 \u0219i la ceea ce r\u0103m\u00e2ne adesea nev\u0103zut. Perioadele petrecute \u00een New York, \u00een contact direct cu scena de art\u0103 contemporan\u0103, precum \u0219i explor\u0103rile din Asia, au contribuit la o viziune care aduce \u00eempreun\u0103 arta, starea de bine \u0219i comunitatea. \u00cen prezent, ea dezvolt\u0103 The Cureators la nivel interna\u021bional, ca un concept ce propune spa\u021bii curatoriate pentru reflec\u021bie, dialog \u0219i reconectare.<\/p>\n<p class=\"p4\">Un element distinctiv al proiectului Dimir&amp;Son este prezen\u021ba lui Timon Dimir, fiul lui C\u0103t\u0103lin Dimir. \u00cen v\u00e2rst\u0103 de 10 ani, acesta aduce o perspectiv\u0103 simpl\u0103 \u0219i sincer\u0103 asupra artei, nealterat\u0103 de reguli sau conven\u021bii, din perspectiva unui copil. T\u00e2n\u0103rul a participat la mai multe expozi\u021bii de art\u0103 plastic\u0103 \u0219i a c\u00e2\u0219tigat marele premiu al International STEM Olympiad Barcelona, categoria \u0218tiin\u021b\u0103.<\/p>\n<p class=\"p4\">Dr. C\u0103t\u0103lin Dimir a spus: \u201dAm\u00e2ndoi pict\u0103m, fiecare cu creativitatea \u0219i propriile \u00een\u021belegeri. Eu am devenit at\u00e2t de pasionat, \u00eenc\u00e2t am f\u0103cut cursuri de istorie a artei, am vrut sa cunosc arti\u0219ti, am vizitat enorm de multe galerii \u0219i, dup\u0103 o vreme, am realizat c\u0103 mi-ar pl\u0103cea sa fac din art\u0103 un domeniu accesibil, chiar \u0219i pentru cei ca mine, poate neini\u021bia\u021bi. P\u00e2n\u0103 la urm\u0103, arta poate fi \u00eenv\u0103\u021bat\u0103.\u201d<\/p>\n<p class=\"p2\"><strong>Prima expozi\u021bie g\u0103zduit\u0103 de The Cureators la Dimir&amp;Son: Exhibit 1<\/strong><\/p>\n<p class=\"p1\">Prima expozi\u021bie organizat\u0103 \u00een noul spa\u021biu reune\u0219te lucr\u0103ri deosebite semnate de arti\u0219ti rom\u00e2ni cu parcursuri artistice diverse, de la nume recunoscute interna\u021bional la voci contemporane aflate \u00een plin\u0103 afirmare. Printre arti\u0219tii consacra\u021bi se num\u0103r\u0103 Norbert \u0218tefan, format la Cluj-Napoca, cu experien\u021b\u0103 \u00een atelierul lui Adrian Ghenie din Berlin, \u0219i Sebastian Nasta, reprezentant al noului val de pictur\u0103 figurativ\u0103 hiperrealist\u0103. Lucr\u0103rile expuse ale lui Nasta, Avalanche (Avalan\u0219\u0103) \u0219i The Fake Salvator Mundi (Falsul Salvator Mundi), reflect\u0103 interesul artistului pentru corpul uman \u0219i pentru reinterpretarea contemporan\u0103 a imaginii salvatorului, abordat\u0103 dintr-o perspectiv\u0103 marcat\u0103 de vulnerabilitate \u0219i tensiune emo\u021bional\u0103.<\/p>\n<p class=\"p1\">Al\u0103turi de cei doi se num\u0103r\u0103 \u0219i arti\u0219ti \u00een afirmare, precum Alexandra Neac\u0219u, artist\u0103 preocupat\u0103 de rela\u021bia dintre natur\u0103 \u0219i fiin\u021ba uman\u0103, \u0219i Trick Patrick, cunoscut pentru lucr\u0103rile sale de pictur\u0103 cu o puternic\u0103 dimensiune material\u0103 \u0219i experimental\u0103. Zona de sculptur\u0103 este reprezentat\u0103 de lucr\u0103rile \u00een lemn ale lui Paul Covaci, o alt\u0103 descoperire artistic\u0103 promovat\u0103 \u00een cadrul galeriei. Membru al Uniunii Arti\u0219tilor Plastici din Rom\u00e2nia, artistul prezint\u0103 piese care \u00eembin\u0103 func\u021bionalitatea cu expresia artistic\u0103.<\/p>\n<p class=\"p2\"><strong>Program de evenimente \u0219i direc\u021bii viitoare<\/strong><\/p>\n<p class=\"p4\">Dimir&amp;Son \u00ee\u0219i propune s\u0103 func\u021bioneze ca un hub cultural activ, cu un program divers de evenimente, toate desf\u0103\u0219urate sub marca The Cureators, conceptul curatorial care structureaz\u0103 \u0219i conecteaz\u0103 ini\u021biativele galeriei. The Cureators va fi \u0219i numele galeriei \u201eoglind\u0103\u201d care urmeaz\u0103 s\u0103 se deschid\u0103 la New York, ceea ce va asigura o continuitate conceptual\u0103 \u0219i o identitate comun\u0103 pentru proiectele dezvoltate pe cele dou\u0103 continente.<\/p>\n<p class=\"p1\">Dr. Antonia-Maria Ghi\u0219a afirm\u0103: \u201dSuntem ner\u0103bd\u0103tori s\u0103 facem cunoscut\u0103 \u00eentreaga agend\u0103 de evenimente pentru 2026, menite s\u0103 aduc\u0103 bucuria \u0219i starea de bine, at\u00e2t pentru cunosc\u0103tori, c\u00e2t \u0219i pentru cei care, poate nu au avut curaj sau timp s\u0103 exploreze opere de art\u0103\u201d.<\/p>\n<p class=\"p1\">Agenda galeriei Dimir &amp; Son pentru 2026 const\u0103 \u00eentr-un program curatoriat de discu\u021bii, ateliere \u0219i practici de mi\u0219care care exploreaz\u0103 intersec\u021bia dintre art\u0103, s\u0103n\u0103tate \u0219i via\u021b\u0103 con\u0219tient\u0103. De la conversa\u021bii despre wellbeing \u0219i dezvoltare personal\u0103, la sesiuni practice de art\u0103, yoga \u0219i pilates, fiecare eveniment este conceput pentru a crea o leg\u0103tur\u0103 autentic\u0103 \u00eentre creativitate, corp \u0219i g\u00e2ndire, \u00eentr-un cadru relaxat \u0219i de reflec\u021bie. Programul ofer\u0103, totodat\u0103, repere esen\u021biale pentru a \u00eenv\u0103\u021ba publicul cum s\u0103 abordeze, s\u0103 \u00een\u021beleag\u0103 \u0219i s\u0103 fac\u0103 primii pa\u0219i \u00een colec\u021bionarea de art\u0103 contemporan\u0103.<\/p>\n<p class=\"p1\">Galeria va func\u021biona \u0219i ca spa\u021biu de v\u00e2nzare de art\u0103, \u0219i va dezvolta un sistem de Member Club, cu beneficii exclusive \u0219i organizare de evenimente private. Ea va include \u0219i ini\u021biative dedicate sus\u021binerii arti\u0219tilor emergen\u021bi, prin concursuri de selec\u021bie. Dimir&amp;Son \u00ee\u0219i propune astfel s\u0103 devin\u0103 nu doar o galerie, ci o comunitate \u0219i un punct de leg\u0103tur\u0103 cultural \u00eentre scena artistic\u0103 din Europa \u0219i cea din Statele Unite.<\/p>\n<blockquote class=\"wp-embedded-content\" data-secret=\"uaeT1W07uP\"><p><a href=\"https:\/\/copilarie.org\/index.php\/2025\/12\/12\/opt-galerii-de-arta-contemporana-se-reunesc-la-final-de-an-pentru-a-treia-editie-sat-primul-targ-din-romania-dedicat-exclusiv-lucrarilor-pe-hartie\/\">Opt galerii de art\u0103 contemporan\u0103 se reunesc la final de an pentru a treia edi\u021bie SAT, primul t\u00e2rg din Rom\u00e2nia dedicat exclusiv lucr\u0103rilor pe h\u00e2rtie<\/a><\/p><\/blockquote>\n<p><iframe loading=\"lazy\" class=\"wp-embedded-content\" sandbox=\"allow-scripts\" security=\"restricted\" style=\"position: absolute; visibility: hidden;\" title=\"&#8222;Opt galerii de art\u0103 contemporan\u0103 se reunesc la final de an pentru a treia edi\u021bie SAT, primul t\u00e2rg din Rom\u00e2nia dedicat exclusiv lucr\u0103rilor pe h\u00e2rtie&#8221; &#8211; Copil\u0103rie.org\" src=\"https:\/\/copilarie.org\/index.php\/2025\/12\/12\/opt-galerii-de-arta-contemporana-se-reunesc-la-final-de-an-pentru-a-treia-editie-sat-primul-targ-din-romania-dedicat-exclusiv-lucrarilor-pe-hartie\/embed\/#?secret=1HiGqaSwjy#?secret=uaeT1W07uP\" data-secret=\"uaeT1W07uP\" width=\"600\" height=\"338\" frameborder=\"0\" marginwidth=\"0\" marginheight=\"0\" scrolling=\"no\"><\/iframe><\/p>\n","protected":false},"excerpt":{"rendered":"<p>Un nou proiect cultural rom\u00e2nesc \u00ee\u0219i propune s\u0103 creeze o punte activ\u0103 \u00eentre scena artistic\u0103 european\u0103 \u0219i cea american\u0103. Doi medici rom\u00e2ni, dr. Dimir C\u0103t\u0103lin \u0219i dr. Antonia-Maria Ghi\u0219a, deschid la Cluj-Napoca Dimir&amp;Son, una dintre cele mai mari galerii de art\u0103 independent\u0103 din Rom\u00e2nia, \u0219i anun\u021b\u0103 lansarea, \u00een vara acestui an, a unei galerii \u201eoglind\u0103\u201d [&hellip;]<\/p>\n","protected":false},"author":6,"featured_media":3761,"comment_status":"open","ping_status":"open","sticky":false,"template":"","format":"standard","meta":{"footnotes":""},"categories":[1,21],"tags":[333,24,602,603,344,345],"class_list":{"0":"post-3760","1":"post","2":"type-post","3":"status-publish","4":"format-standard","5":"has-post-thumbnail","7":"category-acasa","8":"category-evenimente","9":"tag-claudiu-padurean","10":"tag-copilarie-org","11":"tag-dimir-son","12":"tag-galerie-de-arta","13":"tag-news","14":"tag-stiri"},"yoast_head":"<!-- This site is optimized with the Yoast SEO plugin v23.6 - https:\/\/yoast.com\/wordpress\/plugins\/seo\/ -->\n<title>O nou\u0103 galerie din Transilvania va crea o punte cultural\u0103 \u00eentre Europa \u0219i Statele Unite ale Americii - Copil\u0103rie.org<\/title>\n<meta name=\"robots\" content=\"index, follow, max-snippet:-1, max-image-preview:large, max-video-preview:-1\" \/>\n<link rel=\"canonical\" href=\"https:\/\/copilarie.org\/index.php\/2026\/01\/02\/o-noua-galerie-din-transilvania-va-crea-o-punte-culturala-intre-europa-si-statele-unite-ale-americii\/\" \/>\n<meta property=\"og:locale\" content=\"ro_RO\" \/>\n<meta property=\"og:type\" content=\"article\" \/>\n<meta property=\"og:title\" content=\"O nou\u0103 galerie din Transilvania va crea o punte cultural\u0103 \u00eentre Europa \u0219i Statele Unite ale Americii - Copil\u0103rie.org\" \/>\n<meta property=\"og:description\" content=\"Un nou proiect cultural rom\u00e2nesc \u00ee\u0219i propune s\u0103 creeze o punte activ\u0103 \u00eentre scena artistic\u0103 european\u0103 \u0219i cea american\u0103. Doi medici rom\u00e2ni, dr. Dimir C\u0103t\u0103lin \u0219i dr. Antonia-Maria Ghi\u0219a, deschid la Cluj-Napoca Dimir&amp;Son, una dintre cele mai mari galerii de art\u0103 independent\u0103 din Rom\u00e2nia, \u0219i anun\u021b\u0103 lansarea, \u00een vara acestui an, a unei galerii \u201eoglind\u0103\u201d [&hellip;]\" \/>\n<meta property=\"og:url\" content=\"https:\/\/copilarie.org\/index.php\/2026\/01\/02\/o-noua-galerie-din-transilvania-va-crea-o-punte-culturala-intre-europa-si-statele-unite-ale-americii\/\" \/>\n<meta property=\"og:site_name\" content=\"Copil\u0103rie.org\" \/>\n<meta property=\"article:publisher\" content=\"https:\/\/www.facebook.com\/copilarie.org\/\" \/>\n<meta property=\"article:published_time\" content=\"2026-01-02T13:32:07+00:00\" \/>\n<meta property=\"og:image\" content=\"https:\/\/copilarie.org\/wp-content\/uploads\/2026\/01\/Dimir-Son_gallery_2.jpg\" \/>\n\t<meta property=\"og:image:width\" content=\"1200\" \/>\n\t<meta property=\"og:image:height\" content=\"800\" \/>\n\t<meta property=\"og:image:type\" content=\"image\/jpeg\" \/>\n<meta name=\"author\" content=\"Claudiu Padurean\" \/>\n<meta name=\"twitter:card\" content=\"summary_large_image\" \/>\n<meta name=\"twitter:creator\" content=\"@CopilarieOrg\" \/>\n<meta name=\"twitter:site\" content=\"@CopilarieOrg\" \/>\n<meta name=\"twitter:label1\" content=\"Scris de\" \/>\n\t<meta name=\"twitter:data1\" content=\"Claudiu Padurean\" \/>\n\t<meta name=\"twitter:label2\" content=\"Timp estimat pentru citire\" \/>\n\t<meta name=\"twitter:data2\" content=\"6 minute\" \/>\n<script type=\"application\/ld+json\" class=\"yoast-schema-graph\">{\"@context\":\"https:\/\/schema.org\",\"@graph\":[{\"@type\":\"WebPage\",\"@id\":\"https:\/\/copilarie.org\/index.php\/2026\/01\/02\/o-noua-galerie-din-transilvania-va-crea-o-punte-culturala-intre-europa-si-statele-unite-ale-americii\/\",\"url\":\"https:\/\/copilarie.org\/index.php\/2026\/01\/02\/o-noua-galerie-din-transilvania-va-crea-o-punte-culturala-intre-europa-si-statele-unite-ale-americii\/\",\"name\":\"O nou\u0103 galerie din Transilvania va crea o punte cultural\u0103 \u00eentre Europa \u0219i Statele Unite ale Americii - Copil\u0103rie.org\",\"isPartOf\":{\"@id\":\"https:\/\/copilarie.org\/#website\"},\"primaryImageOfPage\":{\"@id\":\"https:\/\/copilarie.org\/index.php\/2026\/01\/02\/o-noua-galerie-din-transilvania-va-crea-o-punte-culturala-intre-europa-si-statele-unite-ale-americii\/#primaryimage\"},\"image\":{\"@id\":\"https:\/\/copilarie.org\/index.php\/2026\/01\/02\/o-noua-galerie-din-transilvania-va-crea-o-punte-culturala-intre-europa-si-statele-unite-ale-americii\/#primaryimage\"},\"thumbnailUrl\":\"https:\/\/copilarie.org\/wp-content\/uploads\/2026\/01\/Dimir-Son_gallery_2.jpg\",\"datePublished\":\"2026-01-02T13:32:07+00:00\",\"dateModified\":\"2026-01-02T13:32:07+00:00\",\"author\":{\"@id\":\"https:\/\/copilarie.org\/#\/schema\/person\/cc68df24fe273441f59111720355e6d7\"},\"breadcrumb\":{\"@id\":\"https:\/\/copilarie.org\/index.php\/2026\/01\/02\/o-noua-galerie-din-transilvania-va-crea-o-punte-culturala-intre-europa-si-statele-unite-ale-americii\/#breadcrumb\"},\"inLanguage\":\"ro-RO\",\"potentialAction\":[{\"@type\":\"ReadAction\",\"target\":[\"https:\/\/copilarie.org\/index.php\/2026\/01\/02\/o-noua-galerie-din-transilvania-va-crea-o-punte-culturala-intre-europa-si-statele-unite-ale-americii\/\"]}]},{\"@type\":\"ImageObject\",\"inLanguage\":\"ro-RO\",\"@id\":\"https:\/\/copilarie.org\/index.php\/2026\/01\/02\/o-noua-galerie-din-transilvania-va-crea-o-punte-culturala-intre-europa-si-statele-unite-ale-americii\/#primaryimage\",\"url\":\"https:\/\/copilarie.org\/wp-content\/uploads\/2026\/01\/Dimir-Son_gallery_2.jpg\",\"contentUrl\":\"https:\/\/copilarie.org\/wp-content\/uploads\/2026\/01\/Dimir-Son_gallery_2.jpg\",\"width\":1200,\"height\":800},{\"@type\":\"BreadcrumbList\",\"@id\":\"https:\/\/copilarie.org\/index.php\/2026\/01\/02\/o-noua-galerie-din-transilvania-va-crea-o-punte-culturala-intre-europa-si-statele-unite-ale-americii\/#breadcrumb\",\"itemListElement\":[{\"@type\":\"ListItem\",\"position\":1,\"name\":\"Prima pagin\u0103\",\"item\":\"https:\/\/copilarie.org\/\"},{\"@type\":\"ListItem\",\"position\":2,\"name\":\"O nou\u0103 galerie din Transilvania va crea o punte cultural\u0103 \u00eentre Europa \u0219i Statele Unite ale Americii\"}]},{\"@type\":\"WebSite\",\"@id\":\"https:\/\/copilarie.org\/#website\",\"url\":\"https:\/\/copilarie.org\/\",\"name\":\"Copil\u0103rie.org\",\"description\":\"\u00cen pas cu tine\",\"potentialAction\":[{\"@type\":\"SearchAction\",\"target\":{\"@type\":\"EntryPoint\",\"urlTemplate\":\"https:\/\/copilarie.org\/?s={search_term_string}\"},\"query-input\":{\"@type\":\"PropertyValueSpecification\",\"valueRequired\":true,\"valueName\":\"search_term_string\"}}],\"inLanguage\":\"ro-RO\"},{\"@type\":\"Person\",\"@id\":\"https:\/\/copilarie.org\/#\/schema\/person\/cc68df24fe273441f59111720355e6d7\",\"name\":\"Claudiu Padurean\",\"image\":{\"@type\":\"ImageObject\",\"inLanguage\":\"ro-RO\",\"@id\":\"https:\/\/copilarie.org\/#\/schema\/person\/image\/\",\"url\":\"https:\/\/secure.gravatar.com\/avatar\/f254259557f5b35053cf76205615a03f17a29fe60ac58ed31adacef6a3f612f9?s=96&d=mm&r=g\",\"contentUrl\":\"https:\/\/secure.gravatar.com\/avatar\/f254259557f5b35053cf76205615a03f17a29fe60ac58ed31adacef6a3f612f9?s=96&d=mm&r=g\",\"caption\":\"Claudiu Padurean\"}}]}<\/script>\n<!-- \/ Yoast SEO plugin. -->","yoast_head_json":{"title":"O nou\u0103 galerie din Transilvania va crea o punte cultural\u0103 \u00eentre Europa \u0219i Statele Unite ale Americii - Copil\u0103rie.org","robots":{"index":"index","follow":"follow","max-snippet":"max-snippet:-1","max-image-preview":"max-image-preview:large","max-video-preview":"max-video-preview:-1"},"canonical":"https:\/\/copilarie.org\/index.php\/2026\/01\/02\/o-noua-galerie-din-transilvania-va-crea-o-punte-culturala-intre-europa-si-statele-unite-ale-americii\/","og_locale":"ro_RO","og_type":"article","og_title":"O nou\u0103 galerie din Transilvania va crea o punte cultural\u0103 \u00eentre Europa \u0219i Statele Unite ale Americii - Copil\u0103rie.org","og_description":"Un nou proiect cultural rom\u00e2nesc \u00ee\u0219i propune s\u0103 creeze o punte activ\u0103 \u00eentre scena artistic\u0103 european\u0103 \u0219i cea american\u0103. Doi medici rom\u00e2ni, dr. Dimir C\u0103t\u0103lin \u0219i dr. Antonia-Maria Ghi\u0219a, deschid la Cluj-Napoca Dimir&amp;Son, una dintre cele mai mari galerii de art\u0103 independent\u0103 din Rom\u00e2nia, \u0219i anun\u021b\u0103 lansarea, \u00een vara acestui an, a unei galerii \u201eoglind\u0103\u201d [&hellip;]","og_url":"https:\/\/copilarie.org\/index.php\/2026\/01\/02\/o-noua-galerie-din-transilvania-va-crea-o-punte-culturala-intre-europa-si-statele-unite-ale-americii\/","og_site_name":"Copil\u0103rie.org","article_publisher":"https:\/\/www.facebook.com\/copilarie.org\/","article_published_time":"2026-01-02T13:32:07+00:00","og_image":[{"width":1200,"height":800,"url":"https:\/\/copilarie.org\/wp-content\/uploads\/2026\/01\/Dimir-Son_gallery_2.jpg","type":"image\/jpeg"}],"author":"Claudiu Padurean","twitter_card":"summary_large_image","twitter_creator":"@CopilarieOrg","twitter_site":"@CopilarieOrg","twitter_misc":{"Scris de":"Claudiu Padurean","Timp estimat pentru citire":"6 minute"},"schema":{"@context":"https:\/\/schema.org","@graph":[{"@type":"WebPage","@id":"https:\/\/copilarie.org\/index.php\/2026\/01\/02\/o-noua-galerie-din-transilvania-va-crea-o-punte-culturala-intre-europa-si-statele-unite-ale-americii\/","url":"https:\/\/copilarie.org\/index.php\/2026\/01\/02\/o-noua-galerie-din-transilvania-va-crea-o-punte-culturala-intre-europa-si-statele-unite-ale-americii\/","name":"O nou\u0103 galerie din Transilvania va crea o punte cultural\u0103 \u00eentre Europa \u0219i Statele Unite ale Americii - Copil\u0103rie.org","isPartOf":{"@id":"https:\/\/copilarie.org\/#website"},"primaryImageOfPage":{"@id":"https:\/\/copilarie.org\/index.php\/2026\/01\/02\/o-noua-galerie-din-transilvania-va-crea-o-punte-culturala-intre-europa-si-statele-unite-ale-americii\/#primaryimage"},"image":{"@id":"https:\/\/copilarie.org\/index.php\/2026\/01\/02\/o-noua-galerie-din-transilvania-va-crea-o-punte-culturala-intre-europa-si-statele-unite-ale-americii\/#primaryimage"},"thumbnailUrl":"https:\/\/copilarie.org\/wp-content\/uploads\/2026\/01\/Dimir-Son_gallery_2.jpg","datePublished":"2026-01-02T13:32:07+00:00","dateModified":"2026-01-02T13:32:07+00:00","author":{"@id":"https:\/\/copilarie.org\/#\/schema\/person\/cc68df24fe273441f59111720355e6d7"},"breadcrumb":{"@id":"https:\/\/copilarie.org\/index.php\/2026\/01\/02\/o-noua-galerie-din-transilvania-va-crea-o-punte-culturala-intre-europa-si-statele-unite-ale-americii\/#breadcrumb"},"inLanguage":"ro-RO","potentialAction":[{"@type":"ReadAction","target":["https:\/\/copilarie.org\/index.php\/2026\/01\/02\/o-noua-galerie-din-transilvania-va-crea-o-punte-culturala-intre-europa-si-statele-unite-ale-americii\/"]}]},{"@type":"ImageObject","inLanguage":"ro-RO","@id":"https:\/\/copilarie.org\/index.php\/2026\/01\/02\/o-noua-galerie-din-transilvania-va-crea-o-punte-culturala-intre-europa-si-statele-unite-ale-americii\/#primaryimage","url":"https:\/\/copilarie.org\/wp-content\/uploads\/2026\/01\/Dimir-Son_gallery_2.jpg","contentUrl":"https:\/\/copilarie.org\/wp-content\/uploads\/2026\/01\/Dimir-Son_gallery_2.jpg","width":1200,"height":800},{"@type":"BreadcrumbList","@id":"https:\/\/copilarie.org\/index.php\/2026\/01\/02\/o-noua-galerie-din-transilvania-va-crea-o-punte-culturala-intre-europa-si-statele-unite-ale-americii\/#breadcrumb","itemListElement":[{"@type":"ListItem","position":1,"name":"Prima pagin\u0103","item":"https:\/\/copilarie.org\/"},{"@type":"ListItem","position":2,"name":"O nou\u0103 galerie din Transilvania va crea o punte cultural\u0103 \u00eentre Europa \u0219i Statele Unite ale Americii"}]},{"@type":"WebSite","@id":"https:\/\/copilarie.org\/#website","url":"https:\/\/copilarie.org\/","name":"Copil\u0103rie.org","description":"\u00cen pas cu tine","potentialAction":[{"@type":"SearchAction","target":{"@type":"EntryPoint","urlTemplate":"https:\/\/copilarie.org\/?s={search_term_string}"},"query-input":{"@type":"PropertyValueSpecification","valueRequired":true,"valueName":"search_term_string"}}],"inLanguage":"ro-RO"},{"@type":"Person","@id":"https:\/\/copilarie.org\/#\/schema\/person\/cc68df24fe273441f59111720355e6d7","name":"Claudiu Padurean","image":{"@type":"ImageObject","inLanguage":"ro-RO","@id":"https:\/\/copilarie.org\/#\/schema\/person\/image\/","url":"https:\/\/secure.gravatar.com\/avatar\/f254259557f5b35053cf76205615a03f17a29fe60ac58ed31adacef6a3f612f9?s=96&d=mm&r=g","contentUrl":"https:\/\/secure.gravatar.com\/avatar\/f254259557f5b35053cf76205615a03f17a29fe60ac58ed31adacef6a3f612f9?s=96&d=mm&r=g","caption":"Claudiu Padurean"}}]}},"_links":{"self":[{"href":"https:\/\/copilarie.org\/index.php\/wp-json\/wp\/v2\/posts\/3760","targetHints":{"allow":["GET"]}}],"collection":[{"href":"https:\/\/copilarie.org\/index.php\/wp-json\/wp\/v2\/posts"}],"about":[{"href":"https:\/\/copilarie.org\/index.php\/wp-json\/wp\/v2\/types\/post"}],"author":[{"embeddable":true,"href":"https:\/\/copilarie.org\/index.php\/wp-json\/wp\/v2\/users\/6"}],"replies":[{"embeddable":true,"href":"https:\/\/copilarie.org\/index.php\/wp-json\/wp\/v2\/comments?post=3760"}],"version-history":[{"count":1,"href":"https:\/\/copilarie.org\/index.php\/wp-json\/wp\/v2\/posts\/3760\/revisions"}],"predecessor-version":[{"id":3762,"href":"https:\/\/copilarie.org\/index.php\/wp-json\/wp\/v2\/posts\/3760\/revisions\/3762"}],"wp:featuredmedia":[{"embeddable":true,"href":"https:\/\/copilarie.org\/index.php\/wp-json\/wp\/v2\/media\/3761"}],"wp:attachment":[{"href":"https:\/\/copilarie.org\/index.php\/wp-json\/wp\/v2\/media?parent=3760"}],"wp:term":[{"taxonomy":"category","embeddable":true,"href":"https:\/\/copilarie.org\/index.php\/wp-json\/wp\/v2\/categories?post=3760"},{"taxonomy":"post_tag","embeddable":true,"href":"https:\/\/copilarie.org\/index.php\/wp-json\/wp\/v2\/tags?post=3760"}],"curies":[{"name":"wp","href":"https:\/\/api.w.org\/{rel}","templated":true}]}}