{"id":3763,"date":"2026-01-02T15:12:53","date_gmt":"2026-01-02T15:12:53","guid":{"rendered":"https:\/\/copilarie.org\/?p=3763"},"modified":"2026-01-02T15:12:53","modified_gmt":"2026-01-02T15:12:53","slug":"cum-a-fost-petrecerea-de-revelion-organizata-de-primaria-cluj-napoca","status":"publish","type":"post","link":"https:\/\/copilarie.org\/index.php\/2026\/01\/02\/cum-a-fost-petrecerea-de-revelion-organizata-de-primaria-cluj-napoca\/","title":{"rendered":"Cum a fost petrecerea de Revelion organizat\u0103 de Prim\u0103ria Cluj-Napoca"},"content":{"rendered":"<p><strong>Clujenii au s\u0103rb\u0103torit trecerea dintre ani \u00een centrul ora\u0219ului. Concerte live, spectacol de drone \u0219i lumini au marcat trecerea \u00een 2026. Programul ultimei zile a anului 2025 a fost deschis de dou\u0103 trupe clujene: grupul vocal de pop-oper\u0103 Anatholis, urmat de trupa Hara, potrivit\u00a0<a href=\"https:\/\/viacluj.tv\/foto-revelionul-2026-la-cluj-napoca-spectacol-de-drone-si-lumini-in-piata-unirii\/\">Via Cluj TV<\/a>.<\/strong><\/p>\n<p>La ora 00:00, \u00een Pia\u021ba Unirii a avut loc un impresionant spectacol de drone \u0219i lumini care a marcat trecerea \u00een Noul An. Concertele au continut apoi cu Score Band, potrivit <a href=\"https:\/\/clujtoday.ro\/cum-a-fost-petrecerea-de-revelion-organizata-de-primaria-cluj-napoca\/\">ClujToday.ro<\/a>.<\/p>\n<div class=\"wysiwyg mb\">\n<p>\u201eLa mul\u021bi ani, Cluj-Napoca!\u201d,\u00a0<a href=\"https:\/\/www.facebook.com\/watch\/live\/?ref=watch_permalink&amp;v=1353159779950803\" target=\"_blank\" rel=\"noopener\">transmit reprezentan\u021bii Prim\u0103riei Cluj-Napoca pe Facebook<\/a>.<\/p>\n<blockquote class=\"wp-embedded-content\" data-secret=\"Y7PGivqQwH\"><p><a href=\"https:\/\/copilarie.org\/index.php\/2025\/12\/24\/cum-isi-petrec-craciunul-campionii-romaniei\/\">Cum \u00ee\u0219i petrec Cr\u0103ciunul campionii Rom\u00e2niei<\/a><\/p><\/blockquote>\n<p><iframe loading=\"lazy\" class=\"wp-embedded-content\" sandbox=\"allow-scripts\" security=\"restricted\" style=\"position: absolute; visibility: hidden;\" title=\"&#8222;Cum \u00ee\u0219i petrec Cr\u0103ciunul campionii Rom\u00e2niei&#8221; &#8211; Copil\u0103rie.org\" src=\"https:\/\/copilarie.org\/index.php\/2025\/12\/24\/cum-isi-petrec-craciunul-campionii-romaniei\/embed\/#?secret=eJD7AAhHAY#?secret=Y7PGivqQwH\" data-secret=\"Y7PGivqQwH\" width=\"600\" height=\"338\" frameborder=\"0\" marginwidth=\"0\" marginheight=\"0\" scrolling=\"no\"><\/iframe><\/p>\n<\/div>\n","protected":false},"excerpt":{"rendered":"<p>Clujenii au s\u0103rb\u0103torit trecerea dintre ani \u00een centrul ora\u0219ului. Concerte live, spectacol de drone \u0219i lumini au marcat trecerea \u00een 2026. Programul ultimei zile a anului 2025 a fost deschis de dou\u0103 trupe clujene: grupul vocal de pop-oper\u0103 Anatholis, urmat de trupa Hara, potrivit\u00a0Via Cluj TV. La ora 00:00, \u00een Pia\u021ba Unirii a avut loc [&hellip;]<\/p>\n","protected":false},"author":6,"featured_media":3764,"comment_status":"open","ping_status":"open","sticky":false,"template":"","format":"standard","meta":{"footnotes":""},"categories":[1,21],"tags":[333,70,24,344,605,604,345],"class_list":{"0":"post-3763","1":"post","2":"type-post","3":"status-publish","4":"format-standard","5":"has-post-thumbnail","7":"category-acasa","8":"category-evenimente","9":"tag-claudiu-padurean","10":"tag-cluj","11":"tag-copilarie-org","12":"tag-news","13":"tag-primarie","14":"tag-revelion","15":"tag-stiri"},"yoast_head":"<!-- This site is optimized with the Yoast SEO plugin v23.6 - https:\/\/yoast.com\/wordpress\/plugins\/seo\/ -->\n<title>Cum a fost petrecerea de Revelion organizat\u0103 de Prim\u0103ria Cluj-Napoca - Copil\u0103rie.org<\/title>\n<meta name=\"robots\" content=\"index, follow, max-snippet:-1, max-image-preview:large, max-video-preview:-1\" \/>\n<link rel=\"canonical\" href=\"https:\/\/copilarie.org\/index.php\/2026\/01\/02\/cum-a-fost-petrecerea-de-revelion-organizata-de-primaria-cluj-napoca\/\" \/>\n<meta property=\"og:locale\" content=\"ro_RO\" \/>\n<meta property=\"og:type\" content=\"article\" \/>\n<meta property=\"og:title\" content=\"Cum a fost petrecerea de Revelion organizat\u0103 de Prim\u0103ria Cluj-Napoca - Copil\u0103rie.org\" \/>\n<meta property=\"og:description\" content=\"Clujenii au s\u0103rb\u0103torit trecerea dintre ani \u00een centrul ora\u0219ului. Concerte live, spectacol de drone \u0219i lumini au marcat trecerea \u00een 2026. Programul ultimei zile a anului 2025 a fost deschis de dou\u0103 trupe clujene: grupul vocal de pop-oper\u0103 Anatholis, urmat de trupa Hara, potrivit\u00a0Via Cluj TV. La ora 00:00, \u00een Pia\u021ba Unirii a avut loc [&hellip;]\" \/>\n<meta property=\"og:url\" content=\"https:\/\/copilarie.org\/index.php\/2026\/01\/02\/cum-a-fost-petrecerea-de-revelion-organizata-de-primaria-cluj-napoca\/\" \/>\n<meta property=\"og:site_name\" content=\"Copil\u0103rie.org\" \/>\n<meta property=\"article:publisher\" content=\"https:\/\/www.facebook.com\/copilarie.org\/\" \/>\n<meta property=\"article:published_time\" content=\"2026-01-02T15:12:53+00:00\" \/>\n<meta property=\"og:image\" content=\"https:\/\/copilarie.org\/wp-content\/uploads\/2026\/01\/revelion.jpg\" \/>\n\t<meta property=\"og:image:width\" content=\"1024\" \/>\n\t<meta property=\"og:image:height\" content=\"767\" \/>\n\t<meta property=\"og:image:type\" content=\"image\/jpeg\" \/>\n<meta name=\"author\" content=\"Claudiu Padurean\" \/>\n<meta name=\"twitter:card\" content=\"summary_large_image\" \/>\n<meta name=\"twitter:creator\" content=\"@CopilarieOrg\" \/>\n<meta name=\"twitter:site\" content=\"@CopilarieOrg\" \/>\n<meta name=\"twitter:label1\" content=\"Scris de\" \/>\n\t<meta name=\"twitter:data1\" content=\"Claudiu Padurean\" \/>\n\t<meta name=\"twitter:label2\" content=\"Timp estimat pentru citire\" \/>\n\t<meta name=\"twitter:data2\" content=\"1 minut\" \/>\n<script type=\"application\/ld+json\" class=\"yoast-schema-graph\">{\"@context\":\"https:\/\/schema.org\",\"@graph\":[{\"@type\":\"WebPage\",\"@id\":\"https:\/\/copilarie.org\/index.php\/2026\/01\/02\/cum-a-fost-petrecerea-de-revelion-organizata-de-primaria-cluj-napoca\/\",\"url\":\"https:\/\/copilarie.org\/index.php\/2026\/01\/02\/cum-a-fost-petrecerea-de-revelion-organizata-de-primaria-cluj-napoca\/\",\"name\":\"Cum a fost petrecerea de Revelion organizat\u0103 de Prim\u0103ria Cluj-Napoca - Copil\u0103rie.org\",\"isPartOf\":{\"@id\":\"https:\/\/copilarie.org\/#website\"},\"primaryImageOfPage\":{\"@id\":\"https:\/\/copilarie.org\/index.php\/2026\/01\/02\/cum-a-fost-petrecerea-de-revelion-organizata-de-primaria-cluj-napoca\/#primaryimage\"},\"image\":{\"@id\":\"https:\/\/copilarie.org\/index.php\/2026\/01\/02\/cum-a-fost-petrecerea-de-revelion-organizata-de-primaria-cluj-napoca\/#primaryimage\"},\"thumbnailUrl\":\"https:\/\/copilarie.org\/wp-content\/uploads\/2026\/01\/revelion.jpg\",\"datePublished\":\"2026-01-02T15:12:53+00:00\",\"dateModified\":\"2026-01-02T15:12:53+00:00\",\"author\":{\"@id\":\"https:\/\/copilarie.org\/#\/schema\/person\/cc68df24fe273441f59111720355e6d7\"},\"breadcrumb\":{\"@id\":\"https:\/\/copilarie.org\/index.php\/2026\/01\/02\/cum-a-fost-petrecerea-de-revelion-organizata-de-primaria-cluj-napoca\/#breadcrumb\"},\"inLanguage\":\"ro-RO\",\"potentialAction\":[{\"@type\":\"ReadAction\",\"target\":[\"https:\/\/copilarie.org\/index.php\/2026\/01\/02\/cum-a-fost-petrecerea-de-revelion-organizata-de-primaria-cluj-napoca\/\"]}]},{\"@type\":\"ImageObject\",\"inLanguage\":\"ro-RO\",\"@id\":\"https:\/\/copilarie.org\/index.php\/2026\/01\/02\/cum-a-fost-petrecerea-de-revelion-organizata-de-primaria-cluj-napoca\/#primaryimage\",\"url\":\"https:\/\/copilarie.org\/wp-content\/uploads\/2026\/01\/revelion.jpg\",\"contentUrl\":\"https:\/\/copilarie.org\/wp-content\/uploads\/2026\/01\/revelion.jpg\",\"width\":1024,\"height\":767,\"caption\":\"default\"},{\"@type\":\"BreadcrumbList\",\"@id\":\"https:\/\/copilarie.org\/index.php\/2026\/01\/02\/cum-a-fost-petrecerea-de-revelion-organizata-de-primaria-cluj-napoca\/#breadcrumb\",\"itemListElement\":[{\"@type\":\"ListItem\",\"position\":1,\"name\":\"Prima pagin\u0103\",\"item\":\"https:\/\/copilarie.org\/\"},{\"@type\":\"ListItem\",\"position\":2,\"name\":\"Cum a fost petrecerea de Revelion organizat\u0103 de Prim\u0103ria Cluj-Napoca\"}]},{\"@type\":\"WebSite\",\"@id\":\"https:\/\/copilarie.org\/#website\",\"url\":\"https:\/\/copilarie.org\/\",\"name\":\"Copil\u0103rie.org\",\"description\":\"\u00cen pas cu tine\",\"potentialAction\":[{\"@type\":\"SearchAction\",\"target\":{\"@type\":\"EntryPoint\",\"urlTemplate\":\"https:\/\/copilarie.org\/?s={search_term_string}\"},\"query-input\":{\"@type\":\"PropertyValueSpecification\",\"valueRequired\":true,\"valueName\":\"search_term_string\"}}],\"inLanguage\":\"ro-RO\"},{\"@type\":\"Person\",\"@id\":\"https:\/\/copilarie.org\/#\/schema\/person\/cc68df24fe273441f59111720355e6d7\",\"name\":\"Claudiu Padurean\",\"image\":{\"@type\":\"ImageObject\",\"inLanguage\":\"ro-RO\",\"@id\":\"https:\/\/copilarie.org\/#\/schema\/person\/image\/\",\"url\":\"https:\/\/secure.gravatar.com\/avatar\/f254259557f5b35053cf76205615a03f17a29fe60ac58ed31adacef6a3f612f9?s=96&d=mm&r=g\",\"contentUrl\":\"https:\/\/secure.gravatar.com\/avatar\/f254259557f5b35053cf76205615a03f17a29fe60ac58ed31adacef6a3f612f9?s=96&d=mm&r=g\",\"caption\":\"Claudiu Padurean\"}}]}<\/script>\n<!-- \/ Yoast SEO plugin. -->","yoast_head_json":{"title":"Cum a fost petrecerea de Revelion organizat\u0103 de Prim\u0103ria Cluj-Napoca - Copil\u0103rie.org","robots":{"index":"index","follow":"follow","max-snippet":"max-snippet:-1","max-image-preview":"max-image-preview:large","max-video-preview":"max-video-preview:-1"},"canonical":"https:\/\/copilarie.org\/index.php\/2026\/01\/02\/cum-a-fost-petrecerea-de-revelion-organizata-de-primaria-cluj-napoca\/","og_locale":"ro_RO","og_type":"article","og_title":"Cum a fost petrecerea de Revelion organizat\u0103 de Prim\u0103ria Cluj-Napoca - Copil\u0103rie.org","og_description":"Clujenii au s\u0103rb\u0103torit trecerea dintre ani \u00een centrul ora\u0219ului. Concerte live, spectacol de drone \u0219i lumini au marcat trecerea \u00een 2026. Programul ultimei zile a anului 2025 a fost deschis de dou\u0103 trupe clujene: grupul vocal de pop-oper\u0103 Anatholis, urmat de trupa Hara, potrivit\u00a0Via Cluj TV. La ora 00:00, \u00een Pia\u021ba Unirii a avut loc [&hellip;]","og_url":"https:\/\/copilarie.org\/index.php\/2026\/01\/02\/cum-a-fost-petrecerea-de-revelion-organizata-de-primaria-cluj-napoca\/","og_site_name":"Copil\u0103rie.org","article_publisher":"https:\/\/www.facebook.com\/copilarie.org\/","article_published_time":"2026-01-02T15:12:53+00:00","og_image":[{"width":1024,"height":767,"url":"https:\/\/copilarie.org\/wp-content\/uploads\/2026\/01\/revelion.jpg","type":"image\/jpeg"}],"author":"Claudiu Padurean","twitter_card":"summary_large_image","twitter_creator":"@CopilarieOrg","twitter_site":"@CopilarieOrg","twitter_misc":{"Scris de":"Claudiu Padurean","Timp estimat pentru citire":"1 minut"},"schema":{"@context":"https:\/\/schema.org","@graph":[{"@type":"WebPage","@id":"https:\/\/copilarie.org\/index.php\/2026\/01\/02\/cum-a-fost-petrecerea-de-revelion-organizata-de-primaria-cluj-napoca\/","url":"https:\/\/copilarie.org\/index.php\/2026\/01\/02\/cum-a-fost-petrecerea-de-revelion-organizata-de-primaria-cluj-napoca\/","name":"Cum a fost petrecerea de Revelion organizat\u0103 de Prim\u0103ria Cluj-Napoca - Copil\u0103rie.org","isPartOf":{"@id":"https:\/\/copilarie.org\/#website"},"primaryImageOfPage":{"@id":"https:\/\/copilarie.org\/index.php\/2026\/01\/02\/cum-a-fost-petrecerea-de-revelion-organizata-de-primaria-cluj-napoca\/#primaryimage"},"image":{"@id":"https:\/\/copilarie.org\/index.php\/2026\/01\/02\/cum-a-fost-petrecerea-de-revelion-organizata-de-primaria-cluj-napoca\/#primaryimage"},"thumbnailUrl":"https:\/\/copilarie.org\/wp-content\/uploads\/2026\/01\/revelion.jpg","datePublished":"2026-01-02T15:12:53+00:00","dateModified":"2026-01-02T15:12:53+00:00","author":{"@id":"https:\/\/copilarie.org\/#\/schema\/person\/cc68df24fe273441f59111720355e6d7"},"breadcrumb":{"@id":"https:\/\/copilarie.org\/index.php\/2026\/01\/02\/cum-a-fost-petrecerea-de-revelion-organizata-de-primaria-cluj-napoca\/#breadcrumb"},"inLanguage":"ro-RO","potentialAction":[{"@type":"ReadAction","target":["https:\/\/copilarie.org\/index.php\/2026\/01\/02\/cum-a-fost-petrecerea-de-revelion-organizata-de-primaria-cluj-napoca\/"]}]},{"@type":"ImageObject","inLanguage":"ro-RO","@id":"https:\/\/copilarie.org\/index.php\/2026\/01\/02\/cum-a-fost-petrecerea-de-revelion-organizata-de-primaria-cluj-napoca\/#primaryimage","url":"https:\/\/copilarie.org\/wp-content\/uploads\/2026\/01\/revelion.jpg","contentUrl":"https:\/\/copilarie.org\/wp-content\/uploads\/2026\/01\/revelion.jpg","width":1024,"height":767,"caption":"default"},{"@type":"BreadcrumbList","@id":"https:\/\/copilarie.org\/index.php\/2026\/01\/02\/cum-a-fost-petrecerea-de-revelion-organizata-de-primaria-cluj-napoca\/#breadcrumb","itemListElement":[{"@type":"ListItem","position":1,"name":"Prima pagin\u0103","item":"https:\/\/copilarie.org\/"},{"@type":"ListItem","position":2,"name":"Cum a fost petrecerea de Revelion organizat\u0103 de Prim\u0103ria Cluj-Napoca"}]},{"@type":"WebSite","@id":"https:\/\/copilarie.org\/#website","url":"https:\/\/copilarie.org\/","name":"Copil\u0103rie.org","description":"\u00cen pas cu tine","potentialAction":[{"@type":"SearchAction","target":{"@type":"EntryPoint","urlTemplate":"https:\/\/copilarie.org\/?s={search_term_string}"},"query-input":{"@type":"PropertyValueSpecification","valueRequired":true,"valueName":"search_term_string"}}],"inLanguage":"ro-RO"},{"@type":"Person","@id":"https:\/\/copilarie.org\/#\/schema\/person\/cc68df24fe273441f59111720355e6d7","name":"Claudiu Padurean","image":{"@type":"ImageObject","inLanguage":"ro-RO","@id":"https:\/\/copilarie.org\/#\/schema\/person\/image\/","url":"https:\/\/secure.gravatar.com\/avatar\/f254259557f5b35053cf76205615a03f17a29fe60ac58ed31adacef6a3f612f9?s=96&d=mm&r=g","contentUrl":"https:\/\/secure.gravatar.com\/avatar\/f254259557f5b35053cf76205615a03f17a29fe60ac58ed31adacef6a3f612f9?s=96&d=mm&r=g","caption":"Claudiu Padurean"}}]}},"_links":{"self":[{"href":"https:\/\/copilarie.org\/index.php\/wp-json\/wp\/v2\/posts\/3763","targetHints":{"allow":["GET"]}}],"collection":[{"href":"https:\/\/copilarie.org\/index.php\/wp-json\/wp\/v2\/posts"}],"about":[{"href":"https:\/\/copilarie.org\/index.php\/wp-json\/wp\/v2\/types\/post"}],"author":[{"embeddable":true,"href":"https:\/\/copilarie.org\/index.php\/wp-json\/wp\/v2\/users\/6"}],"replies":[{"embeddable":true,"href":"https:\/\/copilarie.org\/index.php\/wp-json\/wp\/v2\/comments?post=3763"}],"version-history":[{"count":1,"href":"https:\/\/copilarie.org\/index.php\/wp-json\/wp\/v2\/posts\/3763\/revisions"}],"predecessor-version":[{"id":3765,"href":"https:\/\/copilarie.org\/index.php\/wp-json\/wp\/v2\/posts\/3763\/revisions\/3765"}],"wp:featuredmedia":[{"embeddable":true,"href":"https:\/\/copilarie.org\/index.php\/wp-json\/wp\/v2\/media\/3764"}],"wp:attachment":[{"href":"https:\/\/copilarie.org\/index.php\/wp-json\/wp\/v2\/media?parent=3763"}],"wp:term":[{"taxonomy":"category","embeddable":true,"href":"https:\/\/copilarie.org\/index.php\/wp-json\/wp\/v2\/categories?post=3763"},{"taxonomy":"post_tag","embeddable":true,"href":"https:\/\/copilarie.org\/index.php\/wp-json\/wp\/v2\/tags?post=3763"}],"curies":[{"name":"wp","href":"https:\/\/api.w.org\/{rel}","templated":true}]}}