{"id":3766,"date":"2026-01-02T17:37:57","date_gmt":"2026-01-02T17:37:57","guid":{"rendered":"https:\/\/copilarie.org\/?p=3766"},"modified":"2026-01-02T17:37:57","modified_gmt":"2026-01-02T17:37:57","slug":"sportincluj-dan-petrescu-face-chimioterapie-si-a-slabit-considerabil","status":"publish","type":"post","link":"https:\/\/copilarie.org\/index.php\/2026\/01\/02\/sportincluj-dan-petrescu-face-chimioterapie-si-a-slabit-considerabil\/","title":{"rendered":"SportinCluj: Dan Petrescu face chimioterapie \u0219i a sl\u0103bit considerabil"},"content":{"rendered":"<p><strong>Fostul antrenor al CFR Cluj, Dan Petrescu, trece prin clipe grele. El face chimioterapie \u0219i a sl\u0103bit considerabil, anun\u021b\u0103 <a href=\"https:\/\/sportincluj.ro\/2026\/01\/dan-petrescu-face-chimioterapie-si-a-slabit-considerabil\/\">SportinCluj.ro<\/a>.<\/strong><\/p>\n<p>Potrivit\u00a0<a href=\"https:\/\/www.digisport.ro\/special\/englezii-l-au-descris-intr-un-singur-cuvant-dupa-ce-au-aparut-primele-imagini-cu-dan-petrescu-dupa-ce-a-inceput-chimioterapia-4007631\">Digi Sport<\/a>, Dan Petrescu arat\u0103 firav. Fiicele sale s-au \u00eentors \u00een \u021bar\u0103, la Cluj-Napoca, pentru a-i fi al\u0103turi antrenorului care a adus CFR Cluj cele mai multe titluri.<\/p>\n<p>Totu\u0219i, ve\u0219tile bune sunt c\u0103 starea de s\u0103n\u0103tate a antrenorului se \u00eembun\u0103t\u0103\u021be\u0219te. Dan Petrescu a demisionat la sf\u00e2r\u0219itul verii lui 2025, dup\u0103 ce echipa sa a fost \u00eenfr\u00e2nt\u0103 de suedezii de la Hacken, cu scorul de 7-2. Ulterior, ac\u021bionarul principal al CFR Cluj, Ioan Varga, i-a propus s\u0103 revin\u0103 la conducerea echipei clujene, \u00eens\u0103 Dan Petrescu a declinat oferta, tocmai din cauza problemelor de s\u0103n\u0103tate.<\/p>\n<blockquote class=\"wp-embedded-content\" data-secret=\"kDI1pjcCQn\"><p><a href=\"https:\/\/copilarie.org\/index.php\/2025\/12\/25\/concert-de-revelion-al-filarmonicii-transilvania\/\">Concert de Revelion al Filarmonicii Transilvania<\/a><\/p><\/blockquote>\n<p><iframe loading=\"lazy\" class=\"wp-embedded-content\" sandbox=\"allow-scripts\" security=\"restricted\" style=\"position: absolute; visibility: hidden;\" title=\"&#8222;Concert de Revelion al Filarmonicii Transilvania&#8221; &#8211; Copil\u0103rie.org\" src=\"https:\/\/copilarie.org\/index.php\/2025\/12\/25\/concert-de-revelion-al-filarmonicii-transilvania\/embed\/#?secret=aFY3INV4QL#?secret=kDI1pjcCQn\" data-secret=\"kDI1pjcCQn\" width=\"600\" height=\"338\" frameborder=\"0\" marginwidth=\"0\" marginheight=\"0\" scrolling=\"no\"><\/iframe><\/p>\n","protected":false},"excerpt":{"rendered":"<p>Fostul antrenor al CFR Cluj, Dan Petrescu, trece prin clipe grele. El face chimioterapie \u0219i a sl\u0103bit considerabil, anun\u021b\u0103 SportinCluj.ro. Potrivit\u00a0Digi Sport, Dan Petrescu arat\u0103 firav. Fiicele sale s-au \u00eentors \u00een \u021bar\u0103, la Cluj-Napoca, pentru a-i fi al\u0103turi antrenorului care a adus CFR Cluj cele mai multe titluri. Totu\u0219i, ve\u0219tile bune sunt c\u0103 starea de [&hellip;]<\/p>\n","protected":false},"author":6,"featured_media":3767,"comment_status":"open","ping_status":"open","sticky":false,"template":"","format":"standard","meta":{"footnotes":""},"categories":[1,19],"tags":[607,608,333,24,606,344,609,345],"class_list":{"0":"post-3766","1":"post","2":"type-post","3":"status-publish","4":"format-standard","5":"has-post-thumbnail","7":"category-acasa","8":"category-stiri","9":"tag-cfr-cluj","10":"tag-chimioterapie","11":"tag-claudiu-padurean","12":"tag-copilarie-org","13":"tag-dan-petrescu","14":"tag-news","15":"tag-sport-in-cluj","16":"tag-stiri"},"yoast_head":"<!-- This site is optimized with the Yoast SEO plugin v23.6 - https:\/\/yoast.com\/wordpress\/plugins\/seo\/ -->\n<title>SportinCluj: Dan Petrescu face chimioterapie \u0219i a sl\u0103bit considerabil - Copil\u0103rie.org<\/title>\n<meta name=\"robots\" content=\"index, follow, max-snippet:-1, max-image-preview:large, max-video-preview:-1\" \/>\n<link rel=\"canonical\" href=\"https:\/\/copilarie.org\/index.php\/2026\/01\/02\/sportincluj-dan-petrescu-face-chimioterapie-si-a-slabit-considerabil\/\" \/>\n<meta property=\"og:locale\" content=\"ro_RO\" \/>\n<meta property=\"og:type\" content=\"article\" \/>\n<meta property=\"og:title\" content=\"SportinCluj: Dan Petrescu face chimioterapie \u0219i a sl\u0103bit considerabil - Copil\u0103rie.org\" \/>\n<meta property=\"og:description\" content=\"Fostul antrenor al CFR Cluj, Dan Petrescu, trece prin clipe grele. El face chimioterapie \u0219i a sl\u0103bit considerabil, anun\u021b\u0103 SportinCluj.ro. Potrivit\u00a0Digi Sport, Dan Petrescu arat\u0103 firav. Fiicele sale s-au \u00eentors \u00een \u021bar\u0103, la Cluj-Napoca, pentru a-i fi al\u0103turi antrenorului care a adus CFR Cluj cele mai multe titluri. Totu\u0219i, ve\u0219tile bune sunt c\u0103 starea de [&hellip;]\" \/>\n<meta property=\"og:url\" content=\"https:\/\/copilarie.org\/index.php\/2026\/01\/02\/sportincluj-dan-petrescu-face-chimioterapie-si-a-slabit-considerabil\/\" \/>\n<meta property=\"og:site_name\" content=\"Copil\u0103rie.org\" \/>\n<meta property=\"article:publisher\" content=\"https:\/\/www.facebook.com\/copilarie.org\/\" \/>\n<meta property=\"article:published_time\" content=\"2026-01-02T17:37:57+00:00\" \/>\n<meta property=\"og:image\" content=\"https:\/\/copilarie.org\/wp-content\/uploads\/2026\/01\/Captura\u0306-de-ecran-din-2026-01-02-la-15.59.53.png\" \/>\n\t<meta property=\"og:image:width\" content=\"1200\" \/>\n\t<meta property=\"og:image:height\" content=\"594\" \/>\n\t<meta property=\"og:image:type\" content=\"image\/png\" \/>\n<meta name=\"author\" content=\"Claudiu Padurean\" \/>\n<meta name=\"twitter:card\" content=\"summary_large_image\" \/>\n<meta name=\"twitter:creator\" content=\"@CopilarieOrg\" \/>\n<meta name=\"twitter:site\" content=\"@CopilarieOrg\" \/>\n<meta name=\"twitter:label1\" content=\"Scris de\" \/>\n\t<meta name=\"twitter:data1\" content=\"Claudiu Padurean\" \/>\n\t<meta name=\"twitter:label2\" content=\"Timp estimat pentru citire\" \/>\n\t<meta name=\"twitter:data2\" content=\"1 minut\" \/>\n<script type=\"application\/ld+json\" class=\"yoast-schema-graph\">{\"@context\":\"https:\/\/schema.org\",\"@graph\":[{\"@type\":\"WebPage\",\"@id\":\"https:\/\/copilarie.org\/index.php\/2026\/01\/02\/sportincluj-dan-petrescu-face-chimioterapie-si-a-slabit-considerabil\/\",\"url\":\"https:\/\/copilarie.org\/index.php\/2026\/01\/02\/sportincluj-dan-petrescu-face-chimioterapie-si-a-slabit-considerabil\/\",\"name\":\"SportinCluj: Dan Petrescu face chimioterapie \u0219i a sl\u0103bit considerabil - Copil\u0103rie.org\",\"isPartOf\":{\"@id\":\"https:\/\/copilarie.org\/#website\"},\"primaryImageOfPage\":{\"@id\":\"https:\/\/copilarie.org\/index.php\/2026\/01\/02\/sportincluj-dan-petrescu-face-chimioterapie-si-a-slabit-considerabil\/#primaryimage\"},\"image\":{\"@id\":\"https:\/\/copilarie.org\/index.php\/2026\/01\/02\/sportincluj-dan-petrescu-face-chimioterapie-si-a-slabit-considerabil\/#primaryimage\"},\"thumbnailUrl\":\"https:\/\/copilarie.org\/wp-content\/uploads\/2026\/01\/Captura\u0306-de-ecran-din-2026-01-02-la-15.59.53.png\",\"datePublished\":\"2026-01-02T17:37:57+00:00\",\"dateModified\":\"2026-01-02T17:37:57+00:00\",\"author\":{\"@id\":\"https:\/\/copilarie.org\/#\/schema\/person\/cc68df24fe273441f59111720355e6d7\"},\"breadcrumb\":{\"@id\":\"https:\/\/copilarie.org\/index.php\/2026\/01\/02\/sportincluj-dan-petrescu-face-chimioterapie-si-a-slabit-considerabil\/#breadcrumb\"},\"inLanguage\":\"ro-RO\",\"potentialAction\":[{\"@type\":\"ReadAction\",\"target\":[\"https:\/\/copilarie.org\/index.php\/2026\/01\/02\/sportincluj-dan-petrescu-face-chimioterapie-si-a-slabit-considerabil\/\"]}]},{\"@type\":\"ImageObject\",\"inLanguage\":\"ro-RO\",\"@id\":\"https:\/\/copilarie.org\/index.php\/2026\/01\/02\/sportincluj-dan-petrescu-face-chimioterapie-si-a-slabit-considerabil\/#primaryimage\",\"url\":\"https:\/\/copilarie.org\/wp-content\/uploads\/2026\/01\/Captura\u0306-de-ecran-din-2026-01-02-la-15.59.53.png\",\"contentUrl\":\"https:\/\/copilarie.org\/wp-content\/uploads\/2026\/01\/Captura\u0306-de-ecran-din-2026-01-02-la-15.59.53.png\",\"width\":1200,\"height\":594},{\"@type\":\"BreadcrumbList\",\"@id\":\"https:\/\/copilarie.org\/index.php\/2026\/01\/02\/sportincluj-dan-petrescu-face-chimioterapie-si-a-slabit-considerabil\/#breadcrumb\",\"itemListElement\":[{\"@type\":\"ListItem\",\"position\":1,\"name\":\"Prima pagin\u0103\",\"item\":\"https:\/\/copilarie.org\/\"},{\"@type\":\"ListItem\",\"position\":2,\"name\":\"SportinCluj: Dan Petrescu face chimioterapie \u0219i a sl\u0103bit considerabil\"}]},{\"@type\":\"WebSite\",\"@id\":\"https:\/\/copilarie.org\/#website\",\"url\":\"https:\/\/copilarie.org\/\",\"name\":\"Copil\u0103rie.org\",\"description\":\"\u00cen pas cu tine\",\"potentialAction\":[{\"@type\":\"SearchAction\",\"target\":{\"@type\":\"EntryPoint\",\"urlTemplate\":\"https:\/\/copilarie.org\/?s={search_term_string}\"},\"query-input\":{\"@type\":\"PropertyValueSpecification\",\"valueRequired\":true,\"valueName\":\"search_term_string\"}}],\"inLanguage\":\"ro-RO\"},{\"@type\":\"Person\",\"@id\":\"https:\/\/copilarie.org\/#\/schema\/person\/cc68df24fe273441f59111720355e6d7\",\"name\":\"Claudiu Padurean\",\"image\":{\"@type\":\"ImageObject\",\"inLanguage\":\"ro-RO\",\"@id\":\"https:\/\/copilarie.org\/#\/schema\/person\/image\/\",\"url\":\"https:\/\/secure.gravatar.com\/avatar\/f254259557f5b35053cf76205615a03f17a29fe60ac58ed31adacef6a3f612f9?s=96&d=mm&r=g\",\"contentUrl\":\"https:\/\/secure.gravatar.com\/avatar\/f254259557f5b35053cf76205615a03f17a29fe60ac58ed31adacef6a3f612f9?s=96&d=mm&r=g\",\"caption\":\"Claudiu Padurean\"}}]}<\/script>\n<!-- \/ Yoast SEO plugin. -->","yoast_head_json":{"title":"SportinCluj: Dan Petrescu face chimioterapie \u0219i a sl\u0103bit considerabil - Copil\u0103rie.org","robots":{"index":"index","follow":"follow","max-snippet":"max-snippet:-1","max-image-preview":"max-image-preview:large","max-video-preview":"max-video-preview:-1"},"canonical":"https:\/\/copilarie.org\/index.php\/2026\/01\/02\/sportincluj-dan-petrescu-face-chimioterapie-si-a-slabit-considerabil\/","og_locale":"ro_RO","og_type":"article","og_title":"SportinCluj: Dan Petrescu face chimioterapie \u0219i a sl\u0103bit considerabil - Copil\u0103rie.org","og_description":"Fostul antrenor al CFR Cluj, Dan Petrescu, trece prin clipe grele. El face chimioterapie \u0219i a sl\u0103bit considerabil, anun\u021b\u0103 SportinCluj.ro. Potrivit\u00a0Digi Sport, Dan Petrescu arat\u0103 firav. Fiicele sale s-au \u00eentors \u00een \u021bar\u0103, la Cluj-Napoca, pentru a-i fi al\u0103turi antrenorului care a adus CFR Cluj cele mai multe titluri. Totu\u0219i, ve\u0219tile bune sunt c\u0103 starea de [&hellip;]","og_url":"https:\/\/copilarie.org\/index.php\/2026\/01\/02\/sportincluj-dan-petrescu-face-chimioterapie-si-a-slabit-considerabil\/","og_site_name":"Copil\u0103rie.org","article_publisher":"https:\/\/www.facebook.com\/copilarie.org\/","article_published_time":"2026-01-02T17:37:57+00:00","og_image":[{"width":1200,"height":594,"url":"https:\/\/copilarie.org\/wp-content\/uploads\/2026\/01\/Captura\u0306-de-ecran-din-2026-01-02-la-15.59.53.png","type":"image\/png"}],"author":"Claudiu Padurean","twitter_card":"summary_large_image","twitter_creator":"@CopilarieOrg","twitter_site":"@CopilarieOrg","twitter_misc":{"Scris de":"Claudiu Padurean","Timp estimat pentru citire":"1 minut"},"schema":{"@context":"https:\/\/schema.org","@graph":[{"@type":"WebPage","@id":"https:\/\/copilarie.org\/index.php\/2026\/01\/02\/sportincluj-dan-petrescu-face-chimioterapie-si-a-slabit-considerabil\/","url":"https:\/\/copilarie.org\/index.php\/2026\/01\/02\/sportincluj-dan-petrescu-face-chimioterapie-si-a-slabit-considerabil\/","name":"SportinCluj: Dan Petrescu face chimioterapie \u0219i a sl\u0103bit considerabil - Copil\u0103rie.org","isPartOf":{"@id":"https:\/\/copilarie.org\/#website"},"primaryImageOfPage":{"@id":"https:\/\/copilarie.org\/index.php\/2026\/01\/02\/sportincluj-dan-petrescu-face-chimioterapie-si-a-slabit-considerabil\/#primaryimage"},"image":{"@id":"https:\/\/copilarie.org\/index.php\/2026\/01\/02\/sportincluj-dan-petrescu-face-chimioterapie-si-a-slabit-considerabil\/#primaryimage"},"thumbnailUrl":"https:\/\/copilarie.org\/wp-content\/uploads\/2026\/01\/Captura\u0306-de-ecran-din-2026-01-02-la-15.59.53.png","datePublished":"2026-01-02T17:37:57+00:00","dateModified":"2026-01-02T17:37:57+00:00","author":{"@id":"https:\/\/copilarie.org\/#\/schema\/person\/cc68df24fe273441f59111720355e6d7"},"breadcrumb":{"@id":"https:\/\/copilarie.org\/index.php\/2026\/01\/02\/sportincluj-dan-petrescu-face-chimioterapie-si-a-slabit-considerabil\/#breadcrumb"},"inLanguage":"ro-RO","potentialAction":[{"@type":"ReadAction","target":["https:\/\/copilarie.org\/index.php\/2026\/01\/02\/sportincluj-dan-petrescu-face-chimioterapie-si-a-slabit-considerabil\/"]}]},{"@type":"ImageObject","inLanguage":"ro-RO","@id":"https:\/\/copilarie.org\/index.php\/2026\/01\/02\/sportincluj-dan-petrescu-face-chimioterapie-si-a-slabit-considerabil\/#primaryimage","url":"https:\/\/copilarie.org\/wp-content\/uploads\/2026\/01\/Captura\u0306-de-ecran-din-2026-01-02-la-15.59.53.png","contentUrl":"https:\/\/copilarie.org\/wp-content\/uploads\/2026\/01\/Captura\u0306-de-ecran-din-2026-01-02-la-15.59.53.png","width":1200,"height":594},{"@type":"BreadcrumbList","@id":"https:\/\/copilarie.org\/index.php\/2026\/01\/02\/sportincluj-dan-petrescu-face-chimioterapie-si-a-slabit-considerabil\/#breadcrumb","itemListElement":[{"@type":"ListItem","position":1,"name":"Prima pagin\u0103","item":"https:\/\/copilarie.org\/"},{"@type":"ListItem","position":2,"name":"SportinCluj: Dan Petrescu face chimioterapie \u0219i a sl\u0103bit considerabil"}]},{"@type":"WebSite","@id":"https:\/\/copilarie.org\/#website","url":"https:\/\/copilarie.org\/","name":"Copil\u0103rie.org","description":"\u00cen pas cu tine","potentialAction":[{"@type":"SearchAction","target":{"@type":"EntryPoint","urlTemplate":"https:\/\/copilarie.org\/?s={search_term_string}"},"query-input":{"@type":"PropertyValueSpecification","valueRequired":true,"valueName":"search_term_string"}}],"inLanguage":"ro-RO"},{"@type":"Person","@id":"https:\/\/copilarie.org\/#\/schema\/person\/cc68df24fe273441f59111720355e6d7","name":"Claudiu Padurean","image":{"@type":"ImageObject","inLanguage":"ro-RO","@id":"https:\/\/copilarie.org\/#\/schema\/person\/image\/","url":"https:\/\/secure.gravatar.com\/avatar\/f254259557f5b35053cf76205615a03f17a29fe60ac58ed31adacef6a3f612f9?s=96&d=mm&r=g","contentUrl":"https:\/\/secure.gravatar.com\/avatar\/f254259557f5b35053cf76205615a03f17a29fe60ac58ed31adacef6a3f612f9?s=96&d=mm&r=g","caption":"Claudiu Padurean"}}]}},"_links":{"self":[{"href":"https:\/\/copilarie.org\/index.php\/wp-json\/wp\/v2\/posts\/3766","targetHints":{"allow":["GET"]}}],"collection":[{"href":"https:\/\/copilarie.org\/index.php\/wp-json\/wp\/v2\/posts"}],"about":[{"href":"https:\/\/copilarie.org\/index.php\/wp-json\/wp\/v2\/types\/post"}],"author":[{"embeddable":true,"href":"https:\/\/copilarie.org\/index.php\/wp-json\/wp\/v2\/users\/6"}],"replies":[{"embeddable":true,"href":"https:\/\/copilarie.org\/index.php\/wp-json\/wp\/v2\/comments?post=3766"}],"version-history":[{"count":1,"href":"https:\/\/copilarie.org\/index.php\/wp-json\/wp\/v2\/posts\/3766\/revisions"}],"predecessor-version":[{"id":3768,"href":"https:\/\/copilarie.org\/index.php\/wp-json\/wp\/v2\/posts\/3766\/revisions\/3768"}],"wp:featuredmedia":[{"embeddable":true,"href":"https:\/\/copilarie.org\/index.php\/wp-json\/wp\/v2\/media\/3767"}],"wp:attachment":[{"href":"https:\/\/copilarie.org\/index.php\/wp-json\/wp\/v2\/media?parent=3766"}],"wp:term":[{"taxonomy":"category","embeddable":true,"href":"https:\/\/copilarie.org\/index.php\/wp-json\/wp\/v2\/categories?post=3766"},{"taxonomy":"post_tag","embeddable":true,"href":"https:\/\/copilarie.org\/index.php\/wp-json\/wp\/v2\/tags?post=3766"}],"curies":[{"name":"wp","href":"https:\/\/api.w.org\/{rel}","templated":true}]}}