{"id":3781,"date":"2026-01-10T13:36:00","date_gmt":"2026-01-10T13:36:00","guid":{"rendered":"https:\/\/copilarie.org\/?p=3781"},"modified":"2026-01-10T13:36:00","modified_gmt":"2026-01-10T13:36:00","slug":"scoala-din-iclod-dotata-cu-mobilier-nou-cu-ajutorul-banilor-europeni","status":"publish","type":"post","link":"https:\/\/copilarie.org\/index.php\/2026\/01\/10\/scoala-din-iclod-dotata-cu-mobilier-nou-cu-ajutorul-banilor-europeni\/","title":{"rendered":"\u0218coala din Iclod, dotat\u0103 cu mobilier nou, cu ajutorul banilor europeni"},"content":{"rendered":"<p><strong>\u0218coala din comuna clujean\u0103 Iclod a fost dotat\u0103 cu mobilier nou. Acesta, \u00eempreun\u0103 cu mai multe echipamente necesare educa\u021biei, au fost cump\u0103rate cu ajutorul banilor europeni aloca\u021bi prin PNRR.<\/strong><\/p>\n<p class=\"p1\">Comuna Iclod implementeaz\u0103 proiectul \u201eeDuca\u021bie cu drag la Iclod \u0219i Livada prin m\u0103suri pentru a cre\u0219te nivelul de digitalizare al actului educa\u021bional \u0219i dezvoltarea unui ecosistem digital de educa\u021bie \u0219i de formare \u00een vederea reducerii decalajelor \u00een \u00eenv\u0103\u021bare\u201d finan\u021bat prin PNRR \u2013 \u201eDotarea cu mobilier, materiale didactice \u0219i echipamente digitale a unit\u0103\u021bilor de \u00eenv\u0103\u021b\u0103m\u00e2nt preuniversitar \u0219i a unit\u0103\u021bilor conexe\u201d \u2013 C 15 proiect \u00een cadrul c\u0103ruia au fost deja finalizate achizi\u021biile TIC, materiale didactice dar \u0219i de mobilier \u0219colar \u0219i a fost lansat un site al proiectului: https:\/\/comunaiclod.ro\/.<\/p>\n<p class=\"p1\">Valoarea total\u0103 a contractului de finan\u021bare este de 1.483.792,25 lei, din care valoarea eligibil\u0103 din PNRR este \u00een cuantum 1.246.884,24 lei, iar valoarea TVA eligibil aferent\u0103 este de 236.908,01 lei.<\/p>\n<p class=\"p1\">\u00cen cadrul proiectului a fost realizat \u0219i un site al proiectului (<a href=\"https:\/\/comunaiclod.ro\/\"><span class=\"s1\">https:\/\/comunaiclod.ro\/<\/span><\/a>), \u00een care se public\u0103 nout\u0103\u021bi \u0219i imagini din cadrul activit\u0103\u021bilor din proiect.<\/p>\n<p data-path-to-node=\"6\">Dac\u0103 \u00een urm\u0103 cu un deceniu \u0219colile de la sat sufereau din cauza dot\u0103rilor precare, ast\u0103zi, unitatea de \u00eenv\u0103\u021b\u0103m\u00e2nt din Iclod se prezint\u0103 sub o cu totul alt\u0103 form\u0103. Gra\u021bie fondurilor europene \u0219i investi\u021biilor locale, elevii beneficiaz\u0103 de:<\/p>\n<ul data-path-to-node=\"7\">\n<li>\n<p data-path-to-node=\"7,0,0\"><b data-path-to-node=\"7,0,0\" data-index-in-node=\"0\">Laboratoare digitalizate:<\/b> S\u0103li de clas\u0103 dotate cu table interactive \u0219i dispozitive mobile pentru fiecare elev, care faciliteaz\u0103 tranzi\u021bia c\u0103tre metodele de predare hibrid.<\/p>\n<\/li>\n<li>\n<p data-path-to-node=\"7,1,0\"><b data-path-to-node=\"7,1,0\" data-index-in-node=\"0\">Infrastructur\u0103 sportiv\u0103:<\/b> O sal\u0103 de sport modern\u0103 \u0219i terenuri exterioare care permit desf\u0103\u0219urarea activit\u0103\u021bilor fizice la standarde europene, esen\u021biale pentru s\u0103n\u0103tatea tinerilor.<\/p>\n<\/li>\n<li>\n<p data-path-to-node=\"7,2,0\"><b data-path-to-node=\"7,2,0\" data-index-in-node=\"0\">Programul \u201eMas\u0103 S\u0103n\u0103toas\u0103\u201d:<\/b> Implementarea ini\u021biativelor care asigur\u0103 elevilor o nutri\u021bie adecvat\u0103, reduce rata abandonului \u0219colar \u0219i cre\u0219te capacitatea de concentrare.<\/p>\n<\/li>\n<\/ul>\n<p>\u00cen ciuda succesului, \u0219coala din Iclod nu este lipsit\u0103 de provoc\u0103ri. Principalul inamic r\u0103m\u00e2ne migra\u021bia familiilor tinere c\u0103tre marile ora\u0219e.<\/p>\n<blockquote class=\"wp-embedded-content\" data-secret=\"pgYvrsV39G\"><p><a href=\"https:\/\/copilarie.org\/index.php\/2025\/12\/31\/campionul-ionel-bucur-a-intrat-in-operatie-cu-gandul-la-caii-sai\/\">Campionul Ionel Bucur a intrat \u00een opera\u021bie cu g\u00e2ndul la caii s\u0103i!<\/a><\/p><\/blockquote>\n<p><iframe loading=\"lazy\" class=\"wp-embedded-content\" sandbox=\"allow-scripts\" security=\"restricted\" style=\"position: absolute; visibility: hidden;\" title=\"&#8222;Campionul Ionel Bucur a intrat \u00een opera\u021bie cu g\u00e2ndul la caii s\u0103i!&#8221; &#8211; Copil\u0103rie.org\" src=\"https:\/\/copilarie.org\/index.php\/2025\/12\/31\/campionul-ionel-bucur-a-intrat-in-operatie-cu-gandul-la-caii-sai\/embed\/#?secret=i726b9HMaD#?secret=pgYvrsV39G\" data-secret=\"pgYvrsV39G\" width=\"600\" height=\"338\" frameborder=\"0\" marginwidth=\"0\" marginheight=\"0\" scrolling=\"no\"><\/iframe><\/p>\n","protected":false},"excerpt":{"rendered":"<p>\u0218coala din comuna clujean\u0103 Iclod a fost dotat\u0103 cu mobilier nou. Acesta, \u00eempreun\u0103 cu mai multe echipamente necesare educa\u021biei, au fost cump\u0103rate cu ajutorul banilor europeni aloca\u021bi prin PNRR. Comuna Iclod implementeaz\u0103 proiectul \u201eeDuca\u021bie cu drag la Iclod \u0219i Livada prin m\u0103suri pentru a cre\u0219te nivelul de digitalizare al actului educa\u021bional \u0219i dezvoltarea unui ecosistem [&hellip;]<\/p>\n","protected":false},"author":6,"featured_media":3782,"comment_status":"open","ping_status":"open","sticky":false,"template":"","format":"standard","meta":{"footnotes":""},"categories":[1,19],"tags":[618,333,24,619,344,617,345],"class_list":{"0":"post-3781","1":"post","2":"type-post","3":"status-publish","4":"format-standard","5":"has-post-thumbnail","7":"category-acasa","8":"category-stiri","9":"tag-bani-europeni","10":"tag-claudiu-padurean","11":"tag-copilarie-org","12":"tag-modernizarea","13":"tag-news","14":"tag-scoala-din-comuna-iclod","15":"tag-stiri"},"yoast_head":"<!-- This site is optimized with the Yoast SEO plugin v23.6 - https:\/\/yoast.com\/wordpress\/plugins\/seo\/ -->\n<title>\u0218coala din Iclod, dotat\u0103 cu mobilier nou, cu ajutorul banilor europeni - Copil\u0103rie.org<\/title>\n<meta name=\"robots\" content=\"index, follow, max-snippet:-1, max-image-preview:large, max-video-preview:-1\" \/>\n<link rel=\"canonical\" href=\"https:\/\/copilarie.org\/index.php\/2026\/01\/10\/scoala-din-iclod-dotata-cu-mobilier-nou-cu-ajutorul-banilor-europeni\/\" \/>\n<meta property=\"og:locale\" content=\"ro_RO\" \/>\n<meta property=\"og:type\" content=\"article\" \/>\n<meta property=\"og:title\" content=\"\u0218coala din Iclod, dotat\u0103 cu mobilier nou, cu ajutorul banilor europeni - Copil\u0103rie.org\" \/>\n<meta property=\"og:description\" content=\"\u0218coala din comuna clujean\u0103 Iclod a fost dotat\u0103 cu mobilier nou. Acesta, \u00eempreun\u0103 cu mai multe echipamente necesare educa\u021biei, au fost cump\u0103rate cu ajutorul banilor europeni aloca\u021bi prin PNRR. Comuna Iclod implementeaz\u0103 proiectul \u201eeDuca\u021bie cu drag la Iclod \u0219i Livada prin m\u0103suri pentru a cre\u0219te nivelul de digitalizare al actului educa\u021bional \u0219i dezvoltarea unui ecosistem [&hellip;]\" \/>\n<meta property=\"og:url\" content=\"https:\/\/copilarie.org\/index.php\/2026\/01\/10\/scoala-din-iclod-dotata-cu-mobilier-nou-cu-ajutorul-banilor-europeni\/\" \/>\n<meta property=\"og:site_name\" content=\"Copil\u0103rie.org\" \/>\n<meta property=\"article:publisher\" content=\"https:\/\/www.facebook.com\/copilarie.org\/\" \/>\n<meta property=\"article:published_time\" content=\"2026-01-10T13:36:00+00:00\" \/>\n<meta property=\"og:image\" content=\"https:\/\/copilarie.org\/wp-content\/uploads\/2026\/01\/iclod-scaled.jpg\" \/>\n\t<meta property=\"og:image:width\" content=\"2560\" \/>\n\t<meta property=\"og:image:height\" content=\"1920\" \/>\n\t<meta property=\"og:image:type\" content=\"image\/jpeg\" \/>\n<meta name=\"author\" content=\"Claudiu Padurean\" \/>\n<meta name=\"twitter:card\" content=\"summary_large_image\" \/>\n<meta name=\"twitter:creator\" content=\"@CopilarieOrg\" \/>\n<meta name=\"twitter:site\" content=\"@CopilarieOrg\" \/>\n<meta name=\"twitter:label1\" content=\"Scris de\" \/>\n\t<meta name=\"twitter:data1\" content=\"Claudiu Padurean\" \/>\n\t<meta name=\"twitter:label2\" content=\"Timp estimat pentru citire\" \/>\n\t<meta name=\"twitter:data2\" content=\"2 minute\" \/>\n<script type=\"application\/ld+json\" class=\"yoast-schema-graph\">{\"@context\":\"https:\/\/schema.org\",\"@graph\":[{\"@type\":\"WebPage\",\"@id\":\"https:\/\/copilarie.org\/index.php\/2026\/01\/10\/scoala-din-iclod-dotata-cu-mobilier-nou-cu-ajutorul-banilor-europeni\/\",\"url\":\"https:\/\/copilarie.org\/index.php\/2026\/01\/10\/scoala-din-iclod-dotata-cu-mobilier-nou-cu-ajutorul-banilor-europeni\/\",\"name\":\"\u0218coala din Iclod, dotat\u0103 cu mobilier nou, cu ajutorul banilor europeni - Copil\u0103rie.org\",\"isPartOf\":{\"@id\":\"https:\/\/copilarie.org\/#website\"},\"primaryImageOfPage\":{\"@id\":\"https:\/\/copilarie.org\/index.php\/2026\/01\/10\/scoala-din-iclod-dotata-cu-mobilier-nou-cu-ajutorul-banilor-europeni\/#primaryimage\"},\"image\":{\"@id\":\"https:\/\/copilarie.org\/index.php\/2026\/01\/10\/scoala-din-iclod-dotata-cu-mobilier-nou-cu-ajutorul-banilor-europeni\/#primaryimage\"},\"thumbnailUrl\":\"https:\/\/copilarie.org\/wp-content\/uploads\/2026\/01\/iclod-scaled.jpg\",\"datePublished\":\"2026-01-10T13:36:00+00:00\",\"dateModified\":\"2026-01-10T13:36:00+00:00\",\"author\":{\"@id\":\"https:\/\/copilarie.org\/#\/schema\/person\/cc68df24fe273441f59111720355e6d7\"},\"breadcrumb\":{\"@id\":\"https:\/\/copilarie.org\/index.php\/2026\/01\/10\/scoala-din-iclod-dotata-cu-mobilier-nou-cu-ajutorul-banilor-europeni\/#breadcrumb\"},\"inLanguage\":\"ro-RO\",\"potentialAction\":[{\"@type\":\"ReadAction\",\"target\":[\"https:\/\/copilarie.org\/index.php\/2026\/01\/10\/scoala-din-iclod-dotata-cu-mobilier-nou-cu-ajutorul-banilor-europeni\/\"]}]},{\"@type\":\"ImageObject\",\"inLanguage\":\"ro-RO\",\"@id\":\"https:\/\/copilarie.org\/index.php\/2026\/01\/10\/scoala-din-iclod-dotata-cu-mobilier-nou-cu-ajutorul-banilor-europeni\/#primaryimage\",\"url\":\"https:\/\/copilarie.org\/wp-content\/uploads\/2026\/01\/iclod-scaled.jpg\",\"contentUrl\":\"https:\/\/copilarie.org\/wp-content\/uploads\/2026\/01\/iclod-scaled.jpg\",\"width\":2560,\"height\":1920},{\"@type\":\"BreadcrumbList\",\"@id\":\"https:\/\/copilarie.org\/index.php\/2026\/01\/10\/scoala-din-iclod-dotata-cu-mobilier-nou-cu-ajutorul-banilor-europeni\/#breadcrumb\",\"itemListElement\":[{\"@type\":\"ListItem\",\"position\":1,\"name\":\"Prima pagin\u0103\",\"item\":\"https:\/\/copilarie.org\/\"},{\"@type\":\"ListItem\",\"position\":2,\"name\":\"\u0218coala din Iclod, dotat\u0103 cu mobilier nou, cu ajutorul banilor europeni\"}]},{\"@type\":\"WebSite\",\"@id\":\"https:\/\/copilarie.org\/#website\",\"url\":\"https:\/\/copilarie.org\/\",\"name\":\"Copil\u0103rie.org\",\"description\":\"\u00cen pas cu tine\",\"potentialAction\":[{\"@type\":\"SearchAction\",\"target\":{\"@type\":\"EntryPoint\",\"urlTemplate\":\"https:\/\/copilarie.org\/?s={search_term_string}\"},\"query-input\":{\"@type\":\"PropertyValueSpecification\",\"valueRequired\":true,\"valueName\":\"search_term_string\"}}],\"inLanguage\":\"ro-RO\"},{\"@type\":\"Person\",\"@id\":\"https:\/\/copilarie.org\/#\/schema\/person\/cc68df24fe273441f59111720355e6d7\",\"name\":\"Claudiu Padurean\",\"image\":{\"@type\":\"ImageObject\",\"inLanguage\":\"ro-RO\",\"@id\":\"https:\/\/copilarie.org\/#\/schema\/person\/image\/\",\"url\":\"https:\/\/secure.gravatar.com\/avatar\/f254259557f5b35053cf76205615a03f17a29fe60ac58ed31adacef6a3f612f9?s=96&d=mm&r=g\",\"contentUrl\":\"https:\/\/secure.gravatar.com\/avatar\/f254259557f5b35053cf76205615a03f17a29fe60ac58ed31adacef6a3f612f9?s=96&d=mm&r=g\",\"caption\":\"Claudiu Padurean\"}}]}<\/script>\n<!-- \/ Yoast SEO plugin. -->","yoast_head_json":{"title":"\u0218coala din Iclod, dotat\u0103 cu mobilier nou, cu ajutorul banilor europeni - Copil\u0103rie.org","robots":{"index":"index","follow":"follow","max-snippet":"max-snippet:-1","max-image-preview":"max-image-preview:large","max-video-preview":"max-video-preview:-1"},"canonical":"https:\/\/copilarie.org\/index.php\/2026\/01\/10\/scoala-din-iclod-dotata-cu-mobilier-nou-cu-ajutorul-banilor-europeni\/","og_locale":"ro_RO","og_type":"article","og_title":"\u0218coala din Iclod, dotat\u0103 cu mobilier nou, cu ajutorul banilor europeni - Copil\u0103rie.org","og_description":"\u0218coala din comuna clujean\u0103 Iclod a fost dotat\u0103 cu mobilier nou. Acesta, \u00eempreun\u0103 cu mai multe echipamente necesare educa\u021biei, au fost cump\u0103rate cu ajutorul banilor europeni aloca\u021bi prin PNRR. Comuna Iclod implementeaz\u0103 proiectul \u201eeDuca\u021bie cu drag la Iclod \u0219i Livada prin m\u0103suri pentru a cre\u0219te nivelul de digitalizare al actului educa\u021bional \u0219i dezvoltarea unui ecosistem [&hellip;]","og_url":"https:\/\/copilarie.org\/index.php\/2026\/01\/10\/scoala-din-iclod-dotata-cu-mobilier-nou-cu-ajutorul-banilor-europeni\/","og_site_name":"Copil\u0103rie.org","article_publisher":"https:\/\/www.facebook.com\/copilarie.org\/","article_published_time":"2026-01-10T13:36:00+00:00","og_image":[{"width":2560,"height":1920,"url":"https:\/\/copilarie.org\/wp-content\/uploads\/2026\/01\/iclod-scaled.jpg","type":"image\/jpeg"}],"author":"Claudiu Padurean","twitter_card":"summary_large_image","twitter_creator":"@CopilarieOrg","twitter_site":"@CopilarieOrg","twitter_misc":{"Scris de":"Claudiu Padurean","Timp estimat pentru citire":"2 minute"},"schema":{"@context":"https:\/\/schema.org","@graph":[{"@type":"WebPage","@id":"https:\/\/copilarie.org\/index.php\/2026\/01\/10\/scoala-din-iclod-dotata-cu-mobilier-nou-cu-ajutorul-banilor-europeni\/","url":"https:\/\/copilarie.org\/index.php\/2026\/01\/10\/scoala-din-iclod-dotata-cu-mobilier-nou-cu-ajutorul-banilor-europeni\/","name":"\u0218coala din Iclod, dotat\u0103 cu mobilier nou, cu ajutorul banilor europeni - Copil\u0103rie.org","isPartOf":{"@id":"https:\/\/copilarie.org\/#website"},"primaryImageOfPage":{"@id":"https:\/\/copilarie.org\/index.php\/2026\/01\/10\/scoala-din-iclod-dotata-cu-mobilier-nou-cu-ajutorul-banilor-europeni\/#primaryimage"},"image":{"@id":"https:\/\/copilarie.org\/index.php\/2026\/01\/10\/scoala-din-iclod-dotata-cu-mobilier-nou-cu-ajutorul-banilor-europeni\/#primaryimage"},"thumbnailUrl":"https:\/\/copilarie.org\/wp-content\/uploads\/2026\/01\/iclod-scaled.jpg","datePublished":"2026-01-10T13:36:00+00:00","dateModified":"2026-01-10T13:36:00+00:00","author":{"@id":"https:\/\/copilarie.org\/#\/schema\/person\/cc68df24fe273441f59111720355e6d7"},"breadcrumb":{"@id":"https:\/\/copilarie.org\/index.php\/2026\/01\/10\/scoala-din-iclod-dotata-cu-mobilier-nou-cu-ajutorul-banilor-europeni\/#breadcrumb"},"inLanguage":"ro-RO","potentialAction":[{"@type":"ReadAction","target":["https:\/\/copilarie.org\/index.php\/2026\/01\/10\/scoala-din-iclod-dotata-cu-mobilier-nou-cu-ajutorul-banilor-europeni\/"]}]},{"@type":"ImageObject","inLanguage":"ro-RO","@id":"https:\/\/copilarie.org\/index.php\/2026\/01\/10\/scoala-din-iclod-dotata-cu-mobilier-nou-cu-ajutorul-banilor-europeni\/#primaryimage","url":"https:\/\/copilarie.org\/wp-content\/uploads\/2026\/01\/iclod-scaled.jpg","contentUrl":"https:\/\/copilarie.org\/wp-content\/uploads\/2026\/01\/iclod-scaled.jpg","width":2560,"height":1920},{"@type":"BreadcrumbList","@id":"https:\/\/copilarie.org\/index.php\/2026\/01\/10\/scoala-din-iclod-dotata-cu-mobilier-nou-cu-ajutorul-banilor-europeni\/#breadcrumb","itemListElement":[{"@type":"ListItem","position":1,"name":"Prima pagin\u0103","item":"https:\/\/copilarie.org\/"},{"@type":"ListItem","position":2,"name":"\u0218coala din Iclod, dotat\u0103 cu mobilier nou, cu ajutorul banilor europeni"}]},{"@type":"WebSite","@id":"https:\/\/copilarie.org\/#website","url":"https:\/\/copilarie.org\/","name":"Copil\u0103rie.org","description":"\u00cen pas cu tine","potentialAction":[{"@type":"SearchAction","target":{"@type":"EntryPoint","urlTemplate":"https:\/\/copilarie.org\/?s={search_term_string}"},"query-input":{"@type":"PropertyValueSpecification","valueRequired":true,"valueName":"search_term_string"}}],"inLanguage":"ro-RO"},{"@type":"Person","@id":"https:\/\/copilarie.org\/#\/schema\/person\/cc68df24fe273441f59111720355e6d7","name":"Claudiu Padurean","image":{"@type":"ImageObject","inLanguage":"ro-RO","@id":"https:\/\/copilarie.org\/#\/schema\/person\/image\/","url":"https:\/\/secure.gravatar.com\/avatar\/f254259557f5b35053cf76205615a03f17a29fe60ac58ed31adacef6a3f612f9?s=96&d=mm&r=g","contentUrl":"https:\/\/secure.gravatar.com\/avatar\/f254259557f5b35053cf76205615a03f17a29fe60ac58ed31adacef6a3f612f9?s=96&d=mm&r=g","caption":"Claudiu Padurean"}}]}},"_links":{"self":[{"href":"https:\/\/copilarie.org\/index.php\/wp-json\/wp\/v2\/posts\/3781","targetHints":{"allow":["GET"]}}],"collection":[{"href":"https:\/\/copilarie.org\/index.php\/wp-json\/wp\/v2\/posts"}],"about":[{"href":"https:\/\/copilarie.org\/index.php\/wp-json\/wp\/v2\/types\/post"}],"author":[{"embeddable":true,"href":"https:\/\/copilarie.org\/index.php\/wp-json\/wp\/v2\/users\/6"}],"replies":[{"embeddable":true,"href":"https:\/\/copilarie.org\/index.php\/wp-json\/wp\/v2\/comments?post=3781"}],"version-history":[{"count":1,"href":"https:\/\/copilarie.org\/index.php\/wp-json\/wp\/v2\/posts\/3781\/revisions"}],"predecessor-version":[{"id":3783,"href":"https:\/\/copilarie.org\/index.php\/wp-json\/wp\/v2\/posts\/3781\/revisions\/3783"}],"wp:featuredmedia":[{"embeddable":true,"href":"https:\/\/copilarie.org\/index.php\/wp-json\/wp\/v2\/media\/3782"}],"wp:attachment":[{"href":"https:\/\/copilarie.org\/index.php\/wp-json\/wp\/v2\/media?parent=3781"}],"wp:term":[{"taxonomy":"category","embeddable":true,"href":"https:\/\/copilarie.org\/index.php\/wp-json\/wp\/v2\/categories?post=3781"},{"taxonomy":"post_tag","embeddable":true,"href":"https:\/\/copilarie.org\/index.php\/wp-json\/wp\/v2\/tags?post=3781"}],"curies":[{"name":"wp","href":"https:\/\/api.w.org\/{rel}","templated":true}]}}