{"id":3784,"date":"2026-01-11T13:17:23","date_gmt":"2026-01-11T13:17:23","guid":{"rendered":"https:\/\/copilarie.org\/?p=3784"},"modified":"2026-01-11T13:17:23","modified_gmt":"2026-01-11T13:17:23","slug":"trei-dintre-cele-mai-influente-voci-ale-parentingului-mondial-se-reunesc-la-sala-palatului-din-bucuresti","status":"publish","type":"post","link":"https:\/\/copilarie.org\/index.php\/2026\/01\/11\/trei-dintre-cele-mai-influente-voci-ale-parentingului-mondial-se-reunesc-la-sala-palatului-din-bucuresti\/","title":{"rendered":"Trei dintre cele mai influente voci ale parentingului mondial se reunesc la Sala Palatului din Bucure\u0219ti"},"content":{"rendered":"<p class=\"p1\"><strong>Trei dintre cele mai influente voci ale lumii \u00een parenting, educa\u021bie \u0219i transformare personal\u0103 se reunesc, \u00een premier\u0103 \u00een Rom\u00e2nia, pe scena S\u0103lii Palatului, \u00eentr-un eveniment-manifest.<\/strong><\/p>\n<p class=\"p1\">Pe 10 mai 2026, \u00eentre orele 16:00 \u2013 22:00, conferin\u021ba \u201eP\u0103rinte con\u0219tient, copil \u00eemplinit\u201d aduce la Sala Palatului din Bucure\u0219ti trei lideri globali care au schimbat discursul despre educa\u021bie, rela\u021bii \u0219i sens: dr. Shefali Tsabary, Alfie Kohn \u0219i Neale Donald Walsch.<\/p>\n<p class=\"p1\">Evenimentul, organizat de platforma \u0218tiuCineSunt, este considerat unul dintre cele mai ample \u0219i relevante evenimente europene dedicate rela\u021biei p\u0103rinte\u2013copil, dar \u0219i rela\u021biei omului cu sine \u00eensu\u0219i \u2013 cu copilul interior \u2013 precum \u0219i cu acel \u201ecopil din cel\u0103lalt\u201d cu care interac\u021bion\u0103m. Evenimentul abordeaz\u0103 nu doar provoc\u0103rile educa\u021biei moderne, ci \u0219i nevoia profund\u0103 de reconectare uman\u0103, autentic\u0103 \u0219i con\u0219tient\u0103, \u00eentr-o lume tot mai accelerat\u0103 \u0219i digitalizat\u0103.<\/p>\n<p class=\"p1\">\u00cen acest context, evenimentul se adreseaz\u0103 nu doar p\u0103rin\u021bilor \u0219i viitorilor p\u0103rin\u021bi, ci \u0219i profesorilor, educatorilor, psihologilor, mentorilor, jurnali\u0219tilor, influencerilor, arti\u0219tilor, liderilor de opinie, precum \u0219i tuturor celor interesa\u021bi de dezvoltare personal\u0103, rela\u021bii autentice \u0219i educa\u021bie con\u0219tient\u0103.<\/p>\n<p class=\"p1\">\u2022 Timpul real de conectare s-a redus odat\u0103 cu ritmul intens de munc\u0103. Totu\u0219i, cercet\u0103rile \u0219i experien\u021ba arat\u0103 constant acela\u0219i lucru: nu cantitatea de timp vindec\u0103 rela\u021bia, ci calitatea prezen\u021bei. Chiar \u0219i momente scurte, dar autentice, pot reconstrui leg\u0103turi profunde.<\/p>\n<p class=\"p1\">\u2022 Milioane de rom\u00e2ni tr\u0103iesc \u00een diaspora, iar mul\u021bi dintre copii cresc al\u0103turi de bunici sau de alte rude. Familiile \u00eenva\u021b\u0103 s\u0103 r\u0103m\u00e2n\u0103 conectate chiar \u0219i atunci c\u00e2nd distan\u021bele sunt mari.<\/p>\n<p class=\"p1\">\u2022 Copiii cresc ast\u0103zi \u00eentr-un univers digital, unde tehnologia le este mereu aproape, iar tenta\u021biile \u0219i adic\u021biile moderne fac parte din realitate. Acestea reprezint\u0103 provoc\u0103ri reale, \u00eens\u0103 ecranul \u00een sine nu este inamicul \u2014 problema apare acolo unde lipsesc conectarea, ghidajul, reperele clare \u0219i sigure.<\/p>\n<p class=\"p1\">55% dintre p\u0103rin\u021bii rom\u00e2ni consider\u0103 despre comunicarea cu copiii c\u0103 este una dintre cele mai mari provoc\u0103ri, al\u0103turi de gestionarea stresului \u0219i a vie\u021bii personale. Acest lucru sugereaz\u0103 c\u0103 pentru o propor\u021bie semnificativ\u0103 de p\u0103rin\u021bi, men\u021binerea unei conexiuni emo\u021bionale consistente este dificil\u0103 \u00een ritmul vie\u021bii moderne. \u2013 <a href=\"https:\/\/reveal.ro\/en\/lifestyle-en\/reveal-research-children-and-parents\/?utm_source=chatgpt.com\"><span class=\"s3\">studiu Reveal Marketing Research<\/span><\/a>.<\/p>\n<p class=\"p1\">V\u00e2rsta medie la care copiii din Rom\u00e2nia folosesc re\u021bele sociale semnificativ a sc\u0103zut la 5 ani, iar timpul petrecut online este mare, cu poten\u021bial impact asupra timpului dedicat rela\u021biei cu p\u0103rin\u021bii, sus\u021bine studiul Salva\u021bi Copiii. Conectivitatea digital\u0103 timpurie poate substitui, dar \u0219i sl\u0103bi interac\u021biunea real\u0103, emo\u021bional\u0103, cu adultul de referin\u021b\u0103, mai ales dac\u0103 nu exist\u0103 ghidaj parental dedicat.<\/p>\n<p class=\"p1\">Copiii rom\u00e2ni \u00ee\u015fi doresc s\u0103 se joace mai mult cu p\u0103rin\u0163ii lor, care adesea jongleaz\u0103 \u00eentre munc\u0103 \u015fi responsabilit\u0103\u0163ile zilnice. Studiul eviden\u0163iaz\u0103 Rom\u00e2nia ca fiind una dintre \u0163\u0103rile \u00een care copiii \u00ee\u015fi doresc cel mai mult ca p\u0103rin\u0163ii lor s\u0103 aib\u0103 mai mult timp pentru joac\u0103, al\u0103turi de China \u015fi Portugalia. 81% dintre p\u0103rin\u0163i nu consider\u0103 joaca o prioritate, de\u015fi copiii \u00ee\u015fi doresc s\u0103 se joace mai des, sus\u021bine <a href=\"https:\/\/www.edelmandxi.com\/work\/play-well\"><span class=\"s3\">studiul Play Well<\/span><\/a>. \u201eEuro-orfanii\u201d, \u201eorfanii-UE\u201d sau \u201eorfanii albi\u201d sunt termenii prin care sunt descri\u0219i copiii l\u0103sa\u021bi acas\u0103 de p\u0103rin\u021bii care migreaz\u0103 de obicei din motive.<\/p>\n<p class=\"p1\">Date \u00een 2024 &#8211; colectate prin Autoritatea Na\u021bional\u0103 pentru Protec\u021bia Drepturilor Copilului \u0219i Adop\u021bie (ANPDCA): 9.039 copii aveau ambii p\u0103rin\u021bi pleca\u021bi la sf\u00e2r\u0219itul lunii martie 2024. 61.007 de copii aveau cel pu\u021bin un p\u0103rinte plecat la munc\u0103 \u00een str\u0103in\u0103tate. Marea majoritate locuiesc \u00een grija rudelor, f\u0103r\u0103 plasament social formal.<\/p>\n<p class=\"p1\">Migra\u021bia p\u0103rin\u021bilor nu produce doar o lips\u0103 fizic\u0103, ci o ruptur\u0103 emo\u021bional\u0103 profund\u0103, care influen\u021beaz\u0103 rela\u021biile, alegerile profesionale, s\u0103n\u0103tatea mintal\u0103 \u0219i modul \u00een care adultul va fi p\u0103rinte.<\/p>\n<p class=\"p1\">Este o problem\u0103 de s\u0103n\u0103tate emo\u021bional\u0103 public\u0103, nu doar una social\u0103 sau economic\u0103, cu efecte transgenera\u021bionale, deoarece copiii \u201eorfani bianchi\u201d devin adesea adul\u021bi care: pleac\u0103 la r\u00e2ndul lor \u00een str\u0103in\u0103tate, au dificult\u0103\u021bi \u00een a fi prezen\u021bi emo\u021bional pentru propriii copii, reproduc separarea ca \u201enormalitate\u201d.<\/p>\n<p class=\"p1\">Un <a href=\"https:\/\/worldvision.ro\/wp-content\/uploads\/2025\/10\/WV_control-parental_raport-RO-1.pdf\"><span class=\"s3\">studiu na\u021bional<\/span><\/a> realizat de World Vision Rom\u00e2nia \u00een parteneriat cu TikTok arat\u0103 c\u0103, de\u0219i 51% dintre p\u0103rin\u021bii din Rom\u00e2nia discut\u0103 zilnic cu copiii lor despre utilizarea re\u021belelor sociale, aproape 70% nu au \u00eencredere \u00eenc\u0103 \u00een abilit\u0103\u021bile lor de a-i sus\u021bine atunci c\u00e2nd navigheaz\u0103 online.<\/p>\n<p class=\"p1\">\u00cen medie, aproximativ 46% dintre p\u0103rin\u021bi fie nu \u0219tiu despre existen\u021ba func\u021biile de control parental pe principalele platforme, fie nu \u0219tiu cum s\u0103 le utilizeze. Aproximativ 70% dintre p\u0103rin\u021bi declar\u0103 c\u0103 nu au \u00eencredere \u00een propria capacitate de a-\u0219i ajuta copiii s\u0103 navigheze \u00een siguran\u021b\u0103 \u00een mediul online. P\u0103rin\u021bii consider\u0103 c\u0103 discu\u021biile \u00een familie \u0219i regulile stabilite (30,8%) sunt percepute ca cea mai eficient\u0103 form\u0103 de control parental.<\/p>\n<p class=\"p4\"><strong>Trei voci care au schimbat lumea, pe scena S\u0103lii Palatului (10 mai 2026)<\/strong><\/p>\n<p class=\"p1\"><span class=\"s1\">Dr. Shefali Tsabary<\/span> \u2013 LIVE pe scen\u0103, Bucure\u0219ti<\/p>\n<p class=\"p1\">Autoare de bestselleruri New York Times \u0219i pionier\u0103 a mi\u0219c\u0103rii Parenting Con\u0219tient, Dr. Shefali aduce o perspectiv\u0103 profund transformatoare asupra rela\u021biei p\u0103rinte\u2013copil, mut\u00e2nd accentul de pe \u201ecorectarea copilului\u201d pe evolu\u021bia interioar\u0103 a adultului.<\/p>\n<p class=\"p1\">Numit\u0103 de Oprah Winfrey \u201erevolu\u021bionar\u0103\u201d, Dr. Shefali Tsabary a influen\u021bat milioane de p\u0103rin\u021bi din \u00eentreaga lume prin c\u0103r\u021bile, cursurile \u0219i comunit\u0103\u021bile sale.<\/p>\n<p class=\"p1\"><span class=\"s1\">Alfie Kohn <\/span>\u2013 LIVE pe scen\u0103, Bucure\u0219ti<\/p>\n<p class=\"p1\">Autorul volumului-cult \u201eParenting necondi\u021bionat\u201d, Alfie Kohn este una dintre cele mai respectate voci academice din educa\u021bia contemporan\u0103. Critic ferm al sistemelor bazate pe pedepse, recompense \u0219i competi\u021bie, Alfie Kohn promoveaz\u0103 cooperarea, autonomia \u0219i rela\u021bia autentic\u0103.<\/p>\n<p class=\"p1\">Time Magazine \u00eel descrie drept \u201eprobabil cel mai vocal critic al obsesiei sistemului educa\u021bional pentru note \u0219i teste\u201d.<\/p>\n<p class=\"p1\"><span class=\"s1\">Neale Donald Walsch <\/span>\u2013 LIVE pe ecranele S\u0103lii Palatului, din Oregon, S.U.A. (transmisie video)<\/p>\n<p class=\"p1\">Autorul seriei-fenomen \u201eConversa\u021bii cu Dumnezeu\u201d va sus\u021bine o prezentare special\u0103, \u00een premier\u0103 pentru publicul din Rom\u00e2nia, despre \u201eCinci pa\u0219i esen\u021biali pentru a deveni un adult con\u0219tient \u0219i un p\u0103rinte inspirat\u201d. Nale Donald Walsch va oferi instrumente aplicabile \u00een via\u021ba de zi cu zi, pentru rela\u021bii construite pe sens, autenticitate \u0219i responsabilitate personal\u0103.<\/p>\n<p class=\"p1\">Biletele au fost puse \u00een v\u00e2nzare \u0219i pot fi achizi\u021bionate \u00een avans, exclusiv prin platformele oficiale de v\u00e2nzare de bilete de pe <a href=\"https:\/\/www.eventim.ro\/event\/parinte-constient-copil-implinit-invitati-dr-shefali-alfie-kohn-neale-donald-walsch-sala-palatului-21107148\/?utm_source=stiucinesunt.ro&amp;utm_medium=website&amp;utm_id=re7\"><span class=\"s4\">eventim.ro<\/span><\/a>, <a href=\"https:\/\/www.iabilet.ro\/bilete-dr-shefali-o-alfie-kohn-o-neale-donald-walsch-parinte-constient-copil-implinit-120181\/?utm_source=stiucinesunt.ro&amp;utm_medium=website&amp;utm_id=re7\"><span class=\"s4\">iabilet.ro<\/span><\/a>, <a href=\"https:\/\/www.more.com\/ro-ro\/tickets\/conference\/parinte-constient-copil-implinit-de-la-pedepse-si-recompense-la-iubire-neconditionata\/?utm_source=stiucinesunt.ro&amp;utm_medium=website&amp;utm_id=re7\"><span class=\"s4\">more.ro<\/span><\/a> \u0219i pe <a href=\"https:\/\/salapalatului.ro\/event\/dr-shefali-alfie-kohn-neale-donald-walsch-parinte-constient-copil-implinit\/\"><span class=\"s3\">salapalatului.ro<\/span><\/a>. Locurile sunt limitate, iar interesul pentru eveniment este ridicat, motiv pentru care organizatorii recomand\u0103 achizi\u021bionarea biletelor din timp. Conferin\u021ba beneficiaz\u0103 de traducere simultan\u0103 din limba englez\u0103 \u00een limba rom\u00e2n\u0103, cu seturi de c\u0103\u0219ti disponibile spre \u00eenchiriere.<\/p>\n<blockquote class=\"wp-embedded-content\" data-secret=\"vVXNjiamQE\"><p><a href=\"https:\/\/copilarie.org\/index.php\/2025\/12\/31\/clujtoday-memoriile-fericitului-iuliu-hossu-transformate-in-audiobook\/\">ClujToday: Memoriile Fericitului Iuliu Hossu, transformate \u00een audiobook<\/a><\/p><\/blockquote>\n<p><iframe loading=\"lazy\" class=\"wp-embedded-content\" sandbox=\"allow-scripts\" security=\"restricted\" style=\"position: absolute; visibility: hidden;\" title=\"&#8222;ClujToday: Memoriile Fericitului Iuliu Hossu, transformate \u00een audiobook&#8221; &#8211; Copil\u0103rie.org\" src=\"https:\/\/copilarie.org\/index.php\/2025\/12\/31\/clujtoday-memoriile-fericitului-iuliu-hossu-transformate-in-audiobook\/embed\/#?secret=gClGyVmyPE#?secret=vVXNjiamQE\" data-secret=\"vVXNjiamQE\" width=\"600\" height=\"338\" frameborder=\"0\" marginwidth=\"0\" marginheight=\"0\" scrolling=\"no\"><\/iframe><\/p>\n","protected":false},"excerpt":{"rendered":"<p>Trei dintre cele mai influente voci ale lumii \u00een parenting, educa\u021bie \u0219i transformare personal\u0103 se reunesc, \u00een premier\u0103 \u00een Rom\u00e2nia, pe scena S\u0103lii Palatului, \u00eentr-un eveniment-manifest. Pe 10 mai 2026, \u00eentre orele 16:00 \u2013 22:00, conferin\u021ba \u201eP\u0103rinte con\u0219tient, copil \u00eemplinit\u201d aduce la Sala Palatului din Bucure\u0219ti trei lideri globali care au schimbat discursul despre educa\u021bie, [&hellip;]<\/p>\n","protected":false},"author":6,"featured_media":3785,"comment_status":"open","ping_status":"open","sticky":false,"template":"","format":"standard","meta":{"footnotes":""},"categories":[1,21],"tags":[333,24,344,621,620,345],"class_list":{"0":"post-3784","1":"post","2":"type-post","3":"status-publish","4":"format-standard","5":"has-post-thumbnail","7":"category-acasa","8":"category-evenimente","9":"tag-claudiu-padurean","10":"tag-copilarie-org","11":"tag-news","12":"tag-parenting","13":"tag-sala-palatului","14":"tag-stiri"},"yoast_head":"<!-- This site is optimized with the Yoast SEO plugin v23.6 - https:\/\/yoast.com\/wordpress\/plugins\/seo\/ -->\n<title>Trei dintre cele mai influente voci ale parentingului mondial se reunesc la Sala Palatului din Bucure\u0219ti - Copil\u0103rie.org<\/title>\n<meta name=\"robots\" content=\"index, follow, max-snippet:-1, max-image-preview:large, max-video-preview:-1\" \/>\n<link rel=\"canonical\" href=\"https:\/\/copilarie.org\/index.php\/2026\/01\/11\/trei-dintre-cele-mai-influente-voci-ale-parentingului-mondial-se-reunesc-la-sala-palatului-din-bucuresti\/\" \/>\n<meta property=\"og:locale\" content=\"ro_RO\" \/>\n<meta property=\"og:type\" content=\"article\" \/>\n<meta property=\"og:title\" content=\"Trei dintre cele mai influente voci ale parentingului mondial se reunesc la Sala Palatului din Bucure\u0219ti - Copil\u0103rie.org\" \/>\n<meta property=\"og:description\" content=\"Trei dintre cele mai influente voci ale lumii \u00een parenting, educa\u021bie \u0219i transformare personal\u0103 se reunesc, \u00een premier\u0103 \u00een Rom\u00e2nia, pe scena S\u0103lii Palatului, \u00eentr-un eveniment-manifest. Pe 10 mai 2026, \u00eentre orele 16:00 \u2013 22:00, conferin\u021ba \u201eP\u0103rinte con\u0219tient, copil \u00eemplinit\u201d aduce la Sala Palatului din Bucure\u0219ti trei lideri globali care au schimbat discursul despre educa\u021bie, [&hellip;]\" \/>\n<meta property=\"og:url\" content=\"https:\/\/copilarie.org\/index.php\/2026\/01\/11\/trei-dintre-cele-mai-influente-voci-ale-parentingului-mondial-se-reunesc-la-sala-palatului-din-bucuresti\/\" \/>\n<meta property=\"og:site_name\" content=\"Copil\u0103rie.org\" \/>\n<meta property=\"article:publisher\" content=\"https:\/\/www.facebook.com\/copilarie.org\/\" \/>\n<meta property=\"article:published_time\" content=\"2026-01-11T13:17:23+00:00\" \/>\n<meta property=\"og:image\" content=\"https:\/\/copilarie.org\/wp-content\/uploads\/2026\/01\/vizual-conferinta-Parinte-constient_copil-implinit.jpeg\" \/>\n\t<meta property=\"og:image:width\" content=\"1143\" \/>\n\t<meta property=\"og:image:height\" content=\"1600\" \/>\n\t<meta property=\"og:image:type\" content=\"image\/jpeg\" \/>\n<meta name=\"author\" content=\"Claudiu Padurean\" \/>\n<meta name=\"twitter:card\" content=\"summary_large_image\" \/>\n<meta name=\"twitter:creator\" content=\"@CopilarieOrg\" \/>\n<meta name=\"twitter:site\" content=\"@CopilarieOrg\" \/>\n<meta name=\"twitter:label1\" content=\"Scris de\" \/>\n\t<meta name=\"twitter:data1\" content=\"Claudiu Padurean\" \/>\n\t<meta name=\"twitter:label2\" content=\"Timp estimat pentru citire\" \/>\n\t<meta name=\"twitter:data2\" content=\"6 minute\" \/>\n<script type=\"application\/ld+json\" class=\"yoast-schema-graph\">{\"@context\":\"https:\/\/schema.org\",\"@graph\":[{\"@type\":\"WebPage\",\"@id\":\"https:\/\/copilarie.org\/index.php\/2026\/01\/11\/trei-dintre-cele-mai-influente-voci-ale-parentingului-mondial-se-reunesc-la-sala-palatului-din-bucuresti\/\",\"url\":\"https:\/\/copilarie.org\/index.php\/2026\/01\/11\/trei-dintre-cele-mai-influente-voci-ale-parentingului-mondial-se-reunesc-la-sala-palatului-din-bucuresti\/\",\"name\":\"Trei dintre cele mai influente voci ale parentingului mondial se reunesc la Sala Palatului din Bucure\u0219ti - Copil\u0103rie.org\",\"isPartOf\":{\"@id\":\"https:\/\/copilarie.org\/#website\"},\"primaryImageOfPage\":{\"@id\":\"https:\/\/copilarie.org\/index.php\/2026\/01\/11\/trei-dintre-cele-mai-influente-voci-ale-parentingului-mondial-se-reunesc-la-sala-palatului-din-bucuresti\/#primaryimage\"},\"image\":{\"@id\":\"https:\/\/copilarie.org\/index.php\/2026\/01\/11\/trei-dintre-cele-mai-influente-voci-ale-parentingului-mondial-se-reunesc-la-sala-palatului-din-bucuresti\/#primaryimage\"},\"thumbnailUrl\":\"https:\/\/copilarie.org\/wp-content\/uploads\/2026\/01\/vizual-conferinta-Parinte-constient_copil-implinit.jpeg\",\"datePublished\":\"2026-01-11T13:17:23+00:00\",\"dateModified\":\"2026-01-11T13:17:23+00:00\",\"author\":{\"@id\":\"https:\/\/copilarie.org\/#\/schema\/person\/cc68df24fe273441f59111720355e6d7\"},\"breadcrumb\":{\"@id\":\"https:\/\/copilarie.org\/index.php\/2026\/01\/11\/trei-dintre-cele-mai-influente-voci-ale-parentingului-mondial-se-reunesc-la-sala-palatului-din-bucuresti\/#breadcrumb\"},\"inLanguage\":\"ro-RO\",\"potentialAction\":[{\"@type\":\"ReadAction\",\"target\":[\"https:\/\/copilarie.org\/index.php\/2026\/01\/11\/trei-dintre-cele-mai-influente-voci-ale-parentingului-mondial-se-reunesc-la-sala-palatului-din-bucuresti\/\"]}]},{\"@type\":\"ImageObject\",\"inLanguage\":\"ro-RO\",\"@id\":\"https:\/\/copilarie.org\/index.php\/2026\/01\/11\/trei-dintre-cele-mai-influente-voci-ale-parentingului-mondial-se-reunesc-la-sala-palatului-din-bucuresti\/#primaryimage\",\"url\":\"https:\/\/copilarie.org\/wp-content\/uploads\/2026\/01\/vizual-conferinta-Parinte-constient_copil-implinit.jpeg\",\"contentUrl\":\"https:\/\/copilarie.org\/wp-content\/uploads\/2026\/01\/vizual-conferinta-Parinte-constient_copil-implinit.jpeg\",\"width\":1143,\"height\":1600},{\"@type\":\"BreadcrumbList\",\"@id\":\"https:\/\/copilarie.org\/index.php\/2026\/01\/11\/trei-dintre-cele-mai-influente-voci-ale-parentingului-mondial-se-reunesc-la-sala-palatului-din-bucuresti\/#breadcrumb\",\"itemListElement\":[{\"@type\":\"ListItem\",\"position\":1,\"name\":\"Prima pagin\u0103\",\"item\":\"https:\/\/copilarie.org\/\"},{\"@type\":\"ListItem\",\"position\":2,\"name\":\"Trei dintre cele mai influente voci ale parentingului mondial se reunesc la Sala Palatului din Bucure\u0219ti\"}]},{\"@type\":\"WebSite\",\"@id\":\"https:\/\/copilarie.org\/#website\",\"url\":\"https:\/\/copilarie.org\/\",\"name\":\"Copil\u0103rie.org\",\"description\":\"\u00cen pas cu tine\",\"potentialAction\":[{\"@type\":\"SearchAction\",\"target\":{\"@type\":\"EntryPoint\",\"urlTemplate\":\"https:\/\/copilarie.org\/?s={search_term_string}\"},\"query-input\":{\"@type\":\"PropertyValueSpecification\",\"valueRequired\":true,\"valueName\":\"search_term_string\"}}],\"inLanguage\":\"ro-RO\"},{\"@type\":\"Person\",\"@id\":\"https:\/\/copilarie.org\/#\/schema\/person\/cc68df24fe273441f59111720355e6d7\",\"name\":\"Claudiu Padurean\",\"image\":{\"@type\":\"ImageObject\",\"inLanguage\":\"ro-RO\",\"@id\":\"https:\/\/copilarie.org\/#\/schema\/person\/image\/\",\"url\":\"https:\/\/secure.gravatar.com\/avatar\/f254259557f5b35053cf76205615a03f17a29fe60ac58ed31adacef6a3f612f9?s=96&d=mm&r=g\",\"contentUrl\":\"https:\/\/secure.gravatar.com\/avatar\/f254259557f5b35053cf76205615a03f17a29fe60ac58ed31adacef6a3f612f9?s=96&d=mm&r=g\",\"caption\":\"Claudiu Padurean\"}}]}<\/script>\n<!-- \/ Yoast SEO plugin. -->","yoast_head_json":{"title":"Trei dintre cele mai influente voci ale parentingului mondial se reunesc la Sala Palatului din Bucure\u0219ti - Copil\u0103rie.org","robots":{"index":"index","follow":"follow","max-snippet":"max-snippet:-1","max-image-preview":"max-image-preview:large","max-video-preview":"max-video-preview:-1"},"canonical":"https:\/\/copilarie.org\/index.php\/2026\/01\/11\/trei-dintre-cele-mai-influente-voci-ale-parentingului-mondial-se-reunesc-la-sala-palatului-din-bucuresti\/","og_locale":"ro_RO","og_type":"article","og_title":"Trei dintre cele mai influente voci ale parentingului mondial se reunesc la Sala Palatului din Bucure\u0219ti - Copil\u0103rie.org","og_description":"Trei dintre cele mai influente voci ale lumii \u00een parenting, educa\u021bie \u0219i transformare personal\u0103 se reunesc, \u00een premier\u0103 \u00een Rom\u00e2nia, pe scena S\u0103lii Palatului, \u00eentr-un eveniment-manifest. Pe 10 mai 2026, \u00eentre orele 16:00 \u2013 22:00, conferin\u021ba \u201eP\u0103rinte con\u0219tient, copil \u00eemplinit\u201d aduce la Sala Palatului din Bucure\u0219ti trei lideri globali care au schimbat discursul despre educa\u021bie, [&hellip;]","og_url":"https:\/\/copilarie.org\/index.php\/2026\/01\/11\/trei-dintre-cele-mai-influente-voci-ale-parentingului-mondial-se-reunesc-la-sala-palatului-din-bucuresti\/","og_site_name":"Copil\u0103rie.org","article_publisher":"https:\/\/www.facebook.com\/copilarie.org\/","article_published_time":"2026-01-11T13:17:23+00:00","og_image":[{"width":1143,"height":1600,"url":"https:\/\/copilarie.org\/wp-content\/uploads\/2026\/01\/vizual-conferinta-Parinte-constient_copil-implinit.jpeg","type":"image\/jpeg"}],"author":"Claudiu Padurean","twitter_card":"summary_large_image","twitter_creator":"@CopilarieOrg","twitter_site":"@CopilarieOrg","twitter_misc":{"Scris de":"Claudiu Padurean","Timp estimat pentru citire":"6 minute"},"schema":{"@context":"https:\/\/schema.org","@graph":[{"@type":"WebPage","@id":"https:\/\/copilarie.org\/index.php\/2026\/01\/11\/trei-dintre-cele-mai-influente-voci-ale-parentingului-mondial-se-reunesc-la-sala-palatului-din-bucuresti\/","url":"https:\/\/copilarie.org\/index.php\/2026\/01\/11\/trei-dintre-cele-mai-influente-voci-ale-parentingului-mondial-se-reunesc-la-sala-palatului-din-bucuresti\/","name":"Trei dintre cele mai influente voci ale parentingului mondial se reunesc la Sala Palatului din Bucure\u0219ti - Copil\u0103rie.org","isPartOf":{"@id":"https:\/\/copilarie.org\/#website"},"primaryImageOfPage":{"@id":"https:\/\/copilarie.org\/index.php\/2026\/01\/11\/trei-dintre-cele-mai-influente-voci-ale-parentingului-mondial-se-reunesc-la-sala-palatului-din-bucuresti\/#primaryimage"},"image":{"@id":"https:\/\/copilarie.org\/index.php\/2026\/01\/11\/trei-dintre-cele-mai-influente-voci-ale-parentingului-mondial-se-reunesc-la-sala-palatului-din-bucuresti\/#primaryimage"},"thumbnailUrl":"https:\/\/copilarie.org\/wp-content\/uploads\/2026\/01\/vizual-conferinta-Parinte-constient_copil-implinit.jpeg","datePublished":"2026-01-11T13:17:23+00:00","dateModified":"2026-01-11T13:17:23+00:00","author":{"@id":"https:\/\/copilarie.org\/#\/schema\/person\/cc68df24fe273441f59111720355e6d7"},"breadcrumb":{"@id":"https:\/\/copilarie.org\/index.php\/2026\/01\/11\/trei-dintre-cele-mai-influente-voci-ale-parentingului-mondial-se-reunesc-la-sala-palatului-din-bucuresti\/#breadcrumb"},"inLanguage":"ro-RO","potentialAction":[{"@type":"ReadAction","target":["https:\/\/copilarie.org\/index.php\/2026\/01\/11\/trei-dintre-cele-mai-influente-voci-ale-parentingului-mondial-se-reunesc-la-sala-palatului-din-bucuresti\/"]}]},{"@type":"ImageObject","inLanguage":"ro-RO","@id":"https:\/\/copilarie.org\/index.php\/2026\/01\/11\/trei-dintre-cele-mai-influente-voci-ale-parentingului-mondial-se-reunesc-la-sala-palatului-din-bucuresti\/#primaryimage","url":"https:\/\/copilarie.org\/wp-content\/uploads\/2026\/01\/vizual-conferinta-Parinte-constient_copil-implinit.jpeg","contentUrl":"https:\/\/copilarie.org\/wp-content\/uploads\/2026\/01\/vizual-conferinta-Parinte-constient_copil-implinit.jpeg","width":1143,"height":1600},{"@type":"BreadcrumbList","@id":"https:\/\/copilarie.org\/index.php\/2026\/01\/11\/trei-dintre-cele-mai-influente-voci-ale-parentingului-mondial-se-reunesc-la-sala-palatului-din-bucuresti\/#breadcrumb","itemListElement":[{"@type":"ListItem","position":1,"name":"Prima pagin\u0103","item":"https:\/\/copilarie.org\/"},{"@type":"ListItem","position":2,"name":"Trei dintre cele mai influente voci ale parentingului mondial se reunesc la Sala Palatului din Bucure\u0219ti"}]},{"@type":"WebSite","@id":"https:\/\/copilarie.org\/#website","url":"https:\/\/copilarie.org\/","name":"Copil\u0103rie.org","description":"\u00cen pas cu tine","potentialAction":[{"@type":"SearchAction","target":{"@type":"EntryPoint","urlTemplate":"https:\/\/copilarie.org\/?s={search_term_string}"},"query-input":{"@type":"PropertyValueSpecification","valueRequired":true,"valueName":"search_term_string"}}],"inLanguage":"ro-RO"},{"@type":"Person","@id":"https:\/\/copilarie.org\/#\/schema\/person\/cc68df24fe273441f59111720355e6d7","name":"Claudiu Padurean","image":{"@type":"ImageObject","inLanguage":"ro-RO","@id":"https:\/\/copilarie.org\/#\/schema\/person\/image\/","url":"https:\/\/secure.gravatar.com\/avatar\/f254259557f5b35053cf76205615a03f17a29fe60ac58ed31adacef6a3f612f9?s=96&d=mm&r=g","contentUrl":"https:\/\/secure.gravatar.com\/avatar\/f254259557f5b35053cf76205615a03f17a29fe60ac58ed31adacef6a3f612f9?s=96&d=mm&r=g","caption":"Claudiu Padurean"}}]}},"_links":{"self":[{"href":"https:\/\/copilarie.org\/index.php\/wp-json\/wp\/v2\/posts\/3784","targetHints":{"allow":["GET"]}}],"collection":[{"href":"https:\/\/copilarie.org\/index.php\/wp-json\/wp\/v2\/posts"}],"about":[{"href":"https:\/\/copilarie.org\/index.php\/wp-json\/wp\/v2\/types\/post"}],"author":[{"embeddable":true,"href":"https:\/\/copilarie.org\/index.php\/wp-json\/wp\/v2\/users\/6"}],"replies":[{"embeddable":true,"href":"https:\/\/copilarie.org\/index.php\/wp-json\/wp\/v2\/comments?post=3784"}],"version-history":[{"count":1,"href":"https:\/\/copilarie.org\/index.php\/wp-json\/wp\/v2\/posts\/3784\/revisions"}],"predecessor-version":[{"id":3786,"href":"https:\/\/copilarie.org\/index.php\/wp-json\/wp\/v2\/posts\/3784\/revisions\/3786"}],"wp:featuredmedia":[{"embeddable":true,"href":"https:\/\/copilarie.org\/index.php\/wp-json\/wp\/v2\/media\/3785"}],"wp:attachment":[{"href":"https:\/\/copilarie.org\/index.php\/wp-json\/wp\/v2\/media?parent=3784"}],"wp:term":[{"taxonomy":"category","embeddable":true,"href":"https:\/\/copilarie.org\/index.php\/wp-json\/wp\/v2\/categories?post=3784"},{"taxonomy":"post_tag","embeddable":true,"href":"https:\/\/copilarie.org\/index.php\/wp-json\/wp\/v2\/tags?post=3784"}],"curies":[{"name":"wp","href":"https:\/\/api.w.org\/{rel}","templated":true}]}}