{"id":3787,"date":"2026-01-12T10:26:40","date_gmt":"2026-01-12T10:26:40","guid":{"rendered":"https:\/\/copilarie.org\/?p=3787"},"modified":"2026-01-12T10:26:40","modified_gmt":"2026-01-12T10:26:40","slug":"46-de-interventii-ale-salvamontistilor-clujeni-in-acest-inceput-de-an","status":"publish","type":"post","link":"https:\/\/copilarie.org\/index.php\/2026\/01\/12\/46-de-interventii-ale-salvamontistilor-clujeni-in-acest-inceput-de-an\/","title":{"rendered":"46 de interven\u021bii ale salvamonti\u0219tilor clujeni \u00een acest \u00eenceput de an"},"content":{"rendered":"<p style=\"font-weight: 400;\"><strong>Condi\u021biile meteorologice de la \u00eenceputul acestui an au umplut domeniile schiabile din Cluj de iubitori ai sporturilor de iarn\u0103. Z\u0103pada c\u0103zut\u0103 \u00een primele zile ale anului, temperaturile sc\u0103zute \u0219i vacan\u021ba de iarn\u0103 a elevilor au fost condi\u021biile cumulate ale unui debut de sezon de schi foarte bun \u00een jude\u021b.<\/strong><\/p>\n<p style=\"font-weight: 400;\">Din p\u0103cate \u00eens\u0103, caracteristic fiec\u0103rui debut de sezon de iarn\u0103, \u0219i num\u0103rul accident\u0103rilor este mai ridicat. \u00cen primele zile ale acestui an, respectiv \u00een perioada 1 -11 ianuarie 2026, salvamonti\u0219tii clujeni au fost solicita\u021bi s\u0103 intervin\u0103 \u00een 46 de cazuri: 26 de accident\u0103ri au necesitat interven\u021bia salvatorilor montani pe domeniul M\u0103ri\u0219el, 19 pe Buscat \u0219i un caz a fost solu\u021bionat \u00een Cheile Turzii. Dintre cele 46 de persoane accidentate, 10 au fost predate serviciilor SMURD ori Ambulan\u021bei.<\/p>\n<p style=\"font-weight: 400;\">Cea mai solicitant\u0103 zi a perioadei a fost s\u00e2mb\u0103t\u0103, 10 ianuarie, c\u00e2nd salvamonti\u0219tii clujeni au salvat zece persoane pe domeniul M\u0103ri\u0219el \u0219i \u0219apte pe Buscat.<\/p>\n<p data-path-to-node=\"4\">De\u0219i jude\u021bul Cluj nu beneficiaz\u0103 de altitudinile V\u0103ii Prahovei, \u00eenceputul anului 2026 confirm\u0103 consolidarea acestuia ca un hub montan de prim\u0103 m\u0103rime pentru pasiona\u021bii de sporturi de iarn\u0103. Cu investi\u021bii constante \u00een tunuri de z\u0103pad\u0103 \u0219i facilit\u0103\u021bi moderne, sta\u021biunile clujene au reu\u0219it s\u0103 transforme Mun\u021bii Apuseni \u00eentr-o alternativ\u0103 viabil\u0103 \u0219i adesea mai accesibil\u0103 pentru mii de turi\u0219ti din \u00eentreaga regiune de Nord-Vest.<\/p>\n<h3 data-path-to-node=\"5\">Buscat (B\u0103i\u0219oara): \u201ePerla\u201d tehnologizat\u0103 a Apusenilor<\/h3>\n<p data-path-to-node=\"6\">Situat\u0103 la cota 1600, sta\u021biunea Buscat r\u0103m\u00e2ne punctul de referin\u021b\u0103 pentru schiul clujean. \u00cen acest sezon, administratorii au mizat pe digitalizare: de la achizi\u021bia skipass-urilor prin aplica\u021bii mobile p\u00e2n\u0103 la monitorizarea \u00een timp real a st\u0103rii p\u00e2rtiilor.<\/p>\n<p data-path-to-node=\"7\">P\u00e2rtia albastr\u0103 (pentru \u00eencep\u0103tori), cea verde (p\u0103dure) \u0219i cea neagr\u0103 (pentru exper\u021bi) sunt complet func\u021bionale datorit\u0103 investi\u021biilor masive \u00een sistemele de \u00eenz\u0103pezire artificial\u0103, care au devenit vitale \u00een contextul iernilor imprevizibile. Sta\u021biunea este un exemplu de \u201esimbioz\u0103 informa\u021bional\u0103\u201d \u00eentre datele meteo de precizie \u0219i infrastructura material\u0103, asigur\u00e2nd un flux constant de turi\u0219ti chiar \u0219i \u00een perioadele cu precipita\u021bii naturale reduse.<\/p>\n<h3 data-path-to-node=\"8\">M\u0103ri\u0219el: Schi cu vedere spre lacul Beli\u0219<\/h3>\n<p data-path-to-node=\"9\">Domeniul schiabil de la M\u0103ri\u0219el continu\u0103 s\u0103 atrag\u0103 turi\u0219ti nu doar prin cele dou\u0103 p\u00e2rtii (albastr\u0103 \u0219i ro\u0219ie), ci \u0219i prin peisajul spectaculos care ofer\u0103 o panoram\u0103 unic\u0103 asupra lacului de acumulare Beli\u0219-F\u00e2nt\u00e2nele.<\/p>\n<p data-path-to-node=\"10\">\u00cen 2026, M\u0103ri\u0219elul s-a transformat dintr-o destina\u021bie de weekend \u00eentr-un veritabil resort montan, cu unit\u0103\u021bi de cazare premium tip A-frame \u0219i facilit\u0103\u021bi de apres-ski care rivalizeaz\u0103 cu sta\u021biunile din Austria. Iluminatul nocturn de ultim\u0103 genera\u021bie a prelungit programul p\u00e2rtiilor.<\/p>\n<h3 data-path-to-node=\"11\">B\u0103i\u0219oara \u0219i Feleacu: Tradi\u021bie \u0219i proximitate<\/h3>\n<ul data-path-to-node=\"12\">\n<li>\n<p data-path-to-node=\"12,0,0\"><b data-path-to-node=\"12,0,0\" data-index-in-node=\"0\">P\u00e2rtia Mare din B\u0103i\u0219oara:<\/b> De\u0219i cu o infrastructur\u0103 mai veche, r\u0103m\u00e2ne \u201eclasica\u201d clujenilor, apreciat\u0103 pentru l\u0103\u021bimea p\u00e2rtiei \u0219i gradul de dificultate mediu. \u00cen ultimul an, eforturile s-au concentrat pe refacerea sistemului de teleschi.<\/p>\n<\/li>\n<li>\n<p data-path-to-node=\"12,1,0\"><b data-path-to-node=\"12,1,0\" data-index-in-node=\"0\">Feleacu:<\/b> Situat la doar c\u00e2\u021biva kilometri de municipiu, domeniul de pe Dealul Feleacului r\u0103m\u00e2ne solu\u021bia ideal\u0103 pentru \u00eencep\u0103tori \u0219i pentru copii. Este \u201ecentrul de antrenament\u201d al Clujului, unde mii de persoane deprind an de an tainele alunec\u0103rii pe z\u0103pad\u0103 f\u0103r\u0103 a p\u0103r\u0103si practic perimetrul metropolitan.<\/p>\n<\/li>\n<\/ul>\n<p style=\"font-weight: 400;\">Pentru cei care se vor \u00eendrepta c\u0103tre zonele turistice \u00een care se afl\u0103 domenii de practicare a sporturilor de iarn\u0103, iat\u0103 recomand\u0103rile Salvamont:<\/p>\n<ul style=\"font-weight: 400;\">\n<li>Alege\u021bi un echipament de alunecare pe z\u0103pad\u0103 corespunz\u0103tor, din punct de vedere al caracteristicilor tehnice \u0219i al reglajului leg\u0103turilor, greut\u0103\u021bii corporale \u0219i nivelului dvs. de preg\u0103tire.<\/li>\n<li>Aborda\u021bi, la \u00eenceput, cu precau\u021bie p\u00e2rtiile de schi, \u00eentruc\u00e2t nu mai de\u021bine\u021bi acelea\u0219i abilit\u0103\u021bi sportive ca la finalul sezonului trecut \u0219i este necesar\u0103 o mic\u0103 perioad\u0103 de reacomodare.<\/li>\n<li>Schia\u021bi \u00een a\u0219a fel \u00eenc\u00e2t s\u0103 nu pune\u021bi \u00een pericol via\u021ba altui schior sau s\u0103 \u00eei cauza\u021bi acestuia vreun prejudiciu.<\/li>\n<li>Adapta\u021bi-v\u0103 viteza \u0219i maniera proprie de a schia conform preg\u0103tirii tehnice, condi\u021biei fizice, st\u0103rii z\u0103pezii, gradului de dificultate a p\u00e2rtiei, condi\u021biilor atmosferice \u0219i densit\u0103\u021bii traficului de p\u00e2rtie.<\/li>\n<li>Alege\u021bi cu grij\u0103 traiectoria pe care urmeaz\u0103 s\u0103 cobor\u00e2\u021bi, \u00een scopul protej\u0103rii schiorilor afla\u021bi \u00een aval.<\/li>\n<li>Dep\u0103\u0219i\u021bi schiorul aflat \u00een aval fie pe partea dreapt\u0103, fie pe partea st\u00e2ng\u0103, cu condi\u021bia ca aceast\u0103 dep\u0103\u0219ire s\u0103 fie suficient de larg\u0103 pentru a evita o eventual\u0103 evolu\u021bie nea\u0219teptat\u0103 a celui ce urmeaz\u0103 s\u0103 fie dep\u0103\u0219it.<\/li>\n<li>Asigura\u021bi-v\u0103, printr-un examen atent al traficului din amonte \u0219i al celui din aval, c\u0103 at\u00e2t dumneavoastr\u0103, c\u00e2t \u0219i al\u021bi schiori sunte\u021bi \u00een afara oric\u0103rui pericol, cu ocazia travers\u0103rii unei p\u00e2rtii sau a relu\u0103rii parcursului, dup\u0103 o oprire temporar\u0103 pe p\u00e2rtie.<\/li>\n<li>Evita\u021bi sta\u021bionarea pe p\u00e2rtie, mai ales pe por\u021biunile \u00eenguste ale acesteia sau pe cele lipsite de vizibilitate. \u00cen cazul c\u0103derii, elibera\u021bi p\u00e2rtia \u00een cel mai scurt timp posibil.<\/li>\n<li>Utiliza\u021bi numai marginea p\u00e2rtiei pentru urcarea sau cobor\u00e2rea pe jos, f\u0103r\u0103 schiuri.<\/li>\n<li>Respecta\u021bi indicatoarele de semnalizare \u0219i balizele de marcare instalate pe p\u00e2rtie \u0219i pe traseele de schi pentru agrement: Nu schia\u021bi \u00een p\u0103dure, Nu cobor\u00e2\u021bi direct, Interzis s\u0103niu\u0219ul, Nu circula\u021bi pe p\u00e2rtie.<\/li>\n<li>Respecta\u021bi marcajele interna\u021bionale pentru gradele de dificultate ale p\u00e2rtiilor de schi: verde-foarte u\u0219or, albastru \u2013 u\u0219or, ro\u0219u-mediu, negru \u2013 dificil.<\/li>\n<li>Nu folosi\u021bi mijloace de alunecare improvizate, tip pungi sau capace de plastic, nu sunt controlabile \u0219i genereaz\u0103 accidente grave.<\/li>\n<li>Anun\u021ba\u021bi echipa local\u0103 Salvamont, direct, prin Dispeceratul Na\u021bional Salvamont la num\u0103rul de telefon 0-SALVAMONT (0725.826.668) sau prin Serviciul 112 \u00een cazul producerii unui accident pe p\u00e2rtie, specific\u00e2nd urm\u0103toarele: numele dumneavoastr\u0103, ce s-a \u00eent\u00e2mplat, c\u00e2te persoane au nevoie de ajutor, c\u00e2nd s-a produs accidentul \u0219i locul unde se g\u0103sesc persoanele accidentate.<\/li>\n<\/ul>\n<blockquote class=\"wp-embedded-content\" data-secret=\"537462hdIF\"><p><a href=\"https:\/\/copilarie.org\/index.php\/2026\/01\/02\/o-noua-galerie-din-transilvania-va-crea-o-punte-culturala-intre-europa-si-statele-unite-ale-americii\/\">O nou\u0103 galerie din Transilvania va crea o punte cultural\u0103 \u00eentre Europa \u0219i Statele Unite ale Americii<\/a><\/p><\/blockquote>\n<p><iframe loading=\"lazy\" class=\"wp-embedded-content\" sandbox=\"allow-scripts\" security=\"restricted\" style=\"position: absolute; visibility: hidden;\" title=\"&#8222;O nou\u0103 galerie din Transilvania va crea o punte cultural\u0103 \u00eentre Europa \u0219i Statele Unite ale Americii&#8221; &#8211; Copil\u0103rie.org\" src=\"https:\/\/copilarie.org\/index.php\/2026\/01\/02\/o-noua-galerie-din-transilvania-va-crea-o-punte-culturala-intre-europa-si-statele-unite-ale-americii\/embed\/#?secret=d1DtX3JzW6#?secret=537462hdIF\" data-secret=\"537462hdIF\" width=\"600\" height=\"338\" frameborder=\"0\" marginwidth=\"0\" marginheight=\"0\" scrolling=\"no\"><\/iframe><\/p>\n","protected":false},"excerpt":{"rendered":"<p>Condi\u021biile meteorologice de la \u00eenceputul acestui an au umplut domeniile schiabile din Cluj de iubitori ai sporturilor de iarn\u0103. Z\u0103pada c\u0103zut\u0103 \u00een primele zile ale anului, temperaturile sc\u0103zute \u0219i vacan\u021ba de iarn\u0103 a elevilor au fost condi\u021biile cumulate ale unui debut de sezon de schi foarte bun \u00een jude\u021b. Din p\u0103cate \u00eens\u0103, caracteristic fiec\u0103rui debut [&hellip;]<\/p>\n","protected":false},"author":6,"featured_media":3788,"comment_status":"open","ping_status":"open","sticky":false,"template":"","format":"standard","meta":{"footnotes":""},"categories":[1,19],"tags":[622,474,333,24,623,39,344,404,345],"class_list":{"0":"post-3787","1":"post","2":"type-post","3":"status-publish","4":"format-standard","5":"has-post-thumbnail","7":"category-acasa","8":"category-stiri","9":"tag-baisoara","10":"tag-buscat","11":"tag-claudiu-padurean","12":"tag-copilarie-org","13":"tag-interventii","14":"tag-marisel","15":"tag-news","16":"tag-salvamont","17":"tag-stiri"},"yoast_head":"<!-- This site is optimized with the Yoast SEO plugin v23.6 - https:\/\/yoast.com\/wordpress\/plugins\/seo\/ -->\n<title>46 de interven\u021bii ale salvamonti\u0219tilor clujeni \u00een acest \u00eenceput de an - Copil\u0103rie.org<\/title>\n<meta name=\"robots\" content=\"index, follow, max-snippet:-1, max-image-preview:large, max-video-preview:-1\" \/>\n<link rel=\"canonical\" href=\"https:\/\/copilarie.org\/index.php\/2026\/01\/12\/46-de-interventii-ale-salvamontistilor-clujeni-in-acest-inceput-de-an\/\" \/>\n<meta property=\"og:locale\" content=\"ro_RO\" \/>\n<meta property=\"og:type\" content=\"article\" \/>\n<meta property=\"og:title\" content=\"46 de interven\u021bii ale salvamonti\u0219tilor clujeni \u00een acest \u00eenceput de an - Copil\u0103rie.org\" \/>\n<meta property=\"og:description\" content=\"Condi\u021biile meteorologice de la \u00eenceputul acestui an au umplut domeniile schiabile din Cluj de iubitori ai sporturilor de iarn\u0103. Z\u0103pada c\u0103zut\u0103 \u00een primele zile ale anului, temperaturile sc\u0103zute \u0219i vacan\u021ba de iarn\u0103 a elevilor au fost condi\u021biile cumulate ale unui debut de sezon de schi foarte bun \u00een jude\u021b. Din p\u0103cate \u00eens\u0103, caracteristic fiec\u0103rui debut [&hellip;]\" \/>\n<meta property=\"og:url\" content=\"https:\/\/copilarie.org\/index.php\/2026\/01\/12\/46-de-interventii-ale-salvamontistilor-clujeni-in-acest-inceput-de-an\/\" \/>\n<meta property=\"og:site_name\" content=\"Copil\u0103rie.org\" \/>\n<meta property=\"article:publisher\" content=\"https:\/\/www.facebook.com\/copilarie.org\/\" \/>\n<meta property=\"article:published_time\" content=\"2026-01-12T10:26:40+00:00\" \/>\n<meta property=\"og:image\" content=\"https:\/\/copilarie.org\/wp-content\/uploads\/2026\/01\/interventii-salvamont2.jpeg\" \/>\n\t<meta property=\"og:image:width\" content=\"1536\" \/>\n\t<meta property=\"og:image:height\" content=\"2048\" \/>\n\t<meta property=\"og:image:type\" content=\"image\/jpeg\" \/>\n<meta name=\"author\" content=\"Claudiu Padurean\" \/>\n<meta name=\"twitter:card\" content=\"summary_large_image\" \/>\n<meta name=\"twitter:creator\" content=\"@CopilarieOrg\" \/>\n<meta name=\"twitter:site\" content=\"@CopilarieOrg\" \/>\n<meta name=\"twitter:label1\" content=\"Scris de\" \/>\n\t<meta name=\"twitter:data1\" content=\"Claudiu Padurean\" \/>\n\t<meta name=\"twitter:label2\" content=\"Timp estimat pentru citire\" \/>\n\t<meta name=\"twitter:data2\" content=\"5 minute\" \/>\n<script type=\"application\/ld+json\" class=\"yoast-schema-graph\">{\"@context\":\"https:\/\/schema.org\",\"@graph\":[{\"@type\":\"WebPage\",\"@id\":\"https:\/\/copilarie.org\/index.php\/2026\/01\/12\/46-de-interventii-ale-salvamontistilor-clujeni-in-acest-inceput-de-an\/\",\"url\":\"https:\/\/copilarie.org\/index.php\/2026\/01\/12\/46-de-interventii-ale-salvamontistilor-clujeni-in-acest-inceput-de-an\/\",\"name\":\"46 de interven\u021bii ale salvamonti\u0219tilor clujeni \u00een acest \u00eenceput de an - Copil\u0103rie.org\",\"isPartOf\":{\"@id\":\"https:\/\/copilarie.org\/#website\"},\"primaryImageOfPage\":{\"@id\":\"https:\/\/copilarie.org\/index.php\/2026\/01\/12\/46-de-interventii-ale-salvamontistilor-clujeni-in-acest-inceput-de-an\/#primaryimage\"},\"image\":{\"@id\":\"https:\/\/copilarie.org\/index.php\/2026\/01\/12\/46-de-interventii-ale-salvamontistilor-clujeni-in-acest-inceput-de-an\/#primaryimage\"},\"thumbnailUrl\":\"https:\/\/copilarie.org\/wp-content\/uploads\/2026\/01\/interventii-salvamont2.jpeg\",\"datePublished\":\"2026-01-12T10:26:40+00:00\",\"dateModified\":\"2026-01-12T10:26:40+00:00\",\"author\":{\"@id\":\"https:\/\/copilarie.org\/#\/schema\/person\/cc68df24fe273441f59111720355e6d7\"},\"breadcrumb\":{\"@id\":\"https:\/\/copilarie.org\/index.php\/2026\/01\/12\/46-de-interventii-ale-salvamontistilor-clujeni-in-acest-inceput-de-an\/#breadcrumb\"},\"inLanguage\":\"ro-RO\",\"potentialAction\":[{\"@type\":\"ReadAction\",\"target\":[\"https:\/\/copilarie.org\/index.php\/2026\/01\/12\/46-de-interventii-ale-salvamontistilor-clujeni-in-acest-inceput-de-an\/\"]}]},{\"@type\":\"ImageObject\",\"inLanguage\":\"ro-RO\",\"@id\":\"https:\/\/copilarie.org\/index.php\/2026\/01\/12\/46-de-interventii-ale-salvamontistilor-clujeni-in-acest-inceput-de-an\/#primaryimage\",\"url\":\"https:\/\/copilarie.org\/wp-content\/uploads\/2026\/01\/interventii-salvamont2.jpeg\",\"contentUrl\":\"https:\/\/copilarie.org\/wp-content\/uploads\/2026\/01\/interventii-salvamont2.jpeg\",\"width\":1536,\"height\":2048},{\"@type\":\"BreadcrumbList\",\"@id\":\"https:\/\/copilarie.org\/index.php\/2026\/01\/12\/46-de-interventii-ale-salvamontistilor-clujeni-in-acest-inceput-de-an\/#breadcrumb\",\"itemListElement\":[{\"@type\":\"ListItem\",\"position\":1,\"name\":\"Prima pagin\u0103\",\"item\":\"https:\/\/copilarie.org\/\"},{\"@type\":\"ListItem\",\"position\":2,\"name\":\"46 de interven\u021bii ale salvamonti\u0219tilor clujeni \u00een acest \u00eenceput de an\"}]},{\"@type\":\"WebSite\",\"@id\":\"https:\/\/copilarie.org\/#website\",\"url\":\"https:\/\/copilarie.org\/\",\"name\":\"Copil\u0103rie.org\",\"description\":\"\u00cen pas cu tine\",\"potentialAction\":[{\"@type\":\"SearchAction\",\"target\":{\"@type\":\"EntryPoint\",\"urlTemplate\":\"https:\/\/copilarie.org\/?s={search_term_string}\"},\"query-input\":{\"@type\":\"PropertyValueSpecification\",\"valueRequired\":true,\"valueName\":\"search_term_string\"}}],\"inLanguage\":\"ro-RO\"},{\"@type\":\"Person\",\"@id\":\"https:\/\/copilarie.org\/#\/schema\/person\/cc68df24fe273441f59111720355e6d7\",\"name\":\"Claudiu Padurean\",\"image\":{\"@type\":\"ImageObject\",\"inLanguage\":\"ro-RO\",\"@id\":\"https:\/\/copilarie.org\/#\/schema\/person\/image\/\",\"url\":\"https:\/\/secure.gravatar.com\/avatar\/f254259557f5b35053cf76205615a03f17a29fe60ac58ed31adacef6a3f612f9?s=96&d=mm&r=g\",\"contentUrl\":\"https:\/\/secure.gravatar.com\/avatar\/f254259557f5b35053cf76205615a03f17a29fe60ac58ed31adacef6a3f612f9?s=96&d=mm&r=g\",\"caption\":\"Claudiu Padurean\"}}]}<\/script>\n<!-- \/ Yoast SEO plugin. -->","yoast_head_json":{"title":"46 de interven\u021bii ale salvamonti\u0219tilor clujeni \u00een acest \u00eenceput de an - Copil\u0103rie.org","robots":{"index":"index","follow":"follow","max-snippet":"max-snippet:-1","max-image-preview":"max-image-preview:large","max-video-preview":"max-video-preview:-1"},"canonical":"https:\/\/copilarie.org\/index.php\/2026\/01\/12\/46-de-interventii-ale-salvamontistilor-clujeni-in-acest-inceput-de-an\/","og_locale":"ro_RO","og_type":"article","og_title":"46 de interven\u021bii ale salvamonti\u0219tilor clujeni \u00een acest \u00eenceput de an - Copil\u0103rie.org","og_description":"Condi\u021biile meteorologice de la \u00eenceputul acestui an au umplut domeniile schiabile din Cluj de iubitori ai sporturilor de iarn\u0103. Z\u0103pada c\u0103zut\u0103 \u00een primele zile ale anului, temperaturile sc\u0103zute \u0219i vacan\u021ba de iarn\u0103 a elevilor au fost condi\u021biile cumulate ale unui debut de sezon de schi foarte bun \u00een jude\u021b. Din p\u0103cate \u00eens\u0103, caracteristic fiec\u0103rui debut [&hellip;]","og_url":"https:\/\/copilarie.org\/index.php\/2026\/01\/12\/46-de-interventii-ale-salvamontistilor-clujeni-in-acest-inceput-de-an\/","og_site_name":"Copil\u0103rie.org","article_publisher":"https:\/\/www.facebook.com\/copilarie.org\/","article_published_time":"2026-01-12T10:26:40+00:00","og_image":[{"width":1536,"height":2048,"url":"https:\/\/copilarie.org\/wp-content\/uploads\/2026\/01\/interventii-salvamont2.jpeg","type":"image\/jpeg"}],"author":"Claudiu Padurean","twitter_card":"summary_large_image","twitter_creator":"@CopilarieOrg","twitter_site":"@CopilarieOrg","twitter_misc":{"Scris de":"Claudiu Padurean","Timp estimat pentru citire":"5 minute"},"schema":{"@context":"https:\/\/schema.org","@graph":[{"@type":"WebPage","@id":"https:\/\/copilarie.org\/index.php\/2026\/01\/12\/46-de-interventii-ale-salvamontistilor-clujeni-in-acest-inceput-de-an\/","url":"https:\/\/copilarie.org\/index.php\/2026\/01\/12\/46-de-interventii-ale-salvamontistilor-clujeni-in-acest-inceput-de-an\/","name":"46 de interven\u021bii ale salvamonti\u0219tilor clujeni \u00een acest \u00eenceput de an - Copil\u0103rie.org","isPartOf":{"@id":"https:\/\/copilarie.org\/#website"},"primaryImageOfPage":{"@id":"https:\/\/copilarie.org\/index.php\/2026\/01\/12\/46-de-interventii-ale-salvamontistilor-clujeni-in-acest-inceput-de-an\/#primaryimage"},"image":{"@id":"https:\/\/copilarie.org\/index.php\/2026\/01\/12\/46-de-interventii-ale-salvamontistilor-clujeni-in-acest-inceput-de-an\/#primaryimage"},"thumbnailUrl":"https:\/\/copilarie.org\/wp-content\/uploads\/2026\/01\/interventii-salvamont2.jpeg","datePublished":"2026-01-12T10:26:40+00:00","dateModified":"2026-01-12T10:26:40+00:00","author":{"@id":"https:\/\/copilarie.org\/#\/schema\/person\/cc68df24fe273441f59111720355e6d7"},"breadcrumb":{"@id":"https:\/\/copilarie.org\/index.php\/2026\/01\/12\/46-de-interventii-ale-salvamontistilor-clujeni-in-acest-inceput-de-an\/#breadcrumb"},"inLanguage":"ro-RO","potentialAction":[{"@type":"ReadAction","target":["https:\/\/copilarie.org\/index.php\/2026\/01\/12\/46-de-interventii-ale-salvamontistilor-clujeni-in-acest-inceput-de-an\/"]}]},{"@type":"ImageObject","inLanguage":"ro-RO","@id":"https:\/\/copilarie.org\/index.php\/2026\/01\/12\/46-de-interventii-ale-salvamontistilor-clujeni-in-acest-inceput-de-an\/#primaryimage","url":"https:\/\/copilarie.org\/wp-content\/uploads\/2026\/01\/interventii-salvamont2.jpeg","contentUrl":"https:\/\/copilarie.org\/wp-content\/uploads\/2026\/01\/interventii-salvamont2.jpeg","width":1536,"height":2048},{"@type":"BreadcrumbList","@id":"https:\/\/copilarie.org\/index.php\/2026\/01\/12\/46-de-interventii-ale-salvamontistilor-clujeni-in-acest-inceput-de-an\/#breadcrumb","itemListElement":[{"@type":"ListItem","position":1,"name":"Prima pagin\u0103","item":"https:\/\/copilarie.org\/"},{"@type":"ListItem","position":2,"name":"46 de interven\u021bii ale salvamonti\u0219tilor clujeni \u00een acest \u00eenceput de an"}]},{"@type":"WebSite","@id":"https:\/\/copilarie.org\/#website","url":"https:\/\/copilarie.org\/","name":"Copil\u0103rie.org","description":"\u00cen pas cu tine","potentialAction":[{"@type":"SearchAction","target":{"@type":"EntryPoint","urlTemplate":"https:\/\/copilarie.org\/?s={search_term_string}"},"query-input":{"@type":"PropertyValueSpecification","valueRequired":true,"valueName":"search_term_string"}}],"inLanguage":"ro-RO"},{"@type":"Person","@id":"https:\/\/copilarie.org\/#\/schema\/person\/cc68df24fe273441f59111720355e6d7","name":"Claudiu Padurean","image":{"@type":"ImageObject","inLanguage":"ro-RO","@id":"https:\/\/copilarie.org\/#\/schema\/person\/image\/","url":"https:\/\/secure.gravatar.com\/avatar\/f254259557f5b35053cf76205615a03f17a29fe60ac58ed31adacef6a3f612f9?s=96&d=mm&r=g","contentUrl":"https:\/\/secure.gravatar.com\/avatar\/f254259557f5b35053cf76205615a03f17a29fe60ac58ed31adacef6a3f612f9?s=96&d=mm&r=g","caption":"Claudiu Padurean"}}]}},"_links":{"self":[{"href":"https:\/\/copilarie.org\/index.php\/wp-json\/wp\/v2\/posts\/3787","targetHints":{"allow":["GET"]}}],"collection":[{"href":"https:\/\/copilarie.org\/index.php\/wp-json\/wp\/v2\/posts"}],"about":[{"href":"https:\/\/copilarie.org\/index.php\/wp-json\/wp\/v2\/types\/post"}],"author":[{"embeddable":true,"href":"https:\/\/copilarie.org\/index.php\/wp-json\/wp\/v2\/users\/6"}],"replies":[{"embeddable":true,"href":"https:\/\/copilarie.org\/index.php\/wp-json\/wp\/v2\/comments?post=3787"}],"version-history":[{"count":1,"href":"https:\/\/copilarie.org\/index.php\/wp-json\/wp\/v2\/posts\/3787\/revisions"}],"predecessor-version":[{"id":3789,"href":"https:\/\/copilarie.org\/index.php\/wp-json\/wp\/v2\/posts\/3787\/revisions\/3789"}],"wp:featuredmedia":[{"embeddable":true,"href":"https:\/\/copilarie.org\/index.php\/wp-json\/wp\/v2\/media\/3788"}],"wp:attachment":[{"href":"https:\/\/copilarie.org\/index.php\/wp-json\/wp\/v2\/media?parent=3787"}],"wp:term":[{"taxonomy":"category","embeddable":true,"href":"https:\/\/copilarie.org\/index.php\/wp-json\/wp\/v2\/categories?post=3787"},{"taxonomy":"post_tag","embeddable":true,"href":"https:\/\/copilarie.org\/index.php\/wp-json\/wp\/v2\/tags?post=3787"}],"curies":[{"name":"wp","href":"https:\/\/api.w.org\/{rel}","templated":true}]}}