{"id":3793,"date":"2026-01-13T10:09:23","date_gmt":"2026-01-13T10:09:23","guid":{"rendered":"https:\/\/copilarie.org\/?p=3793"},"modified":"2026-01-13T10:09:23","modified_gmt":"2026-01-13T10:09:23","slug":"el-e-omul-adrenalina-bate-recorduri-la-inot-si-vrea-sa-participe-la-curse-de-raliuri","status":"publish","type":"post","link":"https:\/\/copilarie.org\/index.php\/2026\/01\/13\/el-e-omul-adrenalina-bate-recorduri-la-inot-si-vrea-sa-participe-la-curse-de-raliuri\/","title":{"rendered":"El e \u201eOmul Adrenalin\u0103\u201d! Bate recorduri la \u00eenot \u0219i vrea s\u0103 participe la curse de raliuri"},"content":{"rendered":"<p class=\"p1\"><strong>Darius Coman adun\u0103 titluri \u0219i recorduri \u00een bazin, dar mintea lui alearg\u0103 \u0219i la vitez\u0103, motoare \u0219i raliuri. Multiplu campion na\u021bional la \u00eenot, elev \u00een clasa a XII a, el tr\u0103ie\u0219te un an complicat, \u00eentre antrenamente zilnice \u0219i preg\u0103tirea pentru Bacalaureat.<\/strong><\/p>\n<p class=\"p1\">De\u0219i are doar 18 ani, Darius Coman are calmul unui sportiv format \u0219i energia unui adolescent care \u0219tie \u00eens\u0103 c\u0103 nu trebuie s\u0103 dispere dac\u0103 are o zi mai proast\u0103 la antrenament: \u201eDac\u0103 nu am o zi bun\u0103, \u00eemi spun: e ok. Nu-mi taie nimeni capul dac\u0103 nu am mers \u00een ziua respectiv\u0103 bine la antrenament. \u00cens\u0103 foarte important e s\u0103 v\u0103d \u0219i s\u0103 \u0219tiu ce pot \u00eembun\u0103t\u0103\u021bi ca s\u0103 merg mai bine la antrenament\u201d.<\/p>\n<p class=\"p1\">Este exact genul de discurs care nu vine din c\u0103r\u021bi motiva\u021bionale, ci din rutina zilnic\u0103 a unui sportiv care \u0219tie exact ce are de f\u0103cut c\u00e2nd lucrurile nu ies perfect.<\/p>\n<p class=\"p1\">\u201eDe pild\u0103, poate fi vorba de o odihn\u0103 mai bun\u0103, de culcat mai devreme, mai multe ore dormite la pr\u00e2nz, mai pu\u021bin calculator. Pentru mine este un an mai greu, fiind \u0219i cu examenul de Bacalaureat\u201d, dezv\u0103luie el.<\/p>\n<p class=\"p1\">Pentru Darius Coman, Bacalaureatul nu e un obstacol, ci un test de organizare. Un puzzle pe care \u00eel rezolv\u0103 cu aceea\u0219i disciplin\u0103 cu care \u00ee\u0219i cronometreaz\u0103 seriile din bazin.<\/p>\n<p class=\"p1\">\u201eNu este imposibil s\u0103-mi impart timpul \u00eentre \u00eenot \u0219i Bacalaureat. \u00cen ceea ce m\u0103 prive\u0219te, am privilejul de a avea oameni de \u00eencredere, oameni cu care pot lucra pentru bac foarte u\u0219or, doamnele profesoare, la logic\u0103, la istorie \u0219i la limba rom\u00e2n\u0103\u201d, spune t\u00e2n\u0103rul sportiv.<\/p>\n<p class=\"p1\">Preg\u0103tirea pentru toate aceste materii nu r\u0103m\u00e2ne doar pe h\u00e2rtie, ci \u00eel ajut\u0103 \u00een via\u021ba de zi cu zi.<\/p>\n<p class=\"p1\">\u201e\u00cen general, toate preg\u0103tirile pe care le fac m\u0103 ajut\u0103. \u00cen primul r\u00e2nd c\u0103 \u00eenv\u0103\u021b s\u0103 fiu mai organizat. \u0218tiu cum s\u0103-mi organizez timpul pe ore, cum s\u0103 \u00eenv\u0103\u021b, c\u00e2nd s\u0103 m\u0103 refac\u201d, mai spune el, cu siguran\u021ba unui om deja matur.<\/p>\n<p class=\"p1\"><b>Darius Coman vrea s\u0103 urmeze o facultate \u00een Rom\u00e2nia<\/b><\/p>\n<p class=\"p1\">\u0218tie exact ce vrea s\u0103 fac\u0103 dup\u0103 terminarea liceului: s\u0103 \u00eenceap\u0103 s\u0103 studieze sportul.<\/p>\n<p class=\"p1\">\u201eDup\u0103 Bacalaureat, \u00eemi doresc s\u0103 r\u0103m\u00e2n pe ceea ce fac acum, pe sport, pentru c\u0103 am ajuns \u00een punctul \u00een care am realizat c\u0103 nu este doar o pasiune. Pot face mult mai mult de at\u00e2t \u0219i \u00eemi voi alege o facultate care s\u0103-mi u\u0219ureze oarecum munca ca sportiv de performan\u021b\u0103\u201d, spune el.<\/p>\n<p class=\"p1\">Darius Coman e decis s\u0103 studieze \u00een Rom\u00e2nia, nu \u00een SUA.<\/p>\n<p class=\"p1\">\u201e M-am g\u00e2ndit la educa\u021bie fizic\u0103, probabil la o facultate particular\u0103. Am ales Rom\u00e2nia, nu str\u0103in\u0103tatea sau SUA, pur \u0219i simplu pentru c\u0103 nu cred c\u0103 a\u0219 avea mai multe resurse acolo dec\u00e2t am deja acas\u0103. E un stil de via\u021b\u0103 nou, fusul orar\u0103 \u00een primul r\u00e2nd, oameni noi, poate fi pu\u021bin dificil \u0219i nu m\u0103 tenteaz\u0103. Probabil \u00een America nu m-a\u0219 acomoda at\u00e2t de u\u0219or\u201d, mai spune sportivul.<\/p>\n<p class=\"p1\">C\u00e2nd nu este la antrenamente, cea mai mare bucurie a lui este s\u0103 conduc\u0103 ma\u0219ina. \u0218i-a luat carnetul anul trecut \u0219i fiecare clip\u0103 petrecut\u0103 la volan este o \u00eenc\u00e2ntare pentru el: \u201eC\u00e2nd sunt la volan, simt c\u0103 m\u0103 deconectez de toate problemele pe care le-am \u00een via\u021ba de zi cu zi, toate presiunile de oboseal\u0103. Pur \u0219i simplu sunt eu cu radioul \u0219i cu ma\u0219ina\u201d.<\/p>\n<p class=\"p1\">Iar playlistul e clar \u0219i dezv\u0103luit chiar de el: \u201eAscult orice, dar de obicei muzic\u0103 house, c\u0103 m\u0103 \u021bine totu\u0219i activ la volan\u201d.<\/p>\n<p class=\"p1\">\u00cenotul \u0219i \u0219ofatul se leag\u0103 mai mult dec\u00e2t pare.<\/p>\n<p class=\"p1\">\u201ePot spune c\u0103 aten\u021bia distributiv\u0103 a fost o chestie nativ\u0103. Asta pot s\u0103 spun c\u0103 m-a ajutat foarte mult \u0219i la \u00eenot \u0219i la \u0219ofat\u201d, mai poveste\u0219te Darius Coman.<\/p>\n<p class=\"p1\">El este unul dintre pu\u021binii \u00eencep\u0103tori care accept\u0103 sfaturile p\u0103rin\u021bilor, atunci c\u00e2nd se afl\u0103 cu el \u00een ma\u0219in\u0103. \u201eP\u0103rin\u021bii au \u00eencredere s\u0103 mearg\u0103 cu mine la volan. \u0218tiu cu cine merg. \u00cemi dau indica\u021bii, bine\u00een\u021beles. Am ce s\u0103 \u00eenv\u0103\u021b de la ei, av\u00e2nd destul de mul\u021bi ani de permis, mai ales de la tat\u0103l meu, care e un \u0219ofer des\u0103v\u00e2r\u0219it, cu foarte multe experien\u021be la volan. Tot felul de experien\u021be frumoase\u201d, poveste\u0219te specialistul \u00een probele de bras.<\/p>\n<p class=\"p1\"><b>Vrea s\u0103 mearg\u0103 cu ma\u0219ina pe un circuit auto<\/b><\/p>\n<p class=\"p1\">Dup\u0103 cum recunoa\u0219te, ador\u0103 adrenalina, a\u0219a c\u0103 nu s-ar da \u00een l\u0103turi din a participa la o curs\u0103 auto pe un circuit. De altfel, este un mare fan al sporturilor cu motor.<\/p>\n<p class=\"p1\">\u201eMi-ar pl\u0103cea foarte mult s\u0103 fac o curs\u0103 pe circuit. Chiar am vorbit cu un prieten bun care este pilot, doar c\u0103 nu exist\u0103 timp momentan. Acum m\u0103 uit mai rar la Formula 1. Nu prea mai \u00eemi place. A \u00eenceput s\u0103 devin\u0103 monoton\u0103 situa\u021bia. Foarte mult \u00eemi plac, \u00eens\u0103, cursele de anduran\u021b\u0103 \u0219i raliuri. Raliuri, vitez\u0103 \u00een coast\u0103. La vitez\u0103 \u00een coast\u0103 am fost de dou\u0103 ori. O dat\u0103 la Sinaia \u0219i o dat\u0103 la Poiana Bra\u0219ov\u201d, \u00ee\u0219i aminte\u0219te sportivul.<\/p>\n<p class=\"p1\">El spune f\u0103r\u0103 team\u0103 c\u0103 dac\u0103 s-ar \u00eent\u00e2mpla s\u0103 nu mai fac\u0103 \u00eenot, ar trece imediat la sporturi de contact sau auto. Important e s\u0103 fie adrenalin\u0103.<\/p>\n<p class=\"p1\">\u00a0\u201eDac\u0103 nu ar mai fi \u00eenotul, probabil m-a\u0219 reprofila, bine\u00een\u021beles tot pe sport. Cel mai probabil sporturi de contact sau motorsport. Raliuri, vitez\u0103 \u00een coast\u0103. \u00cemi place s\u0103 tr\u0103iesc intens. Tr\u0103iesc din adrenalin\u0103\u201d, spune cel care ar putea fi supranumit \u201eOmul Adrenalin\u0103\u201d.<\/p>\n<p data-path-to-node=\"1\">Sportivul legitimat la CSM Corona Bra\u0219ov a \u00eencetat de mult s\u0103 mai fie doar o \u201epromisiune\u201d, devenind unul dintre cei mai eficien\u021bi performeri ai Rom\u00e2niei, cu recorduri na\u021bionale dobor\u00e2te la foc automat \u0219i clas\u0103ri de top la nivel continental.<\/p>\n<p data-path-to-node=\"2\">Recent, la Campionatele Europene de \u00eenot \u00een bazin scurt (25m) de la Lublin (Polonia), desf\u0103\u0219urate \u00een decembrie 2025, Coman a confirmat forma de gra\u021bie, ob\u021bin\u00e2nd un impresionant loc 5 \u00een finala probei de 200 m bras. Rezultatul a fost dublat de o performan\u021b\u0103 cronometric\u0103 remarcabil\u0103: 2:03.17, un nou record na\u021bional de seniori, corectat succesiv \u00een semifinale \u0219i final\u0103.<\/p>\n<h3 data-path-to-node=\"4\">Specialistul probelor de mixt \u0219i bras<\/h3>\n<p data-path-to-node=\"5\">De\u0219i polivalent, Darius Coman s-a concentrat \u00een ultimul an pe probele de bras \u0219i mixt, unde a demonstrat o maturitate tactic\u0103 neobi\u0219nuit\u0103 pentru v\u00e2rsta sa (18 ani). La Campionatele Na\u021bionale de la Otopeni (noiembrie 2025), el a fost figura central\u0103 a competi\u021biei masculine, reu\u0219ind:<\/p>\n<ul data-path-to-node=\"6\">\n<li>\n<p data-path-to-node=\"6,0,0\"><b data-path-to-node=\"6,0,0\" data-index-in-node=\"0\">Patru titluri na\u021bionale<\/b> \u00een probele de 100 m \u0219i 200 m bras, respectiv 200 m \u0219i 400 m mixt.<\/p>\n<\/li>\n<li>\n<p data-path-to-node=\"6,1,0\"><b data-path-to-node=\"6,1,0\" data-index-in-node=\"0\">Locul 1 \u00een clasamentul general individual<\/b> masculin, acumul\u00e2nd 899 de puncte.<\/p>\n<\/li>\n<li>\n<p data-path-to-node=\"6,2,0\">Stabilirea unor noi bareme pentru competi\u021biile interna\u021bionale de anvergur\u0103.<\/p>\n<\/li>\n<\/ul>\n<h3 data-path-to-node=\"7\">Disciplina din spatele succesului: Du\u0219uri reci la ora 5:00<\/h3>\n<p data-path-to-node=\"8\">Succesul lui Darius nu se bazeaz\u0103 doar pe talentul nativ, ci pe un regim spartan. T\u00e2n\u0103rul \u00eenot\u0103tor a devenit cunoscut pentru ritualul s\u0103u de \u201ecampion\u201d: trezirea \u00een fiecare diminea\u021b\u0103 la ora 5:00, urmat\u0103 de un du\u0219 cu ap\u0103 rece pentru activarea sistemului nervos \u00eenainte de antrenamentele istovitoare.<\/p>\n<p data-path-to-node=\"9\">\u201eSunt foarte multe dimine\u021bi cu trezit de la 5, dup\u0103 mers la \u0219coal\u0103 \u0219i din nou la antrenament. Mi-am r\u0103spl\u0103tit munca, a mea, a p\u0103rin\u021bilor \u0219i a antrenorului meu\u201d, declara sportivul dup\u0103 stabilirea recordurilor la Otopeni.<\/p>\n<h3 data-path-to-node=\"11\">Evolu\u021bia cronometric\u0103: Recorduri peste recorduri<\/h3>\n<p data-path-to-node=\"12\">Darius Coman a \u00eenceput s\u0103 atrag\u0103 aten\u021bia la nivel interna\u021bional \u00eenc\u0103 de la 16 ani, c\u00e2nd la Europenele de la Otopeni (2023) a stabilit recorduri na\u021bionale la categoria sa de v\u00e2rst\u0103. \u00cen 2025, el a f\u0103cut pasul definitiv c\u0103tre elita seniorilor:<\/p>\n<table data-path-to-node=\"13\">\n<thead>\n<tr>\n<td><strong>Prob\u0103<\/strong><\/td>\n<td><strong>Timp (Bazin Scurt)<\/strong><\/td>\n<td><strong>Performan\u021b\u0103<\/strong><\/td>\n<\/tr>\n<\/thead>\n<tbody>\n<tr>\n<td><span data-path-to-node=\"13,1,0,0\"><b data-path-to-node=\"13,1,0,0\" data-index-in-node=\"0\">200 m Bras<\/b><\/span><\/td>\n<td><span data-path-to-node=\"13,1,1,0\">2:03.17<\/span><\/td>\n<td><span data-path-to-node=\"13,1,2,0\">Record Na\u021bional Seniori (Lublin 2025)<\/span><\/td>\n<\/tr>\n<tr>\n<td><span data-path-to-node=\"13,2,0,0\"><b data-path-to-node=\"13,2,0,0\" data-index-in-node=\"0\">100 m Bras<\/b><\/span><\/td>\n<td><span data-path-to-node=\"13,2,1,0\">58.19<\/span><\/td>\n<td><span data-path-to-node=\"13,2,2,0\">Record Na\u021bional (Otopeni 2025)<\/span><\/td>\n<\/tr>\n<tr>\n<td><span data-path-to-node=\"13,3,0,0\"><b data-path-to-node=\"13,3,0,0\" data-index-in-node=\"0\">200 m Mixt<\/b><\/span><\/td>\n<td><span data-path-to-node=\"13,3,1,0\">1:54.40<\/span><\/td>\n<td><span data-path-to-node=\"13,3,2,0\">Record Na\u021bional (Otopeni 2025)<\/span><\/td>\n<\/tr>\n<tr>\n<td><span data-path-to-node=\"13,4,0,0\"><b data-path-to-node=\"13,4,0,0\" data-index-in-node=\"0\">400 m Mixt<\/b><\/span><\/td>\n<td><span data-path-to-node=\"13,4,1,0\">4:05.03<\/span><\/td>\n<td><span data-path-to-node=\"13,4,2,0\">Record Na\u021bional (Otopeni 2025)<\/span><\/td>\n<\/tr>\n<\/tbody>\n<\/table>\n<h3 data-path-to-node=\"14\">Perspective pentru 2026: Spre elita mondial\u0103<\/h3>\n<p data-path-to-node=\"15\">Dup\u0103 clasarea pe locul 6 la Campionatele Mondiale de Juniori \u0219i locul 5 la Europenele de Seniori \u00een bazin scurt, obiectivul lui Darius Coman este clar: tranzitarea succesului din bazinul de 25m \u00een cel olimpic (50m).<\/p>\n<blockquote class=\"wp-embedded-content\" data-secret=\"synZeZrZgw\"><p><a href=\"https:\/\/copilarie.org\/index.php\/2026\/01\/02\/sportincluj-dan-petrescu-face-chimioterapie-si-a-slabit-considerabil\/\">SportinCluj: Dan Petrescu face chimioterapie \u0219i a sl\u0103bit considerabil<\/a><\/p><\/blockquote>\n<p><iframe loading=\"lazy\" class=\"wp-embedded-content\" sandbox=\"allow-scripts\" security=\"restricted\" style=\"position: absolute; visibility: hidden;\" title=\"&#8222;SportinCluj: Dan Petrescu face chimioterapie \u0219i a sl\u0103bit considerabil&#8221; &#8211; Copil\u0103rie.org\" src=\"https:\/\/copilarie.org\/index.php\/2026\/01\/02\/sportincluj-dan-petrescu-face-chimioterapie-si-a-slabit-considerabil\/embed\/#?secret=G32NkL1tGI#?secret=synZeZrZgw\" data-secret=\"synZeZrZgw\" width=\"600\" height=\"338\" frameborder=\"0\" marginwidth=\"0\" marginheight=\"0\" scrolling=\"no\"><\/iframe><\/p>\n<p class=\"p1\">\n<p class=\"p1\">\n<p class=\"p1\">\n<p class=\"p1\">\n<p class=\"p1\">\n<p class=\"p1\">\n","protected":false},"excerpt":{"rendered":"<p>Darius Coman adun\u0103 titluri \u0219i recorduri \u00een bazin, dar mintea lui alearg\u0103 \u0219i la vitez\u0103, motoare \u0219i raliuri. Multiplu campion na\u021bional la \u00eenot, elev \u00een clasa a XII a, el tr\u0103ie\u0219te un an complicat, \u00eentre antrenamente zilnice \u0219i preg\u0103tirea pentru Bacalaureat. De\u0219i are doar 18 ani, Darius Coman are calmul unui sportiv format \u0219i energia [&hellip;]<\/p>\n","protected":false},"author":6,"featured_media":3794,"comment_status":"open","ping_status":"open","sticky":false,"template":"","format":"standard","meta":{"footnotes":""},"categories":[1,19],"tags":[628,333,24,626,627,344,345],"class_list":{"0":"post-3793","1":"post","2":"type-post","3":"status-publish","4":"format-standard","5":"has-post-thumbnail","7":"category-acasa","8":"category-stiri","9":"tag-campion","10":"tag-claudiu-padurean","11":"tag-copilarie-org","12":"tag-darius-coman","13":"tag-inot","14":"tag-news","15":"tag-stiri"},"yoast_head":"<!-- This site is optimized with the Yoast SEO plugin v23.6 - https:\/\/yoast.com\/wordpress\/plugins\/seo\/ -->\n<title>El e \u201eOmul Adrenalin\u0103\u201d! Bate recorduri la \u00eenot \u0219i vrea s\u0103 participe la curse de raliuri - Copil\u0103rie.org<\/title>\n<meta name=\"robots\" content=\"index, follow, max-snippet:-1, max-image-preview:large, max-video-preview:-1\" \/>\n<link rel=\"canonical\" href=\"https:\/\/copilarie.org\/index.php\/2026\/01\/13\/el-e-omul-adrenalina-bate-recorduri-la-inot-si-vrea-sa-participe-la-curse-de-raliuri\/\" \/>\n<meta property=\"og:locale\" content=\"ro_RO\" \/>\n<meta property=\"og:type\" content=\"article\" \/>\n<meta property=\"og:title\" content=\"El e \u201eOmul Adrenalin\u0103\u201d! Bate recorduri la \u00eenot \u0219i vrea s\u0103 participe la curse de raliuri - Copil\u0103rie.org\" \/>\n<meta property=\"og:description\" content=\"Darius Coman adun\u0103 titluri \u0219i recorduri \u00een bazin, dar mintea lui alearg\u0103 \u0219i la vitez\u0103, motoare \u0219i raliuri. Multiplu campion na\u021bional la \u00eenot, elev \u00een clasa a XII a, el tr\u0103ie\u0219te un an complicat, \u00eentre antrenamente zilnice \u0219i preg\u0103tirea pentru Bacalaureat. De\u0219i are doar 18 ani, Darius Coman are calmul unui sportiv format \u0219i energia [&hellip;]\" \/>\n<meta property=\"og:url\" content=\"https:\/\/copilarie.org\/index.php\/2026\/01\/13\/el-e-omul-adrenalina-bate-recorduri-la-inot-si-vrea-sa-participe-la-curse-de-raliuri\/\" \/>\n<meta property=\"og:site_name\" content=\"Copil\u0103rie.org\" \/>\n<meta property=\"article:publisher\" content=\"https:\/\/www.facebook.com\/copilarie.org\/\" \/>\n<meta property=\"article:published_time\" content=\"2026-01-13T10:09:23+00:00\" \/>\n<meta property=\"og:image\" content=\"https:\/\/copilarie.org\/wp-content\/uploads\/2026\/01\/Darius-Coman-campion-national-FOTO-FRNPM.jpg\" \/>\n\t<meta property=\"og:image:width\" content=\"2048\" \/>\n\t<meta property=\"og:image:height\" content=\"1157\" \/>\n\t<meta property=\"og:image:type\" content=\"image\/jpeg\" \/>\n<meta name=\"author\" content=\"Claudiu Padurean\" \/>\n<meta name=\"twitter:card\" content=\"summary_large_image\" \/>\n<meta name=\"twitter:creator\" content=\"@CopilarieOrg\" \/>\n<meta name=\"twitter:site\" content=\"@CopilarieOrg\" \/>\n<meta name=\"twitter:label1\" content=\"Scris de\" \/>\n\t<meta name=\"twitter:data1\" content=\"Claudiu Padurean\" \/>\n\t<meta name=\"twitter:label2\" content=\"Timp estimat pentru citire\" \/>\n\t<meta name=\"twitter:data2\" content=\"8 minute\" \/>\n<script type=\"application\/ld+json\" class=\"yoast-schema-graph\">{\"@context\":\"https:\/\/schema.org\",\"@graph\":[{\"@type\":\"WebPage\",\"@id\":\"https:\/\/copilarie.org\/index.php\/2026\/01\/13\/el-e-omul-adrenalina-bate-recorduri-la-inot-si-vrea-sa-participe-la-curse-de-raliuri\/\",\"url\":\"https:\/\/copilarie.org\/index.php\/2026\/01\/13\/el-e-omul-adrenalina-bate-recorduri-la-inot-si-vrea-sa-participe-la-curse-de-raliuri\/\",\"name\":\"El e \u201eOmul Adrenalin\u0103\u201d! Bate recorduri la \u00eenot \u0219i vrea s\u0103 participe la curse de raliuri - Copil\u0103rie.org\",\"isPartOf\":{\"@id\":\"https:\/\/copilarie.org\/#website\"},\"primaryImageOfPage\":{\"@id\":\"https:\/\/copilarie.org\/index.php\/2026\/01\/13\/el-e-omul-adrenalina-bate-recorduri-la-inot-si-vrea-sa-participe-la-curse-de-raliuri\/#primaryimage\"},\"image\":{\"@id\":\"https:\/\/copilarie.org\/index.php\/2026\/01\/13\/el-e-omul-adrenalina-bate-recorduri-la-inot-si-vrea-sa-participe-la-curse-de-raliuri\/#primaryimage\"},\"thumbnailUrl\":\"https:\/\/copilarie.org\/wp-content\/uploads\/2026\/01\/Darius-Coman-campion-national-FOTO-FRNPM.jpg\",\"datePublished\":\"2026-01-13T10:09:23+00:00\",\"dateModified\":\"2026-01-13T10:09:23+00:00\",\"author\":{\"@id\":\"https:\/\/copilarie.org\/#\/schema\/person\/cc68df24fe273441f59111720355e6d7\"},\"breadcrumb\":{\"@id\":\"https:\/\/copilarie.org\/index.php\/2026\/01\/13\/el-e-omul-adrenalina-bate-recorduri-la-inot-si-vrea-sa-participe-la-curse-de-raliuri\/#breadcrumb\"},\"inLanguage\":\"ro-RO\",\"potentialAction\":[{\"@type\":\"ReadAction\",\"target\":[\"https:\/\/copilarie.org\/index.php\/2026\/01\/13\/el-e-omul-adrenalina-bate-recorduri-la-inot-si-vrea-sa-participe-la-curse-de-raliuri\/\"]}]},{\"@type\":\"ImageObject\",\"inLanguage\":\"ro-RO\",\"@id\":\"https:\/\/copilarie.org\/index.php\/2026\/01\/13\/el-e-omul-adrenalina-bate-recorduri-la-inot-si-vrea-sa-participe-la-curse-de-raliuri\/#primaryimage\",\"url\":\"https:\/\/copilarie.org\/wp-content\/uploads\/2026\/01\/Darius-Coman-campion-national-FOTO-FRNPM.jpg\",\"contentUrl\":\"https:\/\/copilarie.org\/wp-content\/uploads\/2026\/01\/Darius-Coman-campion-national-FOTO-FRNPM.jpg\",\"width\":2048,\"height\":1157},{\"@type\":\"BreadcrumbList\",\"@id\":\"https:\/\/copilarie.org\/index.php\/2026\/01\/13\/el-e-omul-adrenalina-bate-recorduri-la-inot-si-vrea-sa-participe-la-curse-de-raliuri\/#breadcrumb\",\"itemListElement\":[{\"@type\":\"ListItem\",\"position\":1,\"name\":\"Prima pagin\u0103\",\"item\":\"https:\/\/copilarie.org\/\"},{\"@type\":\"ListItem\",\"position\":2,\"name\":\"El e \u201eOmul Adrenalin\u0103\u201d! Bate recorduri la \u00eenot \u0219i vrea s\u0103 participe la curse de raliuri\"}]},{\"@type\":\"WebSite\",\"@id\":\"https:\/\/copilarie.org\/#website\",\"url\":\"https:\/\/copilarie.org\/\",\"name\":\"Copil\u0103rie.org\",\"description\":\"\u00cen pas cu tine\",\"potentialAction\":[{\"@type\":\"SearchAction\",\"target\":{\"@type\":\"EntryPoint\",\"urlTemplate\":\"https:\/\/copilarie.org\/?s={search_term_string}\"},\"query-input\":{\"@type\":\"PropertyValueSpecification\",\"valueRequired\":true,\"valueName\":\"search_term_string\"}}],\"inLanguage\":\"ro-RO\"},{\"@type\":\"Person\",\"@id\":\"https:\/\/copilarie.org\/#\/schema\/person\/cc68df24fe273441f59111720355e6d7\",\"name\":\"Claudiu Padurean\",\"image\":{\"@type\":\"ImageObject\",\"inLanguage\":\"ro-RO\",\"@id\":\"https:\/\/copilarie.org\/#\/schema\/person\/image\/\",\"url\":\"https:\/\/secure.gravatar.com\/avatar\/f254259557f5b35053cf76205615a03f17a29fe60ac58ed31adacef6a3f612f9?s=96&d=mm&r=g\",\"contentUrl\":\"https:\/\/secure.gravatar.com\/avatar\/f254259557f5b35053cf76205615a03f17a29fe60ac58ed31adacef6a3f612f9?s=96&d=mm&r=g\",\"caption\":\"Claudiu Padurean\"}}]}<\/script>\n<!-- \/ Yoast SEO plugin. -->","yoast_head_json":{"title":"El e \u201eOmul Adrenalin\u0103\u201d! Bate recorduri la \u00eenot \u0219i vrea s\u0103 participe la curse de raliuri - Copil\u0103rie.org","robots":{"index":"index","follow":"follow","max-snippet":"max-snippet:-1","max-image-preview":"max-image-preview:large","max-video-preview":"max-video-preview:-1"},"canonical":"https:\/\/copilarie.org\/index.php\/2026\/01\/13\/el-e-omul-adrenalina-bate-recorduri-la-inot-si-vrea-sa-participe-la-curse-de-raliuri\/","og_locale":"ro_RO","og_type":"article","og_title":"El e \u201eOmul Adrenalin\u0103\u201d! Bate recorduri la \u00eenot \u0219i vrea s\u0103 participe la curse de raliuri - Copil\u0103rie.org","og_description":"Darius Coman adun\u0103 titluri \u0219i recorduri \u00een bazin, dar mintea lui alearg\u0103 \u0219i la vitez\u0103, motoare \u0219i raliuri. Multiplu campion na\u021bional la \u00eenot, elev \u00een clasa a XII a, el tr\u0103ie\u0219te un an complicat, \u00eentre antrenamente zilnice \u0219i preg\u0103tirea pentru Bacalaureat. De\u0219i are doar 18 ani, Darius Coman are calmul unui sportiv format \u0219i energia [&hellip;]","og_url":"https:\/\/copilarie.org\/index.php\/2026\/01\/13\/el-e-omul-adrenalina-bate-recorduri-la-inot-si-vrea-sa-participe-la-curse-de-raliuri\/","og_site_name":"Copil\u0103rie.org","article_publisher":"https:\/\/www.facebook.com\/copilarie.org\/","article_published_time":"2026-01-13T10:09:23+00:00","og_image":[{"width":2048,"height":1157,"url":"https:\/\/copilarie.org\/wp-content\/uploads\/2026\/01\/Darius-Coman-campion-national-FOTO-FRNPM.jpg","type":"image\/jpeg"}],"author":"Claudiu Padurean","twitter_card":"summary_large_image","twitter_creator":"@CopilarieOrg","twitter_site":"@CopilarieOrg","twitter_misc":{"Scris de":"Claudiu Padurean","Timp estimat pentru citire":"8 minute"},"schema":{"@context":"https:\/\/schema.org","@graph":[{"@type":"WebPage","@id":"https:\/\/copilarie.org\/index.php\/2026\/01\/13\/el-e-omul-adrenalina-bate-recorduri-la-inot-si-vrea-sa-participe-la-curse-de-raliuri\/","url":"https:\/\/copilarie.org\/index.php\/2026\/01\/13\/el-e-omul-adrenalina-bate-recorduri-la-inot-si-vrea-sa-participe-la-curse-de-raliuri\/","name":"El e \u201eOmul Adrenalin\u0103\u201d! Bate recorduri la \u00eenot \u0219i vrea s\u0103 participe la curse de raliuri - Copil\u0103rie.org","isPartOf":{"@id":"https:\/\/copilarie.org\/#website"},"primaryImageOfPage":{"@id":"https:\/\/copilarie.org\/index.php\/2026\/01\/13\/el-e-omul-adrenalina-bate-recorduri-la-inot-si-vrea-sa-participe-la-curse-de-raliuri\/#primaryimage"},"image":{"@id":"https:\/\/copilarie.org\/index.php\/2026\/01\/13\/el-e-omul-adrenalina-bate-recorduri-la-inot-si-vrea-sa-participe-la-curse-de-raliuri\/#primaryimage"},"thumbnailUrl":"https:\/\/copilarie.org\/wp-content\/uploads\/2026\/01\/Darius-Coman-campion-national-FOTO-FRNPM.jpg","datePublished":"2026-01-13T10:09:23+00:00","dateModified":"2026-01-13T10:09:23+00:00","author":{"@id":"https:\/\/copilarie.org\/#\/schema\/person\/cc68df24fe273441f59111720355e6d7"},"breadcrumb":{"@id":"https:\/\/copilarie.org\/index.php\/2026\/01\/13\/el-e-omul-adrenalina-bate-recorduri-la-inot-si-vrea-sa-participe-la-curse-de-raliuri\/#breadcrumb"},"inLanguage":"ro-RO","potentialAction":[{"@type":"ReadAction","target":["https:\/\/copilarie.org\/index.php\/2026\/01\/13\/el-e-omul-adrenalina-bate-recorduri-la-inot-si-vrea-sa-participe-la-curse-de-raliuri\/"]}]},{"@type":"ImageObject","inLanguage":"ro-RO","@id":"https:\/\/copilarie.org\/index.php\/2026\/01\/13\/el-e-omul-adrenalina-bate-recorduri-la-inot-si-vrea-sa-participe-la-curse-de-raliuri\/#primaryimage","url":"https:\/\/copilarie.org\/wp-content\/uploads\/2026\/01\/Darius-Coman-campion-national-FOTO-FRNPM.jpg","contentUrl":"https:\/\/copilarie.org\/wp-content\/uploads\/2026\/01\/Darius-Coman-campion-national-FOTO-FRNPM.jpg","width":2048,"height":1157},{"@type":"BreadcrumbList","@id":"https:\/\/copilarie.org\/index.php\/2026\/01\/13\/el-e-omul-adrenalina-bate-recorduri-la-inot-si-vrea-sa-participe-la-curse-de-raliuri\/#breadcrumb","itemListElement":[{"@type":"ListItem","position":1,"name":"Prima pagin\u0103","item":"https:\/\/copilarie.org\/"},{"@type":"ListItem","position":2,"name":"El e \u201eOmul Adrenalin\u0103\u201d! Bate recorduri la \u00eenot \u0219i vrea s\u0103 participe la curse de raliuri"}]},{"@type":"WebSite","@id":"https:\/\/copilarie.org\/#website","url":"https:\/\/copilarie.org\/","name":"Copil\u0103rie.org","description":"\u00cen pas cu tine","potentialAction":[{"@type":"SearchAction","target":{"@type":"EntryPoint","urlTemplate":"https:\/\/copilarie.org\/?s={search_term_string}"},"query-input":{"@type":"PropertyValueSpecification","valueRequired":true,"valueName":"search_term_string"}}],"inLanguage":"ro-RO"},{"@type":"Person","@id":"https:\/\/copilarie.org\/#\/schema\/person\/cc68df24fe273441f59111720355e6d7","name":"Claudiu Padurean","image":{"@type":"ImageObject","inLanguage":"ro-RO","@id":"https:\/\/copilarie.org\/#\/schema\/person\/image\/","url":"https:\/\/secure.gravatar.com\/avatar\/f254259557f5b35053cf76205615a03f17a29fe60ac58ed31adacef6a3f612f9?s=96&d=mm&r=g","contentUrl":"https:\/\/secure.gravatar.com\/avatar\/f254259557f5b35053cf76205615a03f17a29fe60ac58ed31adacef6a3f612f9?s=96&d=mm&r=g","caption":"Claudiu Padurean"}}]}},"_links":{"self":[{"href":"https:\/\/copilarie.org\/index.php\/wp-json\/wp\/v2\/posts\/3793","targetHints":{"allow":["GET"]}}],"collection":[{"href":"https:\/\/copilarie.org\/index.php\/wp-json\/wp\/v2\/posts"}],"about":[{"href":"https:\/\/copilarie.org\/index.php\/wp-json\/wp\/v2\/types\/post"}],"author":[{"embeddable":true,"href":"https:\/\/copilarie.org\/index.php\/wp-json\/wp\/v2\/users\/6"}],"replies":[{"embeddable":true,"href":"https:\/\/copilarie.org\/index.php\/wp-json\/wp\/v2\/comments?post=3793"}],"version-history":[{"count":1,"href":"https:\/\/copilarie.org\/index.php\/wp-json\/wp\/v2\/posts\/3793\/revisions"}],"predecessor-version":[{"id":3795,"href":"https:\/\/copilarie.org\/index.php\/wp-json\/wp\/v2\/posts\/3793\/revisions\/3795"}],"wp:featuredmedia":[{"embeddable":true,"href":"https:\/\/copilarie.org\/index.php\/wp-json\/wp\/v2\/media\/3794"}],"wp:attachment":[{"href":"https:\/\/copilarie.org\/index.php\/wp-json\/wp\/v2\/media?parent=3793"}],"wp:term":[{"taxonomy":"category","embeddable":true,"href":"https:\/\/copilarie.org\/index.php\/wp-json\/wp\/v2\/categories?post=3793"},{"taxonomy":"post_tag","embeddable":true,"href":"https:\/\/copilarie.org\/index.php\/wp-json\/wp\/v2\/tags?post=3793"}],"curies":[{"name":"wp","href":"https:\/\/api.w.org\/{rel}","templated":true}]}}