{"id":3798,"date":"2026-01-14T15:52:15","date_gmt":"2026-01-14T15:52:15","guid":{"rendered":"https:\/\/copilarie.org\/?p=3798"},"modified":"2026-01-14T15:52:15","modified_gmt":"2026-01-14T15:52:15","slug":"d-g-a-s-p-c-cluj-lanseaza-proiectul-erasmus-generatii-fara-adictii-construind-o-comunitate-incluziva","status":"publish","type":"post","link":"https:\/\/copilarie.org\/index.php\/2026\/01\/14\/d-g-a-s-p-c-cluj-lanseaza-proiectul-erasmus-generatii-fara-adictii-construind-o-comunitate-incluziva\/","title":{"rendered":"D.G.A.S.P.C. Cluj lanseaz\u0103 proiectul Erasmus+ \u201eGenera\u021bii f\u0103r\u0103 adic\u021bii \u2013 Construind o comunitate incluziv\u0103\u201d"},"content":{"rendered":"<p style=\"font-weight: 400;\"><strong>Direc\u021bia General\u0103 de Asisten\u021b\u0103 Social\u0103 \u0219i Protec\u021bia Copilului Cluj, institu\u021bie aflat\u0103 \u00een subordinea Consiliului Jude\u021bean Cluj, prin Centrul Comunitar Jude\u021bean Cluj, organizeaz\u0103 Conferin\u021ba de lansare a proiectului Erasmus+ \u201eGenera\u021bii f\u0103r\u0103 adic\u021bii \u2013 Construind o comunitate incluziv\u0103\u201d, un demers european dedicat prevenirii, interven\u021biei \u0219i recuper\u0103rii \u00een domeniul adic\u021biilor, cu accent pe dezvoltarea serviciilor sociale \u0219i consolidarea competen\u021belor profesioni\u0219tilor din domeniu.<\/strong><\/p>\n<p style=\"font-weight: 400;\">Conferin\u021ba oficial\u0103 de lansare a proiectului \u201eGenera\u021bii f\u0103r\u0103 adic\u021bii \u2013 Construind o comunitate incluziv\u0103\u201d va avea loc \u00een data de 22 ianuarie 2026, ora 10.00, la sediul \u0218colii Populare de Arte \u201eTudor Jarda\u201d din Cluj-Napoca, Str. Fabricii de Zah\u0103r, nr. 51.<\/p>\n<p style=\"font-weight: 400;\">Alin Ti\u0219e, pre\u0219edintele Consiliului Jude\u021bean Cluj, a declarat: \u201eAdic\u021biile reprezint\u0103 o provocare major\u0103 pentru genera\u021biile actuale, fiind nevoie de un r\u0103spuns axat pe preven\u021bie. Tocmai de aceea dorim s\u0103 dezvolt\u0103m servicii dedicate persoanelor cu adic\u021bii, prin interven\u021bii adaptate nevoilor reale ale beneficiarilor\u201d.<\/p>\n<p style=\"font-weight: 400;\">Proiectul \u00ee\u0219i asum\u0103 dezvoltarea competen\u021belor \u0219i abilit\u0103\u021bilor grupului \u021bint\u0103 pentru furnizarea de servicii de calitate, pe parcursul celor 24 de luni de implementare, crearea \u0219i implementarea unor modele de bune practici, diversificarea \u0219i adaptarea serviciilor dedicate persoanelor cu adic\u021bii, c\u00e2t \u0219i cre\u0219terea vizibilit\u0103\u021bii interna\u021bionale a proiectului, prin promovarea rezultatelor acestuia, spune vicepre\u0219edintele Consiliului Jude\u021bean Cluj, V\u00e1k\u00e1r Istv\u00e1n.<\/p>\n<p style=\"font-weight: 400;\">Ini\u021biativa este realizat\u0103 \u00een parteneriat cu organiza\u021bii specializate din Italia \u0219i Grecia, contribuind la dezvoltarea unei re\u021bele europene de cooperare \u0219i schimb de bune practici.<\/p>\n<p style=\"font-weight: 400;\">De asemenea, pe l\u00e2ng\u0103 activit\u0103\u021bile planificate \u00een structura proiectului, va avea loc \u0219i o sesiune de discu\u021bii deschise privind rolul organiza\u021biilor, institu\u021biilor de profil, familiilor \u0219i speciali\u0219tilor \u00een dezvoltarea unui mediu suportiv pentru persoanele confruntate cu adic\u021bii.<\/p>\n<p style=\"font-weight: 400;\">Totodat\u0103, pentru a marca debutul proiectului \u0219i pentru a atrage aten\u021bia comunit\u0103\u021bii asupra problematicii adic\u021biilor, D.G.A.S.P.C. Cluj va organiza un\u00a0Flash Mob de promovare \u00een data de 15 ianuarie 2026, de la ora 18:00, \u00een incinta Aeroportului Interna\u021bional \u201eAvram Iancu\u201d Cluj. Evenimentul este organizat \u00een parteneriat cu Studioul de Dans Frizzante, care va coordona momentul artistic, al\u0103turi de tineri, speciali\u0219ti \u0219i voluntari implica\u021bi \u00een proiect.<\/p>\n<p>Acest proiect este necesar \u00een condi\u021biile \u00een care situa\u021bia \u00een jude\u021bul Cluj este tot mai complicat\u0103. De la substan\u021be psihoactive de sintez\u0103 p\u00e2n\u0103 la consumul problematic de alcool \u0219i pariuri sportive, Clujul a devenit un epicentru al dependen\u021belor, ceea ce pune o presiune imens\u0103 pe sistemul medical \u0219i pe cel de asisten\u021b\u0103 social\u0103.<\/p>\n<p data-path-to-node=\"2\">\u00cen 2026, cifrele oficiale \u0219i raport\u0103rile organiza\u021biilor neguvernamentale indic\u0103 o sc\u0103dere alarmant\u0103 a v\u00e2rstei de debut, copiii de 12-13 ani devenind victime sigure ale noilor substan\u021be psihoactive.<\/p>\n<h3 data-path-to-node=\"4\">Radiografia consumului: De la \u201eCristal\u201d la droguri de mare risc<\/h3>\n<p data-path-to-node=\"5\">Clujul nu mai este doar un ora\u0219 de tranzit pentru trafican\u021bi, ci o pia\u021b\u0103 de consum matur\u0103 \u0219i diversificat\u0103. \u00cen ultimii doi ani, structura consumului s-a modificat periculos:<\/p>\n<ul data-path-to-node=\"6\">\n<li>\n<p data-path-to-node=\"6,0,0\"><b data-path-to-node=\"6,0,0\" data-index-in-node=\"0\">Substan\u021bele psihoactive (etnobotanicele):<\/b> R\u0103m\u00e2n cele mai r\u0103sp\u00e2ndite din cauza pre\u021bului sc\u0103zut (uneori sub 20-30 de lei doza) \u0219i a u\u0219urin\u021bei de achizi\u021bie prin intermediul platformelor de mesagerie criptat\u0103.<\/p>\n<\/li>\n<li>\n<p data-path-to-node=\"6,1,0\"><b data-path-to-node=\"6,1,0\" data-index-in-node=\"0\">Drogurile de mare risc (cocaina \u0219i ecstasy):<\/b> Sunt prezente masiv \u00een cluburi \u0219i la evenimentele private, fiind asociate adesea cu statutul social ridicat \u0219i via\u021ba de noapte intens\u0103 a ora\u0219ului.<\/p>\n<\/li>\n<li>\n<p data-path-to-node=\"6,2,0\"><b data-path-to-node=\"6,2,0\" data-index-in-node=\"0\">Adic\u021biile \u201einvizibile\u201d:<\/b> Alcoolul \u0219i jocurile de noroc continu\u0103 s\u0103 ruineze familii \u00een zonele rurale \u0219i periurbane ale jude\u021bului, fiind adesea acceptate social p\u00e2n\u0103 c\u00e2nd devin patologice.<\/p>\n<\/li>\n<\/ul>\n<h3 data-path-to-node=\"8\">Infrastructura de tratament: \u201eO pic\u0103tur\u0103 \u00eentr-un ocean\u201d<\/h3>\n<p data-path-to-node=\"9\">Marea problem\u0103 a jude\u021bului Cluj nu este doar consumul, ci lipsa acut\u0103 a centrelor de recuperare pe termen lung. \u00cen prezent, pacien\u021bii afla\u021bi \u00een criz\u0103 trec prin urm\u0103torul circuit:<\/p>\n<ol start=\"1\" data-path-to-node=\"10\">\n<li>\n<p data-path-to-node=\"10,0,0\"><b data-path-to-node=\"10,0,0\" data-index-in-node=\"0\">Unitatea de Primiri Urgen\u021be (UPU):<\/b> Unde se trateaz\u0103 simptomele imediate ale supradozei sau sevrajului sever.<\/p>\n<\/li>\n<li>\n<p data-path-to-node=\"10,1,0\"><b data-path-to-node=\"10,1,0\" data-index-in-node=\"0\">Spitalul de Psihiatrie:<\/b> Unde are loc dezintoxicarea (cur\u0103\u021barea organismului), proces care dureaz\u0103 de regul\u0103 \u00eentre 10 \u0219i 14 zile.<\/p>\n<\/li>\n<li>\n<p data-path-to-node=\"10,2,0\"><strong>Vidul post-spitalizare:<\/strong> Dup\u0103 externare, pacientul revine \u00een acela\u0219i mediu care l-a \u00eemboln\u0103vit, deoarece jude\u021bul duce o lips\u0103 cronic\u0103 de centre reziden\u021biale post-cur\u0103 finan\u021bate de stat, unde recuperarea ar trebui s\u0103 continue luni de zile.<\/p>\n<\/li>\n<\/ol>\n<h3 data-path-to-node=\"11\">Societatea civil\u0103 \u0219i ini\u021biativele locale<\/h3>\n<p data-path-to-node=\"12\">\u00cen lipsa unui r\u0103spuns sistemic robust de la nivel central, organiza\u021biile neguvernamentale \u0219i ini\u021biativele locale \u00eencearc\u0103 s\u0103 acopere golurile. Programe precum \u201eSf\u00e2ntul Dimitrie\u201d sau parteneriatele cu Arhiepiscopia Ortodox\u0103 a Vadului, Feleacului \u0219i Clujului ofer\u0103 suport spiritual \u0219i consiliere, \u00eens\u0103 resursele sunt limitate \u00een compara\u021bie cu amploarea fenomenului.<\/p>\n<h3 data-path-to-node=\"15\">Preven\u021bia \u00een \u0219coli: Dincolo de pliantele pr\u0103fuite<\/h3>\n<p data-path-to-node=\"16\">\u00cen 2026, campaniile de preven\u021bie au \u00eenceput s\u0103 se schimbe. Autorit\u0103\u021bile jude\u021bene, \u00eempreun\u0103 cu Agen\u021bia Na\u021bional\u0103 Antidrog, au \u00een\u021beles c\u0103 \u201esperiatul copiilor\u201d nu mai func\u021bioneaz\u0103. Accentul se mut\u0103 pe dezvoltarea abilit\u0103\u021bilor emo\u021bionale \u0219i pe implicarea fo\u0219tilor consumatori \u00een dialogul cu liceenii, pentru a demonta mitul drogului \u201erecrea\u021bional\u201d care nu d\u0103 dependen\u021b\u0103.<\/p>\n<blockquote class=\"wp-embedded-content\" data-secret=\"vHq416HQuf\"><p><a href=\"https:\/\/copilarie.org\/index.php\/2026\/01\/03\/via-transilvanica-recomandata-drept-destinatie-turistica-de-cel-mai-vechi-ziar-din-uk\/\">Via Transilvanica, recomandat\u0103 drept destina\u021bie turistic\u0103 de cel mai vechi ziar din UK<\/a><\/p><\/blockquote>\n<p><iframe loading=\"lazy\" class=\"wp-embedded-content\" sandbox=\"allow-scripts\" security=\"restricted\" style=\"position: absolute; visibility: hidden;\" title=\"&#8222;Via Transilvanica, recomandat\u0103 drept destina\u021bie turistic\u0103 de cel mai vechi ziar din UK&#8221; &#8211; Copil\u0103rie.org\" src=\"https:\/\/copilarie.org\/index.php\/2026\/01\/03\/via-transilvanica-recomandata-drept-destinatie-turistica-de-cel-mai-vechi-ziar-din-uk\/embed\/#?secret=O3xSGWDJRZ#?secret=vHq416HQuf\" data-secret=\"vHq416HQuf\" width=\"600\" height=\"338\" frameborder=\"0\" marginwidth=\"0\" marginheight=\"0\" scrolling=\"no\"><\/iframe><\/p>\n","protected":false},"excerpt":{"rendered":"<p>Direc\u021bia General\u0103 de Asisten\u021b\u0103 Social\u0103 \u0219i Protec\u021bia Copilului Cluj, institu\u021bie aflat\u0103 \u00een subordinea Consiliului Jude\u021bean Cluj, prin Centrul Comunitar Jude\u021bean Cluj, organizeaz\u0103 Conferin\u021ba de lansare a proiectului Erasmus+ \u201eGenera\u021bii f\u0103r\u0103 adic\u021bii \u2013 Construind o comunitate incluziv\u0103\u201d, un demers european dedicat prevenirii, interven\u021biei \u0219i recuper\u0103rii \u00een domeniul adic\u021biilor, cu accent pe dezvoltarea serviciilor sociale \u0219i consolidarea [&hellip;]<\/p>\n","protected":false},"author":6,"featured_media":3800,"comment_status":"open","ping_status":"open","sticky":false,"template":"","format":"standard","meta":{"footnotes":""},"categories":[1,20],"tags":[629,493,333,411,24,630,344,345,475],"class_list":{"0":"post-3798","1":"post","2":"type-post","3":"status-publish","4":"format-standard","5":"has-post-thumbnail","7":"category-acasa","8":"category-lifestyle","9":"tag-adictii","10":"tag-alin-tise","11":"tag-claudiu-padurean","12":"tag-consiliul-judetean-cluj","13":"tag-copilarie-org","14":"tag-erasmus-plus","15":"tag-news","16":"tag-stiri","17":"tag-vakar-istvan"},"yoast_head":"<!-- This site is optimized with the Yoast SEO plugin v23.6 - https:\/\/yoast.com\/wordpress\/plugins\/seo\/ -->\n<title>D.G.A.S.P.C. Cluj lanseaz\u0103 proiectul Erasmus+ \u201eGenera\u021bii f\u0103r\u0103 adic\u021bii \u2013 Construind o comunitate incluziv\u0103\u201d - Copil\u0103rie.org<\/title>\n<meta name=\"robots\" content=\"index, follow, max-snippet:-1, max-image-preview:large, max-video-preview:-1\" \/>\n<link rel=\"canonical\" href=\"https:\/\/copilarie.org\/index.php\/2026\/01\/14\/d-g-a-s-p-c-cluj-lanseaza-proiectul-erasmus-generatii-fara-adictii-construind-o-comunitate-incluziva\/\" \/>\n<meta property=\"og:locale\" content=\"ro_RO\" \/>\n<meta property=\"og:type\" content=\"article\" \/>\n<meta property=\"og:title\" content=\"D.G.A.S.P.C. Cluj lanseaz\u0103 proiectul Erasmus+ \u201eGenera\u021bii f\u0103r\u0103 adic\u021bii \u2013 Construind o comunitate incluziv\u0103\u201d - Copil\u0103rie.org\" \/>\n<meta property=\"og:description\" content=\"Direc\u021bia General\u0103 de Asisten\u021b\u0103 Social\u0103 \u0219i Protec\u021bia Copilului Cluj, institu\u021bie aflat\u0103 \u00een subordinea Consiliului Jude\u021bean Cluj, prin Centrul Comunitar Jude\u021bean Cluj, organizeaz\u0103 Conferin\u021ba de lansare a proiectului Erasmus+ \u201eGenera\u021bii f\u0103r\u0103 adic\u021bii \u2013 Construind o comunitate incluziv\u0103\u201d, un demers european dedicat prevenirii, interven\u021biei \u0219i recuper\u0103rii \u00een domeniul adic\u021biilor, cu accent pe dezvoltarea serviciilor sociale \u0219i consolidarea [&hellip;]\" \/>\n<meta property=\"og:url\" content=\"https:\/\/copilarie.org\/index.php\/2026\/01\/14\/d-g-a-s-p-c-cluj-lanseaza-proiectul-erasmus-generatii-fara-adictii-construind-o-comunitate-incluziva\/\" \/>\n<meta property=\"og:site_name\" content=\"Copil\u0103rie.org\" \/>\n<meta property=\"article:publisher\" content=\"https:\/\/www.facebook.com\/copilarie.org\/\" \/>\n<meta property=\"article:published_time\" content=\"2026-01-14T15:52:15+00:00\" \/>\n<meta property=\"og:image\" content=\"https:\/\/copilarie.org\/wp-content\/uploads\/2026\/01\/Afis-Conferinta-DGASPC.png\" \/>\n\t<meta property=\"og:image:width\" content=\"1587\" \/>\n\t<meta property=\"og:image:height\" content=\"2245\" \/>\n\t<meta property=\"og:image:type\" content=\"image\/png\" \/>\n<meta name=\"author\" content=\"Claudiu Padurean\" \/>\n<meta name=\"twitter:card\" content=\"summary_large_image\" \/>\n<meta name=\"twitter:creator\" content=\"@CopilarieOrg\" \/>\n<meta name=\"twitter:site\" content=\"@CopilarieOrg\" \/>\n<meta name=\"twitter:label1\" content=\"Scris de\" \/>\n\t<meta name=\"twitter:data1\" content=\"Claudiu Padurean\" \/>\n\t<meta name=\"twitter:label2\" content=\"Timp estimat pentru citire\" \/>\n\t<meta name=\"twitter:data2\" content=\"5 minute\" \/>\n<script type=\"application\/ld+json\" class=\"yoast-schema-graph\">{\"@context\":\"https:\/\/schema.org\",\"@graph\":[{\"@type\":\"WebPage\",\"@id\":\"https:\/\/copilarie.org\/index.php\/2026\/01\/14\/d-g-a-s-p-c-cluj-lanseaza-proiectul-erasmus-generatii-fara-adictii-construind-o-comunitate-incluziva\/\",\"url\":\"https:\/\/copilarie.org\/index.php\/2026\/01\/14\/d-g-a-s-p-c-cluj-lanseaza-proiectul-erasmus-generatii-fara-adictii-construind-o-comunitate-incluziva\/\",\"name\":\"D.G.A.S.P.C. Cluj lanseaz\u0103 proiectul Erasmus+ \u201eGenera\u021bii f\u0103r\u0103 adic\u021bii \u2013 Construind o comunitate incluziv\u0103\u201d - Copil\u0103rie.org\",\"isPartOf\":{\"@id\":\"https:\/\/copilarie.org\/#website\"},\"primaryImageOfPage\":{\"@id\":\"https:\/\/copilarie.org\/index.php\/2026\/01\/14\/d-g-a-s-p-c-cluj-lanseaza-proiectul-erasmus-generatii-fara-adictii-construind-o-comunitate-incluziva\/#primaryimage\"},\"image\":{\"@id\":\"https:\/\/copilarie.org\/index.php\/2026\/01\/14\/d-g-a-s-p-c-cluj-lanseaza-proiectul-erasmus-generatii-fara-adictii-construind-o-comunitate-incluziva\/#primaryimage\"},\"thumbnailUrl\":\"https:\/\/copilarie.org\/wp-content\/uploads\/2026\/01\/Afis-Conferinta-DGASPC.png\",\"datePublished\":\"2026-01-14T15:52:15+00:00\",\"dateModified\":\"2026-01-14T15:52:15+00:00\",\"author\":{\"@id\":\"https:\/\/copilarie.org\/#\/schema\/person\/cc68df24fe273441f59111720355e6d7\"},\"breadcrumb\":{\"@id\":\"https:\/\/copilarie.org\/index.php\/2026\/01\/14\/d-g-a-s-p-c-cluj-lanseaza-proiectul-erasmus-generatii-fara-adictii-construind-o-comunitate-incluziva\/#breadcrumb\"},\"inLanguage\":\"ro-RO\",\"potentialAction\":[{\"@type\":\"ReadAction\",\"target\":[\"https:\/\/copilarie.org\/index.php\/2026\/01\/14\/d-g-a-s-p-c-cluj-lanseaza-proiectul-erasmus-generatii-fara-adictii-construind-o-comunitate-incluziva\/\"]}]},{\"@type\":\"ImageObject\",\"inLanguage\":\"ro-RO\",\"@id\":\"https:\/\/copilarie.org\/index.php\/2026\/01\/14\/d-g-a-s-p-c-cluj-lanseaza-proiectul-erasmus-generatii-fara-adictii-construind-o-comunitate-incluziva\/#primaryimage\",\"url\":\"https:\/\/copilarie.org\/wp-content\/uploads\/2026\/01\/Afis-Conferinta-DGASPC.png\",\"contentUrl\":\"https:\/\/copilarie.org\/wp-content\/uploads\/2026\/01\/Afis-Conferinta-DGASPC.png\",\"width\":1587,\"height\":2245},{\"@type\":\"BreadcrumbList\",\"@id\":\"https:\/\/copilarie.org\/index.php\/2026\/01\/14\/d-g-a-s-p-c-cluj-lanseaza-proiectul-erasmus-generatii-fara-adictii-construind-o-comunitate-incluziva\/#breadcrumb\",\"itemListElement\":[{\"@type\":\"ListItem\",\"position\":1,\"name\":\"Prima pagin\u0103\",\"item\":\"https:\/\/copilarie.org\/\"},{\"@type\":\"ListItem\",\"position\":2,\"name\":\"D.G.A.S.P.C. Cluj lanseaz\u0103 proiectul Erasmus+ \u201eGenera\u021bii f\u0103r\u0103 adic\u021bii \u2013 Construind o comunitate incluziv\u0103\u201d\"}]},{\"@type\":\"WebSite\",\"@id\":\"https:\/\/copilarie.org\/#website\",\"url\":\"https:\/\/copilarie.org\/\",\"name\":\"Copil\u0103rie.org\",\"description\":\"\u00cen pas cu tine\",\"potentialAction\":[{\"@type\":\"SearchAction\",\"target\":{\"@type\":\"EntryPoint\",\"urlTemplate\":\"https:\/\/copilarie.org\/?s={search_term_string}\"},\"query-input\":{\"@type\":\"PropertyValueSpecification\",\"valueRequired\":true,\"valueName\":\"search_term_string\"}}],\"inLanguage\":\"ro-RO\"},{\"@type\":\"Person\",\"@id\":\"https:\/\/copilarie.org\/#\/schema\/person\/cc68df24fe273441f59111720355e6d7\",\"name\":\"Claudiu Padurean\",\"image\":{\"@type\":\"ImageObject\",\"inLanguage\":\"ro-RO\",\"@id\":\"https:\/\/copilarie.org\/#\/schema\/person\/image\/\",\"url\":\"https:\/\/secure.gravatar.com\/avatar\/f254259557f5b35053cf76205615a03f17a29fe60ac58ed31adacef6a3f612f9?s=96&d=mm&r=g\",\"contentUrl\":\"https:\/\/secure.gravatar.com\/avatar\/f254259557f5b35053cf76205615a03f17a29fe60ac58ed31adacef6a3f612f9?s=96&d=mm&r=g\",\"caption\":\"Claudiu Padurean\"}}]}<\/script>\n<!-- \/ Yoast SEO plugin. -->","yoast_head_json":{"title":"D.G.A.S.P.C. Cluj lanseaz\u0103 proiectul Erasmus+ \u201eGenera\u021bii f\u0103r\u0103 adic\u021bii \u2013 Construind o comunitate incluziv\u0103\u201d - Copil\u0103rie.org","robots":{"index":"index","follow":"follow","max-snippet":"max-snippet:-1","max-image-preview":"max-image-preview:large","max-video-preview":"max-video-preview:-1"},"canonical":"https:\/\/copilarie.org\/index.php\/2026\/01\/14\/d-g-a-s-p-c-cluj-lanseaza-proiectul-erasmus-generatii-fara-adictii-construind-o-comunitate-incluziva\/","og_locale":"ro_RO","og_type":"article","og_title":"D.G.A.S.P.C. Cluj lanseaz\u0103 proiectul Erasmus+ \u201eGenera\u021bii f\u0103r\u0103 adic\u021bii \u2013 Construind o comunitate incluziv\u0103\u201d - Copil\u0103rie.org","og_description":"Direc\u021bia General\u0103 de Asisten\u021b\u0103 Social\u0103 \u0219i Protec\u021bia Copilului Cluj, institu\u021bie aflat\u0103 \u00een subordinea Consiliului Jude\u021bean Cluj, prin Centrul Comunitar Jude\u021bean Cluj, organizeaz\u0103 Conferin\u021ba de lansare a proiectului Erasmus+ \u201eGenera\u021bii f\u0103r\u0103 adic\u021bii \u2013 Construind o comunitate incluziv\u0103\u201d, un demers european dedicat prevenirii, interven\u021biei \u0219i recuper\u0103rii \u00een domeniul adic\u021biilor, cu accent pe dezvoltarea serviciilor sociale \u0219i consolidarea [&hellip;]","og_url":"https:\/\/copilarie.org\/index.php\/2026\/01\/14\/d-g-a-s-p-c-cluj-lanseaza-proiectul-erasmus-generatii-fara-adictii-construind-o-comunitate-incluziva\/","og_site_name":"Copil\u0103rie.org","article_publisher":"https:\/\/www.facebook.com\/copilarie.org\/","article_published_time":"2026-01-14T15:52:15+00:00","og_image":[{"width":1587,"height":2245,"url":"https:\/\/copilarie.org\/wp-content\/uploads\/2026\/01\/Afis-Conferinta-DGASPC.png","type":"image\/png"}],"author":"Claudiu Padurean","twitter_card":"summary_large_image","twitter_creator":"@CopilarieOrg","twitter_site":"@CopilarieOrg","twitter_misc":{"Scris de":"Claudiu Padurean","Timp estimat pentru citire":"5 minute"},"schema":{"@context":"https:\/\/schema.org","@graph":[{"@type":"WebPage","@id":"https:\/\/copilarie.org\/index.php\/2026\/01\/14\/d-g-a-s-p-c-cluj-lanseaza-proiectul-erasmus-generatii-fara-adictii-construind-o-comunitate-incluziva\/","url":"https:\/\/copilarie.org\/index.php\/2026\/01\/14\/d-g-a-s-p-c-cluj-lanseaza-proiectul-erasmus-generatii-fara-adictii-construind-o-comunitate-incluziva\/","name":"D.G.A.S.P.C. Cluj lanseaz\u0103 proiectul Erasmus+ \u201eGenera\u021bii f\u0103r\u0103 adic\u021bii \u2013 Construind o comunitate incluziv\u0103\u201d - Copil\u0103rie.org","isPartOf":{"@id":"https:\/\/copilarie.org\/#website"},"primaryImageOfPage":{"@id":"https:\/\/copilarie.org\/index.php\/2026\/01\/14\/d-g-a-s-p-c-cluj-lanseaza-proiectul-erasmus-generatii-fara-adictii-construind-o-comunitate-incluziva\/#primaryimage"},"image":{"@id":"https:\/\/copilarie.org\/index.php\/2026\/01\/14\/d-g-a-s-p-c-cluj-lanseaza-proiectul-erasmus-generatii-fara-adictii-construind-o-comunitate-incluziva\/#primaryimage"},"thumbnailUrl":"https:\/\/copilarie.org\/wp-content\/uploads\/2026\/01\/Afis-Conferinta-DGASPC.png","datePublished":"2026-01-14T15:52:15+00:00","dateModified":"2026-01-14T15:52:15+00:00","author":{"@id":"https:\/\/copilarie.org\/#\/schema\/person\/cc68df24fe273441f59111720355e6d7"},"breadcrumb":{"@id":"https:\/\/copilarie.org\/index.php\/2026\/01\/14\/d-g-a-s-p-c-cluj-lanseaza-proiectul-erasmus-generatii-fara-adictii-construind-o-comunitate-incluziva\/#breadcrumb"},"inLanguage":"ro-RO","potentialAction":[{"@type":"ReadAction","target":["https:\/\/copilarie.org\/index.php\/2026\/01\/14\/d-g-a-s-p-c-cluj-lanseaza-proiectul-erasmus-generatii-fara-adictii-construind-o-comunitate-incluziva\/"]}]},{"@type":"ImageObject","inLanguage":"ro-RO","@id":"https:\/\/copilarie.org\/index.php\/2026\/01\/14\/d-g-a-s-p-c-cluj-lanseaza-proiectul-erasmus-generatii-fara-adictii-construind-o-comunitate-incluziva\/#primaryimage","url":"https:\/\/copilarie.org\/wp-content\/uploads\/2026\/01\/Afis-Conferinta-DGASPC.png","contentUrl":"https:\/\/copilarie.org\/wp-content\/uploads\/2026\/01\/Afis-Conferinta-DGASPC.png","width":1587,"height":2245},{"@type":"BreadcrumbList","@id":"https:\/\/copilarie.org\/index.php\/2026\/01\/14\/d-g-a-s-p-c-cluj-lanseaza-proiectul-erasmus-generatii-fara-adictii-construind-o-comunitate-incluziva\/#breadcrumb","itemListElement":[{"@type":"ListItem","position":1,"name":"Prima pagin\u0103","item":"https:\/\/copilarie.org\/"},{"@type":"ListItem","position":2,"name":"D.G.A.S.P.C. Cluj lanseaz\u0103 proiectul Erasmus+ \u201eGenera\u021bii f\u0103r\u0103 adic\u021bii \u2013 Construind o comunitate incluziv\u0103\u201d"}]},{"@type":"WebSite","@id":"https:\/\/copilarie.org\/#website","url":"https:\/\/copilarie.org\/","name":"Copil\u0103rie.org","description":"\u00cen pas cu tine","potentialAction":[{"@type":"SearchAction","target":{"@type":"EntryPoint","urlTemplate":"https:\/\/copilarie.org\/?s={search_term_string}"},"query-input":{"@type":"PropertyValueSpecification","valueRequired":true,"valueName":"search_term_string"}}],"inLanguage":"ro-RO"},{"@type":"Person","@id":"https:\/\/copilarie.org\/#\/schema\/person\/cc68df24fe273441f59111720355e6d7","name":"Claudiu Padurean","image":{"@type":"ImageObject","inLanguage":"ro-RO","@id":"https:\/\/copilarie.org\/#\/schema\/person\/image\/","url":"https:\/\/secure.gravatar.com\/avatar\/f254259557f5b35053cf76205615a03f17a29fe60ac58ed31adacef6a3f612f9?s=96&d=mm&r=g","contentUrl":"https:\/\/secure.gravatar.com\/avatar\/f254259557f5b35053cf76205615a03f17a29fe60ac58ed31adacef6a3f612f9?s=96&d=mm&r=g","caption":"Claudiu Padurean"}}]}},"_links":{"self":[{"href":"https:\/\/copilarie.org\/index.php\/wp-json\/wp\/v2\/posts\/3798","targetHints":{"allow":["GET"]}}],"collection":[{"href":"https:\/\/copilarie.org\/index.php\/wp-json\/wp\/v2\/posts"}],"about":[{"href":"https:\/\/copilarie.org\/index.php\/wp-json\/wp\/v2\/types\/post"}],"author":[{"embeddable":true,"href":"https:\/\/copilarie.org\/index.php\/wp-json\/wp\/v2\/users\/6"}],"replies":[{"embeddable":true,"href":"https:\/\/copilarie.org\/index.php\/wp-json\/wp\/v2\/comments?post=3798"}],"version-history":[{"count":1,"href":"https:\/\/copilarie.org\/index.php\/wp-json\/wp\/v2\/posts\/3798\/revisions"}],"predecessor-version":[{"id":3801,"href":"https:\/\/copilarie.org\/index.php\/wp-json\/wp\/v2\/posts\/3798\/revisions\/3801"}],"wp:featuredmedia":[{"embeddable":true,"href":"https:\/\/copilarie.org\/index.php\/wp-json\/wp\/v2\/media\/3800"}],"wp:attachment":[{"href":"https:\/\/copilarie.org\/index.php\/wp-json\/wp\/v2\/media?parent=3798"}],"wp:term":[{"taxonomy":"category","embeddable":true,"href":"https:\/\/copilarie.org\/index.php\/wp-json\/wp\/v2\/categories?post=3798"},{"taxonomy":"post_tag","embeddable":true,"href":"https:\/\/copilarie.org\/index.php\/wp-json\/wp\/v2\/tags?post=3798"}],"curies":[{"name":"wp","href":"https:\/\/api.w.org\/{rel}","templated":true}]}}