{"id":3805,"date":"2025-10-25T16:37:34","date_gmt":"2025-10-25T16:37:34","guid":{"rendered":"https:\/\/copilarie.org\/?p=3805"},"modified":"2026-01-15T16:38:06","modified_gmt":"2026-01-15T16:38:06","slug":"via-cluj-tv-tabara-de-echitatie-pentru-persoanele-cu-dizabilitati","status":"publish","type":"post","link":"https:\/\/copilarie.org\/index.php\/2025\/10\/25\/via-cluj-tv-tabara-de-echitatie-pentru-persoanele-cu-dizabilitati\/","title":{"rendered":"Via Cluj TV: Tab\u0103r\u0103 de echita\u021bie pentru persoanele cu dizabilit\u0103\u021bi"},"content":{"rendered":"<p><strong>Unul dintre cele mai emo\u021bionante evenimente dedicate persoanelor cu dizabilit\u0103\u021bi a fost g\u0103zduit de antreprenorul Darius M\u00e2rza, CEO al\u00a0<a href=\"https:\/\/wonderland.ro\/\">Wonderland Resort.\u00a0<\/a><\/strong><\/p>\n<p>Timp de trei zile, 24 de persoane cu dizabilit\u0103\u021bi au luat parte la o tab\u0103r\u0103 special\u0103, organizat\u0103 de Caiac SMile \u00een parteneriat cu Kaufland Rom\u00e2nia, prin programul A.C.C.E.S. Tab\u0103ra este a treia de acest fel \u0219i face parte dintr-o serie de evenimente derulate de asocia\u021bia din Satu Mare \u0219i retailerul german. Persoanele cu dizabilit\u0103\u021bi sunt beneficiari ai\u00a0<a href=\"http:\/\/maltez.ro\/\">Serviciului de Ajutor Maltez \u00een Rom\u00e2nia<\/a>, o organiza\u021bie neguvernamental\u0103 care concretizeaz\u0103 misiunea social\u0103 a prestigiosului\u00a0<a href=\"https:\/\/romaniaembassy.orderofmalta.int\/en\/\">Ordin Suveran de Malta<\/a>, care \u00ee\u0219i asum\u0103 de aproape un mileniu misiunea de a ap\u0103ra credin\u021ba cre\u0219tin\u0103 \u0219i de a-i ajuta pe cei afla\u021bi \u00een nevoie.<\/p>\n<div class=\"google-auto-placed ap_container\"><\/div>\n<p>\u00cen cele trei zile, beneficiarii au experimentat sporturi noi \u0219i activit\u0103\u021bi recreative, adaptate pentru persoanele cu dizabilit\u0103\u021bi, precum echita\u021bie adaptat\u0103, c\u0103\u021b\u0103rare, tirolian\u0103 sau plimb\u0103ri prin natur\u0103. De altfel, \u00een manejul resortului de l\u00e2ng\u0103 Cluj-Napoca exist\u0103 un sistem de echita\u021bie adaptat pentru persoanele cu dizabilit\u0103\u021bi, \u00een special locomotorii, care poate fi folosit gratuit de orice beneficiar, doar pe baza unei rezerv\u0103ri telefonice prealabile, potrivit\u00a0<a href=\"https:\/\/clujtoday.ro\/tabara-speciala-pentru-persoane-cu-dizabilitati-la-wonderland-resort-organizata-de-caiac-smile\/\">ClujToday.ro<\/a>.<\/p>\n<p>\u201dIncluziunea nu \u00eenseamn\u0103 tratament special, ci s\u0103 vezi oamenii a\u0219a cum sunt, cu puterea, emo\u021biile \u0219i pove\u0219tile lor. \u00cen weekendul acesta am v\u0103zut curaj \u00een gesturi simple, prietenii care se nasc din \u00eencredere \u0219i bucuria sincer\u0103 de a fi parte dintr-un loc care te prime\u0219te exact a\u0219a cum e\u0219ti, f\u0103r\u0103 prejudec\u0103\u021bi, f\u0103r\u0103 discriminare, f\u0103r\u0103 bariere\u201d, a spus Ionu\u021b Stancovici, pre\u0219edintele Asocia\u021biei Caiac SMile, potrivit\u00a0<a href=\"https:\/\/sportincluj.ro\/2025\/10\/tabara-de-echitatie-pentru-persoanele-cu-dizabilitati\/\">SportinCluj.ro<\/a>.<\/p>\n<p data-path-to-node=\"1\">\u00centr-o \u021bar\u0103 \u00een care accesibilizarea spa\u021biilor publice pentru persoanele cu dizabilit\u0103\u021bi r\u0103m\u00e2ne adesea la stadiul de proiect pe h\u00e2rtie, o asocia\u021bie din Satu Mare demonstreaz\u0103 c\u0103 limitele exist\u0103 doar pentru a fi dep\u0103\u0219ite. Asocia\u021bia Caiac SMile, fondat\u0103 \u0219i condus\u0103 de inimosul Ionu\u021b Stancovici, a devenit simbolul consistent al incluziunii prin sport, transform\u00e2nd Rom\u00e2nia \u00eentr-un punct de referin\u021b\u0103 pe harta interna\u021bional\u0103 a para-sportului.<\/p>\n<p data-path-to-node=\"2\">Ceea ce a \u00eenceput \u00een urm\u0103 cu opt ani ca un vis modest, cu echipamente artizanale sudate \u00eentr-un garaj, a explodat \u00eentr-o mi\u0219care na\u021bional\u0103 care red\u0103 demnitatea \u0219i libertatea mii de persoane cu nevoi speciale. Voluntarii asocia\u021biei au preg\u0103tit, pentru \u00eenceputul lui 2026, \u0219i tabere de schi accesibilizat pentru persoanele cu dizabilit\u0103\u021bi.<\/p>\n<p data-path-to-node=\"10\"><b data-path-to-node=\"10\" data-index-in-node=\"0\">Programul taberelor de schi adaptat 2026:<\/b><\/p>\n<ul data-path-to-node=\"11\">\n<li>\n<p data-path-to-node=\"11,0,0\"><b data-path-to-node=\"11,0,0\" data-index-in-node=\"0\">19\u201327 ianuarie:<\/b>\u00a0Cheile Gr\u0103di\u0219tei \u2013 Fundata<\/p>\n<\/li>\n<li>\n<p data-path-to-node=\"11,1,0\"><b data-path-to-node=\"11,1,0\" data-index-in-node=\"0\">2\u20136 februarie:<\/b>\u00a0Cavnic, Maramure\u0219<\/p>\n<\/li>\n<li>\n<p data-path-to-node=\"11,2,0\"><b data-path-to-node=\"11,2,0\" data-index-in-node=\"0\">9\u201313 februarie:<\/b>\u00a0Cheile Gr\u0103di\u0219tei \u2013 Fundata<\/p>\n<\/li>\n<li>\n<p data-path-to-node=\"11,3,0\"><b data-path-to-node=\"11,3,0\" data-index-in-node=\"0\">19\u201321 februarie:<\/b>\u00a0Arena Plato\u0219 \u2013 P\u0103ltini\u0219<\/p>\n<\/li>\n<li>\n<p data-path-to-node=\"11,4,0\"><b data-path-to-node=\"11,4,0\" data-index-in-node=\"0\">23\u201326 februarie:<\/b>\u00a0Buscat, Cluj<\/p>\n<\/li>\n<li>\n<p data-path-to-node=\"11,5,0\"><b data-path-to-node=\"11,5,0\" data-index-in-node=\"0\">27 februarie \u2013 3 martie:<\/b>\u00a0Final de sezon la Cheile Gr\u0103di\u0219tei<\/p>\n<\/li>\n<\/ul>\n<h3 data-path-to-node=\"14\">Inova\u021bie \u0219i incluziune: De la caiac la hochei adaptat<\/h3>\n<p data-path-to-node=\"15\">De\u0219i numele asocia\u021biei evoc\u0103 apa, activitatea lor acoper\u0103 acum toate anotimpurile. \u00cen 2025, Caiac SMile a introdus \u00een premier\u0103 \u00een Rom\u00e2nia hocheiul adaptat, oferind lec\u021bii de via\u021b\u0103 independent\u0103 sus\u021binute chiar de instructori afla\u021bi \u00een scaun rulant.<\/p>\n<p data-path-to-node=\"16\">Pe timpul verii, asocia\u021bia r\u0103m\u00e2ne fidel\u0103 \u201eprimei iubiri\u201d \u2013 caiacul. Proiectul \u201eCaiacul, o cultur\u0103 sportiv\u0103 inovativ\u0103 pentru tineret\u201d, sus\u021binut constant de Prim\u0103ria Cluj-Napoca, aduce pe lacurile din Transilvania mii de tineri din centre de plasament \u0219i persoane cu dizabilit\u0103\u021bi, oferindu-le \u0219ansa de a sim\u021bi libertatea pe care o ofer\u0103 luciul apei.<\/p>\n<p data-path-to-node=\"16\"><strong>Impactul social: Schimbarea de mentalitate<\/strong><\/p>\n<p data-path-to-node=\"20\">Dincolo de medalii \u0219i recorduri, marea realizare a Asocia\u021biei Caiac SMile este schimbarea modului \u00een care societatea rom\u00e2neasc\u0103 prive\u0219te dizabilitatea. Prin accesibilizarea plajelor de pe litoral, a camerelor de hotel \u0219i a p\u00e2rtiilor de schi, Ionu\u021b Stancovici \u0219i echipa sa au demonstrat c\u0103 barierele sunt de cele mai multe ori mentale.<\/p>\n<p>\u00cen proiectul de echita\u021bie pentru persoanele cu dizabilit\u0103\u021bi, George Balt\u0103 \u0219i Delia Moise, parte din echipa Kaufland A.C.C.E.S., Estera Anghelescu, Director Recrutare \u0219i Employer Branding Kaufland Romania \u0219i \u0218tefan Sfeatcu, Coordonator al programului Kaufland A.C.C.E.S au sus\u021binut un workshop interactiv a c\u0103rui tem\u0103 principal\u0103 dezvoltarea personal\u0103 \u0219i lucrul \u00een echip\u0103, scrie\u00a0<a href=\"https:\/\/www.transylvaniatoday.ro\/2026\/01\/15\/special-camp-for-people-with-disabilities-at-wonderland-resort-organized-by-caiac-smile16502\/\">Transylvania Today<\/a>.<\/p>\n<p>La deschiderea evenimentului a fost prezent \u0219i primarul din Cluj-Napoca, Emil Boc. Antreprenorul Darius M\u00e2rza \u0219i-a exprimat sus\u021binerea pentru astfel de proiecte sociale, care transpun \u00een realitate principiile eticii cre\u0219tine. Darius M\u00e2rza nu este doar proprietarul unui complex hotelier; el este arhitectul unei destina\u021bii care a reu\u0219it s\u0103 pun\u0103 Clujul pe harta mondial\u0103 a locurilor de evenimente \u0219i agrement de lux, relateaz\u0103\u00a0<a href=\"https:\/\/www.clujinsider.ro\/2025\/10\/25\/wonderland-resort-tabara-de-echitatie-pentru-persoanele-cu-dizabilitati\/\">ClujInsider.ro<\/a>.<\/p>\n<p data-path-to-node=\"5\">Succesul lui Darius M\u00e2rza nu a venit peste noapte. Antreprenorul a mizat pe o ni\u0219\u0103 neexploatat\u0103 la acea vreme: nevoia de evadare din urban, dar f\u0103r\u0103 a sacrifica confortul premium. \u00centr-o perioad\u0103 \u00een care mul\u021bi investitori se concentrau pe centrul ora\u0219ului, Darius M\u00e2rza a privit spre \u00een\u0103l\u021bimile Feleacului \u0219i a v\u0103zut poten\u021bialul unui loc unde zborul cu balonul, echita\u021bia \u0219i relaxarea la spa coexist\u0103 organic, potrivit\u00a0<a href=\"https:\/\/www.upnews.ro\/2025\/10\/25\/clujtoday-tabara-de-echitatie-pentru-persoanele-cu-dizabilitati\/\">UPNews.ro<\/a>.<\/p>\n<p data-path-to-node=\"6\"><b data-path-to-node=\"6\" data-index-in-node=\"0\">Pilonii strategiei sale antreprenoriale:<\/b><\/p>\n<ul data-path-to-node=\"7\">\n<li>\n<p data-path-to-node=\"7,0,0\"><b data-path-to-node=\"7,0,0\" data-index-in-node=\"0\">Diversificarea serioas\u0103:<\/b>\u00a0Darius M\u00e2rza nu s-a oprit la cazare. A integrat activit\u0103\u021bi diverse (paintball, tubing, zbor cu balonul), care au transformat Wonderland \u00eentr-un ecosistem care genereaz\u0103 venituri pe tot parcursul anului.<\/p>\n<\/li>\n<li>\n<p data-path-to-node=\"7,1,0\"><b data-path-to-node=\"7,1,0\" data-index-in-node=\"0\">Aten\u021bia la detaliu:<\/b>\u00a0De la tehnologia smart-glass \u00een camere, p\u00e2n\u0103 la designul s\u0103lilor de evenimente de mare capacitate, amprenta sa personal\u0103 se reg\u0103se\u0219te \u00een fiecare col\u021b al resortului.<\/p>\n<\/li>\n<li>\n<p data-path-to-node=\"7,2,0\"><b data-path-to-node=\"7,2,0\" data-index-in-node=\"0\">Spiritul de \u201eshowman\u201d:<\/b>\u00a0Prin organizarea unor evenimente masive, precum Wonder Family Fest, Darius M\u00e2rza a demonstrat c\u0103 un business de succes trebuie s\u0103 fie, \u00een primul r\u00e2nd, o comunitate.<\/p>\n<\/li>\n<\/ul>\n<h3 data-path-to-node=\"9\">Pariul pe evenimente: Grande Vista \u0219i dinamica din domeniul corporate<\/h3>\n<p data-path-to-node=\"10\">Sub conducerea lui Darius M\u00e2rza, Wonderland a devenit lider incontestabil \u00een pia\u021ba de profil din Cluj. Prin construirea unor s\u0103li cu arhitectur\u0103 modern\u0103 \u0219i vederi panoramice, precum Grande Vista, Darius M\u00e2rza a \u00een\u021beles psihologia clientului modern: dorin\u021ba de spectacol \u0219i exclusivism.<\/p>\n<p data-path-to-node=\"15\">De la provoc\u0103rile logistice ale construc\u021biei pe un teren \u00eenclinat, p\u00e2n\u0103 la crizele sanitare \u0219i economice globale, Darius M\u00e2rza a trebuit s\u0103 \u00ee\u0219i recalibreze afacerea constant. Rezisten\u021ba sa a fost testat\u0103 \u00een special \u00een perioadele de restric\u021bii, c\u00e2nd a reu\u0219it s\u0103 men\u021bin\u0103 echipa unit\u0103 \u0219i s\u0103 investeasc\u0103 inteligent pentru \u201eboom-ul\u201d post-pandemic, dup\u0103 cum transmite <a href=\"https:\/\/viacluj.tv\/upnews-tabara-de-echitatie-pentru-persoanele-cu-dizabilitati\/\">Via Cluj TV<\/a>.<\/p>\n<p><strong>Caiac SMile \u0219i Kaufland A.C.C.E.S: un parteneriat dedicat incluziunii<\/strong><\/p>\n<div class=\"google-auto-placed ap_container\"><\/div>\n<p>Programul A.C.C.E.S (Angajarea de Candida\u021bi cu Cerin\u021be \u0219i Evolu\u021bii Speciale) este o ini\u021biativ\u0103 lansat\u0103 de Kaufland \u00een urm\u0103 cu \u0219ase ani, \u00een octombrie 2019, \u0219i are drept scop principal integrarea persoanelor cu dizabilit\u0103\u021bi \u00een echipa retailerului german. Acest program se axeaz\u0103 pe trei direc\u021bii esen\u021biale: canale de recrutare dedicate, adaptarea procesului de selec\u021bie \u0219i crearea unui mediu de lucru incluziv.<\/p>\n<p>\u201dAnul acesta s\u0103rb\u0103torim \u0219ase ani de Kaufland A.C.C.E.S. \u0219i suntem m\u00e2ndri c\u0103 printre membrii echipei noastre se afl\u0103 aproximativ 500 de persoane cu diferite tipuri de dizabilit\u0103\u021bi. Demersurile noastre pentru diversitate \u0219i incluziune vor continua pentru c\u0103 ne dorim ca fiecare persoan\u0103 s\u0103 fie sus\u021binut\u0103 \u00een a-\u0219i atinge poten\u021bialul maxim\u201d, spune Estera Anghelescu, director al departamentului Recrutare \u0219i Brand de Angajator Kaufland Romania.<\/p>\n<p data-path-to-node=\"1\">\u00centr-o pia\u021b\u0103 a retailului tot mai competitiv\u0103, unde pre\u021bul \u0219i prospe\u021bimea sunt standarde obligatorii, Kaufland Rom\u00e2nia a ales s\u0103 se diferen\u021bieze printr-o strategie de Responsabilitate Social\u0103 Corporativ\u0103 (CSR) care redefineste implicarea \u00een comunitate.\u00a0Sub sloganul \u201eImplicarea face diferen\u021ba\u201d, Kaufland a trecut de la simple dona\u021bii punctuale la programe strategice pe termen lung, construind parteneriate solide cu peste 150 de ONG-uri \u0219i impact\u00e2nd direct vie\u021bile a milioane de rom\u00e2ni.<\/p>\n<h3 data-path-to-node=\"4\">Cele patru linii de ac\u021biune ale binelui<\/h3>\n<p data-path-to-node=\"5\">Strategia de CSR a Kaufland este structurat\u0103 pe patru piloni fundamentali, fiecare abord\u00e2nd nevoi critice ale societ\u0103\u021bii rom\u00e2ne\u0219ti:<\/p>\n<h4 data-path-to-node=\"6\">1. Educa\u021bia: \u201eGr\u0103dina de relaxare \u0219i \u00ce\u00eenv\u0103\u021bare\u201d<\/h4>\n<p data-path-to-node=\"7\">Kaufland \u00een\u021belege c\u0103 viitorul depinde de calitatea educa\u021biei. Prin programul \u201eGr\u0103dina de relaxare \u0219i \u00eenv\u0103\u021bare\u201d, sute de \u0219coli din Rom\u00e2nia \u0219i-au transformat cur\u021bile \u00een spa\u021bii educa\u021bionale verzi. Mai mult, prin sprijinirea programelor de \u00eenv\u0103\u021b\u0103m\u00e2nt dual, retailerul ofer\u0103 tinerilor \u0219ansa de a \u00eenv\u0103\u021ba o meserie la standarde europene, ceea ce le faciliteaz\u0103 integrarea pe pia\u021ba muncii.<\/p>\n<h4 data-path-to-node=\"8\">2. Mediul: Strategia REset Plastic<\/h4>\n<p data-path-to-node=\"9\">\u00cen lupta global\u0103 \u00eempotriva polu\u0103rii, Kaufland Rom\u00e2nia este un adev\u0103rat lider. Prin strategia interna\u021bional\u0103 REset Plastic, compania a reu\u0219it:<\/p>\n<ul data-path-to-node=\"10\">\n<li>\n<p data-path-to-node=\"10,0,0\">Reducerea consumului de plastic \u00een produsele marc\u0103 proprie.<\/p>\n<\/li>\n<li>\n<p data-path-to-node=\"10,1,0\">Instalarea de automate de colectare selectiv\u0103 (RVM) \u00een toate magazinele din \u021bar\u0103.<\/p>\n<\/li>\n<li>\n<p data-path-to-node=\"10,2,0\">Sus\u021binerea proiectelor de re\u00eemp\u0103durire, precum \u201eRom\u00e2nia planteaz\u0103 pentru m\u00e2ine\u201d.<\/p>\n<\/li>\n<\/ul>\n<h4 data-path-to-node=\"11\">3. Social: Sprijin pentru grupurile vulnerabile<\/h4>\n<p data-path-to-node=\"12\">Prin intermediul fondurilor de finan\u021bare precum \u201e\u00cen stare de bine\u201d, Kaufland ofer\u0103 resurse vitale pentru proiecte care vizeaz\u0103 incluziunea social\u0103 a persoanelor cu dizabilit\u0103\u021bi, sprijinirea v\u00e2rstnicilor singuri \u0219i combaterea violen\u021bei domestice. Retailerul este, de asemenea, un sus\u021bin\u0103tor major al B\u0103ncii de Alimente \u0219i doneaz\u0103 constant produse c\u0103tre cei afla\u021bi \u00een risc de excluziune social\u0103.<\/p>\n<h4 data-path-to-node=\"13\">4. S\u0103n\u0103tate: \u201eSperan\u021ba nu moare de cancer\u201d<\/h4>\n<p data-path-to-node=\"14\">Unul dintre cele mai emo\u021bionante proiecte sus\u021binute este construc\u021bia primului spital de oncologie \u0219i radioterapie pediatric\u0103 din Rom\u00e2nia, al\u0103turi de asocia\u021bia D\u0103ruie\u0219te Via\u021b\u0103. Implicarea Kaufland \u00een s\u0103n\u0103tate acoper\u0103 \u0219i caravanele de screening mobil, care ajung \u00een zonele rurale unde accesul la medic este limitat.<\/p>\n<h3 data-path-to-node=\"16\">Sustenabilitatea ca model de business<\/h3>\n<p data-path-to-node=\"17\">Pentru Kaufland, CSR-ul nu este doar o activitate adiacent\u0103, ci este integrat \u00een lan\u021bul de aprovizionare. Peste 80% din sortimentul de produse provine de la furnizori rom\u00e2ni, ceea ce sus\u021bine astfel economia local\u0103 \u0219i reduce amprenta de carbon generat\u0103 de transport.<\/p>\n<h3 data-path-to-node=\"19\">Impactul digital: \u201eKaufland \u00ee\u021bi mul\u021bume\u0219te pentru c\u0103 e\u0219ti bun\u201d<\/h3>\n<p data-path-to-node=\"20\">Prin aplica\u021bia Kaufland Card, compania a reu\u0219it s\u0103 implice \u0219i clien\u021bii \u00een ac\u021biunile sale de caritate. Consumatorii pot alege s\u0103 redirec\u021bioneze punctele de fidelitate acumulate c\u0103tre cauze sociale, ceea ce transform\u0103 cump\u0103r\u0103turile zilnice \u00eentr-un gest de solidaritate. \u00cen 2025, aceast\u0103 metod\u0103 de micro-donating a colectat sume impresionante.<\/p>\n<p>\u201dNoi credem \u00een egalitatea de \u0219anse \u0219i consider\u0103m c\u0103 diversitatea este o valoare de baz\u0103 a unei societ\u0103\u021bi s\u0103n\u0103toase. De multe ori, persoanele cu dizabilitati sunt trecute cu vederea atunci c\u00e2nd vine vorba de integrarea pe pia\u021ba muncii. \u00cen echipa noastr\u0103, ei nu sunt doar angaja\u021bi, sunt colegii no\u0219tri de la care \u00eenv\u0103\u021b\u0103m zilnic cum putem deveni mai buni\u201d, a spus \u0218tefan Sfeatcu, coordonator\u00a0 al programului Kaufland A.C.C.E.S.<\/p>\n<p>Programele de accesibilizare a sportului pentru persoanele cu nevoi speciale au continuat \u0219i \u00een acest an. Timp de dou\u0103 luni, asocia\u021bia din Satu Mare a desf\u0103\u0219urat tabere accesibilizate pe litoralul rom\u00e2nesc, la Eforie Sud, acolo unde au participat sute de beneficiari de pe tot cuprinsul Rom\u00e2niei, dar \u0219i din Republica Moldova. Num\u0103rul total de plaje accesibilizate a ajuns, \u00een acestan, la 18, \u0219i proiectul va continua \u0219i \u00een anii urm\u0103tori.<\/p>\n<p>Tot \u00een aceast\u0103 var\u0103, proiectul \u201dCaiacul, o cultur\u0103 sportiv\u0103 inovativ\u0103 pentru tineret\u201d, care a ajuns la a cincea edi\u021bie consecutiv\u0103 desf\u0103\u0219urat\u0103 la Cluj-Napoca, a adus pe terenurile de antrenamente un num\u0103r record de beneficiari, peste 700, care au practicat sporturi precum caiac, echita\u021bie adaptat\u0103, baschet \u00een \u0219ezut \u0219i tradi\u021bional \u0219i tenis de c\u00e2mp.<\/p>\n<p data-path-to-node=\"5\">Tab\u0103ra de echita\u021bie pentru persoanele cu dizabilit\u0103\u021bi a fost organizat\u0103 \u00een Wonderland Resort din mai multe motive. Unul este reprezentat de valorile cre\u0219tine promovate de antreprenorul Darius M\u00e2rza, o figur\u0103 bine cunoscut\u0103 \u00een comunitatea greco-catolic\u0103 din Cluj. Apoi, a contat faptul c\u0103 Wonderland Resort a devenit un adev\u0103rat hub dedicat familiilor \u0219i incluziunii. Ceea ce diferen\u021biaz\u0103 Wonderland de orice alt resort din regiune este paleta incredibil de vast\u0103 de activit\u0103\u021bi. Nu este doar un loc unde \u201ete cazezi\u201d, ci unul unde \u201etr\u0103ie\u0219ti experien\u021be\u201d.<\/p>\n<ul data-path-to-node=\"6\">\n<li>\n<p data-path-to-node=\"6,0,0\"><b data-path-to-node=\"6,0,0\" data-index-in-node=\"0\">Zboruri cu balonul cu aer cald:<\/b>\u00a0Poate cea mai emblematic\u0103 experien\u021b\u0103 a resortului, oferind vizitatorilor \u0219ansa de a vedea Transilvania de la \u00een\u0103l\u021bime \u00eentr-un cadru romantic \u0219i spectaculos.<\/p>\n<\/li>\n<li>\n<p data-path-to-node=\"6,1,0\"><b data-path-to-node=\"6,1,0\" data-index-in-node=\"0\">Centrul de echita\u021bie:<\/b>\u00a0Cu instructori profesioni\u0219ti \u0219i cai bine \u00eengriji\u021bi, pasiona\u021bii de c\u0103l\u0103rie pot explora dealurile din jur sau pot lua lec\u021bii \u00een manej.<\/p>\n<\/li>\n<li>\n<p data-path-to-node=\"6,2,0\"><b data-path-to-node=\"6,2,0\" data-index-in-node=\"0\">Adrenalin\u0103 \u0219i sport:<\/b>\u00a0De la paintball \u0219i tubing, p\u00e2n\u0103 la tir cu arcul sau \u00eenchiriere de biciclete, complexul este un paradis pentru cei activi.<\/p>\n<\/li>\n<li>\n<p data-path-to-node=\"6,3,0\"><b data-path-to-node=\"6,3,0\" data-index-in-node=\"0\">Relaxare la spa:<\/b>\u00a0Dup\u0103 o zi de aventur\u0103, centrul wellness cu piscin\u0103 interioar\u0103, hamam \u0219i sal\u0103 de fitness ofer\u0103 refugiul perfect pentru revigorare.<\/p>\n<\/li>\n<\/ul>\n<h3 data-path-to-node=\"8\">Wonder Family Fest: Cel mai mare festival pentru familii<\/h3>\n<p data-path-to-node=\"9\">\u00cen vara anului 2026, Wonderland Resort se preg\u0103te\u0219te s\u0103 g\u0103zduiasc\u0103 cea de-a treia edi\u021bie a Wonder Family Fest (31 iulie \u2013 2 august). Evenimentul a devenit deja o tradi\u021bie \u0219i transform\u0103 \u00eentregul domeniu \u00eentr-un t\u0103r\u00e2m al magiei pentru mii de familii. Festivalul promite nu doar concerte cu invita\u021bi speciali, ci \u0219i ateliere creative, zone de gaming \u0219i experien\u021be de camping sub stele.<\/p>\n<p data-path-to-node=\"2\">Devenit deja un punct de referin\u021b\u0103 \u00een calendarul evenimentelor na\u021bionale, festivalul nu este doar o succesiune de concerte, ci un concept integrat de \u201eedutainment\u201d \u0219i relaxare, g\u00e2ndit s\u0103 reconecteze copiii cu p\u0103rin\u021bii \u00eentr-un cadru natural de poveste.<\/p>\n<div class=\"google-auto-placed ap_container\"><\/div>\n<p data-path-to-node=\"5\">Pentru 2026, organizatorii au preg\u0103tit o desf\u0103\u0219urare de for\u021be impresionant\u0103 pe cele patru scene principale. Programul artistic \u00eembin\u0103 momentele de nostalgie pentru p\u0103rin\u021bi cu idolii actuali ai adolescen\u021bilor \u0219i personajele preferate ale celor mici.<\/p>\n<ul data-path-to-node=\"6\">\n<li>\n<p data-path-to-node=\"6,0,0\"><b data-path-to-node=\"6,0,0\" data-index-in-node=\"0\">Main Stage:<\/b>\u00a0G\u0103zduie\u0219te arti\u0219ti de top din Rom\u00e2nia \u0219i invita\u021bi interna\u021bionali, care transform\u0103 serile \u00een spectacole de lumini \u0219i sunet sub cerul liber.<\/p>\n<\/li>\n<li>\n<p data-path-to-node=\"6,1,0\"><b data-path-to-node=\"6,1,0\" data-index-in-node=\"0\">Kids Arena:<\/b>\u00a0Un spa\u021biu dedicat exclusiv spectacolelor de teatru, ventrilocie, magie \u0219i \u00eent\u00e2lnirilor cu mascote celebre.<\/p>\n<\/li>\n<li>\n<p data-path-to-node=\"6,2,0\"><b data-path-to-node=\"6,2,0\" data-index-in-node=\"0\">Wonderland Stage:<\/b>\u00a0Locul unde muzica acustic\u0103 \u0219i momentele de relaxare permit familiilor s\u0103 se bucure de panorama unic\u0103 asupra ora\u0219ului Cluj-Napoca.<\/p>\n<\/li>\n<\/ul>\n<h3 data-path-to-node=\"8\">Activit\u0103\u021bi pentru to\u021bi: De la adrenalin\u0103 la ateliere creative<\/h3>\n<p data-path-to-node=\"9\">Ceea ce face ca Wonder Family Fest s\u0103 fie unic este posibilitatea de a \u00eencerca activit\u0103\u021bi pe care pu\u021bine locuri din Europa le pot oferi \u00eentr-un singur spa\u021biu:<\/p>\n<ol start=\"1\" data-path-to-node=\"10\">\n<li>\n<p data-path-to-node=\"10,0,0\"><b data-path-to-node=\"10,0,0\" data-index-in-node=\"0\">Zborurile cu balonul cu aer cald:<\/b>\u00a0Simbolul festivalului, oferind o perspectiv\u0103 uluitoare asupra Transilvaniei (disponibile \u00een regim ancorat sau zbor liber, \u00een func\u021bie de condi\u021biile meteo).<\/p>\n<\/li>\n<li>\n<p data-path-to-node=\"10,1,0\"><b data-path-to-node=\"10,1,0\" data-index-in-node=\"0\">Aventura Park:<\/b>\u00a0Tiroliene, trasee prin copaci \u0219i zone de escalad\u0103, supravegheate de instructori profesioni\u0219ti.<\/p>\n<\/li>\n<li>\n<p data-path-to-node=\"10,2,0\"><b data-path-to-node=\"10,2,0\" data-index-in-node=\"0\">Satul Me\u0219te\u0219ugarilor:<\/b>\u00a0Ateliere de ol\u0103rit, pictur\u0103 pe fa\u021b\u0103, robotic\u0103 \u0219i g\u0103tit, unde copiii \u00ee\u0219i pot descoperi noi pasiuni.<\/p>\n<\/li>\n<li>\n<p data-path-to-node=\"10,3,0\"><b data-path-to-node=\"10,3,0\" data-index-in-node=\"0\">Zona de echita\u021bie:<\/b>\u00a0Lec\u021bii de c\u0103l\u0103rie \u0219i interac\u021biune cu animalele, o experien\u021b\u0103 terapeutic\u0103 \u0219i educativ\u0103 apreciat\u0103 de to\u021bi vizitatorii.<\/p>\n<\/li>\n<\/ol>\n<h3 data-path-to-node=\"13\">Camping sub stele \u0219i gastronomie pentru toate gusturile<\/h3>\n<p data-path-to-node=\"14\">Pentru edi\u021bia 2026, zona de camping a fost extins\u0103 \u0219i modernizat\u0103 \u0219i ofer\u0103 op\u021biuni de la corturi clasice p\u00e2n\u0103 la experien\u021be de glamping cu tot confortul inclus. Organizatorii pun un accent deosebit pe siguran\u021ba \u0219i confortul familiilor, cu zone de igien\u0103 impecabile, puncte de prim ajutor \u0219i spa\u021bii dedicate mamelor cu bebelu\u0219i.<\/p>\n<p data-path-to-node=\"15\">Zona de food-court a fost reg\u00e2ndit\u0103 pentru a promova alimenta\u021bia s\u0103n\u0103toas\u0103:<\/p>\n<ul data-path-to-node=\"16\">\n<li>\n<p data-path-to-node=\"16,0,0\"><b data-path-to-node=\"16,0,0\" data-index-in-node=\"0\">Organic Corner:<\/b>\u00a0Preparate din ingrediente locale, bio.<\/p>\n<\/li>\n<li>\n<p data-path-to-node=\"16,1,0\"><b data-path-to-node=\"16,1,0\" data-index-in-node=\"0\">International Street Food:<\/b>\u00a0De la burgeri artizanal p\u00e2n\u0103 la specialit\u0103\u021bi asiatice.<\/p>\n<\/li>\n<li>\n<p data-path-to-node=\"16,2,0\"><b data-path-to-node=\"16,2,0\" data-index-in-node=\"0\">Deserturi Magice:<\/b>\u00a0Standuri cu \u00eenghe\u021bat\u0103 artizanal\u0103 \u0219i pr\u0103jituri de cas\u0103.<\/p>\n<\/li>\n<\/ul>\n<h3 data-path-to-node=\"19\">Sustenabilitate \u0219i responsabilitate social\u0103<\/h3>\n<p data-path-to-node=\"20\">\u00cen 2026, festivalul \u00ee\u0219i consolideaz\u0103 politica \u201eZero Waste\u201d. Punctele de reciclare selectiv\u0103 sunt prezente peste tot, iar utilizarea plasticului de unic\u0103 folosin\u021b\u0103 este strict interzis\u0103 \u00een r\u00e2ndul comercian\u021bilor. De asemenea, o parte din \u00eencas\u0103ri este redirec\u021bionat\u0103 c\u0103tre asocia\u021bii care sprijin\u0103 copiii din medii defavorizate, oferindu-le acestora \u0219ansa de a participa gratuit la festival.<\/p>\n<h3 data-path-to-node=\"11\">Evenimente de poveste \u0219i facilit\u0103\u021bi corporate<\/h3>\n<p data-path-to-node=\"12\">Wonderland a devenit destina\u021bia preferat\u0103 pentru evenimente private \u0219i corporate \u00een Cluj. Cu \u0219apte s\u0103li de evenimente (precum Grande Vista sau Sky View), complexul poate g\u0103zdui de la nun\u021bi intime de 50 de persoane, p\u00e2n\u0103 la congrese masive de peste 1.000 de participan\u021bi.<\/p>\n<p data-path-to-node=\"13\">Sistemul \u201eultra all-inclusive\u201d pentru team-building-uri a atras companii gigant din sectorul IT clujean, care caut\u0103 s\u0103 \u00eembine \u0219edin\u021bele de strategie cu activit\u0103\u021bi de coeziune a echipei, totul \u00eentr-un cadru natural spectaculos.<\/p>\n<h3 data-path-to-node=\"16\">Cazare la standarde de 5 stele<\/h3>\n<p data-path-to-node=\"17\">Pentru cei care caut\u0103 r\u0103sf\u0103\u021bul suprem, Wonderland Resort pune la dispozi\u021bie camere tehnologizate \u0219i apartamente de lux, unele dotate cu func\u021bii smart \u0219i c\u0103zi romantice \u0219i ofer\u0103 un confort care rivalizeaz\u0103 cu marile lan\u021buri hoteliere interna\u021bionale. Decorul este unul cald, elegant, cu accent pe materiale naturale care completeaz\u0103 peisajul de afar\u0103. Printre oaspe\u021bii de seam\u0103 ai Wonderland Resort s-a num\u0103rat \u0219i Alte\u021ba Sa Regal\u0103 Principesa Sofia a Rom\u00e2niei.<\/p>\n<h3 data-path-to-node=\"18\">Provoc\u0103rile succesului<\/h3>\n<p data-path-to-node=\"19\">Popularitatea uria\u0219\u0103 vine \u0219i cu provoc\u0103ri. \u00cen perioadele de v\u00e2rf, cum sunt s\u0103rb\u0103torile de Pa\u0219te sau marile festivaluri, accesul \u0219i rezerv\u0103rile trebuie f\u0103cute cu mult timp \u00eenainte. De asemenea, Darius M\u00e2rza pune un accent sporit pe sustenabilitate \u0219i \u00eencearc\u0103 s\u0103 men\u021bin\u0103 echilibrul \u00eentre num\u0103rul mare de turi\u0219ti \u0219i conservarea ecosistemului de pe Dealul Feleacului.<\/p>\n<p data-path-to-node=\"1\">Serviciul de Ajutor Maltez \u00een Rom\u00e2nia (SAMR), organiza\u021bia care poart\u0103 mai departe misiunea milenar\u0103 a Ordinului Suveran de Malta, marcheaz\u0103 \u00een 2026 o etap\u0103 de maturitate \u0219i \u00ee\u0219i consolideaz\u0103 statutul de \u201ebra\u021b social\u201d esen\u021bial pentru mii de beneficiari din \u00eentreaga \u021bar\u0103.<\/p>\n<div class=\"google-auto-placed ap_container\"><\/div>\n<p data-path-to-node=\"2\">Cu sediul central la Cluj-Napoca \u0219i o re\u021bea extins\u0103 de filiale, organiza\u021bia a devenit un model de profesionalism \u00een voluntariat, ghidat\u0103 de deviza: \u201eTuitio fidei et obsequium pauperum\u201d (P\u0103strarea credin\u021bei \u0219i ajutorarea celor afla\u021bi \u00een nevoie).<\/p>\n<h3 data-path-to-node=\"4\">Un Jubileu sub semnul comuniunii<\/h3>\n<p data-path-to-node=\"5\">Anul 2025 a marcat o born\u0103 simbolic\u0103 pentru \u201efamilia maltez\u0103\u201d din Rom\u00e2nia, prin celebrarea Zilei Jubiliare la Alba Iulia. Evenimentul a reunit peste 800 de participan\u021bi \u2014 voluntari, beneficiari \u0219i Cavaleri ai Ordinului de Malta \u2014 \u00eentr-o liturghie solemn\u0103 la Catedrala Sf\u00e2ntul Mihail.<\/p>\n<h3 data-path-to-node=\"8\">Pilonii ac\u021biunii malteze: De la \u201eMasa pe Ro\u021bi\u201d la parcul incluziv<\/h3>\n<p data-path-to-node=\"9\">Activitatea Serviciului de Ajutor Maltez \u00een Rom\u00e2nia este structurat\u0103 pe programe pe termen lung, care vizeaz\u0103 patru categorii principale:<\/p>\n<ul data-path-to-node=\"10\">\n<li>\n<p data-path-to-node=\"10,0,0\"><b data-path-to-node=\"10,0,0\" data-index-in-node=\"0\">Seniorii:<\/b>\u00a0Programul \u201eMasa pe ro\u021bi\u201d r\u0103m\u00e2ne inima organiza\u021biei. Zilnic, sute de por\u021bii de m\u00e2ncare cald\u0103 sunt livrate la domiciliul b\u0103tr\u00e2nilor singuri sau bolnavi, \u0219oferii \u0219i voluntarii fiind, de multe ori, singura leg\u0103tur\u0103 a acestor seniori cu lumea exterioar\u0103.<\/p>\n<\/li>\n<li>\n<p data-path-to-node=\"10,1,0\"><b data-path-to-node=\"10,1,0\" data-index-in-node=\"0\">Copiii cu dizabilit\u0103\u021bi:<\/b>\u00a0\u00cen Cluj-Napoca, Gr\u0103dini\u021ba Special\u0103 Maltez\u0103 ofer\u0103 terapii de recuperare pentru copiii cu dizabilit\u0103\u021bi neuromotorii. Un proiect de referin\u021b\u0103 recent este primul parc incluziv din Cluj, un spa\u021biu unde copiii cu nevoi speciale se pot juca al\u0103turi de cei tipici, elimin\u00e2nd barierele sociale \u00eenc\u0103 din copil\u0103rie.<\/p>\n<\/li>\n<li>\n<p data-path-to-node=\"10,2,0\"><b data-path-to-node=\"10,2,0\" data-index-in-node=\"0\">Persoanele f\u0103r\u0103 ad\u0103post:<\/b>\u00a0\u00cen ora\u0219e precum Sf\u00e2ntu Gheorghe, maltezii administreaz\u0103 aziluri de noapte \u0219i ofer\u0103 nu doar un pat cald, ci \u0219i consiliere pentru reintegrare.<\/p>\n<\/li>\n<li>\n<p data-path-to-node=\"10,3,0\"><b data-path-to-node=\"10,3,0\" data-index-in-node=\"0\">Primul ajutor:<\/b>\u00a0Voluntarii maltezi sunt prezen\u021bi la marile pelerinaje \u0219i evenimente publice \u0219i sunt instrui\u021bi la standarde interna\u021bionale pentru a oferi asisten\u021b\u0103 medical\u0103 de urgen\u021b\u0103.<\/p>\n<\/li>\n<\/ul>\n<h3 data-path-to-node=\"13\">Puterea voluntariatului: Tineretul Maltez<\/h3>\n<p data-path-to-node=\"14\">Secretul longevit\u0103\u021bii SAMR rezid\u0103 \u00een cei peste 1.000 de voluntari activi. \u00cen 2026, Tineretul Maltez reprezint\u0103 motorul de inovare al organiza\u021biei. De la tabere de var\u0103 pentru tinerii cu dizabilit\u0103\u021bi p\u00e2n\u0103 la campanii de str\u00e2ngere de fonduri precum Walking Month, tinerii demonstreaz\u0103 c\u0103 solidaritatea este o valoare vie.<\/p>\n<h3 data-path-to-node=\"17\">Proiecte europene \u0219i impact na\u021bional<\/h3>\n<p data-path-to-node=\"18\">\u00cen prezent, SAMR este implicat \u00een parteneriate strategice la nivel na\u021bional, precum proiectele de incluziune social\u0103 \u00een mediul rural. Colabor\u0103rile cu autorit\u0103\u021bile locale, precum cele din Satu Mare, vizeaz\u0103 prevenirea separ\u0103rii copilului de familie prin oferirea de servicii integrate (sociale, psihologice \u0219i medicale) pentru sute de familii vulnerabile.<\/p>\n<p data-path-to-node=\"21\">Serviciul de Ajutor Maltez \u00een Rom\u00e2nia r\u0103m\u00e2ne, dup\u0103 mai bine de 35 de ani, o dovad\u0103 c\u0103 dragostea cre\u0219tin\u0103, tradus\u0103 \u00een fapte concrete \u0219i organizat\u0103 profesionist, are puterea de a schimba destine.<\/p>\n<p data-path-to-node=\"2\">Cu un statut juridic unic, Ordinul Suveran de Malta este un stat suveran f\u0103r\u0103 a de\u021bine un teritoriu geografic propriu (cu excep\u021bia c\u00e2torva propriet\u0103\u021bi cu statut extrateritorial \u00een Roma), emite propriile pa\u0219apoarte, monede \u0219i timbre, \u0219i \u00eentre\u021bine rela\u021bii diplomatice la nivel de ambasador cu peste 110 state, inclusiv cu Rom\u00e2nia.<\/p>\n<h3 data-path-to-node=\"4\">O Misiune milenar\u0103<\/h3>\n<p data-path-to-node=\"5\">Fondat \u00een jurul anului 1048 la Ierusalim, ini\u021bial ca un spital pentru pelerinii de toate religiile, Ordinul a evoluat \u00eentr-un ordin religios \u0219i militar pentru a proteja \u201e\u021aara Sf\u00e2nt\u0103\u201d. Ast\u0103zi, latura militar\u0103 este pur simbolic\u0103, \u00eens\u0103 spiritul \u201ehospitalier\u201d este mai activ ca niciodat\u0103.<\/p>\n<p data-path-to-node=\"6\">Misiunea Ordinului este ghidat\u0103 de principiul dublu:<\/p>\n<ol start=\"1\" data-path-to-node=\"7\">\n<li>\n<p data-path-to-node=\"7,0,0\"><b data-path-to-node=\"7,0,0\" data-index-in-node=\"0\">Tuitio Fidei:<\/b>\u00a0Ap\u0103rarea credin\u021bei catolice.<\/p>\n<\/li>\n<li>\n<p data-path-to-node=\"7,1,0\"><b data-path-to-node=\"7,1,0\" data-index-in-node=\"0\">Obsequium Pauperum:<\/b>\u00a0Slujirea celor s\u0103raci \u0219i bolnavi.<\/p>\n<\/li>\n<\/ol>\n<p data-path-to-node=\"8\">Aceast\u0103 voca\u021bie dubl\u0103 transform\u0103 Ordinul \u00eentr-o armat\u0103 a p\u0103cii, desf\u0103\u0219urat\u0103 \u00een prezent \u00een peste 120 de \u021b\u0103ri, unde gestioneaz\u0103 spitale, clinici, centre de \u00eengrijire \u0219i opera\u021biuni de asisten\u021b\u0103 \u00een zone de conflict sau dezastre naturale.<\/p>\n<h3 data-path-to-node=\"10\">Diploma\u021bia Umanitar\u0103<\/h3>\n<p data-path-to-node=\"11\">Statutul de subiect de drept interna\u021bional \u00eei ofer\u0103 Ordinului de Malta un avantaj strategic crucial: neutralitatea absolut\u0103. Aceasta le permite voluntarilor \u0219i medicilor s\u0103i s\u0103 intervin\u0103 \u00een zone unde statele na\u021bionale sau alte organiza\u021bii interna\u021bionale sunt blocate de tensiuni politice.<\/p>\n<p data-path-to-node=\"12\">Pa\u0219aportul maltez, unul dintre cele mai rare din lume, este recunoscut interna\u021bional \u0219i faciliteaz\u0103 accesul diplomatic \u00een zone de criz\u0103. Ordinul joac\u0103 un rol esen\u021bial de mediator \u0219i furnizor de asisten\u021b\u0103 \u00een crizele din Orientul Mijlociu \u0219i \u00een conflictele din inima Europei, oferind ajutor umanitar f\u0103r\u0103 a \u021bine cont de etnie, religie sau orientare politic\u0103.<\/p>\n<h3 data-path-to-node=\"14\">Malteser International<\/h3>\n<p data-path-to-node=\"15\">Opera\u021biunile de teren sunt gestionate \u00een mare parte prin Malteser International, agen\u021bia de ajutor mondial a Ordinului. De la combaterea epidemiilor \u00een Africa, p\u00e2n\u0103 la construirea de ad\u0103posturi rezistente la cutremure \u00een Asia, agen\u021bia func\u021bioneaz\u0103 cu rigoare german\u0103 \u0219i compasiune cre\u0219tin\u0103.<\/p>\n<h3 data-path-to-node=\"18\">Reorganizarea sub Papa Francisc<\/h3>\n<p data-path-to-node=\"19\">Anii recen\u021bi au marcat o perioad\u0103 de reform\u0103 intern\u0103 profund\u0103. Sub \u00eendrumarea Papei Francisc, Ordinul \u0219i-a revizuit Carta Constitu\u021bional\u0103 pentru a-\u0219i \u00eent\u0103ri identitatea religioas\u0103 \u0219i pentru a asigura o guvernan\u021b\u0103 mai transparent\u0103 \u0219i eficient\u0103.<\/p>\n<p data-path-to-node=\"20\">Alegerea actualului Mare Maestru reflect\u0103 aceast\u0103 nou\u0103 direc\u021bie: un echilibru \u00eentre tradi\u021bia aristocrat\u0103 a cavalerilor \u0219i necesitatea unei conduceri pragmatice, orientate spre rezultate umanitare concrete.<\/p>\n<blockquote class=\"wp-embedded-content\" data-secret=\"pzCTRBcv6X\"><p><a href=\"https:\/\/copilarie.org\/index.php\/2026\/01\/10\/scoala-din-iclod-dotata-cu-mobilier-nou-cu-ajutorul-banilor-europeni\/\">\u0218coala din Iclod, dotat\u0103 cu mobilier nou, cu ajutorul banilor europeni<\/a><\/p><\/blockquote>\n<p><iframe loading=\"lazy\" class=\"wp-embedded-content\" sandbox=\"allow-scripts\" security=\"restricted\" style=\"position: absolute; visibility: hidden;\" title=\"&#8222;\u0218coala din Iclod, dotat\u0103 cu mobilier nou, cu ajutorul banilor europeni&#8221; &#8211; Copil\u0103rie.org\" src=\"https:\/\/copilarie.org\/index.php\/2026\/01\/10\/scoala-din-iclod-dotata-cu-mobilier-nou-cu-ajutorul-banilor-europeni\/embed\/#?secret=RnkNIQKfCd#?secret=pzCTRBcv6X\" data-secret=\"pzCTRBcv6X\" width=\"600\" height=\"338\" frameborder=\"0\" marginwidth=\"0\" marginheight=\"0\" scrolling=\"no\"><\/iframe><\/p>\n","protected":false},"excerpt":{"rendered":"<p>Unul dintre cele mai emo\u021bionante evenimente dedicate persoanelor cu dizabilit\u0103\u021bi a fost g\u0103zduit de antreprenorul Darius M\u00e2rza, CEO al\u00a0Wonderland Resort.\u00a0 Timp de trei zile, 24 de persoane cu dizabilit\u0103\u021bi au luat parte la o tab\u0103r\u0103 special\u0103, organizat\u0103 de Caiac SMile \u00een parteneriat cu Kaufland Rom\u00e2nia, prin programul A.C.C.E.S. Tab\u0103ra este a treia de acest fel [&hellip;]<\/p>\n","protected":false},"author":6,"featured_media":3806,"comment_status":"open","ping_status":"open","sticky":false,"template":"","format":"standard","meta":{"footnotes":""},"categories":[1,23],"tags":[333,24,634,344,345,636,635],"class_list":{"0":"post-3805","1":"post","2":"type-post","3":"status-publish","4":"format-standard","5":"has-post-thumbnail","7":"category-acasa","8":"category-familie","9":"tag-claudiu-padurean","10":"tag-copilarie-org","11":"tag-darius-marza","12":"tag-news","13":"tag-stiri","14":"tag-wonder-family-fest","15":"tag-wonderland"},"yoast_head":"<!-- This site is optimized with the Yoast SEO plugin v23.6 - https:\/\/yoast.com\/wordpress\/plugins\/seo\/ -->\n<title>Via Cluj TV: Tab\u0103r\u0103 de echita\u021bie pentru persoanele cu dizabilit\u0103\u021bi - Copil\u0103rie.org<\/title>\n<meta name=\"robots\" content=\"index, follow, max-snippet:-1, max-image-preview:large, max-video-preview:-1\" \/>\n<link rel=\"canonical\" href=\"https:\/\/copilarie.org\/index.php\/2025\/10\/25\/via-cluj-tv-tabara-de-echitatie-pentru-persoanele-cu-dizabilitati\/\" \/>\n<meta property=\"og:locale\" content=\"ro_RO\" \/>\n<meta property=\"og:type\" content=\"article\" \/>\n<meta property=\"og:title\" content=\"Via Cluj TV: Tab\u0103r\u0103 de echita\u021bie pentru persoanele cu dizabilit\u0103\u021bi - Copil\u0103rie.org\" \/>\n<meta property=\"og:description\" content=\"Unul dintre cele mai emo\u021bionante evenimente dedicate persoanelor cu dizabilit\u0103\u021bi a fost g\u0103zduit de antreprenorul Darius M\u00e2rza, CEO al\u00a0Wonderland Resort.\u00a0 Timp de trei zile, 24 de persoane cu dizabilit\u0103\u021bi au luat parte la o tab\u0103r\u0103 special\u0103, organizat\u0103 de Caiac SMile \u00een parteneriat cu Kaufland Rom\u00e2nia, prin programul A.C.C.E.S. Tab\u0103ra este a treia de acest fel [&hellip;]\" \/>\n<meta property=\"og:url\" content=\"https:\/\/copilarie.org\/index.php\/2025\/10\/25\/via-cluj-tv-tabara-de-echitatie-pentru-persoanele-cu-dizabilitati\/\" \/>\n<meta property=\"og:site_name\" content=\"Copil\u0103rie.org\" \/>\n<meta property=\"article:publisher\" content=\"https:\/\/www.facebook.com\/copilarie.org\/\" \/>\n<meta property=\"article:published_time\" content=\"2025-10-25T16:37:34+00:00\" \/>\n<meta property=\"article:modified_time\" content=\"2026-01-15T16:38:06+00:00\" \/>\n<meta property=\"og:image\" content=\"https:\/\/copilarie.org\/wp-content\/uploads\/2026\/01\/wonderland-3.jpg\" \/>\n\t<meta property=\"og:image:width\" content=\"924\" \/>\n\t<meta property=\"og:image:height\" content=\"1386\" \/>\n\t<meta property=\"og:image:type\" content=\"image\/jpeg\" \/>\n<meta name=\"author\" content=\"Claudiu Padurean\" \/>\n<meta name=\"twitter:card\" content=\"summary_large_image\" \/>\n<meta name=\"twitter:creator\" content=\"@CopilarieOrg\" \/>\n<meta name=\"twitter:site\" content=\"@CopilarieOrg\" \/>\n<meta name=\"twitter:label1\" content=\"Scris de\" \/>\n\t<meta name=\"twitter:data1\" content=\"Claudiu Padurean\" \/>\n\t<meta name=\"twitter:label2\" content=\"Timp estimat pentru citire\" \/>\n\t<meta name=\"twitter:data2\" content=\"19 minute\" \/>\n<script type=\"application\/ld+json\" class=\"yoast-schema-graph\">{\"@context\":\"https:\/\/schema.org\",\"@graph\":[{\"@type\":\"WebPage\",\"@id\":\"https:\/\/copilarie.org\/index.php\/2025\/10\/25\/via-cluj-tv-tabara-de-echitatie-pentru-persoanele-cu-dizabilitati\/\",\"url\":\"https:\/\/copilarie.org\/index.php\/2025\/10\/25\/via-cluj-tv-tabara-de-echitatie-pentru-persoanele-cu-dizabilitati\/\",\"name\":\"Via Cluj TV: Tab\u0103r\u0103 de echita\u021bie pentru persoanele cu dizabilit\u0103\u021bi - Copil\u0103rie.org\",\"isPartOf\":{\"@id\":\"https:\/\/copilarie.org\/#website\"},\"primaryImageOfPage\":{\"@id\":\"https:\/\/copilarie.org\/index.php\/2025\/10\/25\/via-cluj-tv-tabara-de-echitatie-pentru-persoanele-cu-dizabilitati\/#primaryimage\"},\"image\":{\"@id\":\"https:\/\/copilarie.org\/index.php\/2025\/10\/25\/via-cluj-tv-tabara-de-echitatie-pentru-persoanele-cu-dizabilitati\/#primaryimage\"},\"thumbnailUrl\":\"https:\/\/copilarie.org\/wp-content\/uploads\/2026\/01\/wonderland-3.jpg\",\"datePublished\":\"2025-10-25T16:37:34+00:00\",\"dateModified\":\"2026-01-15T16:38:06+00:00\",\"author\":{\"@id\":\"https:\/\/copilarie.org\/#\/schema\/person\/cc68df24fe273441f59111720355e6d7\"},\"breadcrumb\":{\"@id\":\"https:\/\/copilarie.org\/index.php\/2025\/10\/25\/via-cluj-tv-tabara-de-echitatie-pentru-persoanele-cu-dizabilitati\/#breadcrumb\"},\"inLanguage\":\"ro-RO\",\"potentialAction\":[{\"@type\":\"ReadAction\",\"target\":[\"https:\/\/copilarie.org\/index.php\/2025\/10\/25\/via-cluj-tv-tabara-de-echitatie-pentru-persoanele-cu-dizabilitati\/\"]}]},{\"@type\":\"ImageObject\",\"inLanguage\":\"ro-RO\",\"@id\":\"https:\/\/copilarie.org\/index.php\/2025\/10\/25\/via-cluj-tv-tabara-de-echitatie-pentru-persoanele-cu-dizabilitati\/#primaryimage\",\"url\":\"https:\/\/copilarie.org\/wp-content\/uploads\/2026\/01\/wonderland-3.jpg\",\"contentUrl\":\"https:\/\/copilarie.org\/wp-content\/uploads\/2026\/01\/wonderland-3.jpg\",\"width\":924,\"height\":1386},{\"@type\":\"BreadcrumbList\",\"@id\":\"https:\/\/copilarie.org\/index.php\/2025\/10\/25\/via-cluj-tv-tabara-de-echitatie-pentru-persoanele-cu-dizabilitati\/#breadcrumb\",\"itemListElement\":[{\"@type\":\"ListItem\",\"position\":1,\"name\":\"Prima pagin\u0103\",\"item\":\"https:\/\/copilarie.org\/\"},{\"@type\":\"ListItem\",\"position\":2,\"name\":\"Via Cluj TV: Tab\u0103r\u0103 de echita\u021bie pentru persoanele cu dizabilit\u0103\u021bi\"}]},{\"@type\":\"WebSite\",\"@id\":\"https:\/\/copilarie.org\/#website\",\"url\":\"https:\/\/copilarie.org\/\",\"name\":\"Copil\u0103rie.org\",\"description\":\"\u00cen pas cu tine\",\"potentialAction\":[{\"@type\":\"SearchAction\",\"target\":{\"@type\":\"EntryPoint\",\"urlTemplate\":\"https:\/\/copilarie.org\/?s={search_term_string}\"},\"query-input\":{\"@type\":\"PropertyValueSpecification\",\"valueRequired\":true,\"valueName\":\"search_term_string\"}}],\"inLanguage\":\"ro-RO\"},{\"@type\":\"Person\",\"@id\":\"https:\/\/copilarie.org\/#\/schema\/person\/cc68df24fe273441f59111720355e6d7\",\"name\":\"Claudiu Padurean\",\"image\":{\"@type\":\"ImageObject\",\"inLanguage\":\"ro-RO\",\"@id\":\"https:\/\/copilarie.org\/#\/schema\/person\/image\/\",\"url\":\"https:\/\/secure.gravatar.com\/avatar\/f254259557f5b35053cf76205615a03f17a29fe60ac58ed31adacef6a3f612f9?s=96&d=mm&r=g\",\"contentUrl\":\"https:\/\/secure.gravatar.com\/avatar\/f254259557f5b35053cf76205615a03f17a29fe60ac58ed31adacef6a3f612f9?s=96&d=mm&r=g\",\"caption\":\"Claudiu Padurean\"}}]}<\/script>\n<!-- \/ Yoast SEO plugin. -->","yoast_head_json":{"title":"Via Cluj TV: Tab\u0103r\u0103 de echita\u021bie pentru persoanele cu dizabilit\u0103\u021bi - Copil\u0103rie.org","robots":{"index":"index","follow":"follow","max-snippet":"max-snippet:-1","max-image-preview":"max-image-preview:large","max-video-preview":"max-video-preview:-1"},"canonical":"https:\/\/copilarie.org\/index.php\/2025\/10\/25\/via-cluj-tv-tabara-de-echitatie-pentru-persoanele-cu-dizabilitati\/","og_locale":"ro_RO","og_type":"article","og_title":"Via Cluj TV: Tab\u0103r\u0103 de echita\u021bie pentru persoanele cu dizabilit\u0103\u021bi - Copil\u0103rie.org","og_description":"Unul dintre cele mai emo\u021bionante evenimente dedicate persoanelor cu dizabilit\u0103\u021bi a fost g\u0103zduit de antreprenorul Darius M\u00e2rza, CEO al\u00a0Wonderland Resort.\u00a0 Timp de trei zile, 24 de persoane cu dizabilit\u0103\u021bi au luat parte la o tab\u0103r\u0103 special\u0103, organizat\u0103 de Caiac SMile \u00een parteneriat cu Kaufland Rom\u00e2nia, prin programul A.C.C.E.S. Tab\u0103ra este a treia de acest fel [&hellip;]","og_url":"https:\/\/copilarie.org\/index.php\/2025\/10\/25\/via-cluj-tv-tabara-de-echitatie-pentru-persoanele-cu-dizabilitati\/","og_site_name":"Copil\u0103rie.org","article_publisher":"https:\/\/www.facebook.com\/copilarie.org\/","article_published_time":"2025-10-25T16:37:34+00:00","article_modified_time":"2026-01-15T16:38:06+00:00","og_image":[{"width":924,"height":1386,"url":"https:\/\/copilarie.org\/wp-content\/uploads\/2026\/01\/wonderland-3.jpg","type":"image\/jpeg"}],"author":"Claudiu Padurean","twitter_card":"summary_large_image","twitter_creator":"@CopilarieOrg","twitter_site":"@CopilarieOrg","twitter_misc":{"Scris de":"Claudiu Padurean","Timp estimat pentru citire":"19 minute"},"schema":{"@context":"https:\/\/schema.org","@graph":[{"@type":"WebPage","@id":"https:\/\/copilarie.org\/index.php\/2025\/10\/25\/via-cluj-tv-tabara-de-echitatie-pentru-persoanele-cu-dizabilitati\/","url":"https:\/\/copilarie.org\/index.php\/2025\/10\/25\/via-cluj-tv-tabara-de-echitatie-pentru-persoanele-cu-dizabilitati\/","name":"Via Cluj TV: Tab\u0103r\u0103 de echita\u021bie pentru persoanele cu dizabilit\u0103\u021bi - Copil\u0103rie.org","isPartOf":{"@id":"https:\/\/copilarie.org\/#website"},"primaryImageOfPage":{"@id":"https:\/\/copilarie.org\/index.php\/2025\/10\/25\/via-cluj-tv-tabara-de-echitatie-pentru-persoanele-cu-dizabilitati\/#primaryimage"},"image":{"@id":"https:\/\/copilarie.org\/index.php\/2025\/10\/25\/via-cluj-tv-tabara-de-echitatie-pentru-persoanele-cu-dizabilitati\/#primaryimage"},"thumbnailUrl":"https:\/\/copilarie.org\/wp-content\/uploads\/2026\/01\/wonderland-3.jpg","datePublished":"2025-10-25T16:37:34+00:00","dateModified":"2026-01-15T16:38:06+00:00","author":{"@id":"https:\/\/copilarie.org\/#\/schema\/person\/cc68df24fe273441f59111720355e6d7"},"breadcrumb":{"@id":"https:\/\/copilarie.org\/index.php\/2025\/10\/25\/via-cluj-tv-tabara-de-echitatie-pentru-persoanele-cu-dizabilitati\/#breadcrumb"},"inLanguage":"ro-RO","potentialAction":[{"@type":"ReadAction","target":["https:\/\/copilarie.org\/index.php\/2025\/10\/25\/via-cluj-tv-tabara-de-echitatie-pentru-persoanele-cu-dizabilitati\/"]}]},{"@type":"ImageObject","inLanguage":"ro-RO","@id":"https:\/\/copilarie.org\/index.php\/2025\/10\/25\/via-cluj-tv-tabara-de-echitatie-pentru-persoanele-cu-dizabilitati\/#primaryimage","url":"https:\/\/copilarie.org\/wp-content\/uploads\/2026\/01\/wonderland-3.jpg","contentUrl":"https:\/\/copilarie.org\/wp-content\/uploads\/2026\/01\/wonderland-3.jpg","width":924,"height":1386},{"@type":"BreadcrumbList","@id":"https:\/\/copilarie.org\/index.php\/2025\/10\/25\/via-cluj-tv-tabara-de-echitatie-pentru-persoanele-cu-dizabilitati\/#breadcrumb","itemListElement":[{"@type":"ListItem","position":1,"name":"Prima pagin\u0103","item":"https:\/\/copilarie.org\/"},{"@type":"ListItem","position":2,"name":"Via Cluj TV: Tab\u0103r\u0103 de echita\u021bie pentru persoanele cu dizabilit\u0103\u021bi"}]},{"@type":"WebSite","@id":"https:\/\/copilarie.org\/#website","url":"https:\/\/copilarie.org\/","name":"Copil\u0103rie.org","description":"\u00cen pas cu tine","potentialAction":[{"@type":"SearchAction","target":{"@type":"EntryPoint","urlTemplate":"https:\/\/copilarie.org\/?s={search_term_string}"},"query-input":{"@type":"PropertyValueSpecification","valueRequired":true,"valueName":"search_term_string"}}],"inLanguage":"ro-RO"},{"@type":"Person","@id":"https:\/\/copilarie.org\/#\/schema\/person\/cc68df24fe273441f59111720355e6d7","name":"Claudiu Padurean","image":{"@type":"ImageObject","inLanguage":"ro-RO","@id":"https:\/\/copilarie.org\/#\/schema\/person\/image\/","url":"https:\/\/secure.gravatar.com\/avatar\/f254259557f5b35053cf76205615a03f17a29fe60ac58ed31adacef6a3f612f9?s=96&d=mm&r=g","contentUrl":"https:\/\/secure.gravatar.com\/avatar\/f254259557f5b35053cf76205615a03f17a29fe60ac58ed31adacef6a3f612f9?s=96&d=mm&r=g","caption":"Claudiu Padurean"}}]}},"_links":{"self":[{"href":"https:\/\/copilarie.org\/index.php\/wp-json\/wp\/v2\/posts\/3805","targetHints":{"allow":["GET"]}}],"collection":[{"href":"https:\/\/copilarie.org\/index.php\/wp-json\/wp\/v2\/posts"}],"about":[{"href":"https:\/\/copilarie.org\/index.php\/wp-json\/wp\/v2\/types\/post"}],"author":[{"embeddable":true,"href":"https:\/\/copilarie.org\/index.php\/wp-json\/wp\/v2\/users\/6"}],"replies":[{"embeddable":true,"href":"https:\/\/copilarie.org\/index.php\/wp-json\/wp\/v2\/comments?post=3805"}],"version-history":[{"count":2,"href":"https:\/\/copilarie.org\/index.php\/wp-json\/wp\/v2\/posts\/3805\/revisions"}],"predecessor-version":[{"id":3808,"href":"https:\/\/copilarie.org\/index.php\/wp-json\/wp\/v2\/posts\/3805\/revisions\/3808"}],"wp:featuredmedia":[{"embeddable":true,"href":"https:\/\/copilarie.org\/index.php\/wp-json\/wp\/v2\/media\/3806"}],"wp:attachment":[{"href":"https:\/\/copilarie.org\/index.php\/wp-json\/wp\/v2\/media?parent=3805"}],"wp:term":[{"taxonomy":"category","embeddable":true,"href":"https:\/\/copilarie.org\/index.php\/wp-json\/wp\/v2\/categories?post=3805"},{"taxonomy":"post_tag","embeddable":true,"href":"https:\/\/copilarie.org\/index.php\/wp-json\/wp\/v2\/tags?post=3805"}],"curies":[{"name":"wp","href":"https:\/\/api.w.org\/{rel}","templated":true}]}}