{"id":3897,"date":"2026-03-05T20:42:59","date_gmt":"2026-03-05T20:42:59","guid":{"rendered":"https:\/\/copilarie.org\/?p=3897"},"modified":"2026-03-05T20:42:59","modified_gmt":"2026-03-05T20:42:59","slug":"turneul-metavivaldi-ajunge-la-cluj-napoca","status":"publish","type":"post","link":"https:\/\/copilarie.org\/index.php\/2026\/03\/05\/turneul-metavivaldi-ajunge-la-cluj-napoca\/","title":{"rendered":"Turneul MetaVivaldi ajunge la Cluj-Napoca"},"content":{"rendered":"<p class=\"p1\"><b>When Violin Meets Guitar aduce concertul MetaVivaldi in data de 14 Martie, ora 19.00, la Auditorium Maximum din Cluj-Napoca. Este vorba de un eveniment care propune un adev\u0103rat dialog \u00eentre stiluri muzicale contrastante. Astfel, <\/b><b>Anotimpurile lui Antonio Vivaldi \u0219i celebre piese rock ale anilor &#8217;70 &#8211; &#8217;80 se \u00eent\u00e2lnesc \u00eentr-un spectacol inedit, \u00een care clujenii \u00eei vor \u00eent\u00e2lni pe Natalia Pancec la vioar\u0103 \u0219i pe Emilian Florentin Gheorghe (Flores) la chitar\u0103.<\/b><\/p>\n<p class=\"p1\">\u201d\u00cent\u00e2lnirea dintre armonie \u0219i inven\u021bie, cum zicea Vivaldi, este, p\u00e2n\u0103 la urm\u0103, \u00eent\u00e2lnirea viorii cu chitara, \u00eent\u00e2lnirea publicului de clasic cu cel de rock, coabitarea celor dou\u0103 genuri, aparent diferite, nefiind altceva dec\u00e2t marea bucurie a muzicii.<\/p>\n<p class=\"p1\">Programul concertului este o al\u0103turare inedit\u0103 de lucr\u0103ri clasice \u0219i rock: de la Vivaldi, Ciprian Porumbescu \u0219i George Enescu la Led Zeppelin, Pink Floyd, Malmsteen, Queen \u0219i Metallica.<\/p>\n<p class=\"p1\">Rolul de a crea tranzi\u0163ii \u00eentre cele dou\u0103 orizonturi muzicale \u00eei revine povestitorului spectacolului: actorul Vlad Andrei\u201d, spun organizatorii evenimentului.<\/p>\n<p class=\"p1\">Spectacolul va ajunge \u015fi \u00een urm\u0103toarele ora\u015fe:<\/p>\n<p class=\"p1\">15 martie Sibiu<\/p>\n<p class=\"p1\">21 martie Bra\u015fov<\/p>\n<p class=\"p1\">24 \u0219i 25 aprilie Gala\u0163i<\/p>\n<p class=\"p1\">26 aprilie C\u0103l\u0103ra\u015fi<\/p>\n<p class=\"p1\">22 mai B\u00e2rlad<\/p>\n<p class=\"p1\">23 mai Foc\u0219ani<\/p>\n<p class=\"p1\">24 mai Ia\u0219i<\/p>\n<p class=\"p1\">30 iunie Bucure\u015fti \u2013 Ateneul Rom\u00e2n<\/p>\n<p class=\"p1\">Bilete pe: ambilet.ro\/metavivaldi\/<\/p>\n<p class=\"p1\">Natalia Pancec \u2013 violonist\u0103 &#8211; este \u0219ef partid\u0103 vioara I la Filarmonica George Enescu din Bucure\u0219ti \u015fi adesea \u00eei revine rolul de concertmaestru.<\/p>\n<p class=\"p1\">Emilian Florentin Gheorghe (Flores) \u2013 Chitarist versatil, se revendic\u0103 din rock \u0219i este inventatorul Anotimpurilor lui Antonio Vivaldi pentru chitar\u0103.<\/p>\n<div class=\"youtube-embed\" data-video_id=\"RTI1aurRXG8\"><iframe loading=\"lazy\" title=\"When Violin Meets Guitar - live at Romanian Athenaeum\" width=\"696\" height=\"392\" src=\"https:\/\/www.youtube.com\/embed\/RTI1aurRXG8?feature=oembed&#038;enablejsapi=1\" frameborder=\"0\" allow=\"accelerometer; autoplay; clipboard-write; encrypted-media; gyroscope; picture-in-picture; web-share\" referrerpolicy=\"strict-origin-when-cross-origin\" allowfullscreen><\/iframe><\/div>\n<p data-path-to-node=\"1\">\u00centr-o industrie muzical\u0103 dominat\u0103 de produc\u021bii digitale \u0219i efecte electronice, proiectul When Violin Meets Guitar a reu\u0219it s\u0103 demonstreze c\u0103 puritatea sunetului acustic r\u0103m\u00e2ne o for\u021b\u0103 capabil\u0103 s\u0103 captiveze audien\u021be moderne. Format din violonista Natalia Pancec \u0219i chitaristul Emilian Florentin Gheorghe, acest duo a devenit un reper de elegan\u021b\u0103 \u0219i virtuozitate \u0219i ofer\u0103 o perspectiv\u0103 proasp\u0103t\u0103 asupra modului \u00een care dou\u0103 instrumente aparent contrastante pot fuziona \u00eentr-un discurs sonor unitar.<\/p>\n<h3 data-path-to-node=\"3\">O fuziune a genurilor: De la clasic la rock-simfonic<\/h3>\n<p data-path-to-node=\"4\">Ceea ce diferen\u021biaz\u0103 acest proiect de alte duouri camerale este versatilitatea stilistic\u0103. Repertoriul ales de cei doi muzicieni nu se limiteaz\u0103 la partiturile clasice, ci exploreaz\u0103 teritorii vaste. Astfel, reu\u0219e\u0219te s\u0103 integreze elemente de pop-rock, jazz \u0219i muzic\u0103 de film \u00eentr-o form\u0103 academic\u0103, dar accesibil\u0103.<\/p>\n<ul data-path-to-node=\"5\">\n<li>\n<p data-path-to-node=\"5,0,0\"><b data-path-to-node=\"5,0,0\" data-index-in-node=\"0\">Vioara:<\/b> Cu str\u0103lucirea \u0219i sensibilitatea specific\u0103 muzicii clasice, vioara Nataliei Pancec conduce linia melodic\u0103 cu o precizie care tr\u0103deaz\u0103 ani de studiu riguros.<\/p>\n<\/li>\n<li>\n<p data-path-to-node=\"5,1,0\"><b data-path-to-node=\"5,1,0\" data-index-in-node=\"0\">Chitara:<\/b> Emilian Florentin Gheorghe nu se limiteaz\u0103 la rolul de acompaniator. Chitara sa devine o \u00eentreag\u0103 orchestr\u0103, care ofer\u0103 at\u00e2t baza ritmic\u0103, c\u00e2t \u0219i armonii complexe care transform\u0103 fiecare pies\u0103 \u00eentr-o experien\u021b\u0103 cinematografic\u0103.<\/p>\n<\/li>\n<\/ul>\n<h3 data-path-to-node=\"7\">Albumul \u201eThe Path\u201d: C\u0103l\u0103toria c\u0103tre maturitate artistic\u0103<\/h3>\n<p data-path-to-node=\"8\">\u00cen ultimul an, duo-ul a consolidat succesul proiectului prin lansarea \u0219i promovarea materialului discografic intitulat \u201eThe Path\u201d. Acest album reprezint\u0103 o sintez\u0103 a viziunii lor artistice, incluz\u00e2nd aranjamente originale care pun \u00een valoare dialogul dintre cele dou\u0103 instrumente.<\/p>\n<ol start=\"1\" data-path-to-node=\"9\">\n<li>\n<p data-path-to-node=\"9,0,0\"><b data-path-to-node=\"9,0,0\" data-index-in-node=\"0\">Aranjamente proprii:<\/b> Piesele nu sunt simple interpret\u0103ri, ci reinterpret\u0103ri structurale. Melodii celebre sunt desf\u0103cute \u0219i reconstruite pentru a se potrivi dinamicii specifice dintre vioar\u0103 \u0219i chitar\u0103.<\/p>\n<\/li>\n<li>\n<p data-path-to-node=\"9,1,0\"><b data-path-to-node=\"9,1,0\" data-index-in-node=\"0\">Dinamica interpret\u0103rii:<\/b> Criticii muzicali au remarcat \u201erespira\u021bia comun\u0103\u201d a celor doi arti\u0219ti, un grad de sincronizare care permite treceri bru\u0219te de la momente de o delicate\u021be extrem\u0103 la pasaje de o energie debordant\u0103.<\/p>\n<\/li>\n<\/ol>\n<h3 data-path-to-node=\"12\">Impactul \u00een spa\u021biul cultural rom\u00e2nesc<\/h3>\n<p data-path-to-node=\"13\">Prezen\u021ba proiectului When Violin Meets Guitar \u00een festivaluri de renume \u0219i \u00een s\u0103li de concerte filarmonice a contribuit la popularizarea muzicii instrumentale \u00een r\u00e2ndul publicului t\u00e2n\u0103r. Prin abordarea unor teme muzicale cunoscute (de la Astor Piazzolla la prelucr\u0103ri dup\u0103 mari trupe rock), duo-ul a reu\u0219it s\u0103 sparg\u0103 barierele rigide ale muzicii clasice tradi\u021bionale.<\/p>\n<table data-path-to-node=\"14\">\n<thead>\n<tr>\n<td><strong>Element de Impact<\/strong><\/td>\n<td><strong>Descriere<\/strong><\/td>\n<td><strong>Rezultat \u00een 2026<\/strong><\/td>\n<\/tr>\n<\/thead>\n<tbody>\n<tr>\n<td><span data-path-to-node=\"14,1,0,0\"><b data-path-to-node=\"14,1,0,0\" data-index-in-node=\"0\">Repertoriu Ectlectic<\/b><\/span><\/td>\n<td><span data-path-to-node=\"14,1,1,0\">Mix de clasic, pop \u0219i rock<\/span><\/td>\n<td><span data-path-to-node=\"14,1,2,0\">Audien\u021b\u0103 diversificat\u0103 ca v\u00e2rst\u0103<\/span><\/td>\n<\/tr>\n<tr>\n<td><span data-path-to-node=\"14,2,0,0\"><b data-path-to-node=\"14,2,0,0\" data-index-in-node=\"0\">Prezen\u021b\u0103 Scenic\u0103<\/b><\/span><\/td>\n<td><span data-path-to-node=\"14,2,1,0\">Carism\u0103 \u0219i interac\u021biune cu publicul<\/span><\/td>\n<td><span data-path-to-node=\"14,2,2,0\">Concerte cu casa \u00eenchis\u0103<\/span><\/td>\n<\/tr>\n<tr>\n<td><span data-path-to-node=\"14,3,0,0\"><b data-path-to-node=\"14,3,0,0\" data-index-in-node=\"0\">Calitate Audio<\/b><\/span><\/td>\n<td><span data-path-to-node=\"14,3,1,0\">\u00cenregistr\u0103ri de \u00eenalt\u0103 fidelitate<\/span><\/td>\n<td><span data-path-to-node=\"14,3,2,0\">Succes pe platformele de streaming<\/span><\/td>\n<\/tr>\n<\/tbody>\n<\/table>\n<p>&nbsp;<\/p>\n<blockquote class=\"wp-embedded-content\" data-secret=\"yeEAl1k9Qv\"><p><a href=\"https:\/\/copilarie.org\/index.php\/2026\/02\/19\/doua-tinere-autoare-provenite-din-sistemul-de-protectie-a-copilului-si-au-lansat-cartile-de-debut\/\">Dou\u0103 tinere autoare, provenite din sistemul de protec\u021bie a copilului, \u0219i-au lansat c\u0103r\u021bile de debut<\/a><\/p><\/blockquote>\n<p><iframe loading=\"lazy\" class=\"wp-embedded-content\" sandbox=\"allow-scripts\" security=\"restricted\" style=\"position: absolute; visibility: hidden;\" title=\"&#8222;Dou\u0103 tinere autoare, provenite din sistemul de protec\u021bie a copilului, \u0219i-au lansat c\u0103r\u021bile de debut&#8221; &#8211; Copil\u0103rie.org\" src=\"https:\/\/copilarie.org\/index.php\/2026\/02\/19\/doua-tinere-autoare-provenite-din-sistemul-de-protectie-a-copilului-si-au-lansat-cartile-de-debut\/embed\/#?secret=VE2T76SvT7#?secret=yeEAl1k9Qv\" data-secret=\"yeEAl1k9Qv\" width=\"600\" height=\"338\" frameborder=\"0\" marginwidth=\"0\" marginheight=\"0\" scrolling=\"no\"><\/iframe><\/p>\n","protected":false},"excerpt":{"rendered":"<p>When Violin Meets Guitar aduce concertul MetaVivaldi in data de 14 Martie, ora 19.00, la Auditorium Maximum din Cluj-Napoca. Este vorba de un eveniment care propune un adev\u0103rat dialog \u00eentre stiluri muzicale contrastante. Astfel, Anotimpurile lui Antonio Vivaldi \u0219i celebre piese rock ale anilor &#8217;70 &#8211; &#8217;80 se \u00eent\u00e2lnesc \u00eentr-un spectacol inedit, \u00een care clujenii [&hellip;]<\/p>\n","protected":false},"author":6,"featured_media":3898,"comment_status":"open","ping_status":"open","sticky":false,"template":"","format":"video","meta":{"footnotes":""},"categories":[1,21],"tags":[676,333,648,343,24,344,345,675],"class_list":{"0":"post-3897","1":"post","2":"type-post","3":"status-publish","4":"format-video","5":"has-post-thumbnail","7":"category-acasa","8":"category-evenimente","9":"tag-auditorium-maximum","10":"tag-claudiu-padurean","11":"tag-cluj-napoca","12":"tag-concert","13":"tag-copilarie-org","14":"tag-news","15":"tag-stiri","16":"tag-when-violin-meets-guitar","17":"post_format-post-format-video"},"yoast_head":"<!-- This site is optimized with the Yoast SEO plugin v23.6 - https:\/\/yoast.com\/wordpress\/plugins\/seo\/ -->\n<title>Turneul MetaVivaldi ajunge la Cluj-Napoca - Copil\u0103rie.org<\/title>\n<meta name=\"robots\" content=\"index, follow, max-snippet:-1, max-image-preview:large, max-video-preview:-1\" \/>\n<link rel=\"canonical\" href=\"https:\/\/copilarie.org\/index.php\/2026\/03\/05\/turneul-metavivaldi-ajunge-la-cluj-napoca\/\" \/>\n<meta property=\"og:locale\" content=\"ro_RO\" \/>\n<meta property=\"og:type\" content=\"article\" \/>\n<meta property=\"og:title\" content=\"Turneul MetaVivaldi ajunge la Cluj-Napoca - Copil\u0103rie.org\" \/>\n<meta property=\"og:description\" content=\"When Violin Meets Guitar aduce concertul MetaVivaldi in data de 14 Martie, ora 19.00, la Auditorium Maximum din Cluj-Napoca. Este vorba de un eveniment care propune un adev\u0103rat dialog \u00eentre stiluri muzicale contrastante. Astfel, Anotimpurile lui Antonio Vivaldi \u0219i celebre piese rock ale anilor &#8217;70 &#8211; &#8217;80 se \u00eent\u00e2lnesc \u00eentr-un spectacol inedit, \u00een care clujenii [&hellip;]\" \/>\n<meta property=\"og:url\" content=\"https:\/\/copilarie.org\/index.php\/2026\/03\/05\/turneul-metavivaldi-ajunge-la-cluj-napoca\/\" \/>\n<meta property=\"og:site_name\" content=\"Copil\u0103rie.org\" \/>\n<meta property=\"article:publisher\" content=\"https:\/\/www.facebook.com\/copilarie.org\/\" \/>\n<meta property=\"article:published_time\" content=\"2026-03-05T20:42:59+00:00\" \/>\n<meta property=\"og:image\" content=\"https:\/\/copilarie.org\/wp-content\/uploads\/2026\/03\/FB-Event-2026-Cluj-Napoca-1.jpg\" \/>\n\t<meta property=\"og:image:width\" content=\"1700\" \/>\n\t<meta property=\"og:image:height\" content=\"891\" \/>\n\t<meta property=\"og:image:type\" content=\"image\/jpeg\" \/>\n<meta name=\"author\" content=\"Claudiu Padurean\" \/>\n<meta name=\"twitter:card\" content=\"summary_large_image\" \/>\n<meta name=\"twitter:creator\" content=\"@CopilarieOrg\" \/>\n<meta name=\"twitter:site\" content=\"@CopilarieOrg\" \/>\n<meta name=\"twitter:label1\" content=\"Scris de\" \/>\n\t<meta name=\"twitter:data1\" content=\"Claudiu Padurean\" \/>\n\t<meta name=\"twitter:label2\" content=\"Timp estimat pentru citire\" \/>\n\t<meta name=\"twitter:data2\" content=\"4 minute\" \/>\n<script type=\"application\/ld+json\" class=\"yoast-schema-graph\">{\"@context\":\"https:\/\/schema.org\",\"@graph\":[{\"@type\":\"WebPage\",\"@id\":\"https:\/\/copilarie.org\/index.php\/2026\/03\/05\/turneul-metavivaldi-ajunge-la-cluj-napoca\/\",\"url\":\"https:\/\/copilarie.org\/index.php\/2026\/03\/05\/turneul-metavivaldi-ajunge-la-cluj-napoca\/\",\"name\":\"Turneul MetaVivaldi ajunge la Cluj-Napoca - Copil\u0103rie.org\",\"isPartOf\":{\"@id\":\"https:\/\/copilarie.org\/#website\"},\"primaryImageOfPage\":{\"@id\":\"https:\/\/copilarie.org\/index.php\/2026\/03\/05\/turneul-metavivaldi-ajunge-la-cluj-napoca\/#primaryimage\"},\"image\":{\"@id\":\"https:\/\/copilarie.org\/index.php\/2026\/03\/05\/turneul-metavivaldi-ajunge-la-cluj-napoca\/#primaryimage\"},\"thumbnailUrl\":\"https:\/\/copilarie.org\/wp-content\/uploads\/2026\/03\/FB-Event-2026-Cluj-Napoca-1.jpg\",\"datePublished\":\"2026-03-05T20:42:59+00:00\",\"dateModified\":\"2026-03-05T20:42:59+00:00\",\"author\":{\"@id\":\"https:\/\/copilarie.org\/#\/schema\/person\/cc68df24fe273441f59111720355e6d7\"},\"breadcrumb\":{\"@id\":\"https:\/\/copilarie.org\/index.php\/2026\/03\/05\/turneul-metavivaldi-ajunge-la-cluj-napoca\/#breadcrumb\"},\"inLanguage\":\"ro-RO\",\"potentialAction\":[{\"@type\":\"ReadAction\",\"target\":[\"https:\/\/copilarie.org\/index.php\/2026\/03\/05\/turneul-metavivaldi-ajunge-la-cluj-napoca\/\"]}]},{\"@type\":\"ImageObject\",\"inLanguage\":\"ro-RO\",\"@id\":\"https:\/\/copilarie.org\/index.php\/2026\/03\/05\/turneul-metavivaldi-ajunge-la-cluj-napoca\/#primaryimage\",\"url\":\"https:\/\/copilarie.org\/wp-content\/uploads\/2026\/03\/FB-Event-2026-Cluj-Napoca-1.jpg\",\"contentUrl\":\"https:\/\/copilarie.org\/wp-content\/uploads\/2026\/03\/FB-Event-2026-Cluj-Napoca-1.jpg\",\"width\":1700,\"height\":891},{\"@type\":\"BreadcrumbList\",\"@id\":\"https:\/\/copilarie.org\/index.php\/2026\/03\/05\/turneul-metavivaldi-ajunge-la-cluj-napoca\/#breadcrumb\",\"itemListElement\":[{\"@type\":\"ListItem\",\"position\":1,\"name\":\"Prima pagin\u0103\",\"item\":\"https:\/\/copilarie.org\/\"},{\"@type\":\"ListItem\",\"position\":2,\"name\":\"Turneul MetaVivaldi ajunge la Cluj-Napoca\"}]},{\"@type\":\"WebSite\",\"@id\":\"https:\/\/copilarie.org\/#website\",\"url\":\"https:\/\/copilarie.org\/\",\"name\":\"Copil\u0103rie.org\",\"description\":\"\u00cen pas cu tine\",\"potentialAction\":[{\"@type\":\"SearchAction\",\"target\":{\"@type\":\"EntryPoint\",\"urlTemplate\":\"https:\/\/copilarie.org\/?s={search_term_string}\"},\"query-input\":{\"@type\":\"PropertyValueSpecification\",\"valueRequired\":true,\"valueName\":\"search_term_string\"}}],\"inLanguage\":\"ro-RO\"},{\"@type\":\"Person\",\"@id\":\"https:\/\/copilarie.org\/#\/schema\/person\/cc68df24fe273441f59111720355e6d7\",\"name\":\"Claudiu Padurean\",\"image\":{\"@type\":\"ImageObject\",\"inLanguage\":\"ro-RO\",\"@id\":\"https:\/\/copilarie.org\/#\/schema\/person\/image\/\",\"url\":\"https:\/\/secure.gravatar.com\/avatar\/f254259557f5b35053cf76205615a03f17a29fe60ac58ed31adacef6a3f612f9?s=96&d=mm&r=g\",\"contentUrl\":\"https:\/\/secure.gravatar.com\/avatar\/f254259557f5b35053cf76205615a03f17a29fe60ac58ed31adacef6a3f612f9?s=96&d=mm&r=g\",\"caption\":\"Claudiu Padurean\"}}]}<\/script>\n<!-- \/ Yoast SEO plugin. -->","yoast_head_json":{"title":"Turneul MetaVivaldi ajunge la Cluj-Napoca - Copil\u0103rie.org","robots":{"index":"index","follow":"follow","max-snippet":"max-snippet:-1","max-image-preview":"max-image-preview:large","max-video-preview":"max-video-preview:-1"},"canonical":"https:\/\/copilarie.org\/index.php\/2026\/03\/05\/turneul-metavivaldi-ajunge-la-cluj-napoca\/","og_locale":"ro_RO","og_type":"article","og_title":"Turneul MetaVivaldi ajunge la Cluj-Napoca - Copil\u0103rie.org","og_description":"When Violin Meets Guitar aduce concertul MetaVivaldi in data de 14 Martie, ora 19.00, la Auditorium Maximum din Cluj-Napoca. Este vorba de un eveniment care propune un adev\u0103rat dialog \u00eentre stiluri muzicale contrastante. Astfel, Anotimpurile lui Antonio Vivaldi \u0219i celebre piese rock ale anilor &#8217;70 &#8211; &#8217;80 se \u00eent\u00e2lnesc \u00eentr-un spectacol inedit, \u00een care clujenii [&hellip;]","og_url":"https:\/\/copilarie.org\/index.php\/2026\/03\/05\/turneul-metavivaldi-ajunge-la-cluj-napoca\/","og_site_name":"Copil\u0103rie.org","article_publisher":"https:\/\/www.facebook.com\/copilarie.org\/","article_published_time":"2026-03-05T20:42:59+00:00","og_image":[{"width":1700,"height":891,"url":"https:\/\/copilarie.org\/wp-content\/uploads\/2026\/03\/FB-Event-2026-Cluj-Napoca-1.jpg","type":"image\/jpeg"}],"author":"Claudiu Padurean","twitter_card":"summary_large_image","twitter_creator":"@CopilarieOrg","twitter_site":"@CopilarieOrg","twitter_misc":{"Scris de":"Claudiu Padurean","Timp estimat pentru citire":"4 minute"},"schema":{"@context":"https:\/\/schema.org","@graph":[{"@type":"WebPage","@id":"https:\/\/copilarie.org\/index.php\/2026\/03\/05\/turneul-metavivaldi-ajunge-la-cluj-napoca\/","url":"https:\/\/copilarie.org\/index.php\/2026\/03\/05\/turneul-metavivaldi-ajunge-la-cluj-napoca\/","name":"Turneul MetaVivaldi ajunge la Cluj-Napoca - Copil\u0103rie.org","isPartOf":{"@id":"https:\/\/copilarie.org\/#website"},"primaryImageOfPage":{"@id":"https:\/\/copilarie.org\/index.php\/2026\/03\/05\/turneul-metavivaldi-ajunge-la-cluj-napoca\/#primaryimage"},"image":{"@id":"https:\/\/copilarie.org\/index.php\/2026\/03\/05\/turneul-metavivaldi-ajunge-la-cluj-napoca\/#primaryimage"},"thumbnailUrl":"https:\/\/copilarie.org\/wp-content\/uploads\/2026\/03\/FB-Event-2026-Cluj-Napoca-1.jpg","datePublished":"2026-03-05T20:42:59+00:00","dateModified":"2026-03-05T20:42:59+00:00","author":{"@id":"https:\/\/copilarie.org\/#\/schema\/person\/cc68df24fe273441f59111720355e6d7"},"breadcrumb":{"@id":"https:\/\/copilarie.org\/index.php\/2026\/03\/05\/turneul-metavivaldi-ajunge-la-cluj-napoca\/#breadcrumb"},"inLanguage":"ro-RO","potentialAction":[{"@type":"ReadAction","target":["https:\/\/copilarie.org\/index.php\/2026\/03\/05\/turneul-metavivaldi-ajunge-la-cluj-napoca\/"]}]},{"@type":"ImageObject","inLanguage":"ro-RO","@id":"https:\/\/copilarie.org\/index.php\/2026\/03\/05\/turneul-metavivaldi-ajunge-la-cluj-napoca\/#primaryimage","url":"https:\/\/copilarie.org\/wp-content\/uploads\/2026\/03\/FB-Event-2026-Cluj-Napoca-1.jpg","contentUrl":"https:\/\/copilarie.org\/wp-content\/uploads\/2026\/03\/FB-Event-2026-Cluj-Napoca-1.jpg","width":1700,"height":891},{"@type":"BreadcrumbList","@id":"https:\/\/copilarie.org\/index.php\/2026\/03\/05\/turneul-metavivaldi-ajunge-la-cluj-napoca\/#breadcrumb","itemListElement":[{"@type":"ListItem","position":1,"name":"Prima pagin\u0103","item":"https:\/\/copilarie.org\/"},{"@type":"ListItem","position":2,"name":"Turneul MetaVivaldi ajunge la Cluj-Napoca"}]},{"@type":"WebSite","@id":"https:\/\/copilarie.org\/#website","url":"https:\/\/copilarie.org\/","name":"Copil\u0103rie.org","description":"\u00cen pas cu tine","potentialAction":[{"@type":"SearchAction","target":{"@type":"EntryPoint","urlTemplate":"https:\/\/copilarie.org\/?s={search_term_string}"},"query-input":{"@type":"PropertyValueSpecification","valueRequired":true,"valueName":"search_term_string"}}],"inLanguage":"ro-RO"},{"@type":"Person","@id":"https:\/\/copilarie.org\/#\/schema\/person\/cc68df24fe273441f59111720355e6d7","name":"Claudiu Padurean","image":{"@type":"ImageObject","inLanguage":"ro-RO","@id":"https:\/\/copilarie.org\/#\/schema\/person\/image\/","url":"https:\/\/secure.gravatar.com\/avatar\/f254259557f5b35053cf76205615a03f17a29fe60ac58ed31adacef6a3f612f9?s=96&d=mm&r=g","contentUrl":"https:\/\/secure.gravatar.com\/avatar\/f254259557f5b35053cf76205615a03f17a29fe60ac58ed31adacef6a3f612f9?s=96&d=mm&r=g","caption":"Claudiu Padurean"}}]}},"_links":{"self":[{"href":"https:\/\/copilarie.org\/index.php\/wp-json\/wp\/v2\/posts\/3897","targetHints":{"allow":["GET"]}}],"collection":[{"href":"https:\/\/copilarie.org\/index.php\/wp-json\/wp\/v2\/posts"}],"about":[{"href":"https:\/\/copilarie.org\/index.php\/wp-json\/wp\/v2\/types\/post"}],"author":[{"embeddable":true,"href":"https:\/\/copilarie.org\/index.php\/wp-json\/wp\/v2\/users\/6"}],"replies":[{"embeddable":true,"href":"https:\/\/copilarie.org\/index.php\/wp-json\/wp\/v2\/comments?post=3897"}],"version-history":[{"count":1,"href":"https:\/\/copilarie.org\/index.php\/wp-json\/wp\/v2\/posts\/3897\/revisions"}],"predecessor-version":[{"id":3899,"href":"https:\/\/copilarie.org\/index.php\/wp-json\/wp\/v2\/posts\/3897\/revisions\/3899"}],"wp:featuredmedia":[{"embeddable":true,"href":"https:\/\/copilarie.org\/index.php\/wp-json\/wp\/v2\/media\/3898"}],"wp:attachment":[{"href":"https:\/\/copilarie.org\/index.php\/wp-json\/wp\/v2\/media?parent=3897"}],"wp:term":[{"taxonomy":"category","embeddable":true,"href":"https:\/\/copilarie.org\/index.php\/wp-json\/wp\/v2\/categories?post=3897"},{"taxonomy":"post_tag","embeddable":true,"href":"https:\/\/copilarie.org\/index.php\/wp-json\/wp\/v2\/tags?post=3897"}],"curies":[{"name":"wp","href":"https:\/\/api.w.org\/{rel}","templated":true}]}}