{"id":3914,"date":"2026-03-24T17:24:57","date_gmt":"2026-03-24T17:24:57","guid":{"rendered":"https:\/\/copilarie.org\/?p=3914"},"modified":"2026-03-24T17:24:57","modified_gmt":"2026-03-24T17:24:57","slug":"peste-1-500-de-locuri-de-munca-disponibile-la-targul-de-cariere-din-cluj","status":"publish","type":"post","link":"https:\/\/copilarie.org\/index.php\/2026\/03\/24\/peste-1-500-de-locuri-de-munca-disponibile-la-targul-de-cariere-din-cluj\/","title":{"rendered":"Peste 1.500 de locuri de munc\u0103, disponibile la T\u00e2rgul de Cariere din Cluj"},"content":{"rendered":"<p><strong>Peste 1.500 de noi locuri de munc\u0103 sunt oferite de zecile de companii care particip\u0103 la T\u00e2rgul de Cariere din Cluj. La evenimentul organizat \u00een 26 \u0219i 27 martie sunt a\u0219tepta\u021bi peste 4.000 de poten\u021biali candida\u021bi.<\/strong><\/p>\n<p class=\"p2\">rogramul evenimentului din Sala Polivalent\u0103 va fi unul prelungit, pentru a oferi posibilitatea unui num\u0103r c\u00e2t mai mare de persoane s\u0103 ajung\u0103 la \u00eent\u00e2lnirile fa\u021b\u0103 \u00een fa\u021b\u0103 cu reprezentan\u021bii companiilor participante. Astfel, programul va cuprinde intervalele orare 11:00 &#8211; 19:00 (prima zi) \u0219i 11:00 &#8211; 17:00 (a doua zi).<\/p>\n<p class=\"p2\">Angajatori din domenii de activitate precum: servicii de afaceri, componente auto, produc\u021bie, nego\u021b, energie, comunicare, IT, consultan\u021b\u0103 sau recrutare sunt \u00een c\u0103utare de tineri angaja\u021bi. Printre angajatorii care \u0219i-au confirmat, deja, prezen\u021ba la T\u00e2rgul de Cariere se num\u0103r\u0103: E-infra, Emerson, Peek &amp; Cloppenburg, Meteocontrol, Draxlmaier Group\u200b\u200b, Exl Service, De&#8217;Longhi, EY, HILO Group, Viking Cruises, Bosch, Distribu\u021bie Energie Electric\u0103 Rom\u00e2nia. Companiile participante ofer\u0103 peste 1.500 de locuri de munc\u0103, de la roluri de \u00eencep\u0103tori \u0219i stagii pl\u0103tite de practic\u0103 pentru studen\u021bi p\u00e2n\u0103 la pozi\u021bii de conducere.<\/p>\n<p class=\"p3\"><b>Mai mult dec\u00e2t slujbe \u2013 ateliere, concursuri \u0219i premii<\/b><\/p>\n<p class=\"p3\">Pe l\u00e2ng\u0103 oportunit\u0103\u021bile de angajare, T\u00e2rgul de Cariere ofer\u0103 participan\u021bilor posibilitatea de a lua parte la ateliere dedicate dezvolt\u0103rii profesionale, \u00een fiecare zi de eveniment, \u00eencep\u00e2nd cu ora 13:00. Totodat\u0103, \u00een cadrul evenimentului vor avea loc \u0219i concursuri interactive, iar participan\u021bii care vor r\u0103spunde corect la \u00eentreb\u0103ri vor c\u00e2\u0219tiga premii oferite de companiile prezente.<\/p>\n<p data-path-to-node=\"0\"><span style=\"font-family: Verdana, BlinkMacSystemFont, -apple-system, 'Segoe UI', Roboto, Oxygen, Ubuntu, Cantarell, 'Open Sans', 'Helvetica Neue', sans-serif;\">\u00cen anul 2006, peisajul muncii \u00een Cluj era marcat de restructur\u0103ri ale vechilor colo\u0219i industriali \u0219i de o migra\u021bie masiv\u0103 a for\u021bei de munc\u0103 tinere c\u0103tre Occident. Dou\u0103 decenii mai t\u00e2rziu, fluxul s-a inversat: Clujul a devenit un pol de atrac\u021bie nu doar pentru rom\u00e2nii din alte jude\u021be, ci \u0219i pentru expa\u021bi \u0219i speciali\u0219ti \u00eenalt califica\u021bi din \u00eentreaga lume.<\/span><\/p>\n<h3 data-path-to-node=\"5\">Evolu\u021bia sectoarelor dominante (2006\u20132026)<\/h3>\n<p data-path-to-node=\"6\">Schimbarea de paradigm\u0103 este cel mai vizibil\u0103 \u00een structura popula\u021biei ocupate.<\/p>\n<table data-path-to-node=\"7\">\n<thead>\n<tr>\n<td><strong>Sector de activitate<\/strong><\/td>\n<td><strong>Ponderea \u00een pia\u021ba muncii (2006)<\/strong><\/td>\n<td><strong>Ponderea \u00een pia\u021ba muncii (2026)<\/strong><\/td>\n<td><strong>Tendin\u021b\u0103<\/strong><\/td>\n<\/tr>\n<\/thead>\n<tbody>\n<tr>\n<td><span data-path-to-node=\"7,1,0,0\"><b data-path-to-node=\"7,1,0,0\" data-index-in-node=\"0\">Industrie \u0219i produc\u021bie<\/b><\/span><\/td>\n<td><span data-path-to-node=\"7,1,1,0\">35%<\/span><\/td>\n<td><span data-path-to-node=\"7,1,2,0\">12%<\/span><\/td>\n<td><span data-path-to-node=\"7,1,3,0\">Automatizare \u0219i relocare \u00een parcuri industriale externe.<\/span><\/td>\n<\/tr>\n<tr>\n<td><span data-path-to-node=\"7,2,0,0\"><b data-path-to-node=\"7,2,0,0\" data-index-in-node=\"0\">IT \u0219i tehnologie<\/b><\/span><\/td>\n<td><span data-path-to-node=\"7,2,1,0\">4%<\/span><\/td>\n<td><span data-path-to-node=\"7,2,2,0\">22%<\/span><\/td>\n<td><span data-path-to-node=\"7,2,3,0\">Cre\u0219tere exploziv\u0103; motorul principal al ora\u0219ului.<\/span><\/td>\n<\/tr>\n<tr>\n<td><span data-path-to-node=\"7,3,0,0\"><b data-path-to-node=\"7,3,0,0\" data-index-in-node=\"0\">Servicii \u0219i servicii pentru afaceri<\/b><\/span><\/td>\n<td><span data-path-to-node=\"7,3,1,0\">10%<\/span><\/td>\n<td><span data-path-to-node=\"7,3,2,0\">25%<\/span><\/td>\n<td><span data-path-to-node=\"7,3,3,0\">Centre de sprijin mondial \u0219i servicii financiare.<\/span><\/td>\n<\/tr>\n<tr>\n<td><span data-path-to-node=\"7,4,0,0\"><b data-path-to-node=\"7,4,0,0\" data-index-in-node=\"0\">Construc\u021bii \u0219i imobiliare<\/b><\/span><\/td>\n<td><span data-path-to-node=\"7,4,1,0\">8%<\/span><\/td>\n<td><span data-path-to-node=\"7,4,2,0\">15%<\/span><\/td>\n<td><span data-path-to-node=\"7,4,3,0\">Sus\u021binut\u0103 de cererea masiv\u0103 de birouri \u0219i locuin\u021be.<\/span><\/td>\n<\/tr>\n<tr>\n<td><span data-path-to-node=\"7,5,0,0\"><b data-path-to-node=\"7,5,0,0\" data-index-in-node=\"0\">Horeca \u0219i turism<\/b><\/span><\/td>\n<td><span data-path-to-node=\"7,5,1,0\">5%<\/span><\/td>\n<td><span data-path-to-node=\"7,5,2,0\">10%<\/span><\/td>\n<td><span data-path-to-node=\"7,5,3,0\">Stimulat\u0103 de festivaluri \u0219i turismul de afaceri.<\/span><\/td>\n<\/tr>\n<\/tbody>\n<\/table>\n<h3 data-path-to-node=\"8\">Cei trei piloni ai succesului clujean<\/h3>\n<ol start=\"1\" data-path-to-node=\"9\">\n<li>\n<p data-path-to-node=\"9,0,0\"><b data-path-to-node=\"9,0,0\" data-index-in-node=\"0\">Simbioza academic\u0103:<\/b> Universit\u0103\u021bile clujene au \u00een\u021beles rapid necesitatea de a colabora cu mediul de afaceri. Introducerea programelor de studiu \u00een limbi str\u0103ine \u0219i a masteratelor dezvoltate \u00eempreun\u0103 cu marile companii a asigurat un flux bun de tineri debutan\u021bi<\/p>\n<\/li>\n<li>\n<p data-path-to-node=\"9,1,0\"><b data-path-to-node=\"9,1,0\" data-index-in-node=\"0\">Efectul de aglomerare:<\/b> Prezen\u021ba unor gigan\u021bi precum NTT Data, Emerson sau Bosch a creat un efect de magnet. Furnizorii \u0219i companiile aflate la \u00eenceput de drum au gravitat \u00een jurul acestora, ceea ce a atras noi investitori.<\/p>\n<\/li>\n<li>\n<p data-path-to-node=\"9,2,0\"><b data-path-to-node=\"9,2,0\" data-index-in-node=\"0\">Calitatea vie\u021bii:<\/b> Clujul a \u00eenceput s\u0103 investeasc\u0103 masiv \u00een infrastructura urban\u0103 \u0219i cultural\u0103 \u0219i a reu\u0219it s\u0103 re\u021bin\u0103 absolven\u021bii \u00een ora\u0219. \u00cen 2026, Clujul are cea mai mare rat\u0103 de reten\u021bie a studen\u021bilor din Rom\u00e2nia (peste 80%).<\/p>\n<\/li>\n<\/ol>\n<h3 data-path-to-node=\"10\">Dinamica salariilor: de la supravie\u021buire la prosperitate<\/h3>\n<p data-path-to-node=\"11\">Evolu\u021bia veniturilor reflect\u0103 cel mai bine puterea de cump\u0103rare \u0219i sofisticarea pie\u021bei muncii.<\/p>\n<table data-path-to-node=\"12\">\n<thead>\n<tr>\n<td><strong>Indicator salarial<\/strong><\/td>\n<td><strong>Valoare 2006<\/strong><\/td>\n<td><strong>Valoare 2026 (estimat)<\/strong><\/td>\n<td><strong>Cre\u0219tere real\u0103<\/strong><\/td>\n<\/tr>\n<\/thead>\n<tbody>\n<tr>\n<td><span data-path-to-node=\"12,1,0,0\"><b data-path-to-node=\"12,1,0,0\" data-index-in-node=\"0\">Salariul mediu net (Cluj)<\/b><\/span><\/td>\n<td><span data-path-to-node=\"12,1,1,0\">~250 EUR<\/span><\/td>\n<td><span data-path-to-node=\"12,1,2,0\">~1.450 EUR<\/span><\/td>\n<td><span data-path-to-node=\"12,1,3,0\">+480%<\/span><\/td>\n<\/tr>\n<tr>\n<td><span data-path-to-node=\"12,2,0,0\"><b data-path-to-node=\"12,2,0,0\" data-index-in-node=\"0\">Salariu mediu \u00een IT<\/b><\/span><\/td>\n<td><span data-path-to-node=\"12,2,1,0\">~600 EUR<\/span><\/td>\n<td><span data-path-to-node=\"12,2,2,0\">~2.900 EUR<\/span><\/td>\n<td><span data-path-to-node=\"12,2,3,0\">+383%<\/span><\/td>\n<\/tr>\n<tr>\n<td><span data-path-to-node=\"12,3,0,0\"><b data-path-to-node=\"12,3,0,0\" data-index-in-node=\"0\">Rata \u0219omajului \u00een jude\u021b<\/b><\/span><\/td>\n<td><span data-path-to-node=\"12,3,1,0\">4,2%<\/span><\/td>\n<td><span data-path-to-node=\"12,3,2,0\">1,1%<\/span><\/td>\n<td><span data-path-to-node=\"12,3,3,0\">Sc\u0103dere semnificativ\u0103<\/span><\/td>\n<\/tr>\n<\/tbody>\n<\/table>\n<h3 data-path-to-node=\"13\">Provoc\u0103rile maturit\u0103\u021bii: deficitul de talente \u0219i costul vie\u021bii<\/h3>\n<p data-path-to-node=\"14\">Succesul a venit cu un pre\u021b. \u00cen martie 2026, principala barier\u0103 \u00een calea cre\u0219terii economice este lipsa for\u021bei de munc\u0103. Companiile nu se mai bat \u00een oferte salariale, ci \u00een pachete de beneficii care includ program flexibil, ac\u021biuni la companie \u0219i servicii de s\u0103n\u0103tate premium.<\/p>\n<p data-path-to-node=\"15\">Mai mult, costul ridicat al chiriilor \u0219i al imobiliarelor a \u00eenceput s\u0103 \u00eemping\u0103 for\u021ba de munc\u0103 spre localit\u0103\u021bile limitrofe (Flore\u0219ti, Apahida, Baciu), ceea ce pune o presiune imens\u0103 pe infrastructura de transport. Metroul din Cluj, aflat \u00een plin\u0103 construc\u021bie \u00een 2026, este v\u0103zut ca singura solu\u021bie pentru a men\u021bine fluiditatea unei pie\u021be a muncii care tinde s\u0103 devin\u0103 metropolitan\u0103.<\/p>\n<blockquote class=\"wp-embedded-content\" data-secret=\"eyuV9FYeaN\"><p><a href=\"https:\/\/copilarie.org\/index.php\/2026\/02\/22\/clujtoday-cum-se-implica-societatea-civila-in-proiecte-care-vizeaza-siguranta-rutiera\/\">ClujToday: Cum se implic\u0103 societatea civil\u0103 \u00een proiecte care vizeaz\u0103 siguran\u021ba rutier\u0103<\/a><\/p><\/blockquote>\n<p><iframe loading=\"lazy\" class=\"wp-embedded-content\" sandbox=\"allow-scripts\" security=\"restricted\" style=\"position: absolute; visibility: hidden;\" title=\"&#8222;ClujToday: Cum se implic\u0103 societatea civil\u0103 \u00een proiecte care vizeaz\u0103 siguran\u021ba rutier\u0103&#8221; &#8211; Copil\u0103rie.org\" src=\"https:\/\/copilarie.org\/index.php\/2026\/02\/22\/clujtoday-cum-se-implica-societatea-civila-in-proiecte-care-vizeaza-siguranta-rutiera\/embed\/#?secret=JuuSyJO4Zs#?secret=eyuV9FYeaN\" data-secret=\"eyuV9FYeaN\" width=\"600\" height=\"338\" frameborder=\"0\" marginwidth=\"0\" marginheight=\"0\" scrolling=\"no\"><\/iframe><\/p>\n","protected":false},"excerpt":{"rendered":"<p>Peste 1.500 de noi locuri de munc\u0103 sunt oferite de zecile de companii care particip\u0103 la T\u00e2rgul de Cariere din Cluj. La evenimentul organizat \u00een 26 \u0219i 27 martie sunt a\u0219tepta\u021bi peste 4.000 de poten\u021biali candida\u021bi. rogramul evenimentului din Sala Polivalent\u0103 va fi unul prelungit, pentru a oferi posibilitatea unui num\u0103r c\u00e2t mai mare de [&hellip;]<\/p>\n","protected":false},"author":6,"featured_media":3915,"comment_status":"open","ping_status":"open","sticky":false,"template":"","format":"standard","meta":{"footnotes":""},"categories":[1,21],"tags":[333,24,681,344,345,680,545],"class_list":{"0":"post-3914","1":"post","2":"type-post","3":"status-publish","4":"format-standard","5":"has-post-thumbnail","7":"category-acasa","8":"category-evenimente","9":"tag-claudiu-padurean","10":"tag-copilarie-org","11":"tag-locuri-de-munca","12":"tag-news","13":"tag-stiri","14":"tag-targul-de-cariere","15":"tag-tineri"},"yoast_head":"<!-- This site is optimized with the Yoast SEO plugin v23.6 - https:\/\/yoast.com\/wordpress\/plugins\/seo\/ -->\n<title>Peste 1.500 de locuri de munc\u0103, disponibile la T\u00e2rgul de Cariere din Cluj - Copil\u0103rie.org<\/title>\n<meta name=\"robots\" content=\"index, follow, max-snippet:-1, max-image-preview:large, max-video-preview:-1\" \/>\n<link rel=\"canonical\" href=\"https:\/\/copilarie.org\/index.php\/2026\/03\/24\/peste-1-500-de-locuri-de-munca-disponibile-la-targul-de-cariere-din-cluj\/\" \/>\n<meta property=\"og:locale\" content=\"ro_RO\" \/>\n<meta property=\"og:type\" content=\"article\" \/>\n<meta property=\"og:title\" content=\"Peste 1.500 de locuri de munc\u0103, disponibile la T\u00e2rgul de Cariere din Cluj - Copil\u0103rie.org\" \/>\n<meta property=\"og:description\" content=\"Peste 1.500 de noi locuri de munc\u0103 sunt oferite de zecile de companii care particip\u0103 la T\u00e2rgul de Cariere din Cluj. La evenimentul organizat \u00een 26 \u0219i 27 martie sunt a\u0219tepta\u021bi peste 4.000 de poten\u021biali candida\u021bi. rogramul evenimentului din Sala Polivalent\u0103 va fi unul prelungit, pentru a oferi posibilitatea unui num\u0103r c\u00e2t mai mare de [&hellip;]\" \/>\n<meta property=\"og:url\" content=\"https:\/\/copilarie.org\/index.php\/2026\/03\/24\/peste-1-500-de-locuri-de-munca-disponibile-la-targul-de-cariere-din-cluj\/\" \/>\n<meta property=\"og:site_name\" content=\"Copil\u0103rie.org\" \/>\n<meta property=\"article:publisher\" content=\"https:\/\/www.facebook.com\/copilarie.org\/\" \/>\n<meta property=\"article:published_time\" content=\"2026-03-24T17:24:57+00:00\" \/>\n<meta property=\"og:image\" content=\"https:\/\/copilarie.org\/wp-content\/uploads\/2026\/03\/571047223_1293978466089912_6962533151694309615_n.jpg\" \/>\n\t<meta property=\"og:image:width\" content=\"2048\" \/>\n\t<meta property=\"og:image:height\" content=\"1365\" \/>\n\t<meta property=\"og:image:type\" content=\"image\/jpeg\" \/>\n<meta name=\"author\" content=\"Claudiu Padurean\" \/>\n<meta name=\"twitter:card\" content=\"summary_large_image\" \/>\n<meta name=\"twitter:creator\" content=\"@CopilarieOrg\" \/>\n<meta name=\"twitter:site\" content=\"@CopilarieOrg\" \/>\n<meta name=\"twitter:label1\" content=\"Scris de\" \/>\n\t<meta name=\"twitter:data1\" content=\"Claudiu Padurean\" \/>\n\t<meta name=\"twitter:label2\" content=\"Timp estimat pentru citire\" \/>\n\t<meta name=\"twitter:data2\" content=\"4 minute\" \/>\n<script type=\"application\/ld+json\" class=\"yoast-schema-graph\">{\"@context\":\"https:\/\/schema.org\",\"@graph\":[{\"@type\":\"WebPage\",\"@id\":\"https:\/\/copilarie.org\/index.php\/2026\/03\/24\/peste-1-500-de-locuri-de-munca-disponibile-la-targul-de-cariere-din-cluj\/\",\"url\":\"https:\/\/copilarie.org\/index.php\/2026\/03\/24\/peste-1-500-de-locuri-de-munca-disponibile-la-targul-de-cariere-din-cluj\/\",\"name\":\"Peste 1.500 de locuri de munc\u0103, disponibile la T\u00e2rgul de Cariere din Cluj - Copil\u0103rie.org\",\"isPartOf\":{\"@id\":\"https:\/\/copilarie.org\/#website\"},\"primaryImageOfPage\":{\"@id\":\"https:\/\/copilarie.org\/index.php\/2026\/03\/24\/peste-1-500-de-locuri-de-munca-disponibile-la-targul-de-cariere-din-cluj\/#primaryimage\"},\"image\":{\"@id\":\"https:\/\/copilarie.org\/index.php\/2026\/03\/24\/peste-1-500-de-locuri-de-munca-disponibile-la-targul-de-cariere-din-cluj\/#primaryimage\"},\"thumbnailUrl\":\"https:\/\/copilarie.org\/wp-content\/uploads\/2026\/03\/571047223_1293978466089912_6962533151694309615_n.jpg\",\"datePublished\":\"2026-03-24T17:24:57+00:00\",\"dateModified\":\"2026-03-24T17:24:57+00:00\",\"author\":{\"@id\":\"https:\/\/copilarie.org\/#\/schema\/person\/cc68df24fe273441f59111720355e6d7\"},\"breadcrumb\":{\"@id\":\"https:\/\/copilarie.org\/index.php\/2026\/03\/24\/peste-1-500-de-locuri-de-munca-disponibile-la-targul-de-cariere-din-cluj\/#breadcrumb\"},\"inLanguage\":\"ro-RO\",\"potentialAction\":[{\"@type\":\"ReadAction\",\"target\":[\"https:\/\/copilarie.org\/index.php\/2026\/03\/24\/peste-1-500-de-locuri-de-munca-disponibile-la-targul-de-cariere-din-cluj\/\"]}]},{\"@type\":\"ImageObject\",\"inLanguage\":\"ro-RO\",\"@id\":\"https:\/\/copilarie.org\/index.php\/2026\/03\/24\/peste-1-500-de-locuri-de-munca-disponibile-la-targul-de-cariere-din-cluj\/#primaryimage\",\"url\":\"https:\/\/copilarie.org\/wp-content\/uploads\/2026\/03\/571047223_1293978466089912_6962533151694309615_n.jpg\",\"contentUrl\":\"https:\/\/copilarie.org\/wp-content\/uploads\/2026\/03\/571047223_1293978466089912_6962533151694309615_n.jpg\",\"width\":2048,\"height\":1365},{\"@type\":\"BreadcrumbList\",\"@id\":\"https:\/\/copilarie.org\/index.php\/2026\/03\/24\/peste-1-500-de-locuri-de-munca-disponibile-la-targul-de-cariere-din-cluj\/#breadcrumb\",\"itemListElement\":[{\"@type\":\"ListItem\",\"position\":1,\"name\":\"Prima pagin\u0103\",\"item\":\"https:\/\/copilarie.org\/\"},{\"@type\":\"ListItem\",\"position\":2,\"name\":\"Peste 1.500 de locuri de munc\u0103, disponibile la T\u00e2rgul de Cariere din Cluj\"}]},{\"@type\":\"WebSite\",\"@id\":\"https:\/\/copilarie.org\/#website\",\"url\":\"https:\/\/copilarie.org\/\",\"name\":\"Copil\u0103rie.org\",\"description\":\"\u00cen pas cu tine\",\"potentialAction\":[{\"@type\":\"SearchAction\",\"target\":{\"@type\":\"EntryPoint\",\"urlTemplate\":\"https:\/\/copilarie.org\/?s={search_term_string}\"},\"query-input\":{\"@type\":\"PropertyValueSpecification\",\"valueRequired\":true,\"valueName\":\"search_term_string\"}}],\"inLanguage\":\"ro-RO\"},{\"@type\":\"Person\",\"@id\":\"https:\/\/copilarie.org\/#\/schema\/person\/cc68df24fe273441f59111720355e6d7\",\"name\":\"Claudiu Padurean\",\"image\":{\"@type\":\"ImageObject\",\"inLanguage\":\"ro-RO\",\"@id\":\"https:\/\/copilarie.org\/#\/schema\/person\/image\/\",\"url\":\"https:\/\/secure.gravatar.com\/avatar\/f254259557f5b35053cf76205615a03f17a29fe60ac58ed31adacef6a3f612f9?s=96&d=mm&r=g\",\"contentUrl\":\"https:\/\/secure.gravatar.com\/avatar\/f254259557f5b35053cf76205615a03f17a29fe60ac58ed31adacef6a3f612f9?s=96&d=mm&r=g\",\"caption\":\"Claudiu Padurean\"}}]}<\/script>\n<!-- \/ Yoast SEO plugin. -->","yoast_head_json":{"title":"Peste 1.500 de locuri de munc\u0103, disponibile la T\u00e2rgul de Cariere din Cluj - Copil\u0103rie.org","robots":{"index":"index","follow":"follow","max-snippet":"max-snippet:-1","max-image-preview":"max-image-preview:large","max-video-preview":"max-video-preview:-1"},"canonical":"https:\/\/copilarie.org\/index.php\/2026\/03\/24\/peste-1-500-de-locuri-de-munca-disponibile-la-targul-de-cariere-din-cluj\/","og_locale":"ro_RO","og_type":"article","og_title":"Peste 1.500 de locuri de munc\u0103, disponibile la T\u00e2rgul de Cariere din Cluj - Copil\u0103rie.org","og_description":"Peste 1.500 de noi locuri de munc\u0103 sunt oferite de zecile de companii care particip\u0103 la T\u00e2rgul de Cariere din Cluj. La evenimentul organizat \u00een 26 \u0219i 27 martie sunt a\u0219tepta\u021bi peste 4.000 de poten\u021biali candida\u021bi. rogramul evenimentului din Sala Polivalent\u0103 va fi unul prelungit, pentru a oferi posibilitatea unui num\u0103r c\u00e2t mai mare de [&hellip;]","og_url":"https:\/\/copilarie.org\/index.php\/2026\/03\/24\/peste-1-500-de-locuri-de-munca-disponibile-la-targul-de-cariere-din-cluj\/","og_site_name":"Copil\u0103rie.org","article_publisher":"https:\/\/www.facebook.com\/copilarie.org\/","article_published_time":"2026-03-24T17:24:57+00:00","og_image":[{"width":2048,"height":1365,"url":"https:\/\/copilarie.org\/wp-content\/uploads\/2026\/03\/571047223_1293978466089912_6962533151694309615_n.jpg","type":"image\/jpeg"}],"author":"Claudiu Padurean","twitter_card":"summary_large_image","twitter_creator":"@CopilarieOrg","twitter_site":"@CopilarieOrg","twitter_misc":{"Scris de":"Claudiu Padurean","Timp estimat pentru citire":"4 minute"},"schema":{"@context":"https:\/\/schema.org","@graph":[{"@type":"WebPage","@id":"https:\/\/copilarie.org\/index.php\/2026\/03\/24\/peste-1-500-de-locuri-de-munca-disponibile-la-targul-de-cariere-din-cluj\/","url":"https:\/\/copilarie.org\/index.php\/2026\/03\/24\/peste-1-500-de-locuri-de-munca-disponibile-la-targul-de-cariere-din-cluj\/","name":"Peste 1.500 de locuri de munc\u0103, disponibile la T\u00e2rgul de Cariere din Cluj - Copil\u0103rie.org","isPartOf":{"@id":"https:\/\/copilarie.org\/#website"},"primaryImageOfPage":{"@id":"https:\/\/copilarie.org\/index.php\/2026\/03\/24\/peste-1-500-de-locuri-de-munca-disponibile-la-targul-de-cariere-din-cluj\/#primaryimage"},"image":{"@id":"https:\/\/copilarie.org\/index.php\/2026\/03\/24\/peste-1-500-de-locuri-de-munca-disponibile-la-targul-de-cariere-din-cluj\/#primaryimage"},"thumbnailUrl":"https:\/\/copilarie.org\/wp-content\/uploads\/2026\/03\/571047223_1293978466089912_6962533151694309615_n.jpg","datePublished":"2026-03-24T17:24:57+00:00","dateModified":"2026-03-24T17:24:57+00:00","author":{"@id":"https:\/\/copilarie.org\/#\/schema\/person\/cc68df24fe273441f59111720355e6d7"},"breadcrumb":{"@id":"https:\/\/copilarie.org\/index.php\/2026\/03\/24\/peste-1-500-de-locuri-de-munca-disponibile-la-targul-de-cariere-din-cluj\/#breadcrumb"},"inLanguage":"ro-RO","potentialAction":[{"@type":"ReadAction","target":["https:\/\/copilarie.org\/index.php\/2026\/03\/24\/peste-1-500-de-locuri-de-munca-disponibile-la-targul-de-cariere-din-cluj\/"]}]},{"@type":"ImageObject","inLanguage":"ro-RO","@id":"https:\/\/copilarie.org\/index.php\/2026\/03\/24\/peste-1-500-de-locuri-de-munca-disponibile-la-targul-de-cariere-din-cluj\/#primaryimage","url":"https:\/\/copilarie.org\/wp-content\/uploads\/2026\/03\/571047223_1293978466089912_6962533151694309615_n.jpg","contentUrl":"https:\/\/copilarie.org\/wp-content\/uploads\/2026\/03\/571047223_1293978466089912_6962533151694309615_n.jpg","width":2048,"height":1365},{"@type":"BreadcrumbList","@id":"https:\/\/copilarie.org\/index.php\/2026\/03\/24\/peste-1-500-de-locuri-de-munca-disponibile-la-targul-de-cariere-din-cluj\/#breadcrumb","itemListElement":[{"@type":"ListItem","position":1,"name":"Prima pagin\u0103","item":"https:\/\/copilarie.org\/"},{"@type":"ListItem","position":2,"name":"Peste 1.500 de locuri de munc\u0103, disponibile la T\u00e2rgul de Cariere din Cluj"}]},{"@type":"WebSite","@id":"https:\/\/copilarie.org\/#website","url":"https:\/\/copilarie.org\/","name":"Copil\u0103rie.org","description":"\u00cen pas cu tine","potentialAction":[{"@type":"SearchAction","target":{"@type":"EntryPoint","urlTemplate":"https:\/\/copilarie.org\/?s={search_term_string}"},"query-input":{"@type":"PropertyValueSpecification","valueRequired":true,"valueName":"search_term_string"}}],"inLanguage":"ro-RO"},{"@type":"Person","@id":"https:\/\/copilarie.org\/#\/schema\/person\/cc68df24fe273441f59111720355e6d7","name":"Claudiu Padurean","image":{"@type":"ImageObject","inLanguage":"ro-RO","@id":"https:\/\/copilarie.org\/#\/schema\/person\/image\/","url":"https:\/\/secure.gravatar.com\/avatar\/f254259557f5b35053cf76205615a03f17a29fe60ac58ed31adacef6a3f612f9?s=96&d=mm&r=g","contentUrl":"https:\/\/secure.gravatar.com\/avatar\/f254259557f5b35053cf76205615a03f17a29fe60ac58ed31adacef6a3f612f9?s=96&d=mm&r=g","caption":"Claudiu Padurean"}}]}},"_links":{"self":[{"href":"https:\/\/copilarie.org\/index.php\/wp-json\/wp\/v2\/posts\/3914","targetHints":{"allow":["GET"]}}],"collection":[{"href":"https:\/\/copilarie.org\/index.php\/wp-json\/wp\/v2\/posts"}],"about":[{"href":"https:\/\/copilarie.org\/index.php\/wp-json\/wp\/v2\/types\/post"}],"author":[{"embeddable":true,"href":"https:\/\/copilarie.org\/index.php\/wp-json\/wp\/v2\/users\/6"}],"replies":[{"embeddable":true,"href":"https:\/\/copilarie.org\/index.php\/wp-json\/wp\/v2\/comments?post=3914"}],"version-history":[{"count":1,"href":"https:\/\/copilarie.org\/index.php\/wp-json\/wp\/v2\/posts\/3914\/revisions"}],"predecessor-version":[{"id":3916,"href":"https:\/\/copilarie.org\/index.php\/wp-json\/wp\/v2\/posts\/3914\/revisions\/3916"}],"wp:featuredmedia":[{"embeddable":true,"href":"https:\/\/copilarie.org\/index.php\/wp-json\/wp\/v2\/media\/3915"}],"wp:attachment":[{"href":"https:\/\/copilarie.org\/index.php\/wp-json\/wp\/v2\/media?parent=3914"}],"wp:term":[{"taxonomy":"category","embeddable":true,"href":"https:\/\/copilarie.org\/index.php\/wp-json\/wp\/v2\/categories?post=3914"},{"taxonomy":"post_tag","embeddable":true,"href":"https:\/\/copilarie.org\/index.php\/wp-json\/wp\/v2\/tags?post=3914"}],"curies":[{"name":"wp","href":"https:\/\/api.w.org\/{rel}","templated":true}]}}