{"id":3932,"date":"2026-04-02T18:42:24","date_gmt":"2026-04-02T18:42:24","guid":{"rendered":"https:\/\/copilarie.org\/?p=3932"},"modified":"2026-04-02T18:42:24","modified_gmt":"2026-04-02T18:42:24","slug":"competitia-locala-la-tiff-25-organizatorii-cauta-talente-din-cluj","status":"publish","type":"post","link":"https:\/\/copilarie.org\/index.php\/2026\/04\/02\/competitia-locala-la-tiff-25-organizatorii-cauta-talente-din-cluj\/","title":{"rendered":"Competi\u021bia Local\u0103 la TIFF.25: organizatorii caut\u0103 talente din Cluj"},"content":{"rendered":"<p><strong>Cinea\u0219tii, arti\u0219tii vizuali \u0219i creatorii de con\u021binut video n\u0103scu\u021bi sau care tr\u0103iesc \u00een Cluj-Napoca se pot \u00eenscrie \u00een\u00a0Competi\u021bia Local\u0103\u00a0a Festivalului Interna\u021bional de Film Transilvania (12 \u2013 21 iunie 2026). Ajuns\u0103 la cea de-a 17-a edi\u021bie, ini\u021biativa \u00ee\u0219i propune s\u0103 descopere, s\u0103 sus\u021bin\u0103 \u0219i s\u0103 promoveze talentele locale. Organizatorii vor prezenta \u0219i premia filmele realizate de clujeni. Ace\u0219tia \u00ee\u0219i pot \u00eenscrie cele mai noi produc\u021bii \u00een competi\u021bie p\u00e2n\u0103 \u00een 22 mai, prin formularul online: <a href=\"https:\/\/tiff.ro\/competitia-locala\/inscrieri\">https:\/\/tiff.ro\/competitia-locala\/inscrieri<\/a>\u00a0<\/strong><\/p>\n<p>Peste 300 de filme realizate de cinea\u0219ti clujeni afla\u021bi la \u00eenceput de drum au fost \u00eenscrise \u00een Competi\u021bia Local\u0103 \u00een ultimii ani. \u00cen tot acest timp, programul a devenit o platform\u0103 de acces \u00eenspre sec\u021biunile competi\u021bionale dedicate \u00een mod obi\u0219nuit profesioni\u0219tilor.<\/p>\n<p>Cele mai bune filme \u00eenscrise vor avea parte de o proiec\u021bie pe marele ecran \u0219i de o \u00eent\u00e2lnire cu publicul, la edi\u021bia aniversar\u0103 TIFF.25. Premiul Competi\u021biei Locale TIFF, \u00een valoare de\u00a01.000 euro, oferit de\u00a0Banca Transilvania, \u0219i Premiul Neobi\u0219nuit (The Unusual Award) oferit de Komiti, care const\u0103 \u00een servicii de consultan\u021b\u0103 \u0219i produc\u021bie pentru urm\u0103torul proiect de film al regizorului, ce include sprijin \u00een etapa de pre-produc\u021bie (planificare, organizare, call sheet) \u0219i 3 zile de filmare cu echip\u0103 tehnic\u0103 \u0219i echipament profesional, vor fi oferite \u00een urma votului juriului format din trei profesioni\u0219ti din domeniu. Componen\u021ba juriului va fi anun\u021bat\u0103 \u00een cur\u00e2nd. C\u00e2\u0219tig\u0103torul Competi\u021biei Locale va fi recompensat \u0219i cu premiul oferit de Leonidas, partener de tradi\u021bie al proiectului, care d\u0103ruie\u0219te c\u00e2\u0219tig\u0103torului ciocolat\u0103 pentru un an de zile. Va fi acordat \u0219i Premiul cotidianului F\u0103clia, \u00een parteneriat cu sculptorul Ovidiu Gule\u0219.<\/p>\n<p>Pentru a fi eligibile, filmele \u00eenscrise \u00een Competi\u021bia Local\u0103 nu trebuie s\u0103 dep\u0103\u0219easc\u0103 30 de minute. Vor fi acceptate doar produc\u021biile realizate \u00eentre 2 iunie 2025 \u2013 22 mai 2026, semnate de profesioni\u0219ti sau amatori originari din Cluj sau care locuiesc, studiaz\u0103 ori lucreaz\u0103 \u00een aria geografic\u0103 a jude\u021bului. Explorarea diferitelor genuri cinematografice este \u00eencurajat\u0103, iar pentru a impulsiona vocile noi, nu vor fi incluse \u00een competi\u021bie proiectele cinea\u0219tilor premia\u021bi la mai mult de dou\u0103 edi\u021bii anterioare.<\/p>\n<p>Regulamentul complet poate fi consultat aici:\u00a0<a href=\"https:\/\/tiff.ro\/competitia-locala\/regulament\">https:\/\/tiff.ro\/competitia-locala\/regulament<\/a><\/p>\n<p>\u00cen 2025, juriul format format din actri\u021ba Nicoleta H\u00e2ncu, produc\u0103toarea Monica L\u0103zurean-Gorgan \u0219i regizorul Florin \u0218erban, a acordat Premiul Competi\u021biei Locale filmului\u00a0Concluzia, regizat de B\u00eerza Vlad. Men\u021biunea special\u0103 a fost acordat\u0103 filmului Apele \u00een care ne sc\u0103ld\u0103m, regizat de R\u0103zvan Dima, iar Premiul F\u0103clia filmului Ole, regizat de Ambrozie Pur\u0103.<\/p>\n<p>Competi\u021bia Local\u0103 TIFF este organizat\u0103 de Festivalul Interna\u021bional de Film Transilvania \u0219i este sus\u021binut\u0103 de Banca Transilvania, Komiti \u0219i Leonidas.<\/p>\n<p data-path-to-node=\"3\">Ceea ce a \u00eenceput \u00een 2002 ca un pariu riscant al unei m\u00e2ini de entuzia\u0219ti condu\u0219i de Tudor Giurgiu, \u00eentr-un Cluj care \u00eenc\u0103 \u00ee\u0219i c\u0103uta identitatea cultural\u0103 modern\u0103, a devenit ast\u0103zi, \u00een iunie 2026, un fenomen mondial. Edi\u021bia aniversar\u0103 din acest an (12\u201321 iunie 2026) nu este doar o s\u0103rb\u0103toare a filmului, ci o confirmare a rezilien\u021bei culturale. Dac\u0103 prima edi\u021bie aduna c\u00e2teva mii de spectatori curio\u0219i \u00een s\u0103li vechi de cinema, TIFF.25 se deschide cu o Pia\u021ba Unirii arhiplin\u0103, sub un ecran gigant care a devenit simbolul libert\u0103\u021bii de exprimare \u0219i al inova\u021biei vizuale.<\/p>\n<h3 data-path-to-node=\"5\">Evolu\u021bia de la \u201ePariul Ardelean\u201d la hub-ul \u201eSmart7\u201d<\/h3>\n<p data-path-to-node=\"6\">Evolu\u021bia festivalului poate fi \u00eemp\u0103r\u021bit\u0103 \u00een trei mari etape care reflect\u0103 maturizarea societ\u0103\u021bii rom\u00e2ne\u0219ti:<\/p>\n<ol start=\"1\" data-path-to-node=\"7\">\n<li>\n<p data-path-to-node=\"7,0,0\"><b data-path-to-node=\"7,0,0\" data-index-in-node=\"0\">2002\u20132010 (Pionieratul):<\/b> Perioada \u00een care s-au pus bazele Zilelor Filmului Rom\u00e2nesc \u0219i a fost creat celebrul \u201espirit TIFF\u201d \u2013 amestecul de rigoare german\u0103 \u0219i boem\u0103 clujean\u0103.<\/p>\n<\/li>\n<li>\n<p data-path-to-node=\"7,1,0\"><b data-path-to-node=\"7,1,0\" data-index-in-node=\"0\">2011\u20132020 (Expansiunea):<\/b> Transformarea \u00eentr-un eveniment multidisciplinar (cine-concerte, workshop-uri, educa\u021bie prin EducaTIFF).<\/p>\n<\/li>\n<li>\n<p data-path-to-node=\"7,2,0\"><b data-path-to-node=\"7,2,0\" data-index-in-node=\"0\">2021\u20132026 (Digitalizarea \u0219i re\u021beaua european\u0103):<\/b> Consolidarea pozi\u021biei \u00een alian\u021ba SMART7, care une\u0219te \u0219apte festivaluri europene de top pentru a promova vocile emergente.<\/p>\n<\/li>\n<\/ol>\n<table data-path-to-node=\"8\">\n<thead>\n<tr>\n<td><strong>Indicator de impact<\/strong><\/td>\n<td><strong>Edi\u021bia I (2002)<\/strong><\/td>\n<td><strong>Edi\u021bia a XXIV-a (2025)<\/strong><\/td>\n<td><strong>Edi\u021bia a XXV-a (2026 &#8211; Estim\u0103ri)<\/strong><\/td>\n<\/tr>\n<\/thead>\n<tbody>\n<tr>\n<td><span data-path-to-node=\"8,1,0,0\"><b data-path-to-node=\"8,1,0,0\" data-index-in-node=\"0\">Spectatori<\/b><\/span><\/td>\n<td><span data-path-to-node=\"8,1,1,0\">~2.500<\/span><\/td>\n<td><span data-path-to-node=\"8,1,2,0\">~130.000<\/span><\/td>\n<td><span data-path-to-node=\"8,1,3,0\"><b data-path-to-node=\"8,1,3,0\" data-index-in-node=\"0\">Peste 145.000<\/b><\/span><\/td>\n<\/tr>\n<tr>\n<td><span data-path-to-node=\"8,2,0,0\"><b data-path-to-node=\"8,2,0,0\" data-index-in-node=\"0\">Filme proiectate<\/b><\/span><\/td>\n<td><span data-path-to-node=\"8,2,1,0\">45<\/span><\/td>\n<td><span data-path-to-node=\"8,2,2,0\">195<\/span><\/td>\n<td><span data-path-to-node=\"8,2,3,0\"><b data-path-to-node=\"8,2,3,0\" data-index-in-node=\"0\">210+<\/b><\/span><\/td>\n<\/tr>\n<tr>\n<td><span data-path-to-node=\"8,3,0,0\"><b data-path-to-node=\"8,3,0,0\" data-index-in-node=\"0\">Loca\u021bii de proiec\u021bie<\/b><\/span><\/td>\n<td><span data-path-to-node=\"8,3,1,0\">3<\/span><\/td>\n<td><span data-path-to-node=\"8,3,2,0\">18<\/span><\/td>\n<td><span data-path-to-node=\"8,3,3,0\"><b data-path-to-node=\"8,3,3,0\" data-index-in-node=\"0\">22 (inclusiv Castelul R\u0103scruci)<\/b><\/span><\/td>\n<\/tr>\n<tr>\n<td><span data-path-to-node=\"8,4,0,0\"><b data-path-to-node=\"8,4,0,0\" data-index-in-node=\"0\">Trofeul Transilvania<\/b><\/span><\/td>\n<td><span data-path-to-node=\"8,4,1,0\"><span class=\"math-inline\" data-math=\"10.000\" data-index-in-node=\"0\">$10.000$<\/span> USD<\/span><\/td>\n<td><span data-path-to-node=\"8,4,2,0\"><span class=\"math-inline\" data-math=\"10.000\" data-index-in-node=\"0\">$10.000$<\/span> EUR<\/span><\/td>\n<td><span data-path-to-node=\"8,4,3,0\"><b data-path-to-node=\"8,4,3,0\" data-index-in-node=\"0\"><span class=\"math-inline\" data-math=\"15.000\" data-index-in-node=\"0\">$15.000$<\/span> EUR<\/b><\/span><\/td>\n<\/tr>\n<\/tbody>\n<\/table>\n<h3 data-path-to-node=\"9\">Omagiu genera\u021biei \u201eA fost sau n-a fost?\u201d<\/h3>\n<p data-path-to-node=\"10\">Edi\u021bia din 2026 este marcat\u0103 de o retrospectiv\u0103 integral\u0103 dedicat\u0103 lui Corneliu Porumboiu, regizorul care \u00een 2006 c\u00e2\u0219tiga Trofeul Transilvania \u0219i deschidea por\u021bile Noului Cinema Rom\u00e2nesc c\u0103tre lume. Aceast\u0103 alegere nu este \u00eent\u00e2mpl\u0103toare; ea subliniaz\u0103 misiunea festivalului de a fi un \u201ena\u0219\u201d spiritual pentru talentele care au redefinit estetica filmului european.<\/p>\n<p data-path-to-node=\"11\">Referitor la acest parcurs de 25 de ani, Tudor Giurgiu, pre\u0219edintele TIFF \u0219i unul dintre nominaliza\u021bii la Premiile Gopo 2026 pentru regia filmului \u201eP\u0103durea de molizi\u201d, a declarat pentru Actual de Cluj: <span style=\"font-family: Verdana, BlinkMacSystemFont, -apple-system, 'Segoe UI', Roboto, Oxygen, Ubuntu, Cantarell, 'Open Sans', 'Helvetica Neue', sans-serif;\">\u201eC\u00e2nd am \u00eenceput \u00een 2002, visam s\u0103 avem un festival care s\u0103 dureze m\u0103car 5 ani. S\u0103 ajungem la un sfert de secol, cu un public at\u00e2t de t\u00e2n\u0103r \u0219i de pasionat, este dincolo de orice scenariu pe care l-a\u0219 fi putut scrie. TIFF a crescut odat\u0103 cu Clujul \u0219i, \u00eentr-un fel, ambele s-au modelat reciproc. \u00cen 2026, nu mai vorbim doar despre proiec\u021bii de film, ci despre un motor economic \u0219i turistic esen\u021bial pentru \u00eentreaga regiune.\u201d<\/span><\/p>\n<h3 data-path-to-node=\"13\">Inova\u021biile edi\u021biei 2026: Premiul Janovics Jen\u0151<\/h3>\n<p data-path-to-node=\"14\">Pentru prima dat\u0103 \u00een istoria sa, festivalul introduce Premiul Janovics Jen\u0151, menit s\u0103 onoreze inova\u021bia \u00een cinematografia din Europa Central\u0103 \u0219i de Est \u0219i recupereaz\u0103 astfel memoria legendarului cineast clujean care a transformat ora\u0219ul \u00eentr-un Hollywood al Transilvaniei la \u00eenceputul secolului XX. De asemenea, deschiderea noului salon permanent al Zilelor Culturale Maghiare \u00een cadrul festivalului subliniaz\u0103 caracterul multicultural \u0219i incluziv al TIFF-ului modern.<\/p>\n<ul data-path-to-node=\"15\">\n<li>\n<p data-path-to-node=\"15,0,0\"><b data-path-to-node=\"15,0,0\" data-index-in-node=\"0\">Locuri noi:<\/b> Castelul din R\u0103scruci, proasp\u0103t restaurat, devine scen\u0103 pentru cine-concerte nocturne.<\/p>\n<\/li>\n<li>\n<p data-path-to-node=\"15,1,0\"><b data-path-to-node=\"15,1,0\" data-index-in-node=\"0\">Smart7:<\/b> Competi\u021bia dedicat\u0103 regizorilor la primul sau al doilea film aduce la Cluj cele mai curajoase experimente vizuale ale anului 2026.<\/p>\n<\/li>\n<li>\n<p data-path-to-node=\"15,2,0\"><b data-path-to-node=\"15,2,0\" data-index-in-node=\"0\">Sustenabilitate:<\/b> Festivalul a atins obiectivul \u201eZero Waste\u201d pentru materialele de promovare \u0219i a trecut integral la afi\u0219aj digital interactiv \u0219i materiale reciclate.<\/p>\n<\/li>\n<\/ul>\n<blockquote class=\"wp-embedded-content\" data-secret=\"NhJ9Z8SkFX\"><p><a href=\"https:\/\/copilarie.org\/index.php\/2026\/03\/05\/turneul-metavivaldi-ajunge-la-cluj-napoca\/\">Turneul MetaVivaldi ajunge la Cluj-Napoca<\/a><\/p><\/blockquote>\n<p><iframe loading=\"lazy\" class=\"wp-embedded-content\" sandbox=\"allow-scripts\" security=\"restricted\" style=\"position: absolute; visibility: hidden;\" title=\"&#8222;Turneul MetaVivaldi ajunge la Cluj-Napoca&#8221; &#8211; Copil\u0103rie.org\" src=\"https:\/\/copilarie.org\/index.php\/2026\/03\/05\/turneul-metavivaldi-ajunge-la-cluj-napoca\/embed\/#?secret=aOfvG1L15K#?secret=NhJ9Z8SkFX\" data-secret=\"NhJ9Z8SkFX\" width=\"600\" height=\"338\" frameborder=\"0\" marginwidth=\"0\" marginheight=\"0\" scrolling=\"no\"><\/iframe><\/p>\n","protected":false},"excerpt":{"rendered":"<p>Cinea\u0219tii, arti\u0219tii vizuali \u0219i creatorii de con\u021binut video n\u0103scu\u021bi sau care tr\u0103iesc \u00een Cluj-Napoca se pot \u00eenscrie \u00een\u00a0Competi\u021bia Local\u0103\u00a0a Festivalului Interna\u021bional de Film Transilvania (12 \u2013 21 iunie 2026). Ajuns\u0103 la cea de-a 17-a edi\u021bie, ini\u021biativa \u00ee\u0219i propune s\u0103 descopere, s\u0103 sus\u021bin\u0103 \u0219i s\u0103 promoveze talentele locale. Organizatorii vor prezenta \u0219i premia filmele realizate de [&hellip;]<\/p>\n","protected":false},"author":6,"featured_media":3933,"comment_status":"open","ping_status":"open","sticky":false,"template":"","format":"standard","meta":{"footnotes":""},"categories":[1,21],"tags":[333,688,24,344,345,439,687],"class_list":{"0":"post-3932","1":"post","2":"type-post","3":"status-publish","4":"format-standard","5":"has-post-thumbnail","7":"category-acasa","8":"category-evenimente","9":"tag-claudiu-padurean","10":"tag-competitia-locala","11":"tag-copilarie-org","12":"tag-news","13":"tag-stiri","14":"tag-tiff","15":"tag-tudor-giurgiu"},"yoast_head":"<!-- This site is optimized with the Yoast SEO plugin v23.6 - https:\/\/yoast.com\/wordpress\/plugins\/seo\/ -->\n<title>Competi\u021bia Local\u0103 la TIFF.25: organizatorii caut\u0103 talente din Cluj - Copil\u0103rie.org<\/title>\n<meta name=\"robots\" content=\"index, follow, max-snippet:-1, max-image-preview:large, max-video-preview:-1\" \/>\n<link rel=\"canonical\" href=\"https:\/\/copilarie.org\/index.php\/2026\/04\/02\/competitia-locala-la-tiff-25-organizatorii-cauta-talente-din-cluj\/\" \/>\n<meta property=\"og:locale\" content=\"ro_RO\" \/>\n<meta property=\"og:type\" content=\"article\" \/>\n<meta property=\"og:title\" content=\"Competi\u021bia Local\u0103 la TIFF.25: organizatorii caut\u0103 talente din Cluj - Copil\u0103rie.org\" \/>\n<meta property=\"og:description\" content=\"Cinea\u0219tii, arti\u0219tii vizuali \u0219i creatorii de con\u021binut video n\u0103scu\u021bi sau care tr\u0103iesc \u00een Cluj-Napoca se pot \u00eenscrie \u00een\u00a0Competi\u021bia Local\u0103\u00a0a Festivalului Interna\u021bional de Film Transilvania (12 \u2013 21 iunie 2026). Ajuns\u0103 la cea de-a 17-a edi\u021bie, ini\u021biativa \u00ee\u0219i propune s\u0103 descopere, s\u0103 sus\u021bin\u0103 \u0219i s\u0103 promoveze talentele locale. Organizatorii vor prezenta \u0219i premia filmele realizate de [&hellip;]\" \/>\n<meta property=\"og:url\" content=\"https:\/\/copilarie.org\/index.php\/2026\/04\/02\/competitia-locala-la-tiff-25-organizatorii-cauta-talente-din-cluj\/\" \/>\n<meta property=\"og:site_name\" content=\"Copil\u0103rie.org\" \/>\n<meta property=\"article:publisher\" content=\"https:\/\/www.facebook.com\/copilarie.org\/\" \/>\n<meta property=\"article:published_time\" content=\"2026-04-02T18:42:24+00:00\" \/>\n<meta property=\"og:image\" content=\"https:\/\/copilarie.org\/wp-content\/uploads\/2026\/04\/tiff.jpg\" \/>\n\t<meta property=\"og:image:width\" content=\"1080\" \/>\n\t<meta property=\"og:image:height\" content=\"1350\" \/>\n\t<meta property=\"og:image:type\" content=\"image\/jpeg\" \/>\n<meta name=\"author\" content=\"Claudiu Padurean\" \/>\n<meta name=\"twitter:card\" content=\"summary_large_image\" \/>\n<meta name=\"twitter:creator\" content=\"@CopilarieOrg\" \/>\n<meta name=\"twitter:site\" content=\"@CopilarieOrg\" \/>\n<meta name=\"twitter:label1\" content=\"Scris de\" \/>\n\t<meta name=\"twitter:data1\" content=\"Claudiu Padurean\" \/>\n\t<meta name=\"twitter:label2\" content=\"Timp estimat pentru citire\" \/>\n\t<meta name=\"twitter:data2\" content=\"6 minute\" \/>\n<script type=\"application\/ld+json\" class=\"yoast-schema-graph\">{\"@context\":\"https:\/\/schema.org\",\"@graph\":[{\"@type\":\"WebPage\",\"@id\":\"https:\/\/copilarie.org\/index.php\/2026\/04\/02\/competitia-locala-la-tiff-25-organizatorii-cauta-talente-din-cluj\/\",\"url\":\"https:\/\/copilarie.org\/index.php\/2026\/04\/02\/competitia-locala-la-tiff-25-organizatorii-cauta-talente-din-cluj\/\",\"name\":\"Competi\u021bia Local\u0103 la TIFF.25: organizatorii caut\u0103 talente din Cluj - Copil\u0103rie.org\",\"isPartOf\":{\"@id\":\"https:\/\/copilarie.org\/#website\"},\"primaryImageOfPage\":{\"@id\":\"https:\/\/copilarie.org\/index.php\/2026\/04\/02\/competitia-locala-la-tiff-25-organizatorii-cauta-talente-din-cluj\/#primaryimage\"},\"image\":{\"@id\":\"https:\/\/copilarie.org\/index.php\/2026\/04\/02\/competitia-locala-la-tiff-25-organizatorii-cauta-talente-din-cluj\/#primaryimage\"},\"thumbnailUrl\":\"https:\/\/copilarie.org\/wp-content\/uploads\/2026\/04\/tiff.jpg\",\"datePublished\":\"2026-04-02T18:42:24+00:00\",\"dateModified\":\"2026-04-02T18:42:24+00:00\",\"author\":{\"@id\":\"https:\/\/copilarie.org\/#\/schema\/person\/cc68df24fe273441f59111720355e6d7\"},\"breadcrumb\":{\"@id\":\"https:\/\/copilarie.org\/index.php\/2026\/04\/02\/competitia-locala-la-tiff-25-organizatorii-cauta-talente-din-cluj\/#breadcrumb\"},\"inLanguage\":\"ro-RO\",\"potentialAction\":[{\"@type\":\"ReadAction\",\"target\":[\"https:\/\/copilarie.org\/index.php\/2026\/04\/02\/competitia-locala-la-tiff-25-organizatorii-cauta-talente-din-cluj\/\"]}]},{\"@type\":\"ImageObject\",\"inLanguage\":\"ro-RO\",\"@id\":\"https:\/\/copilarie.org\/index.php\/2026\/04\/02\/competitia-locala-la-tiff-25-organizatorii-cauta-talente-din-cluj\/#primaryimage\",\"url\":\"https:\/\/copilarie.org\/wp-content\/uploads\/2026\/04\/tiff.jpg\",\"contentUrl\":\"https:\/\/copilarie.org\/wp-content\/uploads\/2026\/04\/tiff.jpg\",\"width\":1080,\"height\":1350},{\"@type\":\"BreadcrumbList\",\"@id\":\"https:\/\/copilarie.org\/index.php\/2026\/04\/02\/competitia-locala-la-tiff-25-organizatorii-cauta-talente-din-cluj\/#breadcrumb\",\"itemListElement\":[{\"@type\":\"ListItem\",\"position\":1,\"name\":\"Prima pagin\u0103\",\"item\":\"https:\/\/copilarie.org\/\"},{\"@type\":\"ListItem\",\"position\":2,\"name\":\"Competi\u021bia Local\u0103 la TIFF.25: organizatorii caut\u0103 talente din Cluj\"}]},{\"@type\":\"WebSite\",\"@id\":\"https:\/\/copilarie.org\/#website\",\"url\":\"https:\/\/copilarie.org\/\",\"name\":\"Copil\u0103rie.org\",\"description\":\"\u00cen pas cu tine\",\"potentialAction\":[{\"@type\":\"SearchAction\",\"target\":{\"@type\":\"EntryPoint\",\"urlTemplate\":\"https:\/\/copilarie.org\/?s={search_term_string}\"},\"query-input\":{\"@type\":\"PropertyValueSpecification\",\"valueRequired\":true,\"valueName\":\"search_term_string\"}}],\"inLanguage\":\"ro-RO\"},{\"@type\":\"Person\",\"@id\":\"https:\/\/copilarie.org\/#\/schema\/person\/cc68df24fe273441f59111720355e6d7\",\"name\":\"Claudiu Padurean\",\"image\":{\"@type\":\"ImageObject\",\"inLanguage\":\"ro-RO\",\"@id\":\"https:\/\/copilarie.org\/#\/schema\/person\/image\/\",\"url\":\"https:\/\/secure.gravatar.com\/avatar\/f254259557f5b35053cf76205615a03f17a29fe60ac58ed31adacef6a3f612f9?s=96&d=mm&r=g\",\"contentUrl\":\"https:\/\/secure.gravatar.com\/avatar\/f254259557f5b35053cf76205615a03f17a29fe60ac58ed31adacef6a3f612f9?s=96&d=mm&r=g\",\"caption\":\"Claudiu Padurean\"}}]}<\/script>\n<!-- \/ Yoast SEO plugin. -->","yoast_head_json":{"title":"Competi\u021bia Local\u0103 la TIFF.25: organizatorii caut\u0103 talente din Cluj - Copil\u0103rie.org","robots":{"index":"index","follow":"follow","max-snippet":"max-snippet:-1","max-image-preview":"max-image-preview:large","max-video-preview":"max-video-preview:-1"},"canonical":"https:\/\/copilarie.org\/index.php\/2026\/04\/02\/competitia-locala-la-tiff-25-organizatorii-cauta-talente-din-cluj\/","og_locale":"ro_RO","og_type":"article","og_title":"Competi\u021bia Local\u0103 la TIFF.25: organizatorii caut\u0103 talente din Cluj - Copil\u0103rie.org","og_description":"Cinea\u0219tii, arti\u0219tii vizuali \u0219i creatorii de con\u021binut video n\u0103scu\u021bi sau care tr\u0103iesc \u00een Cluj-Napoca se pot \u00eenscrie \u00een\u00a0Competi\u021bia Local\u0103\u00a0a Festivalului Interna\u021bional de Film Transilvania (12 \u2013 21 iunie 2026). Ajuns\u0103 la cea de-a 17-a edi\u021bie, ini\u021biativa \u00ee\u0219i propune s\u0103 descopere, s\u0103 sus\u021bin\u0103 \u0219i s\u0103 promoveze talentele locale. Organizatorii vor prezenta \u0219i premia filmele realizate de [&hellip;]","og_url":"https:\/\/copilarie.org\/index.php\/2026\/04\/02\/competitia-locala-la-tiff-25-organizatorii-cauta-talente-din-cluj\/","og_site_name":"Copil\u0103rie.org","article_publisher":"https:\/\/www.facebook.com\/copilarie.org\/","article_published_time":"2026-04-02T18:42:24+00:00","og_image":[{"width":1080,"height":1350,"url":"https:\/\/copilarie.org\/wp-content\/uploads\/2026\/04\/tiff.jpg","type":"image\/jpeg"}],"author":"Claudiu Padurean","twitter_card":"summary_large_image","twitter_creator":"@CopilarieOrg","twitter_site":"@CopilarieOrg","twitter_misc":{"Scris de":"Claudiu Padurean","Timp estimat pentru citire":"6 minute"},"schema":{"@context":"https:\/\/schema.org","@graph":[{"@type":"WebPage","@id":"https:\/\/copilarie.org\/index.php\/2026\/04\/02\/competitia-locala-la-tiff-25-organizatorii-cauta-talente-din-cluj\/","url":"https:\/\/copilarie.org\/index.php\/2026\/04\/02\/competitia-locala-la-tiff-25-organizatorii-cauta-talente-din-cluj\/","name":"Competi\u021bia Local\u0103 la TIFF.25: organizatorii caut\u0103 talente din Cluj - Copil\u0103rie.org","isPartOf":{"@id":"https:\/\/copilarie.org\/#website"},"primaryImageOfPage":{"@id":"https:\/\/copilarie.org\/index.php\/2026\/04\/02\/competitia-locala-la-tiff-25-organizatorii-cauta-talente-din-cluj\/#primaryimage"},"image":{"@id":"https:\/\/copilarie.org\/index.php\/2026\/04\/02\/competitia-locala-la-tiff-25-organizatorii-cauta-talente-din-cluj\/#primaryimage"},"thumbnailUrl":"https:\/\/copilarie.org\/wp-content\/uploads\/2026\/04\/tiff.jpg","datePublished":"2026-04-02T18:42:24+00:00","dateModified":"2026-04-02T18:42:24+00:00","author":{"@id":"https:\/\/copilarie.org\/#\/schema\/person\/cc68df24fe273441f59111720355e6d7"},"breadcrumb":{"@id":"https:\/\/copilarie.org\/index.php\/2026\/04\/02\/competitia-locala-la-tiff-25-organizatorii-cauta-talente-din-cluj\/#breadcrumb"},"inLanguage":"ro-RO","potentialAction":[{"@type":"ReadAction","target":["https:\/\/copilarie.org\/index.php\/2026\/04\/02\/competitia-locala-la-tiff-25-organizatorii-cauta-talente-din-cluj\/"]}]},{"@type":"ImageObject","inLanguage":"ro-RO","@id":"https:\/\/copilarie.org\/index.php\/2026\/04\/02\/competitia-locala-la-tiff-25-organizatorii-cauta-talente-din-cluj\/#primaryimage","url":"https:\/\/copilarie.org\/wp-content\/uploads\/2026\/04\/tiff.jpg","contentUrl":"https:\/\/copilarie.org\/wp-content\/uploads\/2026\/04\/tiff.jpg","width":1080,"height":1350},{"@type":"BreadcrumbList","@id":"https:\/\/copilarie.org\/index.php\/2026\/04\/02\/competitia-locala-la-tiff-25-organizatorii-cauta-talente-din-cluj\/#breadcrumb","itemListElement":[{"@type":"ListItem","position":1,"name":"Prima pagin\u0103","item":"https:\/\/copilarie.org\/"},{"@type":"ListItem","position":2,"name":"Competi\u021bia Local\u0103 la TIFF.25: organizatorii caut\u0103 talente din Cluj"}]},{"@type":"WebSite","@id":"https:\/\/copilarie.org\/#website","url":"https:\/\/copilarie.org\/","name":"Copil\u0103rie.org","description":"\u00cen pas cu tine","potentialAction":[{"@type":"SearchAction","target":{"@type":"EntryPoint","urlTemplate":"https:\/\/copilarie.org\/?s={search_term_string}"},"query-input":{"@type":"PropertyValueSpecification","valueRequired":true,"valueName":"search_term_string"}}],"inLanguage":"ro-RO"},{"@type":"Person","@id":"https:\/\/copilarie.org\/#\/schema\/person\/cc68df24fe273441f59111720355e6d7","name":"Claudiu Padurean","image":{"@type":"ImageObject","inLanguage":"ro-RO","@id":"https:\/\/copilarie.org\/#\/schema\/person\/image\/","url":"https:\/\/secure.gravatar.com\/avatar\/f254259557f5b35053cf76205615a03f17a29fe60ac58ed31adacef6a3f612f9?s=96&d=mm&r=g","contentUrl":"https:\/\/secure.gravatar.com\/avatar\/f254259557f5b35053cf76205615a03f17a29fe60ac58ed31adacef6a3f612f9?s=96&d=mm&r=g","caption":"Claudiu Padurean"}}]}},"_links":{"self":[{"href":"https:\/\/copilarie.org\/index.php\/wp-json\/wp\/v2\/posts\/3932","targetHints":{"allow":["GET"]}}],"collection":[{"href":"https:\/\/copilarie.org\/index.php\/wp-json\/wp\/v2\/posts"}],"about":[{"href":"https:\/\/copilarie.org\/index.php\/wp-json\/wp\/v2\/types\/post"}],"author":[{"embeddable":true,"href":"https:\/\/copilarie.org\/index.php\/wp-json\/wp\/v2\/users\/6"}],"replies":[{"embeddable":true,"href":"https:\/\/copilarie.org\/index.php\/wp-json\/wp\/v2\/comments?post=3932"}],"version-history":[{"count":1,"href":"https:\/\/copilarie.org\/index.php\/wp-json\/wp\/v2\/posts\/3932\/revisions"}],"predecessor-version":[{"id":3934,"href":"https:\/\/copilarie.org\/index.php\/wp-json\/wp\/v2\/posts\/3932\/revisions\/3934"}],"wp:featuredmedia":[{"embeddable":true,"href":"https:\/\/copilarie.org\/index.php\/wp-json\/wp\/v2\/media\/3933"}],"wp:attachment":[{"href":"https:\/\/copilarie.org\/index.php\/wp-json\/wp\/v2\/media?parent=3932"}],"wp:term":[{"taxonomy":"category","embeddable":true,"href":"https:\/\/copilarie.org\/index.php\/wp-json\/wp\/v2\/categories?post=3932"},{"taxonomy":"post_tag","embeddable":true,"href":"https:\/\/copilarie.org\/index.php\/wp-json\/wp\/v2\/tags?post=3932"}],"curies":[{"name":"wp","href":"https:\/\/api.w.org\/{rel}","templated":true}]}}