{"id":394,"date":"2017-07-07T11:09:36","date_gmt":"2017-07-07T11:09:36","guid":{"rendered":"http:\/\/copilarie.org\/?p=394"},"modified":"2017-07-07T11:09:36","modified_gmt":"2017-07-07T11:09:36","slug":"constienta-de-sine-si-echilibrul-interior-sunt-vitale-de-la-varste-fragede","status":"publish","type":"post","link":"https:\/\/copilarie.org\/index.php\/2017\/07\/07\/constienta-de-sine-si-echilibrul-interior-sunt-vitale-de-la-varste-fragede\/","title":{"rendered":"Con\u015ftien\u0163a de sine \u015fi echilibrul interior sunt vitale, de la v\u00e2rste fragede."},"content":{"rendered":"<p><img loading=\"lazy\" decoding=\"async\" class=\"alignnone size-full wp-image-395\" src=\"https:\/\/copilarie.org\/wp-content\/uploads\/2017\/07\/constienta_de-sine.jpg\" alt=\"\" width=\"1200\" height=\"675\" srcset=\"https:\/\/copilarie.org\/wp-content\/uploads\/2017\/07\/constienta_de-sine.jpg 1200w, https:\/\/copilarie.org\/wp-content\/uploads\/2017\/07\/constienta_de-sine-300x169.jpg 300w, https:\/\/copilarie.org\/wp-content\/uploads\/2017\/07\/constienta_de-sine-768x432.jpg 768w, https:\/\/copilarie.org\/wp-content\/uploads\/2017\/07\/constienta_de-sine-1024x576.jpg 1024w, https:\/\/copilarie.org\/wp-content\/uploads\/2017\/07\/constienta_de-sine-600x338.jpg 600w, https:\/\/copilarie.org\/wp-content\/uploads\/2017\/07\/constienta_de-sine-696x392.jpg 696w, https:\/\/copilarie.org\/wp-content\/uploads\/2017\/07\/constienta_de-sine-1068x601.jpg 1068w, https:\/\/copilarie.org\/wp-content\/uploads\/2017\/07\/constienta_de-sine-747x420.jpg 747w\" sizes=\"auto, (max-width: 1200px) 100vw, 1200px\" \/>Con\u015ftien\u0163a de sine este sim\u0163ul interior care ne permite s\u0103 \u00een\u0163elegem propria noastr\u0103 situa\u0163ie. C\u00e2nd percepem dac\u0103 ne este bine sau r\u0103u putem s\u0103 ne monitoriz\u0103m confortul nostru emo\u0163ional \u015fi implicit s\u0103 \u00eel gestion\u0103m.<\/p>\n<p>Este cunoscut faptul c\u0103 partea creierului copilului, care se dezvolt\u0103 prima, este trunchiul cerebral. Acesta asigur\u0103 supravie\u0163uirea noastr\u0103 prin monitorizarea lumii exterioare \u015fi mobilizarea corpului s\u0103 r\u0103spund\u0103 la stimuli.<\/p>\n<p>Pentru copil, con\u015ftien\u0163a de sine \u00eenseamn\u0103 c\u0103 se simte bine fizic \u015fi emo\u0163ional. Nu \u00eel doare nimic \u015fi e \u00een siguran\u0163\u0103 al\u0103turi de cineva atunci c\u00e2nd se simte iubit sau se simte apreciat \u00een cercul lui de prieteni.<\/p>\n<p>Pl\u00e2nsul apare, func\u0163ie de v\u00e2rst\u0103, la cald, frig, sete, foame, scutec ud, suprastimulare, frustrare, lips\u0103 de valorizare, imposibilitatea de a se face ascultat, durere. E important s\u0103 fim con\u015ftien\u0163i de starea copilului nostru \u015fi s\u0103 regl\u0103m pe c\u00e2t posibil starea cu o nou\u0103 \u201dconectare\u201d, un nou joc, un c\u00e2ntecel, o ghidu\u015fie, o nou\u0103 modalitate de relaxare, o ac\u0163iune care s\u0103 \u00eei arate c\u0103 suntem al\u0103turi de el, orice consider\u0103m c\u0103 \u00eei \u00eembun\u0103t\u0103\u0163e\u015fte starea.<\/p>\n<p>Con\u015ftien\u0163a de sine pozitiv\u0103 a copilului, la orice v\u00e2rst\u0103, o putem men\u0163ine printr-un ritm de via\u0163\u0103 lini\u015ftit, plin de dragoste \u015fi timp de calitate petrecut \u00eempreun\u0103. Momentele de conectare \u015fi ata\u015fament real, vor aduce magie \u00een via\u0163a copilului nostru. Perioadele vitale de hr\u0103nire \u015fi odihn\u0103, f\u0103cute cu rigurozitate, \u00eei vor oferi stabilitate. Jocurile imaginative \u00eei vor stimula imagina\u0163ia. Pove\u015ftile de suflet, \u00een care s\u0103 \u00eei vorbim despre perioada copil\u0103riei lui timpurii vor ajunge la inima lui impregn\u00e2nd sentimentul de apartenen\u0163\u0103.<\/p>\n<p>Exemple de sus\u0163inere a con\u015ftien\u0163ei de sine pot fi \u015fi jocurile prin care copilul creaz\u0103 ceva. Acest fapt conferindu-i sentimentul de competen\u0163\u0103.<\/p>\n<p>Echilibrul duce implicit la o dezvoltare psihic\u0103 armonioas\u0103 \u015fi la un mod de via\u0163\u0103 asumat!<\/p>\n","protected":false},"excerpt":{"rendered":"<p>Con\u015ftien\u0163a de sine este sim\u0163ul interior care ne permite s\u0103 \u00een\u0163elegem propria noastr\u0103 situa\u0163ie. C\u00e2nd percepem dac\u0103 ne este bine sau r\u0103u putem s\u0103 ne monitoriz\u0103m confortul nostru emo\u0163ional \u015fi implicit s\u0103 \u00eel gestion\u0103m. Este cunoscut faptul c\u0103 partea creierului copilului, care se dezvolt\u0103 prima, este trunchiul cerebral. Acesta asigur\u0103 supravie\u0163uirea noastr\u0103 prin monitorizarea lumii [&hellip;]<\/p>\n","protected":false},"author":1,"featured_media":395,"comment_status":"open","ping_status":"open","sticky":false,"template":"","format":"standard","meta":{"footnotes":""},"categories":[23,22,2],"tags":[103,102,25,24,104,78,27],"class_list":{"0":"post-394","1":"post","2":"type-post","3":"status-publish","4":"format-standard","5":"has-post-thumbnail","7":"category-familie","8":"category-opinii","9":"category-featured","10":"tag-competenta","11":"tag-constienta-de-sine","12":"tag-copii","13":"tag-copilarie-org","14":"tag-echilibru-emotional","15":"tag-joaca","16":"tag-parinti"},"yoast_head":"<!-- This site is optimized with the Yoast SEO plugin v23.6 - https:\/\/yoast.com\/wordpress\/plugins\/seo\/ -->\n<title>Con\u015ftien\u0163a de sine \u015fi echilibrul interior sunt vitale, de la v\u00e2rste fragede. - Copil\u0103rie.org<\/title>\n<meta name=\"robots\" content=\"index, follow, max-snippet:-1, max-image-preview:large, max-video-preview:-1\" \/>\n<link rel=\"canonical\" href=\"https:\/\/copilarie.org\/index.php\/2017\/07\/07\/constienta-de-sine-si-echilibrul-interior-sunt-vitale-de-la-varste-fragede\/\" \/>\n<meta property=\"og:locale\" content=\"ro_RO\" \/>\n<meta property=\"og:type\" content=\"article\" \/>\n<meta property=\"og:title\" content=\"Con\u015ftien\u0163a de sine \u015fi echilibrul interior sunt vitale, de la v\u00e2rste fragede. - Copil\u0103rie.org\" \/>\n<meta property=\"og:description\" content=\"Con\u015ftien\u0163a de sine este sim\u0163ul interior care ne permite s\u0103 \u00een\u0163elegem propria noastr\u0103 situa\u0163ie. C\u00e2nd percepem dac\u0103 ne este bine sau r\u0103u putem s\u0103 ne monitoriz\u0103m confortul nostru emo\u0163ional \u015fi implicit s\u0103 \u00eel gestion\u0103m. Este cunoscut faptul c\u0103 partea creierului copilului, care se dezvolt\u0103 prima, este trunchiul cerebral. Acesta asigur\u0103 supravie\u0163uirea noastr\u0103 prin monitorizarea lumii [&hellip;]\" \/>\n<meta property=\"og:url\" content=\"https:\/\/copilarie.org\/index.php\/2017\/07\/07\/constienta-de-sine-si-echilibrul-interior-sunt-vitale-de-la-varste-fragede\/\" \/>\n<meta property=\"og:site_name\" content=\"Copil\u0103rie.org\" \/>\n<meta property=\"article:publisher\" content=\"https:\/\/www.facebook.com\/copilarie.org\/\" \/>\n<meta property=\"article:published_time\" content=\"2017-07-07T11:09:36+00:00\" \/>\n<meta property=\"og:image\" content=\"https:\/\/copilarie.org\/wp-content\/uploads\/2017\/07\/constienta_de-sine.jpg\" \/>\n\t<meta property=\"og:image:width\" content=\"1200\" \/>\n\t<meta property=\"og:image:height\" content=\"675\" \/>\n\t<meta property=\"og:image:type\" content=\"image\/jpeg\" \/>\n<meta name=\"author\" content=\"copilarie.org\" \/>\n<meta name=\"twitter:card\" content=\"summary_large_image\" \/>\n<meta name=\"twitter:creator\" content=\"@CopilarieOrg\" \/>\n<meta name=\"twitter:site\" content=\"@CopilarieOrg\" \/>\n<meta name=\"twitter:label1\" content=\"Scris de\" \/>\n\t<meta name=\"twitter:data1\" content=\"copilarie.org\" \/>\n\t<meta name=\"twitter:label2\" content=\"Timp estimat pentru citire\" \/>\n\t<meta name=\"twitter:data2\" content=\"2 minute\" \/>\n<script type=\"application\/ld+json\" class=\"yoast-schema-graph\">{\"@context\":\"https:\/\/schema.org\",\"@graph\":[{\"@type\":\"WebPage\",\"@id\":\"https:\/\/copilarie.org\/index.php\/2017\/07\/07\/constienta-de-sine-si-echilibrul-interior-sunt-vitale-de-la-varste-fragede\/\",\"url\":\"https:\/\/copilarie.org\/index.php\/2017\/07\/07\/constienta-de-sine-si-echilibrul-interior-sunt-vitale-de-la-varste-fragede\/\",\"name\":\"Con\u015ftien\u0163a de sine \u015fi echilibrul interior sunt vitale, de la v\u00e2rste fragede. - Copil\u0103rie.org\",\"isPartOf\":{\"@id\":\"https:\/\/copilarie.org\/#website\"},\"primaryImageOfPage\":{\"@id\":\"https:\/\/copilarie.org\/index.php\/2017\/07\/07\/constienta-de-sine-si-echilibrul-interior-sunt-vitale-de-la-varste-fragede\/#primaryimage\"},\"image\":{\"@id\":\"https:\/\/copilarie.org\/index.php\/2017\/07\/07\/constienta-de-sine-si-echilibrul-interior-sunt-vitale-de-la-varste-fragede\/#primaryimage\"},\"thumbnailUrl\":\"https:\/\/copilarie.org\/wp-content\/uploads\/2017\/07\/constienta_de-sine.jpg\",\"datePublished\":\"2017-07-07T11:09:36+00:00\",\"dateModified\":\"2017-07-07T11:09:36+00:00\",\"author\":{\"@id\":\"https:\/\/copilarie.org\/#\/schema\/person\/d8a7619fc1964ecf029620b5f64cb0ed\"},\"breadcrumb\":{\"@id\":\"https:\/\/copilarie.org\/index.php\/2017\/07\/07\/constienta-de-sine-si-echilibrul-interior-sunt-vitale-de-la-varste-fragede\/#breadcrumb\"},\"inLanguage\":\"ro-RO\",\"potentialAction\":[{\"@type\":\"ReadAction\",\"target\":[\"https:\/\/copilarie.org\/index.php\/2017\/07\/07\/constienta-de-sine-si-echilibrul-interior-sunt-vitale-de-la-varste-fragede\/\"]}]},{\"@type\":\"ImageObject\",\"inLanguage\":\"ro-RO\",\"@id\":\"https:\/\/copilarie.org\/index.php\/2017\/07\/07\/constienta-de-sine-si-echilibrul-interior-sunt-vitale-de-la-varste-fragede\/#primaryimage\",\"url\":\"https:\/\/copilarie.org\/wp-content\/uploads\/2017\/07\/constienta_de-sine.jpg\",\"contentUrl\":\"https:\/\/copilarie.org\/wp-content\/uploads\/2017\/07\/constienta_de-sine.jpg\",\"width\":1200,\"height\":675},{\"@type\":\"BreadcrumbList\",\"@id\":\"https:\/\/copilarie.org\/index.php\/2017\/07\/07\/constienta-de-sine-si-echilibrul-interior-sunt-vitale-de-la-varste-fragede\/#breadcrumb\",\"itemListElement\":[{\"@type\":\"ListItem\",\"position\":1,\"name\":\"Prima pagin\u0103\",\"item\":\"https:\/\/copilarie.org\/\"},{\"@type\":\"ListItem\",\"position\":2,\"name\":\"Con\u015ftien\u0163a de sine \u015fi echilibrul interior sunt vitale, de la v\u00e2rste fragede.\"}]},{\"@type\":\"WebSite\",\"@id\":\"https:\/\/copilarie.org\/#website\",\"url\":\"https:\/\/copilarie.org\/\",\"name\":\"Copil\u0103rie.org\",\"description\":\"\u00cen pas cu tine\",\"potentialAction\":[{\"@type\":\"SearchAction\",\"target\":{\"@type\":\"EntryPoint\",\"urlTemplate\":\"https:\/\/copilarie.org\/?s={search_term_string}\"},\"query-input\":{\"@type\":\"PropertyValueSpecification\",\"valueRequired\":true,\"valueName\":\"search_term_string\"}}],\"inLanguage\":\"ro-RO\"},{\"@type\":\"Person\",\"@id\":\"https:\/\/copilarie.org\/#\/schema\/person\/d8a7619fc1964ecf029620b5f64cb0ed\",\"name\":\"copilarie.org\",\"image\":{\"@type\":\"ImageObject\",\"inLanguage\":\"ro-RO\",\"@id\":\"https:\/\/copilarie.org\/#\/schema\/person\/image\/\",\"url\":\"https:\/\/secure.gravatar.com\/avatar\/722e5984ae1b18142be482fe9581860ff615bd39f940c7d8bea3240825316d6e?s=96&d=mm&r=g\",\"contentUrl\":\"https:\/\/secure.gravatar.com\/avatar\/722e5984ae1b18142be482fe9581860ff615bd39f940c7d8bea3240825316d6e?s=96&d=mm&r=g\",\"caption\":\"copilarie.org\"}}]}<\/script>\n<!-- \/ Yoast SEO plugin. -->","yoast_head_json":{"title":"Con\u015ftien\u0163a de sine \u015fi echilibrul interior sunt vitale, de la v\u00e2rste fragede. - Copil\u0103rie.org","robots":{"index":"index","follow":"follow","max-snippet":"max-snippet:-1","max-image-preview":"max-image-preview:large","max-video-preview":"max-video-preview:-1"},"canonical":"https:\/\/copilarie.org\/index.php\/2017\/07\/07\/constienta-de-sine-si-echilibrul-interior-sunt-vitale-de-la-varste-fragede\/","og_locale":"ro_RO","og_type":"article","og_title":"Con\u015ftien\u0163a de sine \u015fi echilibrul interior sunt vitale, de la v\u00e2rste fragede. - Copil\u0103rie.org","og_description":"Con\u015ftien\u0163a de sine este sim\u0163ul interior care ne permite s\u0103 \u00een\u0163elegem propria noastr\u0103 situa\u0163ie. C\u00e2nd percepem dac\u0103 ne este bine sau r\u0103u putem s\u0103 ne monitoriz\u0103m confortul nostru emo\u0163ional \u015fi implicit s\u0103 \u00eel gestion\u0103m. Este cunoscut faptul c\u0103 partea creierului copilului, care se dezvolt\u0103 prima, este trunchiul cerebral. Acesta asigur\u0103 supravie\u0163uirea noastr\u0103 prin monitorizarea lumii [&hellip;]","og_url":"https:\/\/copilarie.org\/index.php\/2017\/07\/07\/constienta-de-sine-si-echilibrul-interior-sunt-vitale-de-la-varste-fragede\/","og_site_name":"Copil\u0103rie.org","article_publisher":"https:\/\/www.facebook.com\/copilarie.org\/","article_published_time":"2017-07-07T11:09:36+00:00","og_image":[{"width":1200,"height":675,"url":"https:\/\/copilarie.org\/wp-content\/uploads\/2017\/07\/constienta_de-sine.jpg","type":"image\/jpeg"}],"author":"copilarie.org","twitter_card":"summary_large_image","twitter_creator":"@CopilarieOrg","twitter_site":"@CopilarieOrg","twitter_misc":{"Scris de":"copilarie.org","Timp estimat pentru citire":"2 minute"},"schema":{"@context":"https:\/\/schema.org","@graph":[{"@type":"WebPage","@id":"https:\/\/copilarie.org\/index.php\/2017\/07\/07\/constienta-de-sine-si-echilibrul-interior-sunt-vitale-de-la-varste-fragede\/","url":"https:\/\/copilarie.org\/index.php\/2017\/07\/07\/constienta-de-sine-si-echilibrul-interior-sunt-vitale-de-la-varste-fragede\/","name":"Con\u015ftien\u0163a de sine \u015fi echilibrul interior sunt vitale, de la v\u00e2rste fragede. - Copil\u0103rie.org","isPartOf":{"@id":"https:\/\/copilarie.org\/#website"},"primaryImageOfPage":{"@id":"https:\/\/copilarie.org\/index.php\/2017\/07\/07\/constienta-de-sine-si-echilibrul-interior-sunt-vitale-de-la-varste-fragede\/#primaryimage"},"image":{"@id":"https:\/\/copilarie.org\/index.php\/2017\/07\/07\/constienta-de-sine-si-echilibrul-interior-sunt-vitale-de-la-varste-fragede\/#primaryimage"},"thumbnailUrl":"https:\/\/copilarie.org\/wp-content\/uploads\/2017\/07\/constienta_de-sine.jpg","datePublished":"2017-07-07T11:09:36+00:00","dateModified":"2017-07-07T11:09:36+00:00","author":{"@id":"https:\/\/copilarie.org\/#\/schema\/person\/d8a7619fc1964ecf029620b5f64cb0ed"},"breadcrumb":{"@id":"https:\/\/copilarie.org\/index.php\/2017\/07\/07\/constienta-de-sine-si-echilibrul-interior-sunt-vitale-de-la-varste-fragede\/#breadcrumb"},"inLanguage":"ro-RO","potentialAction":[{"@type":"ReadAction","target":["https:\/\/copilarie.org\/index.php\/2017\/07\/07\/constienta-de-sine-si-echilibrul-interior-sunt-vitale-de-la-varste-fragede\/"]}]},{"@type":"ImageObject","inLanguage":"ro-RO","@id":"https:\/\/copilarie.org\/index.php\/2017\/07\/07\/constienta-de-sine-si-echilibrul-interior-sunt-vitale-de-la-varste-fragede\/#primaryimage","url":"https:\/\/copilarie.org\/wp-content\/uploads\/2017\/07\/constienta_de-sine.jpg","contentUrl":"https:\/\/copilarie.org\/wp-content\/uploads\/2017\/07\/constienta_de-sine.jpg","width":1200,"height":675},{"@type":"BreadcrumbList","@id":"https:\/\/copilarie.org\/index.php\/2017\/07\/07\/constienta-de-sine-si-echilibrul-interior-sunt-vitale-de-la-varste-fragede\/#breadcrumb","itemListElement":[{"@type":"ListItem","position":1,"name":"Prima pagin\u0103","item":"https:\/\/copilarie.org\/"},{"@type":"ListItem","position":2,"name":"Con\u015ftien\u0163a de sine \u015fi echilibrul interior sunt vitale, de la v\u00e2rste fragede."}]},{"@type":"WebSite","@id":"https:\/\/copilarie.org\/#website","url":"https:\/\/copilarie.org\/","name":"Copil\u0103rie.org","description":"\u00cen pas cu tine","potentialAction":[{"@type":"SearchAction","target":{"@type":"EntryPoint","urlTemplate":"https:\/\/copilarie.org\/?s={search_term_string}"},"query-input":{"@type":"PropertyValueSpecification","valueRequired":true,"valueName":"search_term_string"}}],"inLanguage":"ro-RO"},{"@type":"Person","@id":"https:\/\/copilarie.org\/#\/schema\/person\/d8a7619fc1964ecf029620b5f64cb0ed","name":"copilarie.org","image":{"@type":"ImageObject","inLanguage":"ro-RO","@id":"https:\/\/copilarie.org\/#\/schema\/person\/image\/","url":"https:\/\/secure.gravatar.com\/avatar\/722e5984ae1b18142be482fe9581860ff615bd39f940c7d8bea3240825316d6e?s=96&d=mm&r=g","contentUrl":"https:\/\/secure.gravatar.com\/avatar\/722e5984ae1b18142be482fe9581860ff615bd39f940c7d8bea3240825316d6e?s=96&d=mm&r=g","caption":"copilarie.org"}}]}},"_links":{"self":[{"href":"https:\/\/copilarie.org\/index.php\/wp-json\/wp\/v2\/posts\/394","targetHints":{"allow":["GET"]}}],"collection":[{"href":"https:\/\/copilarie.org\/index.php\/wp-json\/wp\/v2\/posts"}],"about":[{"href":"https:\/\/copilarie.org\/index.php\/wp-json\/wp\/v2\/types\/post"}],"author":[{"embeddable":true,"href":"https:\/\/copilarie.org\/index.php\/wp-json\/wp\/v2\/users\/1"}],"replies":[{"embeddable":true,"href":"https:\/\/copilarie.org\/index.php\/wp-json\/wp\/v2\/comments?post=394"}],"version-history":[{"count":1,"href":"https:\/\/copilarie.org\/index.php\/wp-json\/wp\/v2\/posts\/394\/revisions"}],"predecessor-version":[{"id":396,"href":"https:\/\/copilarie.org\/index.php\/wp-json\/wp\/v2\/posts\/394\/revisions\/396"}],"wp:featuredmedia":[{"embeddable":true,"href":"https:\/\/copilarie.org\/index.php\/wp-json\/wp\/v2\/media\/395"}],"wp:attachment":[{"href":"https:\/\/copilarie.org\/index.php\/wp-json\/wp\/v2\/media?parent=394"}],"wp:term":[{"taxonomy":"category","embeddable":true,"href":"https:\/\/copilarie.org\/index.php\/wp-json\/wp\/v2\/categories?post=394"},{"taxonomy":"post_tag","embeddable":true,"href":"https:\/\/copilarie.org\/index.php\/wp-json\/wp\/v2\/tags?post=394"}],"curies":[{"name":"wp","href":"https:\/\/api.w.org\/{rel}","templated":true}]}}