{"id":3960,"date":"2026-04-28T16:20:28","date_gmt":"2026-04-28T16:20:28","guid":{"rendered":"https:\/\/copilarie.org\/?p=3960"},"modified":"2026-04-28T16:20:28","modified_gmt":"2026-04-28T16:20:28","slug":"profesorii-clujeni-instruiti-cum-sa-lupte-cu-fenomenul-consumului-de-droguri","status":"publish","type":"post","link":"https:\/\/copilarie.org\/index.php\/2026\/04\/28\/profesorii-clujeni-instruiti-cum-sa-lupte-cu-fenomenul-consumului-de-droguri\/","title":{"rendered":"Profesorii clujeni, instrui\u021bi cum s\u0103 lupte cu fenomenul consumului de droguri"},"content":{"rendered":"<p class=\"p1\"><strong>Aproximativ 450 de cadre didactice din jude\u021bul Cluj au luat parte la o \u00eent\u00e2lnire organizat\u0103 de o coali\u021bie de asocia\u021bii \u0219i funda\u021bii care vizeaz\u0103 combaterea consumului de droguri. Cadrele didactice au primit informa\u021bii despre modific\u0103rile comportamentale care apar la elevii care consum\u0103 stupefiante, precum \u0219i despre noile tipuri de substan\u021be ilegale, spune expertul antidrog, C\u0103t\u0103lin \u021aone, citat de Radio Rom\u00e2nia Actualit\u0103\u021bi.<\/strong><\/p>\n<p class=\"p1\">Sesiunea de formare a profesorilor \u0219i \u00eenv\u0103\u021b\u0103torilor a fost organizat\u0103 de Inspectoratul \u0218colar al jude\u021bului Cluj. Ea a fost g\u0103zduit\u0103 de Facultatea de \u0218tiin\u021be Economice \u0219i Gestiunea Afacerilor din cadrul Universit\u0103\u021bii Babe\u0219-Bolyai.<\/p>\n<p data-path-to-node=\"3\">\u00cen ultimii zece ani, jude\u021bul Cluj a trecut de la statutul de \u201ehub de tranzit\u201d la cel de pia\u021b\u0103 major\u0103 de consum pentru droguri psihoactive. Evolu\u021bia fenomenului, marcat\u0103 de sc\u0103derea dramatic\u0103 a v\u00e2rstei de debut \u0219i de apari\u021bia substan\u021belor sintetice extrem de periculoase, a for\u021bat autorit\u0103\u021bile \u0219i societatea civil\u0103 s\u0103 caute solu\u021bii \u00eentr-un sistem de preven\u021bie \u0219i tratament care abia acum \u00eencepe s\u0103 se adapteze.<\/p>\n<h3 data-path-to-node=\"4\">De la \u201eetnobotanice\u201d la droguri sintetice de mare risc<\/h3>\n<p data-path-to-node=\"5\">Dac\u0103 \u00een perioada 2016-2018 consumul era dominat de canabis \u0219i de resturile fenomenului \u201emagazinelor de vise\u201d, ultimii cinci ani au adus o schimbare radical\u0103. Pia\u021ba clujean\u0103 a fost inundat\u0103 de substan\u021be psihoactive noi (NSP) \u0219i de droguri sintetice precum cristalul (3-CMC), care sunt ieftine, u\u0219or de procurat \u0219i au efecte devastatoare asupra sistemului nervos.<\/p>\n<p data-path-to-node=\"6\">Accesibilitatea acestor substan\u021be, facilitat\u0103 de re\u021belele de distribu\u021bie de pe platforme precum Telegram sau \u201eDark Web\u201d, a f\u0103cut ca drogurile s\u0103 ajung\u0103 \u00een locuri p\u00e2n\u0103 acum considerate sigure: \u0219coli, parcuri de cartier \u0219i festivaluri.<\/p>\n<h3 data-path-to-node=\"7\">Sc\u0103derea v\u00e2rstei de debut: o realitate alarmant\u0103<\/h3>\n<p data-path-to-node=\"8\">Cea mai \u00eengrijor\u0103toare statistic\u0103 a deceniului 2016-2026 este sc\u0103derea v\u00e2rstei la care tinerii experimenteaz\u0103 primele substan\u021be. Dac\u0103 \u00een 2016 v\u00e2rsta medie de debut era de 15-16 ani, rapoartele recente ale Centrului de Prevenire, Evaluare \u0219i Consiliere Antidrog (CPECA) Cluj indic\u0103 cazuri tot mai frecvente de consum la v\u00e2rste fragede, de 12 sau 13 ani.<\/p>\n<p data-path-to-node=\"9\">Mediul \u0219colar a devenit o frontier\u0103 fragil\u0103. Presiunea grupului \u0219i dorin\u021ba de apartenen\u021b\u0103, combinate cu o lips\u0103 de informare realist\u0103, au f\u0103cut ca experimentarea s\u0103 devin\u0103 o etap\u0103 frecvent\u0103 \u00een r\u00e2ndul adolescen\u021bilor clujeni.<\/p>\n<h3 data-path-to-node=\"10\">Clujul \u00een cifre: presiunea pe sistemul medical<\/h3>\n<p data-path-to-node=\"11\">Cre\u0219terea consumului se reflect\u0103 direct \u00een statisticile unit\u0103\u021bilor de primiri urgen\u021be (UPU). Num\u0103rul persoanelor care au solicitat asisten\u021b\u0103 medical\u0103 de urgen\u021b\u0103 din cauza supradozelor sau a episoadelor psihotice induse de consumul de substan\u021be a crescut exponen\u021bial.<\/p>\n<table data-path-to-node=\"12\">\n<thead>\n<tr>\n<td><strong>Indicator<\/strong><\/td>\n<td><strong>Statut 2016<\/strong><\/td>\n<td><strong>Statut 2026 (Estimativ)<\/strong><\/td>\n<\/tr>\n<\/thead>\n<tbody>\n<tr>\n<td><span data-path-to-node=\"12,1,0,0\"><b data-path-to-node=\"12,1,0,0\" data-index-in-node=\"0\">Urgen\u021be medicale (supradoze\/an)<\/b><\/span><\/td>\n<td><span data-path-to-node=\"12,1,1,0\">~180 cazuri<\/span><\/td>\n<td><span data-path-to-node=\"12,1,2,0\">&gt; 650 cazuri<\/span><\/td>\n<\/tr>\n<tr>\n<td><span data-path-to-node=\"12,2,0,0\"><b data-path-to-node=\"12,2,0,0\" data-index-in-node=\"0\">Dosare penale pentru de\u021binere\/trafic<\/b><\/span><\/td>\n<td><span data-path-to-node=\"12,2,1,0\">~400<\/span><\/td>\n<td><span data-path-to-node=\"12,2,2,0\">&gt; 1.200<\/span><\/td>\n<\/tr>\n<tr>\n<td><span data-path-to-node=\"12,3,0,0\"><b data-path-to-node=\"12,3,0,0\" data-index-in-node=\"0\">V\u00e2rsta minim\u0103 de debut raportat\u0103<\/b><\/span><\/td>\n<td><span data-path-to-node=\"12,3,1,0\">14 ani<\/span><\/td>\n<td><span data-path-to-node=\"12,3,2,0\">11 ani<\/span><\/td>\n<\/tr>\n<tr>\n<td><span data-path-to-node=\"12,4,0,0\"><b data-path-to-node=\"12,4,0,0\" data-index-in-node=\"0\">Centre de stat pentru dezintoxicare copii<\/b><\/span><\/td>\n<td><span data-path-to-node=\"12,4,1,0\">0<\/span><\/td>\n<td><span data-path-to-node=\"12,4,2,0\">1 (\u00een curs de opera\u021bionalizare)<\/span><\/td>\n<\/tr>\n<\/tbody>\n<\/table>\n<h3 data-path-to-node=\"13\">Reac\u021bia autorit\u0103\u021bilor: \u00eentre represiune \u0219i preven\u021bie<\/h3>\n<p data-path-to-node=\"14\">\u00cen acest deceniu, abordarea s-a schimbat lent. Dac\u0103 ini\u021bial accentul a fost pus pe combaterea traficului prin ac\u021biuni spectaculoase ale DIICOT, \u00een ultimii trei ani (2023-2026), autorit\u0103\u021bile au pus un accent mai mare pe componenta medical\u0103.<\/p>\n<p data-path-to-node=\"15\">Clujul a devenit terenul unor proiecte pilot de testare antidrog \u0219i de consiliere \u00een \u0219coli, \u00eens\u0103 marea problem\u0103 r\u0103m\u00e2ne lipsa centrelor de stat pentru recuperare pe termen lung, \u00een special pentru minori. P\u0103rin\u021bii din Cluj sunt adesea for\u021ba\u021bi s\u0103 apeleze la clinici private costisitoare sau s\u0103 caute ajutor \u00een str\u0103in\u0103tate.<\/p>\n<h3 data-path-to-node=\"16\">Impactul marilor evenimente<\/h3>\n<p data-path-to-node=\"17\">Ca hub cultural \u0219i de entertainment, Clujul a trebuit s\u0103 gestioneze consumul asociat marilor festivaluri. De\u0219i organizatorii au implementat m\u0103suri de securitate stricte \u0219i campanii de tip \u201eSafe Party\u201d, fluxul uria\u0219 de turi\u0219ti a pus la \u00eencercare capacitatea de monitorizare a for\u021belor de ordine. Totu\u0219i, anali\u0219tii subliniaz\u0103 c\u0103 marea problem\u0103 nu este \u201econsumul de festival\u201d, ci consumul cronic, \u201einvizibil\u201d, din ghetourile urbane \u0219i din zonele reziden\u021biale noi.<\/p>\n<blockquote class=\"wp-embedded-content\" data-secret=\"52atwkfxVD\"><p><a href=\"https:\/\/copilarie.org\/index.php\/2026\/04\/01\/expozitie-literara-si-fotografica-online-eu-sunt-o-lacrima-tarzie\/\">Expozi\u0163ie literar\u0103 \u0219i fotografic\u0103 online \u201cEu sunt o lacrim\u0103 t\u00e2rzie\u2026\u201d<\/a><\/p><\/blockquote>\n<p><iframe loading=\"lazy\" class=\"wp-embedded-content\" sandbox=\"allow-scripts\" security=\"restricted\" style=\"position: absolute; visibility: hidden;\" title=\"&#8222;Expozi\u0163ie literar\u0103 \u0219i fotografic\u0103 online \u201cEu sunt o lacrim\u0103 t\u00e2rzie\u2026\u201d&#8221; &#8211; Copil\u0103rie.org\" src=\"https:\/\/copilarie.org\/index.php\/2026\/04\/01\/expozitie-literara-si-fotografica-online-eu-sunt-o-lacrima-tarzie\/embed\/#?secret=fDz6eYP0gw#?secret=52atwkfxVD\" data-secret=\"52atwkfxVD\" width=\"600\" height=\"338\" frameborder=\"0\" marginwidth=\"0\" marginheight=\"0\" scrolling=\"no\"><\/iframe><\/p>\n","protected":false},"excerpt":{"rendered":"<p>Aproximativ 450 de cadre didactice din jude\u021bul Cluj au luat parte la o \u00eent\u00e2lnire organizat\u0103 de o coali\u021bie de asocia\u021bii \u0219i funda\u021bii care vizeaz\u0103 combaterea consumului de droguri. Cadrele didactice au primit informa\u021bii despre modific\u0103rile comportamentale care apar la elevii care consum\u0103 stupefiante, precum \u0219i despre noile tipuri de substan\u021be ilegale, spune expertul antidrog, C\u0103t\u0103lin [&hellip;]<\/p>\n","protected":false},"author":6,"featured_media":3961,"comment_status":"open","ping_status":"open","sticky":false,"template":"","format":"standard","meta":{"footnotes":""},"categories":[1,21],"tags":[333,696,24,290,273,344,697,345],"class_list":{"0":"post-3960","1":"post","2":"type-post","3":"status-publish","4":"format-standard","5":"has-post-thumbnail","7":"category-acasa","8":"category-evenimente","9":"tag-claudiu-padurean","10":"tag-consume-de-droguri","11":"tag-copilarie-org","12":"tag-educatie","13":"tag-elevi","14":"tag-news","15":"tag-profesori","16":"tag-stiri"},"yoast_head":"<!-- This site is optimized with the Yoast SEO plugin v23.6 - https:\/\/yoast.com\/wordpress\/plugins\/seo\/ -->\n<title>Profesorii clujeni, instrui\u021bi cum s\u0103 lupte cu fenomenul consumului de droguri - Copil\u0103rie.org<\/title>\n<meta name=\"robots\" content=\"index, follow, max-snippet:-1, max-image-preview:large, max-video-preview:-1\" \/>\n<link rel=\"canonical\" href=\"https:\/\/copilarie.org\/index.php\/2026\/04\/28\/profesorii-clujeni-instruiti-cum-sa-lupte-cu-fenomenul-consumului-de-droguri\/\" \/>\n<meta property=\"og:locale\" content=\"ro_RO\" \/>\n<meta property=\"og:type\" content=\"article\" \/>\n<meta property=\"og:title\" content=\"Profesorii clujeni, instrui\u021bi cum s\u0103 lupte cu fenomenul consumului de droguri - Copil\u0103rie.org\" \/>\n<meta property=\"og:description\" content=\"Aproximativ 450 de cadre didactice din jude\u021bul Cluj au luat parte la o \u00eent\u00e2lnire organizat\u0103 de o coali\u021bie de asocia\u021bii \u0219i funda\u021bii care vizeaz\u0103 combaterea consumului de droguri. Cadrele didactice au primit informa\u021bii despre modific\u0103rile comportamentale care apar la elevii care consum\u0103 stupefiante, precum \u0219i despre noile tipuri de substan\u021be ilegale, spune expertul antidrog, C\u0103t\u0103lin [&hellip;]\" \/>\n<meta property=\"og:url\" content=\"https:\/\/copilarie.org\/index.php\/2026\/04\/28\/profesorii-clujeni-instruiti-cum-sa-lupte-cu-fenomenul-consumului-de-droguri\/\" \/>\n<meta property=\"og:site_name\" content=\"Copil\u0103rie.org\" \/>\n<meta property=\"article:publisher\" content=\"https:\/\/www.facebook.com\/copilarie.org\/\" \/>\n<meta property=\"article:published_time\" content=\"2026-04-28T16:20:28+00:00\" \/>\n<meta property=\"og:image\" content=\"https:\/\/copilarie.org\/wp-content\/uploads\/2026\/04\/profesoara-scaled.jpg\" \/>\n\t<meta property=\"og:image:width\" content=\"2560\" \/>\n\t<meta property=\"og:image:height\" content=\"1707\" \/>\n\t<meta property=\"og:image:type\" content=\"image\/jpeg\" \/>\n<meta name=\"author\" content=\"Claudiu Padurean\" \/>\n<meta name=\"twitter:card\" content=\"summary_large_image\" \/>\n<meta name=\"twitter:creator\" content=\"@CopilarieOrg\" \/>\n<meta name=\"twitter:site\" content=\"@CopilarieOrg\" \/>\n<meta name=\"twitter:label1\" content=\"Scris de\" \/>\n\t<meta name=\"twitter:data1\" content=\"Claudiu Padurean\" \/>\n\t<meta name=\"twitter:label2\" content=\"Timp estimat pentru citire\" \/>\n\t<meta name=\"twitter:data2\" content=\"4 minute\" \/>\n<script type=\"application\/ld+json\" class=\"yoast-schema-graph\">{\"@context\":\"https:\/\/schema.org\",\"@graph\":[{\"@type\":\"WebPage\",\"@id\":\"https:\/\/copilarie.org\/index.php\/2026\/04\/28\/profesorii-clujeni-instruiti-cum-sa-lupte-cu-fenomenul-consumului-de-droguri\/\",\"url\":\"https:\/\/copilarie.org\/index.php\/2026\/04\/28\/profesorii-clujeni-instruiti-cum-sa-lupte-cu-fenomenul-consumului-de-droguri\/\",\"name\":\"Profesorii clujeni, instrui\u021bi cum s\u0103 lupte cu fenomenul consumului de droguri - Copil\u0103rie.org\",\"isPartOf\":{\"@id\":\"https:\/\/copilarie.org\/#website\"},\"primaryImageOfPage\":{\"@id\":\"https:\/\/copilarie.org\/index.php\/2026\/04\/28\/profesorii-clujeni-instruiti-cum-sa-lupte-cu-fenomenul-consumului-de-droguri\/#primaryimage\"},\"image\":{\"@id\":\"https:\/\/copilarie.org\/index.php\/2026\/04\/28\/profesorii-clujeni-instruiti-cum-sa-lupte-cu-fenomenul-consumului-de-droguri\/#primaryimage\"},\"thumbnailUrl\":\"https:\/\/copilarie.org\/wp-content\/uploads\/2026\/04\/profesoara-scaled.jpg\",\"datePublished\":\"2026-04-28T16:20:28+00:00\",\"dateModified\":\"2026-04-28T16:20:28+00:00\",\"author\":{\"@id\":\"https:\/\/copilarie.org\/#\/schema\/person\/cc68df24fe273441f59111720355e6d7\"},\"breadcrumb\":{\"@id\":\"https:\/\/copilarie.org\/index.php\/2026\/04\/28\/profesorii-clujeni-instruiti-cum-sa-lupte-cu-fenomenul-consumului-de-droguri\/#breadcrumb\"},\"inLanguage\":\"ro-RO\",\"potentialAction\":[{\"@type\":\"ReadAction\",\"target\":[\"https:\/\/copilarie.org\/index.php\/2026\/04\/28\/profesorii-clujeni-instruiti-cum-sa-lupte-cu-fenomenul-consumului-de-droguri\/\"]}]},{\"@type\":\"ImageObject\",\"inLanguage\":\"ro-RO\",\"@id\":\"https:\/\/copilarie.org\/index.php\/2026\/04\/28\/profesorii-clujeni-instruiti-cum-sa-lupte-cu-fenomenul-consumului-de-droguri\/#primaryimage\",\"url\":\"https:\/\/copilarie.org\/wp-content\/uploads\/2026\/04\/profesoara-scaled.jpg\",\"contentUrl\":\"https:\/\/copilarie.org\/wp-content\/uploads\/2026\/04\/profesoara-scaled.jpg\",\"width\":2560,\"height\":1707},{\"@type\":\"BreadcrumbList\",\"@id\":\"https:\/\/copilarie.org\/index.php\/2026\/04\/28\/profesorii-clujeni-instruiti-cum-sa-lupte-cu-fenomenul-consumului-de-droguri\/#breadcrumb\",\"itemListElement\":[{\"@type\":\"ListItem\",\"position\":1,\"name\":\"Prima pagin\u0103\",\"item\":\"https:\/\/copilarie.org\/\"},{\"@type\":\"ListItem\",\"position\":2,\"name\":\"Profesorii clujeni, instrui\u021bi cum s\u0103 lupte cu fenomenul consumului de droguri\"}]},{\"@type\":\"WebSite\",\"@id\":\"https:\/\/copilarie.org\/#website\",\"url\":\"https:\/\/copilarie.org\/\",\"name\":\"Copil\u0103rie.org\",\"description\":\"\u00cen pas cu tine\",\"potentialAction\":[{\"@type\":\"SearchAction\",\"target\":{\"@type\":\"EntryPoint\",\"urlTemplate\":\"https:\/\/copilarie.org\/?s={search_term_string}\"},\"query-input\":{\"@type\":\"PropertyValueSpecification\",\"valueRequired\":true,\"valueName\":\"search_term_string\"}}],\"inLanguage\":\"ro-RO\"},{\"@type\":\"Person\",\"@id\":\"https:\/\/copilarie.org\/#\/schema\/person\/cc68df24fe273441f59111720355e6d7\",\"name\":\"Claudiu Padurean\",\"image\":{\"@type\":\"ImageObject\",\"inLanguage\":\"ro-RO\",\"@id\":\"https:\/\/copilarie.org\/#\/schema\/person\/image\/\",\"url\":\"https:\/\/secure.gravatar.com\/avatar\/f254259557f5b35053cf76205615a03f17a29fe60ac58ed31adacef6a3f612f9?s=96&d=mm&r=g\",\"contentUrl\":\"https:\/\/secure.gravatar.com\/avatar\/f254259557f5b35053cf76205615a03f17a29fe60ac58ed31adacef6a3f612f9?s=96&d=mm&r=g\",\"caption\":\"Claudiu Padurean\"}}]}<\/script>\n<!-- \/ Yoast SEO plugin. -->","yoast_head_json":{"title":"Profesorii clujeni, instrui\u021bi cum s\u0103 lupte cu fenomenul consumului de droguri - Copil\u0103rie.org","robots":{"index":"index","follow":"follow","max-snippet":"max-snippet:-1","max-image-preview":"max-image-preview:large","max-video-preview":"max-video-preview:-1"},"canonical":"https:\/\/copilarie.org\/index.php\/2026\/04\/28\/profesorii-clujeni-instruiti-cum-sa-lupte-cu-fenomenul-consumului-de-droguri\/","og_locale":"ro_RO","og_type":"article","og_title":"Profesorii clujeni, instrui\u021bi cum s\u0103 lupte cu fenomenul consumului de droguri - Copil\u0103rie.org","og_description":"Aproximativ 450 de cadre didactice din jude\u021bul Cluj au luat parte la o \u00eent\u00e2lnire organizat\u0103 de o coali\u021bie de asocia\u021bii \u0219i funda\u021bii care vizeaz\u0103 combaterea consumului de droguri. Cadrele didactice au primit informa\u021bii despre modific\u0103rile comportamentale care apar la elevii care consum\u0103 stupefiante, precum \u0219i despre noile tipuri de substan\u021be ilegale, spune expertul antidrog, C\u0103t\u0103lin [&hellip;]","og_url":"https:\/\/copilarie.org\/index.php\/2026\/04\/28\/profesorii-clujeni-instruiti-cum-sa-lupte-cu-fenomenul-consumului-de-droguri\/","og_site_name":"Copil\u0103rie.org","article_publisher":"https:\/\/www.facebook.com\/copilarie.org\/","article_published_time":"2026-04-28T16:20:28+00:00","og_image":[{"width":2560,"height":1707,"url":"https:\/\/copilarie.org\/wp-content\/uploads\/2026\/04\/profesoara-scaled.jpg","type":"image\/jpeg"}],"author":"Claudiu Padurean","twitter_card":"summary_large_image","twitter_creator":"@CopilarieOrg","twitter_site":"@CopilarieOrg","twitter_misc":{"Scris de":"Claudiu Padurean","Timp estimat pentru citire":"4 minute"},"schema":{"@context":"https:\/\/schema.org","@graph":[{"@type":"WebPage","@id":"https:\/\/copilarie.org\/index.php\/2026\/04\/28\/profesorii-clujeni-instruiti-cum-sa-lupte-cu-fenomenul-consumului-de-droguri\/","url":"https:\/\/copilarie.org\/index.php\/2026\/04\/28\/profesorii-clujeni-instruiti-cum-sa-lupte-cu-fenomenul-consumului-de-droguri\/","name":"Profesorii clujeni, instrui\u021bi cum s\u0103 lupte cu fenomenul consumului de droguri - Copil\u0103rie.org","isPartOf":{"@id":"https:\/\/copilarie.org\/#website"},"primaryImageOfPage":{"@id":"https:\/\/copilarie.org\/index.php\/2026\/04\/28\/profesorii-clujeni-instruiti-cum-sa-lupte-cu-fenomenul-consumului-de-droguri\/#primaryimage"},"image":{"@id":"https:\/\/copilarie.org\/index.php\/2026\/04\/28\/profesorii-clujeni-instruiti-cum-sa-lupte-cu-fenomenul-consumului-de-droguri\/#primaryimage"},"thumbnailUrl":"https:\/\/copilarie.org\/wp-content\/uploads\/2026\/04\/profesoara-scaled.jpg","datePublished":"2026-04-28T16:20:28+00:00","dateModified":"2026-04-28T16:20:28+00:00","author":{"@id":"https:\/\/copilarie.org\/#\/schema\/person\/cc68df24fe273441f59111720355e6d7"},"breadcrumb":{"@id":"https:\/\/copilarie.org\/index.php\/2026\/04\/28\/profesorii-clujeni-instruiti-cum-sa-lupte-cu-fenomenul-consumului-de-droguri\/#breadcrumb"},"inLanguage":"ro-RO","potentialAction":[{"@type":"ReadAction","target":["https:\/\/copilarie.org\/index.php\/2026\/04\/28\/profesorii-clujeni-instruiti-cum-sa-lupte-cu-fenomenul-consumului-de-droguri\/"]}]},{"@type":"ImageObject","inLanguage":"ro-RO","@id":"https:\/\/copilarie.org\/index.php\/2026\/04\/28\/profesorii-clujeni-instruiti-cum-sa-lupte-cu-fenomenul-consumului-de-droguri\/#primaryimage","url":"https:\/\/copilarie.org\/wp-content\/uploads\/2026\/04\/profesoara-scaled.jpg","contentUrl":"https:\/\/copilarie.org\/wp-content\/uploads\/2026\/04\/profesoara-scaled.jpg","width":2560,"height":1707},{"@type":"BreadcrumbList","@id":"https:\/\/copilarie.org\/index.php\/2026\/04\/28\/profesorii-clujeni-instruiti-cum-sa-lupte-cu-fenomenul-consumului-de-droguri\/#breadcrumb","itemListElement":[{"@type":"ListItem","position":1,"name":"Prima pagin\u0103","item":"https:\/\/copilarie.org\/"},{"@type":"ListItem","position":2,"name":"Profesorii clujeni, instrui\u021bi cum s\u0103 lupte cu fenomenul consumului de droguri"}]},{"@type":"WebSite","@id":"https:\/\/copilarie.org\/#website","url":"https:\/\/copilarie.org\/","name":"Copil\u0103rie.org","description":"\u00cen pas cu tine","potentialAction":[{"@type":"SearchAction","target":{"@type":"EntryPoint","urlTemplate":"https:\/\/copilarie.org\/?s={search_term_string}"},"query-input":{"@type":"PropertyValueSpecification","valueRequired":true,"valueName":"search_term_string"}}],"inLanguage":"ro-RO"},{"@type":"Person","@id":"https:\/\/copilarie.org\/#\/schema\/person\/cc68df24fe273441f59111720355e6d7","name":"Claudiu Padurean","image":{"@type":"ImageObject","inLanguage":"ro-RO","@id":"https:\/\/copilarie.org\/#\/schema\/person\/image\/","url":"https:\/\/secure.gravatar.com\/avatar\/f254259557f5b35053cf76205615a03f17a29fe60ac58ed31adacef6a3f612f9?s=96&d=mm&r=g","contentUrl":"https:\/\/secure.gravatar.com\/avatar\/f254259557f5b35053cf76205615a03f17a29fe60ac58ed31adacef6a3f612f9?s=96&d=mm&r=g","caption":"Claudiu Padurean"}}]}},"_links":{"self":[{"href":"https:\/\/copilarie.org\/index.php\/wp-json\/wp\/v2\/posts\/3960","targetHints":{"allow":["GET"]}}],"collection":[{"href":"https:\/\/copilarie.org\/index.php\/wp-json\/wp\/v2\/posts"}],"about":[{"href":"https:\/\/copilarie.org\/index.php\/wp-json\/wp\/v2\/types\/post"}],"author":[{"embeddable":true,"href":"https:\/\/copilarie.org\/index.php\/wp-json\/wp\/v2\/users\/6"}],"replies":[{"embeddable":true,"href":"https:\/\/copilarie.org\/index.php\/wp-json\/wp\/v2\/comments?post=3960"}],"version-history":[{"count":1,"href":"https:\/\/copilarie.org\/index.php\/wp-json\/wp\/v2\/posts\/3960\/revisions"}],"predecessor-version":[{"id":3962,"href":"https:\/\/copilarie.org\/index.php\/wp-json\/wp\/v2\/posts\/3960\/revisions\/3962"}],"wp:featuredmedia":[{"embeddable":true,"href":"https:\/\/copilarie.org\/index.php\/wp-json\/wp\/v2\/media\/3961"}],"wp:attachment":[{"href":"https:\/\/copilarie.org\/index.php\/wp-json\/wp\/v2\/media?parent=3960"}],"wp:term":[{"taxonomy":"category","embeddable":true,"href":"https:\/\/copilarie.org\/index.php\/wp-json\/wp\/v2\/categories?post=3960"},{"taxonomy":"post_tag","embeddable":true,"href":"https:\/\/copilarie.org\/index.php\/wp-json\/wp\/v2\/tags?post=3960"}],"curies":[{"name":"wp","href":"https:\/\/api.w.org\/{rel}","templated":true}]}}