{"id":443,"date":"2017-09-26T09:07:04","date_gmt":"2017-09-26T09:07:04","guid":{"rendered":"http:\/\/copilarie.org\/?p=443"},"modified":"2017-09-26T09:07:04","modified_gmt":"2017-09-26T09:07:04","slug":"varsta-si-dezvoltarea-temperamentului-individual","status":"publish","type":"post","link":"https:\/\/copilarie.org\/index.php\/2017\/09\/26\/varsta-si-dezvoltarea-temperamentului-individual\/","title":{"rendered":"V\u00e2rsta \u0219i dezvoltarea temperamentului individual"},"content":{"rendered":"<p><img loading=\"lazy\" decoding=\"async\" class=\"alignnone size-full wp-image-444\" src=\"https:\/\/copilarie.org\/wp-content\/uploads\/2017\/09\/V\u00e2rsta_\u0219i-dezvoltarea-temperamentului-individual.jpg.jpg\" alt=\"\" width=\"1024\" height=\"576\" srcset=\"https:\/\/copilarie.org\/wp-content\/uploads\/2017\/09\/V\u00e2rsta_\u0219i-dezvoltarea-temperamentului-individual.jpg.jpg 1024w, https:\/\/copilarie.org\/wp-content\/uploads\/2017\/09\/V\u00e2rsta_\u0219i-dezvoltarea-temperamentului-individual.jpg-300x169.jpg 300w, https:\/\/copilarie.org\/wp-content\/uploads\/2017\/09\/V\u00e2rsta_\u0219i-dezvoltarea-temperamentului-individual.jpg-768x432.jpg 768w, https:\/\/copilarie.org\/wp-content\/uploads\/2017\/09\/V\u00e2rsta_\u0219i-dezvoltarea-temperamentului-individual.jpg-600x338.jpg 600w, https:\/\/copilarie.org\/wp-content\/uploads\/2017\/09\/V\u00e2rsta_\u0219i-dezvoltarea-temperamentului-individual.jpg-696x392.jpg 696w, https:\/\/copilarie.org\/wp-content\/uploads\/2017\/09\/V\u00e2rsta_\u0219i-dezvoltarea-temperamentului-individual.jpg-747x420.jpg 747w\" sizes=\"auto, (max-width: 1024px) 100vw, 1024px\" \/>C\u00e2\u0163i dintre noi, \u00een cercul de prieteni sau \u00een parc fiind, nu am dezaprobat atitudinea prea \u201egrijulie\u201d \u015fi direc\u0163ionarea\u201dasidu\u0103\u201d a unor p\u0103rin\u0163i \u00een raport cu copii lor: nu pune m\u00e2na, nu te urca acolo&#8230; eu s\u0103 fiu \u00een locul t\u0103u nu a\u0219 avea echilibru, ridic\u0103 m\u00e2na dreapt\u0103 acum&#8230; nu st\u00e2nga, pentru c\u0103 eu st\u00e2nga a\u015f ridic-o&#8230; spune-i lui nenea c\u0103&#8230; \u015fi a\u015fa mai departe&#8230; Important pentru noi to\u0163i este s\u0103 \u00een\u021belegem c\u0103 ac\u021biunile copilului nostru trebuie \u00eent\u00e2i observate, apoi g\u00e2ndite \u00een ansamblu \u015fi ultima dat\u0103 ar trebui s\u0103 vin\u0103 reac\u0163ia. E un mecanism ce trebuie exersat \u0219i pus cu r\u0103bdare \u00een practic\u0103, regul\u0103 de aur. Accept\u00e2nd temperamentul copilului nostru \u015fi nereac\u0163ion\u00e2nd la \u201eprimului impuls\u201d \u00eei vom permite s\u0103 se dezvolte \u015fi s\u0103 devin\u0103 c\u00e2t poate el de bun.<\/p>\n<p>E important s\u0103 con\u015ftientizezi c\u0103 fiecare avem \u00een noi 4 tipuri de temperamente, dintre care unul este dominant, al doilea important, celelalte dou\u0103 av\u00e2nd efecte minore. Temperamentul nostru ne determin\u0103 caracterul fundamental: cum privim lumea, cum ne raport\u0103m la diverse situa\u0163ii, cum ne raport\u0103m la noi \u00een\u015fine sau la alte persoane.<\/p>\n<p>P\u00e2n\u0103 la v\u00e2rsta de 7 ani, odat\u0103 cu schimbarea din\u0163ilor, copilul t\u0103u reac\u0163ioneaz\u0103 \u00een conformitate cu tiparele ereditare. Odat\u0103 cu schimbarea din\u0163ilor copii \u00eencepe s\u0103 dezvolte sentimentul de \u201esine\u201d. La 14 ani \u201esinea\u201d lui proprie poate fi observat\u0103 cu claritate. Temperamentul devine mai evident iar p\u00e2n\u0103 la 20-21 de ani, acesta se manifest\u0103 foarte clar. \u00cen aceast\u0103 perioad\u0103 influen\u0163a familiei este mai mic\u0103. Se pot \u00eentrez\u0103ri unele aspecte ale temperamentului puiului t\u0103u \u015fi \u00eenainte de 7 ani, mai ales \u00een situa\u0163ia \u00een care acest comportament este diferit fa\u0163\u0103 de etapele de dezvoltare din via\u0163\u0103.<\/p>\n<p>Fiecare \u00eencepem cu etapa flegmatic\u0103, de bebe mic. Aceasta dureaz\u0103 orientativ de la concepere p\u00e2n\u0103 c\u00e2nd copilul se ridic\u0103 \u00een picioare. Atunci \u00eei asiguri lini\u0219te, o atmosfer\u0103 cald\u0103, calm\u0103, de al\u0103ptat \u0219i \u00eei conferi primele certitudini de leg\u0103tur\u0103 cu p\u0103rin\u021bii.<\/p>\n<p>Intuie\u0219ti ce urmeaz\u0103 de la unu la trei ani? \u021aipete, accese de furie, c\u0103\u021b\u0103rat pe absolut orice \u0219i oriunde. Exact, etapa coleric\u0103! Aici e nevoie de mult\u0103 disciplin\u0103 creativ\u0103 din partea ta, timp de joac\u0103 \u0219i de acumul\u0103ri ca \u00een final puiul t\u0103u s\u0103 devin\u0103 mobil \u0219i activ.<\/p>\n<p>De pe la zece ani copilul intr\u0103 \u00een etapa sangvin\u0103. Acum e nevoie s\u0103 apelezi la cei trei \u201eC\u201e magici: comunicare, conectare \u0219i creativitate. Frumoas\u0103 meseria aceasta de p\u0103rinte, nu?<\/p>\n<p>\u0218i vine adole\u0219centa! Ei, aici ajungem din nou \u00een etapa coleric\u0103. Sfat: alege cu grij\u0103 temele de confruntare, folose\u0219te umorul \u0219i conversa\u021biile rezonabile&#8230; E momentul \u00een care \u00eel po\u021bi direc\u021biona spre munca \u00een comunitate. \u0218i po\u021bi folosi acest timp pentru c\u0103l\u0103torii.<\/p>\n<p>EI \u0219i vine \u0219i momentul c\u00e2nd \u00eel vezi \u201eom mare\u201e! Brusc realizezi c\u00e2t de mult s-a schimbat, ce viziune de ansamblu are asupra unor aspecte din via\u021b\u0103! \u0218i ce abordare!<\/p>\n<p>Important este s\u0103 \u00een\u021belegi c\u0103 un temperament nu este mai bun sau mai r\u0103u dec\u00e2t altul. Fiecare are p\u0103r\u021bi pozitive \u0219i negative. Nu trebuie s\u0103 le suprimi, ci s\u0103 le supor\u021bi \u0219i cu m\u0103iestrie s\u0103 le integrezi \u00een dinamica familiei tale!<\/p>\n","protected":false},"excerpt":{"rendered":"<p>C\u00e2\u0163i dintre noi, \u00een cercul de prieteni sau \u00een parc fiind, nu am dezaprobat atitudinea prea \u201egrijulie\u201d \u015fi direc\u0163ionarea\u201dasidu\u0103\u201d a unor p\u0103rin\u0163i \u00een raport cu copii lor: nu pune m\u00e2na, nu te urca acolo&#8230; eu s\u0103 fiu \u00een locul t\u0103u nu a\u0219 avea echilibru, ridic\u0103 m\u00e2na dreapt\u0103 acum&#8230; nu st\u00e2nga, pentru c\u0103 eu st\u00e2nga a\u015f [&hellip;]<\/p>\n","protected":false},"author":1,"featured_media":444,"comment_status":"open","ping_status":"open","sticky":false,"template":"","format":"standard","meta":{"footnotes":""},"categories":[1,22,2],"tags":[137,136,25,24,27,135],"class_list":{"0":"post-443","1":"post","2":"type-post","3":"status-publish","4":"format-standard","5":"has-post-thumbnail","7":"category-acasa","8":"category-opinii","9":"category-featured","10":"tag-adolescent","11":"tag-bebe","12":"tag-copii","13":"tag-copilarie-org","14":"tag-parinti","15":"tag-varsta-si-temperament"},"yoast_head":"<!-- This site is optimized with the Yoast SEO plugin v23.6 - https:\/\/yoast.com\/wordpress\/plugins\/seo\/ -->\n<title>V\u00e2rsta \u0219i dezvoltarea temperamentului individual - Copil\u0103rie.org<\/title>\n<meta name=\"robots\" content=\"index, follow, max-snippet:-1, max-image-preview:large, max-video-preview:-1\" \/>\n<link rel=\"canonical\" href=\"https:\/\/copilarie.org\/index.php\/2017\/09\/26\/varsta-si-dezvoltarea-temperamentului-individual\/\" \/>\n<meta property=\"og:locale\" content=\"ro_RO\" \/>\n<meta property=\"og:type\" content=\"article\" \/>\n<meta property=\"og:title\" content=\"V\u00e2rsta \u0219i dezvoltarea temperamentului individual - Copil\u0103rie.org\" \/>\n<meta property=\"og:description\" content=\"C\u00e2\u0163i dintre noi, \u00een cercul de prieteni sau \u00een parc fiind, nu am dezaprobat atitudinea prea \u201egrijulie\u201d \u015fi direc\u0163ionarea\u201dasidu\u0103\u201d a unor p\u0103rin\u0163i \u00een raport cu copii lor: nu pune m\u00e2na, nu te urca acolo&#8230; eu s\u0103 fiu \u00een locul t\u0103u nu a\u0219 avea echilibru, ridic\u0103 m\u00e2na dreapt\u0103 acum&#8230; nu st\u00e2nga, pentru c\u0103 eu st\u00e2nga a\u015f [&hellip;]\" \/>\n<meta property=\"og:url\" content=\"https:\/\/copilarie.org\/index.php\/2017\/09\/26\/varsta-si-dezvoltarea-temperamentului-individual\/\" \/>\n<meta property=\"og:site_name\" content=\"Copil\u0103rie.org\" \/>\n<meta property=\"article:publisher\" content=\"https:\/\/www.facebook.com\/copilarie.org\/\" \/>\n<meta property=\"article:published_time\" content=\"2017-09-26T09:07:04+00:00\" \/>\n<meta property=\"og:image\" content=\"https:\/\/copilarie.org\/wp-content\/uploads\/2017\/09\/V\u00e2rsta_\u0219i-dezvoltarea-temperamentului-individual.jpg.jpg\" \/>\n\t<meta property=\"og:image:width\" content=\"1024\" \/>\n\t<meta property=\"og:image:height\" content=\"576\" \/>\n\t<meta property=\"og:image:type\" content=\"image\/jpeg\" \/>\n<meta name=\"author\" content=\"copilarie.org\" \/>\n<meta name=\"twitter:card\" content=\"summary_large_image\" \/>\n<meta name=\"twitter:creator\" content=\"@CopilarieOrg\" \/>\n<meta name=\"twitter:site\" content=\"@CopilarieOrg\" \/>\n<meta name=\"twitter:label1\" content=\"Scris de\" \/>\n\t<meta name=\"twitter:data1\" content=\"copilarie.org\" \/>\n\t<meta name=\"twitter:label2\" content=\"Timp estimat pentru citire\" \/>\n\t<meta name=\"twitter:data2\" content=\"3 minute\" \/>\n<script type=\"application\/ld+json\" class=\"yoast-schema-graph\">{\"@context\":\"https:\/\/schema.org\",\"@graph\":[{\"@type\":\"WebPage\",\"@id\":\"https:\/\/copilarie.org\/index.php\/2017\/09\/26\/varsta-si-dezvoltarea-temperamentului-individual\/\",\"url\":\"https:\/\/copilarie.org\/index.php\/2017\/09\/26\/varsta-si-dezvoltarea-temperamentului-individual\/\",\"name\":\"V\u00e2rsta \u0219i dezvoltarea temperamentului individual - Copil\u0103rie.org\",\"isPartOf\":{\"@id\":\"https:\/\/copilarie.org\/#website\"},\"primaryImageOfPage\":{\"@id\":\"https:\/\/copilarie.org\/index.php\/2017\/09\/26\/varsta-si-dezvoltarea-temperamentului-individual\/#primaryimage\"},\"image\":{\"@id\":\"https:\/\/copilarie.org\/index.php\/2017\/09\/26\/varsta-si-dezvoltarea-temperamentului-individual\/#primaryimage\"},\"thumbnailUrl\":\"https:\/\/copilarie.org\/wp-content\/uploads\/2017\/09\/V\u00e2rsta_\u0219i-dezvoltarea-temperamentului-individual.jpg.jpg\",\"datePublished\":\"2017-09-26T09:07:04+00:00\",\"dateModified\":\"2017-09-26T09:07:04+00:00\",\"author\":{\"@id\":\"https:\/\/copilarie.org\/#\/schema\/person\/d8a7619fc1964ecf029620b5f64cb0ed\"},\"breadcrumb\":{\"@id\":\"https:\/\/copilarie.org\/index.php\/2017\/09\/26\/varsta-si-dezvoltarea-temperamentului-individual\/#breadcrumb\"},\"inLanguage\":\"ro-RO\",\"potentialAction\":[{\"@type\":\"ReadAction\",\"target\":[\"https:\/\/copilarie.org\/index.php\/2017\/09\/26\/varsta-si-dezvoltarea-temperamentului-individual\/\"]}]},{\"@type\":\"ImageObject\",\"inLanguage\":\"ro-RO\",\"@id\":\"https:\/\/copilarie.org\/index.php\/2017\/09\/26\/varsta-si-dezvoltarea-temperamentului-individual\/#primaryimage\",\"url\":\"https:\/\/copilarie.org\/wp-content\/uploads\/2017\/09\/V\u00e2rsta_\u0219i-dezvoltarea-temperamentului-individual.jpg.jpg\",\"contentUrl\":\"https:\/\/copilarie.org\/wp-content\/uploads\/2017\/09\/V\u00e2rsta_\u0219i-dezvoltarea-temperamentului-individual.jpg.jpg\",\"width\":1024,\"height\":576},{\"@type\":\"BreadcrumbList\",\"@id\":\"https:\/\/copilarie.org\/index.php\/2017\/09\/26\/varsta-si-dezvoltarea-temperamentului-individual\/#breadcrumb\",\"itemListElement\":[{\"@type\":\"ListItem\",\"position\":1,\"name\":\"Prima pagin\u0103\",\"item\":\"https:\/\/copilarie.org\/\"},{\"@type\":\"ListItem\",\"position\":2,\"name\":\"V\u00e2rsta \u0219i dezvoltarea temperamentului individual\"}]},{\"@type\":\"WebSite\",\"@id\":\"https:\/\/copilarie.org\/#website\",\"url\":\"https:\/\/copilarie.org\/\",\"name\":\"Copil\u0103rie.org\",\"description\":\"\u00cen pas cu tine\",\"potentialAction\":[{\"@type\":\"SearchAction\",\"target\":{\"@type\":\"EntryPoint\",\"urlTemplate\":\"https:\/\/copilarie.org\/?s={search_term_string}\"},\"query-input\":{\"@type\":\"PropertyValueSpecification\",\"valueRequired\":true,\"valueName\":\"search_term_string\"}}],\"inLanguage\":\"ro-RO\"},{\"@type\":\"Person\",\"@id\":\"https:\/\/copilarie.org\/#\/schema\/person\/d8a7619fc1964ecf029620b5f64cb0ed\",\"name\":\"copilarie.org\",\"image\":{\"@type\":\"ImageObject\",\"inLanguage\":\"ro-RO\",\"@id\":\"https:\/\/copilarie.org\/#\/schema\/person\/image\/\",\"url\":\"https:\/\/secure.gravatar.com\/avatar\/722e5984ae1b18142be482fe9581860ff615bd39f940c7d8bea3240825316d6e?s=96&d=mm&r=g\",\"contentUrl\":\"https:\/\/secure.gravatar.com\/avatar\/722e5984ae1b18142be482fe9581860ff615bd39f940c7d8bea3240825316d6e?s=96&d=mm&r=g\",\"caption\":\"copilarie.org\"}}]}<\/script>\n<!-- \/ Yoast SEO plugin. -->","yoast_head_json":{"title":"V\u00e2rsta \u0219i dezvoltarea temperamentului individual - Copil\u0103rie.org","robots":{"index":"index","follow":"follow","max-snippet":"max-snippet:-1","max-image-preview":"max-image-preview:large","max-video-preview":"max-video-preview:-1"},"canonical":"https:\/\/copilarie.org\/index.php\/2017\/09\/26\/varsta-si-dezvoltarea-temperamentului-individual\/","og_locale":"ro_RO","og_type":"article","og_title":"V\u00e2rsta \u0219i dezvoltarea temperamentului individual - Copil\u0103rie.org","og_description":"C\u00e2\u0163i dintre noi, \u00een cercul de prieteni sau \u00een parc fiind, nu am dezaprobat atitudinea prea \u201egrijulie\u201d \u015fi direc\u0163ionarea\u201dasidu\u0103\u201d a unor p\u0103rin\u0163i \u00een raport cu copii lor: nu pune m\u00e2na, nu te urca acolo&#8230; eu s\u0103 fiu \u00een locul t\u0103u nu a\u0219 avea echilibru, ridic\u0103 m\u00e2na dreapt\u0103 acum&#8230; nu st\u00e2nga, pentru c\u0103 eu st\u00e2nga a\u015f [&hellip;]","og_url":"https:\/\/copilarie.org\/index.php\/2017\/09\/26\/varsta-si-dezvoltarea-temperamentului-individual\/","og_site_name":"Copil\u0103rie.org","article_publisher":"https:\/\/www.facebook.com\/copilarie.org\/","article_published_time":"2017-09-26T09:07:04+00:00","og_image":[{"width":1024,"height":576,"url":"https:\/\/copilarie.org\/wp-content\/uploads\/2017\/09\/V\u00e2rsta_\u0219i-dezvoltarea-temperamentului-individual.jpg.jpg","type":"image\/jpeg"}],"author":"copilarie.org","twitter_card":"summary_large_image","twitter_creator":"@CopilarieOrg","twitter_site":"@CopilarieOrg","twitter_misc":{"Scris de":"copilarie.org","Timp estimat pentru citire":"3 minute"},"schema":{"@context":"https:\/\/schema.org","@graph":[{"@type":"WebPage","@id":"https:\/\/copilarie.org\/index.php\/2017\/09\/26\/varsta-si-dezvoltarea-temperamentului-individual\/","url":"https:\/\/copilarie.org\/index.php\/2017\/09\/26\/varsta-si-dezvoltarea-temperamentului-individual\/","name":"V\u00e2rsta \u0219i dezvoltarea temperamentului individual - Copil\u0103rie.org","isPartOf":{"@id":"https:\/\/copilarie.org\/#website"},"primaryImageOfPage":{"@id":"https:\/\/copilarie.org\/index.php\/2017\/09\/26\/varsta-si-dezvoltarea-temperamentului-individual\/#primaryimage"},"image":{"@id":"https:\/\/copilarie.org\/index.php\/2017\/09\/26\/varsta-si-dezvoltarea-temperamentului-individual\/#primaryimage"},"thumbnailUrl":"https:\/\/copilarie.org\/wp-content\/uploads\/2017\/09\/V\u00e2rsta_\u0219i-dezvoltarea-temperamentului-individual.jpg.jpg","datePublished":"2017-09-26T09:07:04+00:00","dateModified":"2017-09-26T09:07:04+00:00","author":{"@id":"https:\/\/copilarie.org\/#\/schema\/person\/d8a7619fc1964ecf029620b5f64cb0ed"},"breadcrumb":{"@id":"https:\/\/copilarie.org\/index.php\/2017\/09\/26\/varsta-si-dezvoltarea-temperamentului-individual\/#breadcrumb"},"inLanguage":"ro-RO","potentialAction":[{"@type":"ReadAction","target":["https:\/\/copilarie.org\/index.php\/2017\/09\/26\/varsta-si-dezvoltarea-temperamentului-individual\/"]}]},{"@type":"ImageObject","inLanguage":"ro-RO","@id":"https:\/\/copilarie.org\/index.php\/2017\/09\/26\/varsta-si-dezvoltarea-temperamentului-individual\/#primaryimage","url":"https:\/\/copilarie.org\/wp-content\/uploads\/2017\/09\/V\u00e2rsta_\u0219i-dezvoltarea-temperamentului-individual.jpg.jpg","contentUrl":"https:\/\/copilarie.org\/wp-content\/uploads\/2017\/09\/V\u00e2rsta_\u0219i-dezvoltarea-temperamentului-individual.jpg.jpg","width":1024,"height":576},{"@type":"BreadcrumbList","@id":"https:\/\/copilarie.org\/index.php\/2017\/09\/26\/varsta-si-dezvoltarea-temperamentului-individual\/#breadcrumb","itemListElement":[{"@type":"ListItem","position":1,"name":"Prima pagin\u0103","item":"https:\/\/copilarie.org\/"},{"@type":"ListItem","position":2,"name":"V\u00e2rsta \u0219i dezvoltarea temperamentului individual"}]},{"@type":"WebSite","@id":"https:\/\/copilarie.org\/#website","url":"https:\/\/copilarie.org\/","name":"Copil\u0103rie.org","description":"\u00cen pas cu tine","potentialAction":[{"@type":"SearchAction","target":{"@type":"EntryPoint","urlTemplate":"https:\/\/copilarie.org\/?s={search_term_string}"},"query-input":{"@type":"PropertyValueSpecification","valueRequired":true,"valueName":"search_term_string"}}],"inLanguage":"ro-RO"},{"@type":"Person","@id":"https:\/\/copilarie.org\/#\/schema\/person\/d8a7619fc1964ecf029620b5f64cb0ed","name":"copilarie.org","image":{"@type":"ImageObject","inLanguage":"ro-RO","@id":"https:\/\/copilarie.org\/#\/schema\/person\/image\/","url":"https:\/\/secure.gravatar.com\/avatar\/722e5984ae1b18142be482fe9581860ff615bd39f940c7d8bea3240825316d6e?s=96&d=mm&r=g","contentUrl":"https:\/\/secure.gravatar.com\/avatar\/722e5984ae1b18142be482fe9581860ff615bd39f940c7d8bea3240825316d6e?s=96&d=mm&r=g","caption":"copilarie.org"}}]}},"_links":{"self":[{"href":"https:\/\/copilarie.org\/index.php\/wp-json\/wp\/v2\/posts\/443","targetHints":{"allow":["GET"]}}],"collection":[{"href":"https:\/\/copilarie.org\/index.php\/wp-json\/wp\/v2\/posts"}],"about":[{"href":"https:\/\/copilarie.org\/index.php\/wp-json\/wp\/v2\/types\/post"}],"author":[{"embeddable":true,"href":"https:\/\/copilarie.org\/index.php\/wp-json\/wp\/v2\/users\/1"}],"replies":[{"embeddable":true,"href":"https:\/\/copilarie.org\/index.php\/wp-json\/wp\/v2\/comments?post=443"}],"version-history":[{"count":1,"href":"https:\/\/copilarie.org\/index.php\/wp-json\/wp\/v2\/posts\/443\/revisions"}],"predecessor-version":[{"id":445,"href":"https:\/\/copilarie.org\/index.php\/wp-json\/wp\/v2\/posts\/443\/revisions\/445"}],"wp:featuredmedia":[{"embeddable":true,"href":"https:\/\/copilarie.org\/index.php\/wp-json\/wp\/v2\/media\/444"}],"wp:attachment":[{"href":"https:\/\/copilarie.org\/index.php\/wp-json\/wp\/v2\/media?parent=443"}],"wp:term":[{"taxonomy":"category","embeddable":true,"href":"https:\/\/copilarie.org\/index.php\/wp-json\/wp\/v2\/categories?post=443"},{"taxonomy":"post_tag","embeddable":true,"href":"https:\/\/copilarie.org\/index.php\/wp-json\/wp\/v2\/tags?post=443"}],"curies":[{"name":"wp","href":"https:\/\/api.w.org\/{rel}","templated":true}]}}