{"id":447,"date":"2017-10-03T09:01:48","date_gmt":"2017-10-03T09:01:48","guid":{"rendered":"http:\/\/copilarie.org\/?p=447"},"modified":"2017-10-03T09:01:49","modified_gmt":"2017-10-03T09:01:49","slug":"fuga-de-idei","status":"publish","type":"post","link":"https:\/\/copilarie.org\/index.php\/2017\/10\/03\/fuga-de-idei\/","title":{"rendered":"Fuga de idei"},"content":{"rendered":"<p><img loading=\"lazy\" decoding=\"async\" class=\"alignnone size-full wp-image-448\" src=\"https:\/\/copilarie.org\/wp-content\/uploads\/2017\/10\/Fuga_-de-idei.jpg.jpg\" alt=\"\" width=\"1200\" height=\"675\" srcset=\"https:\/\/copilarie.org\/wp-content\/uploads\/2017\/10\/Fuga_-de-idei.jpg.jpg 1200w, https:\/\/copilarie.org\/wp-content\/uploads\/2017\/10\/Fuga_-de-idei.jpg-300x169.jpg 300w, https:\/\/copilarie.org\/wp-content\/uploads\/2017\/10\/Fuga_-de-idei.jpg-768x432.jpg 768w, https:\/\/copilarie.org\/wp-content\/uploads\/2017\/10\/Fuga_-de-idei.jpg-1024x576.jpg 1024w, https:\/\/copilarie.org\/wp-content\/uploads\/2017\/10\/Fuga_-de-idei.jpg-600x338.jpg 600w, https:\/\/copilarie.org\/wp-content\/uploads\/2017\/10\/Fuga_-de-idei.jpg-696x392.jpg 696w, https:\/\/copilarie.org\/wp-content\/uploads\/2017\/10\/Fuga_-de-idei.jpg-1068x601.jpg 1068w, https:\/\/copilarie.org\/wp-content\/uploads\/2017\/10\/Fuga_-de-idei.jpg-747x420.jpg 747w\" sizes=\"auto, (max-width: 1200px) 100vw, 1200px\" \/>P\u0103rin\u021bi, nu neglija\u021bi simtomele \u0219i manifest\u0103rile ADHD, apela\u021bi la sfatul speciali\u0219tilor \u0219i insista\u021bi pe abordarea pluridi\u0219ciplinar\u0103 din punct de vedere medical a problemei. Cere\u021bi ajutorul art terapiei, striga\u021bi-o, c\u0103uta\u021bi-o \u0219i \u00eempreun\u0103 cu copilul \u0219i restul familiei lucra\u021bi ani de zile la rea\u0219ezarea \u0219i \u00eentip\u0103rirea conduitelor de \u00eenv\u0103\u021bare, familiale \u0219i sociale.<\/p>\n<p>Doar a\u0219a Hiperactivitatea, Impulsivitatea \u0219i Neaten\u021bia vor l\u0103sa via\u021ba copilului t\u0103u s\u0103 decurg\u0103 frumos, l\u0103s\u00e2nd \u00een urm\u0103 mare parte din dificult\u0103\u021bile ce pot s\u0103 apar\u0103, cum ar fi: dificult\u0103\u021bi parentale, rela\u021bii instabile, probleme la \u0219coal\u0103 \u0219i universitate, problemele sociale, probleme de organizare ale vie\u021bii cotidiene, probleme educa\u021bionale, ticuri, comportamente sociale deranjante sau probleme ap\u0103rute la locul de munc\u0103.<\/p>\n<p>\u0218i v\u0103 ve\u021bi opri aici! Nu mai ajunge\u021bi la tulbur\u0103ri de personalitate, de anxietate, depresii, tulbur\u0103ri de dezvoltare sau a celor ap\u0103rute prin utilizarea diferitelor jocuri si droguri.<\/p>\n<p>Ca p\u0103rinte speri s\u0103 nu fie copilul t\u0103u \u00een situa\u021bia aceasta, te am\u0103ge\u0219ti ca o treac\u0103 odat\u0103 cu v\u00e2rsta sau o s\u0103 \u00ee\u0219i diminuaze sau estompeze efectele. \u00cen realitate lucrurile stau altfel. F\u0103r\u0103 terapie pluridi\u0219ciplinar\u0103 se \u00eenr\u0103ut\u0103\u021be\u0219te rela\u021bionarea copilului cu familia, apar caren\u021be \u00een educa\u021bie \u0219i eforturi mari la integrarea lui \u00een plan social \u00a0\u0219i mai t\u00e2rziu la angajare.<\/p>\n<p>Conform studiilor realizate \u0219i prezentate de c\u0103tre dr. Laura Daniela C\u00eempean, specialist \u00een neurologie \u0219i psihiatrie pediatric\u0103, \u00een cadrul Congresului SNPCAR, \u201eefectele ADHD se r\u0103sfr\u00e2ng \u00een prima etap\u0103 \u00een mediul familial. Copilul este predispus la izbucniri emo\u021bionale, se simte demoralizat de e\u0219ecurile constante, are rutine personale \u0219i de familie mai haotice \u0219i un procent mai mare de divor\u021b\/ separare la v\u00e2rsta adult\u0103.<\/p>\n<p>Din punct de vedere social va avea dificult\u0103\u021bi \u00een a lega sau sus\u021bine prietenii, ascultare diminuat\u0103 \u0219i uneori aptitudini sociale nepotrivite. Poate recurge mai rapid la m\u00e2nie atunci c\u00e2nd se enerveaz\u0103. \u00ce\u0219i va gestiona slab finan\u021bele, va abuza de fumat sau alcool sau va \u00eencepe s\u0103 consume aceste substan\u021be mai de timpuriu, fiindu-i aproape imposibil s\u0103 renun\u021be la ele ( \u00een special la fumat).\u201d<\/p>\n<p>Nici la capitolul educa\u021bie \u0219i angajare nu va excela. \u201eS-a eviden\u021biat c\u0103 din r\u00e2ndul copiilor cu ADHD exist\u0103 un procent mai ridicat de absenteism, de pierdere a locului de munc\u0103 \u0219i au ob\u021binut note mai slabe la materiile ce solicit\u0103 abilit\u0103\u021bi. \u00cent\u00e2mpin\u0103 dificult\u0103\u021bi \u00een respectarea termenelor \u0219i de multe ori r\u0103t\u0103cesc lucrurile. Mai mult, \u00eent\u0103rzie adesea la serviciu sau la \u00eent\u00e2lniri.\u201d<\/p>\n<p>Ce se \u00eent\u00e2mpl\u0103 de fapt? Observi cum copilul t\u0103u nu se poate focusa mental pe un \u201e fundal informa\u021bional, ci \u00ee\u0219i mut\u0103 aten\u021bia de la o idee la alta \u00een scurt timp. Aceast\u0103 \u201efug\u0103 de idei\u201e nu \u00eei va permite s\u0103 acumuleze informa\u021bii la adev\u0103ratul lui nivel intelectual. Nu poate duce mai mult de dou\u0103 sarcini la bun sf\u00e2r\u0219it&#8230; pe a treia o uit\u0103 pe drum&#8230;.Nu e p\u0103cat? \u0218i de aici apar consecin\u021bele descrise mai sus&#8230;<\/p>\n<p>A\u0219adar, P\u0103rinte, mobilizeaz\u0103-te! Caut\u0103 ajutor pentru viitorul celui drag \u021bie! Acord\u0103-i timp, investe\u0219te energie \u0219i mult\u0103 r\u0103bdare! Via\u021ba \u00ee\u021bi va oferi cel mai frumos cadou: echilibrul, lini\u0219tea \u0219i statornicia emo\u021bional\u0103 a copilului t\u0103u!!!<\/p>\n","protected":false},"excerpt":{"rendered":"<p>P\u0103rin\u021bi, nu neglija\u021bi simtomele \u0219i manifest\u0103rile ADHD, apela\u021bi la sfatul speciali\u0219tilor \u0219i insista\u021bi pe abordarea pluridi\u0219ciplinar\u0103 din punct de vedere medical a problemei. Cere\u021bi ajutorul art terapiei, striga\u021bi-o, c\u0103uta\u021bi-o \u0219i \u00eempreun\u0103 cu copilul \u0219i restul familiei lucra\u021bi ani de zile la rea\u0219ezarea \u0219i \u00eentip\u0103rirea conduitelor de \u00eenv\u0103\u021bare, familiale \u0219i sociale. Doar a\u0219a Hiperactivitatea, Impulsivitatea \u0219i [&hellip;]<\/p>\n","protected":false},"author":1,"featured_media":448,"comment_status":"open","ping_status":"open","sticky":false,"template":"","format":"standard","meta":{"footnotes":""},"categories":[21,22,2],"tags":[138,25,24,139,140,27,141],"class_list":{"0":"post-447","1":"post","2":"type-post","3":"status-publish","4":"format-standard","5":"has-post-thumbnail","7":"category-evenimente","8":"category-opinii","9":"category-featured","10":"tag-adhd","11":"tag-copii","12":"tag-copilarie-org","13":"tag-hiperactivitate","14":"tag-impulsivitate-neatentie","15":"tag-parinti","16":"tag-snpcar"},"yoast_head":"<!-- This site is optimized with the Yoast SEO plugin v23.6 - https:\/\/yoast.com\/wordpress\/plugins\/seo\/ -->\n<title>Fuga de idei - Copil\u0103rie.org<\/title>\n<meta name=\"robots\" content=\"index, follow, max-snippet:-1, max-image-preview:large, max-video-preview:-1\" \/>\n<link rel=\"canonical\" href=\"https:\/\/copilarie.org\/index.php\/2017\/10\/03\/fuga-de-idei\/\" \/>\n<meta property=\"og:locale\" content=\"ro_RO\" \/>\n<meta property=\"og:type\" content=\"article\" \/>\n<meta property=\"og:title\" content=\"Fuga de idei - Copil\u0103rie.org\" \/>\n<meta property=\"og:description\" content=\"P\u0103rin\u021bi, nu neglija\u021bi simtomele \u0219i manifest\u0103rile ADHD, apela\u021bi la sfatul speciali\u0219tilor \u0219i insista\u021bi pe abordarea pluridi\u0219ciplinar\u0103 din punct de vedere medical a problemei. Cere\u021bi ajutorul art terapiei, striga\u021bi-o, c\u0103uta\u021bi-o \u0219i \u00eempreun\u0103 cu copilul \u0219i restul familiei lucra\u021bi ani de zile la rea\u0219ezarea \u0219i \u00eentip\u0103rirea conduitelor de \u00eenv\u0103\u021bare, familiale \u0219i sociale. Doar a\u0219a Hiperactivitatea, Impulsivitatea \u0219i [&hellip;]\" \/>\n<meta property=\"og:url\" content=\"https:\/\/copilarie.org\/index.php\/2017\/10\/03\/fuga-de-idei\/\" \/>\n<meta property=\"og:site_name\" content=\"Copil\u0103rie.org\" \/>\n<meta property=\"article:publisher\" content=\"https:\/\/www.facebook.com\/copilarie.org\/\" \/>\n<meta property=\"article:published_time\" content=\"2017-10-03T09:01:48+00:00\" \/>\n<meta property=\"article:modified_time\" content=\"2017-10-03T09:01:49+00:00\" \/>\n<meta property=\"og:image\" content=\"https:\/\/copilarie.org\/wp-content\/uploads\/2017\/10\/Fuga_-de-idei.jpg.jpg\" \/>\n\t<meta property=\"og:image:width\" content=\"1200\" \/>\n\t<meta property=\"og:image:height\" content=\"675\" \/>\n\t<meta property=\"og:image:type\" content=\"image\/jpeg\" \/>\n<meta name=\"author\" content=\"copilarie.org\" \/>\n<meta name=\"twitter:card\" content=\"summary_large_image\" \/>\n<meta name=\"twitter:creator\" content=\"@CopilarieOrg\" \/>\n<meta name=\"twitter:site\" content=\"@CopilarieOrg\" \/>\n<meta name=\"twitter:label1\" content=\"Scris de\" \/>\n\t<meta name=\"twitter:data1\" content=\"copilarie.org\" \/>\n\t<meta name=\"twitter:label2\" content=\"Timp estimat pentru citire\" \/>\n\t<meta name=\"twitter:data2\" content=\"3 minute\" \/>\n<script type=\"application\/ld+json\" class=\"yoast-schema-graph\">{\"@context\":\"https:\/\/schema.org\",\"@graph\":[{\"@type\":\"WebPage\",\"@id\":\"https:\/\/copilarie.org\/index.php\/2017\/10\/03\/fuga-de-idei\/\",\"url\":\"https:\/\/copilarie.org\/index.php\/2017\/10\/03\/fuga-de-idei\/\",\"name\":\"Fuga de idei - Copil\u0103rie.org\",\"isPartOf\":{\"@id\":\"https:\/\/copilarie.org\/#website\"},\"primaryImageOfPage\":{\"@id\":\"https:\/\/copilarie.org\/index.php\/2017\/10\/03\/fuga-de-idei\/#primaryimage\"},\"image\":{\"@id\":\"https:\/\/copilarie.org\/index.php\/2017\/10\/03\/fuga-de-idei\/#primaryimage\"},\"thumbnailUrl\":\"https:\/\/copilarie.org\/wp-content\/uploads\/2017\/10\/Fuga_-de-idei.jpg.jpg\",\"datePublished\":\"2017-10-03T09:01:48+00:00\",\"dateModified\":\"2017-10-03T09:01:49+00:00\",\"author\":{\"@id\":\"https:\/\/copilarie.org\/#\/schema\/person\/d8a7619fc1964ecf029620b5f64cb0ed\"},\"breadcrumb\":{\"@id\":\"https:\/\/copilarie.org\/index.php\/2017\/10\/03\/fuga-de-idei\/#breadcrumb\"},\"inLanguage\":\"ro-RO\",\"potentialAction\":[{\"@type\":\"ReadAction\",\"target\":[\"https:\/\/copilarie.org\/index.php\/2017\/10\/03\/fuga-de-idei\/\"]}]},{\"@type\":\"ImageObject\",\"inLanguage\":\"ro-RO\",\"@id\":\"https:\/\/copilarie.org\/index.php\/2017\/10\/03\/fuga-de-idei\/#primaryimage\",\"url\":\"https:\/\/copilarie.org\/wp-content\/uploads\/2017\/10\/Fuga_-de-idei.jpg.jpg\",\"contentUrl\":\"https:\/\/copilarie.org\/wp-content\/uploads\/2017\/10\/Fuga_-de-idei.jpg.jpg\",\"width\":1200,\"height\":675},{\"@type\":\"BreadcrumbList\",\"@id\":\"https:\/\/copilarie.org\/index.php\/2017\/10\/03\/fuga-de-idei\/#breadcrumb\",\"itemListElement\":[{\"@type\":\"ListItem\",\"position\":1,\"name\":\"Prima pagin\u0103\",\"item\":\"https:\/\/copilarie.org\/\"},{\"@type\":\"ListItem\",\"position\":2,\"name\":\"Fuga de idei\"}]},{\"@type\":\"WebSite\",\"@id\":\"https:\/\/copilarie.org\/#website\",\"url\":\"https:\/\/copilarie.org\/\",\"name\":\"Copil\u0103rie.org\",\"description\":\"\u00cen pas cu tine\",\"potentialAction\":[{\"@type\":\"SearchAction\",\"target\":{\"@type\":\"EntryPoint\",\"urlTemplate\":\"https:\/\/copilarie.org\/?s={search_term_string}\"},\"query-input\":{\"@type\":\"PropertyValueSpecification\",\"valueRequired\":true,\"valueName\":\"search_term_string\"}}],\"inLanguage\":\"ro-RO\"},{\"@type\":\"Person\",\"@id\":\"https:\/\/copilarie.org\/#\/schema\/person\/d8a7619fc1964ecf029620b5f64cb0ed\",\"name\":\"copilarie.org\",\"image\":{\"@type\":\"ImageObject\",\"inLanguage\":\"ro-RO\",\"@id\":\"https:\/\/copilarie.org\/#\/schema\/person\/image\/\",\"url\":\"https:\/\/secure.gravatar.com\/avatar\/722e5984ae1b18142be482fe9581860ff615bd39f940c7d8bea3240825316d6e?s=96&d=mm&r=g\",\"contentUrl\":\"https:\/\/secure.gravatar.com\/avatar\/722e5984ae1b18142be482fe9581860ff615bd39f940c7d8bea3240825316d6e?s=96&d=mm&r=g\",\"caption\":\"copilarie.org\"}}]}<\/script>\n<!-- \/ Yoast SEO plugin. -->","yoast_head_json":{"title":"Fuga de idei - Copil\u0103rie.org","robots":{"index":"index","follow":"follow","max-snippet":"max-snippet:-1","max-image-preview":"max-image-preview:large","max-video-preview":"max-video-preview:-1"},"canonical":"https:\/\/copilarie.org\/index.php\/2017\/10\/03\/fuga-de-idei\/","og_locale":"ro_RO","og_type":"article","og_title":"Fuga de idei - Copil\u0103rie.org","og_description":"P\u0103rin\u021bi, nu neglija\u021bi simtomele \u0219i manifest\u0103rile ADHD, apela\u021bi la sfatul speciali\u0219tilor \u0219i insista\u021bi pe abordarea pluridi\u0219ciplinar\u0103 din punct de vedere medical a problemei. Cere\u021bi ajutorul art terapiei, striga\u021bi-o, c\u0103uta\u021bi-o \u0219i \u00eempreun\u0103 cu copilul \u0219i restul familiei lucra\u021bi ani de zile la rea\u0219ezarea \u0219i \u00eentip\u0103rirea conduitelor de \u00eenv\u0103\u021bare, familiale \u0219i sociale. Doar a\u0219a Hiperactivitatea, Impulsivitatea \u0219i [&hellip;]","og_url":"https:\/\/copilarie.org\/index.php\/2017\/10\/03\/fuga-de-idei\/","og_site_name":"Copil\u0103rie.org","article_publisher":"https:\/\/www.facebook.com\/copilarie.org\/","article_published_time":"2017-10-03T09:01:48+00:00","article_modified_time":"2017-10-03T09:01:49+00:00","og_image":[{"width":1200,"height":675,"url":"https:\/\/copilarie.org\/wp-content\/uploads\/2017\/10\/Fuga_-de-idei.jpg.jpg","type":"image\/jpeg"}],"author":"copilarie.org","twitter_card":"summary_large_image","twitter_creator":"@CopilarieOrg","twitter_site":"@CopilarieOrg","twitter_misc":{"Scris de":"copilarie.org","Timp estimat pentru citire":"3 minute"},"schema":{"@context":"https:\/\/schema.org","@graph":[{"@type":"WebPage","@id":"https:\/\/copilarie.org\/index.php\/2017\/10\/03\/fuga-de-idei\/","url":"https:\/\/copilarie.org\/index.php\/2017\/10\/03\/fuga-de-idei\/","name":"Fuga de idei - Copil\u0103rie.org","isPartOf":{"@id":"https:\/\/copilarie.org\/#website"},"primaryImageOfPage":{"@id":"https:\/\/copilarie.org\/index.php\/2017\/10\/03\/fuga-de-idei\/#primaryimage"},"image":{"@id":"https:\/\/copilarie.org\/index.php\/2017\/10\/03\/fuga-de-idei\/#primaryimage"},"thumbnailUrl":"https:\/\/copilarie.org\/wp-content\/uploads\/2017\/10\/Fuga_-de-idei.jpg.jpg","datePublished":"2017-10-03T09:01:48+00:00","dateModified":"2017-10-03T09:01:49+00:00","author":{"@id":"https:\/\/copilarie.org\/#\/schema\/person\/d8a7619fc1964ecf029620b5f64cb0ed"},"breadcrumb":{"@id":"https:\/\/copilarie.org\/index.php\/2017\/10\/03\/fuga-de-idei\/#breadcrumb"},"inLanguage":"ro-RO","potentialAction":[{"@type":"ReadAction","target":["https:\/\/copilarie.org\/index.php\/2017\/10\/03\/fuga-de-idei\/"]}]},{"@type":"ImageObject","inLanguage":"ro-RO","@id":"https:\/\/copilarie.org\/index.php\/2017\/10\/03\/fuga-de-idei\/#primaryimage","url":"https:\/\/copilarie.org\/wp-content\/uploads\/2017\/10\/Fuga_-de-idei.jpg.jpg","contentUrl":"https:\/\/copilarie.org\/wp-content\/uploads\/2017\/10\/Fuga_-de-idei.jpg.jpg","width":1200,"height":675},{"@type":"BreadcrumbList","@id":"https:\/\/copilarie.org\/index.php\/2017\/10\/03\/fuga-de-idei\/#breadcrumb","itemListElement":[{"@type":"ListItem","position":1,"name":"Prima pagin\u0103","item":"https:\/\/copilarie.org\/"},{"@type":"ListItem","position":2,"name":"Fuga de idei"}]},{"@type":"WebSite","@id":"https:\/\/copilarie.org\/#website","url":"https:\/\/copilarie.org\/","name":"Copil\u0103rie.org","description":"\u00cen pas cu tine","potentialAction":[{"@type":"SearchAction","target":{"@type":"EntryPoint","urlTemplate":"https:\/\/copilarie.org\/?s={search_term_string}"},"query-input":{"@type":"PropertyValueSpecification","valueRequired":true,"valueName":"search_term_string"}}],"inLanguage":"ro-RO"},{"@type":"Person","@id":"https:\/\/copilarie.org\/#\/schema\/person\/d8a7619fc1964ecf029620b5f64cb0ed","name":"copilarie.org","image":{"@type":"ImageObject","inLanguage":"ro-RO","@id":"https:\/\/copilarie.org\/#\/schema\/person\/image\/","url":"https:\/\/secure.gravatar.com\/avatar\/722e5984ae1b18142be482fe9581860ff615bd39f940c7d8bea3240825316d6e?s=96&d=mm&r=g","contentUrl":"https:\/\/secure.gravatar.com\/avatar\/722e5984ae1b18142be482fe9581860ff615bd39f940c7d8bea3240825316d6e?s=96&d=mm&r=g","caption":"copilarie.org"}}]}},"_links":{"self":[{"href":"https:\/\/copilarie.org\/index.php\/wp-json\/wp\/v2\/posts\/447","targetHints":{"allow":["GET"]}}],"collection":[{"href":"https:\/\/copilarie.org\/index.php\/wp-json\/wp\/v2\/posts"}],"about":[{"href":"https:\/\/copilarie.org\/index.php\/wp-json\/wp\/v2\/types\/post"}],"author":[{"embeddable":true,"href":"https:\/\/copilarie.org\/index.php\/wp-json\/wp\/v2\/users\/1"}],"replies":[{"embeddable":true,"href":"https:\/\/copilarie.org\/index.php\/wp-json\/wp\/v2\/comments?post=447"}],"version-history":[{"count":1,"href":"https:\/\/copilarie.org\/index.php\/wp-json\/wp\/v2\/posts\/447\/revisions"}],"predecessor-version":[{"id":449,"href":"https:\/\/copilarie.org\/index.php\/wp-json\/wp\/v2\/posts\/447\/revisions\/449"}],"wp:featuredmedia":[{"embeddable":true,"href":"https:\/\/copilarie.org\/index.php\/wp-json\/wp\/v2\/media\/448"}],"wp:attachment":[{"href":"https:\/\/copilarie.org\/index.php\/wp-json\/wp\/v2\/media?parent=447"}],"wp:term":[{"taxonomy":"category","embeddable":true,"href":"https:\/\/copilarie.org\/index.php\/wp-json\/wp\/v2\/categories?post=447"},{"taxonomy":"post_tag","embeddable":true,"href":"https:\/\/copilarie.org\/index.php\/wp-json\/wp\/v2\/tags?post=447"}],"curies":[{"name":"wp","href":"https:\/\/api.w.org\/{rel}","templated":true}]}}