{"id":453,"date":"2017-10-10T18:21:28","date_gmt":"2017-10-10T18:21:28","guid":{"rendered":"http:\/\/copilarie.org\/?p=453"},"modified":"2017-10-10T18:21:28","modified_gmt":"2017-10-10T18:21:28","slug":"copilul-fluture-da-libertate-raport-cu-timpul","status":"publish","type":"post","link":"https:\/\/copilarie.org\/index.php\/2017\/10\/10\/copilul-fluture-da-libertate-raport-cu-timpul\/","title":{"rendered":"\u201dCopilul fluture\u201d\u2026 d\u0103-i libertate \u00een raport cu timpul!"},"content":{"rendered":"<p><img loading=\"lazy\" decoding=\"async\" class=\"alignnone size-full wp-image-454\" src=\"https:\/\/copilarie.org\/wp-content\/uploads\/2017\/10\/Copilul_fluture...da-i-libertate-in-raport-cu-timpul.jpg\" alt=\"\" width=\"1025\" height=\"766\" srcset=\"https:\/\/copilarie.org\/wp-content\/uploads\/2017\/10\/Copilul_fluture...da-i-libertate-in-raport-cu-timpul.jpg 1025w, https:\/\/copilarie.org\/wp-content\/uploads\/2017\/10\/Copilul_fluture...da-i-libertate-in-raport-cu-timpul-300x224.jpg 300w, https:\/\/copilarie.org\/wp-content\/uploads\/2017\/10\/Copilul_fluture...da-i-libertate-in-raport-cu-timpul-768x574.jpg 768w, https:\/\/copilarie.org\/wp-content\/uploads\/2017\/10\/Copilul_fluture...da-i-libertate-in-raport-cu-timpul-1024x765.jpg 1024w, https:\/\/copilarie.org\/wp-content\/uploads\/2017\/10\/Copilul_fluture...da-i-libertate-in-raport-cu-timpul-600x448.jpg 600w, https:\/\/copilarie.org\/wp-content\/uploads\/2017\/10\/Copilul_fluture...da-i-libertate-in-raport-cu-timpul-80x60.jpg 80w, https:\/\/copilarie.org\/wp-content\/uploads\/2017\/10\/Copilul_fluture...da-i-libertate-in-raport-cu-timpul-265x198.jpg 265w, https:\/\/copilarie.org\/wp-content\/uploads\/2017\/10\/Copilul_fluture...da-i-libertate-in-raport-cu-timpul-696x520.jpg 696w, https:\/\/copilarie.org\/wp-content\/uploads\/2017\/10\/Copilul_fluture...da-i-libertate-in-raport-cu-timpul-562x420.jpg 562w\" sizes=\"auto, (max-width: 1025px) 100vw, 1025px\" \/>Ai un copil care trece adesea \u00een zbor de la o activitate la alta? E mereu con\u0219tient de ce se petrece \u00een jurul lui \u0219i caut\u0103 lucruri noi \u0219i interesante? Aten\u021bia lui este \u00eendreptat\u0103 spre lumea exterioar\u0103 \u0219i spre situa\u021biile ivite \u00een social, nu pe directivele \u0219i fr\u0103m\u00e2nt\u0103rile tale. Nu c\u0103 nu le-a perceput, dar sunt at\u00e2tea aventuri care \u00eel a\u0219teapt\u0103 \u00eenc\u00e2t consider\u0103 c\u0103 se poate ocupa de tine mai t\u00e2rziu&#8230; tu a\u0219teapt\u0103, el cucere\u0219te lumea ie\u0219ind la \u201dramp\u0103\u201d.<\/p>\n<p>Copilul cu temperament sangvin \u201dcopilul fluture\u201d tr\u0103ie\u0219te \u00een prezent, \u00een lumea lui magic\u0103, a\u0219a c\u0103 trebuie s\u0103 \u00eei dai libertate \u00een raport cu timpul. Nu te enerva dac\u0103 merg\u00e2nd s\u0103 \u00ee\u0219i ia pantofii g\u0103se\u0219te pe drum alte lucruri cu care s\u0103 se joace. \u0218tie c\u0103 v\u0103 gr\u0103bi\u021bi s\u0103 pleca\u021bi! Dar lui nu \u00eei pas\u0103&#8230; Fii realist cu privire la gradul lui de implicare sau neaten\u021bie, vorbe\u0219te-i de la nivelu ochilor sau adu-i tu pantofii. Sau&#8230; po\u021bi organiza lucrurile din timp. Strig\u00e2nd la el din cealalt\u0103 parte a casei nu vei reu\u0219i s\u0103 \u00eel mobilizezi \u00een direc\u021bia bun\u0103.<\/p>\n<p>Unui astfel de copil trebuie s\u0103 \u00eei oferi mult joc imaginativ, ie\u0219iri \u00een aer liber, tovar\u0103\u0219i de joac\u0103\u00a0 \u0219i mult timp liber pentru a visa cu ochii deschi\u0219i. El este cel care va aduce culoare \u0219i bucurie \u00een grupul de joac\u0103.<\/p>\n<p>Nu te a\u0219tepta s\u0103 stea lini\u0219tit mai mult de o jum\u0103tate de or\u0103 dar preg\u0103te\u0219te-te s\u0103 fii fermecat de un s\u0103rut, o \u00eembr\u0103\u021bi\u0219are sau de o floare surpriz\u0103, c\u00e2nd te a\u0219tep\u021bi mai pu\u021bin.<\/p>\n<p>Culoarea temperamentului sangvin este galbenul iar elementul de lui este aerul. Copilul cu acest tip de temperament se \u00eencarc\u0103 cu energie c\u00e2nd este \u00eempreun\u0103 cu al\u021bii, este optimist, flexibil, sensibil \u0219i amabil. Nu are mare putere de concentrare dar are din abunden\u021b\u0103 intui\u021bie \u0219i imagina\u021bie.<\/p>\n<p>Devine mai \u00een\u021belept odat\u0103 cu \u00eenaintarea \u00een v\u0103rst\u0103 \u0219i \u00eei place schimbarea&#8230;. benefic, pentru vremurile pe care le tr\u0103im!<\/p>\n<p>Not\u0103: de la trei la zece ani copiii se afl\u0103 preponderent \u00een etapa sangvin\u0103, lucru perceput de altfel de to\u021bi p\u0103rin\u021bii, bunicii \u0219i educatorii&#8230;<\/p>\n","protected":false},"excerpt":{"rendered":"<p>Ai un copil care trece adesea \u00een zbor de la o activitate la alta? E mereu con\u0219tient de ce se petrece \u00een jurul lui \u0219i caut\u0103 lucruri noi \u0219i interesante? Aten\u021bia lui este \u00eendreptat\u0103 spre lumea exterioar\u0103 \u0219i spre situa\u021biile ivite \u00een social, nu pe directivele \u0219i fr\u0103m\u00e2nt\u0103rile tale. Nu c\u0103 nu le-a perceput, dar [&hellip;]<\/p>\n","protected":false},"author":1,"featured_media":454,"comment_status":"open","ping_status":"open","sticky":false,"template":"","format":"standard","meta":{"footnotes":""},"categories":[22,2],"tags":[25,147,24,27,146],"class_list":{"0":"post-453","1":"post","2":"type-post","3":"status-publish","4":"format-standard","5":"has-post-thumbnail","7":"category-opinii","8":"category-featured","9":"tag-copii","10":"tag-copii-fluture","11":"tag-copilarie-org","12":"tag-parinti","13":"tag-temperament-sangvin"},"yoast_head":"<!-- This site is optimized with the Yoast SEO plugin v23.6 - https:\/\/yoast.com\/wordpress\/plugins\/seo\/ -->\n<title>\u201dCopilul fluture\u201d\u2026 d\u0103-i libertate \u00een raport cu timpul! - Copil\u0103rie.org<\/title>\n<meta name=\"robots\" content=\"index, follow, max-snippet:-1, max-image-preview:large, max-video-preview:-1\" \/>\n<link rel=\"canonical\" href=\"https:\/\/copilarie.org\/index.php\/2017\/10\/10\/copilul-fluture-da-libertate-raport-cu-timpul\/\" \/>\n<meta property=\"og:locale\" content=\"ro_RO\" \/>\n<meta property=\"og:type\" content=\"article\" \/>\n<meta property=\"og:title\" content=\"\u201dCopilul fluture\u201d\u2026 d\u0103-i libertate \u00een raport cu timpul! - Copil\u0103rie.org\" \/>\n<meta property=\"og:description\" content=\"Ai un copil care trece adesea \u00een zbor de la o activitate la alta? E mereu con\u0219tient de ce se petrece \u00een jurul lui \u0219i caut\u0103 lucruri noi \u0219i interesante? Aten\u021bia lui este \u00eendreptat\u0103 spre lumea exterioar\u0103 \u0219i spre situa\u021biile ivite \u00een social, nu pe directivele \u0219i fr\u0103m\u00e2nt\u0103rile tale. Nu c\u0103 nu le-a perceput, dar [&hellip;]\" \/>\n<meta property=\"og:url\" content=\"https:\/\/copilarie.org\/index.php\/2017\/10\/10\/copilul-fluture-da-libertate-raport-cu-timpul\/\" \/>\n<meta property=\"og:site_name\" content=\"Copil\u0103rie.org\" \/>\n<meta property=\"article:publisher\" content=\"https:\/\/www.facebook.com\/copilarie.org\/\" \/>\n<meta property=\"article:published_time\" content=\"2017-10-10T18:21:28+00:00\" \/>\n<meta property=\"og:image\" content=\"https:\/\/copilarie.org\/wp-content\/uploads\/2017\/10\/Copilul_fluture...da-i-libertate-in-raport-cu-timpul.jpg\" \/>\n\t<meta property=\"og:image:width\" content=\"1025\" \/>\n\t<meta property=\"og:image:height\" content=\"766\" \/>\n\t<meta property=\"og:image:type\" content=\"image\/jpeg\" \/>\n<meta name=\"author\" content=\"copilarie.org\" \/>\n<meta name=\"twitter:card\" content=\"summary_large_image\" \/>\n<meta name=\"twitter:creator\" content=\"@CopilarieOrg\" \/>\n<meta name=\"twitter:site\" content=\"@CopilarieOrg\" \/>\n<meta name=\"twitter:label1\" content=\"Scris de\" \/>\n\t<meta name=\"twitter:data1\" content=\"copilarie.org\" \/>\n\t<meta name=\"twitter:label2\" content=\"Timp estimat pentru citire\" \/>\n\t<meta name=\"twitter:data2\" content=\"2 minute\" \/>\n<script type=\"application\/ld+json\" class=\"yoast-schema-graph\">{\"@context\":\"https:\/\/schema.org\",\"@graph\":[{\"@type\":\"WebPage\",\"@id\":\"https:\/\/copilarie.org\/index.php\/2017\/10\/10\/copilul-fluture-da-libertate-raport-cu-timpul\/\",\"url\":\"https:\/\/copilarie.org\/index.php\/2017\/10\/10\/copilul-fluture-da-libertate-raport-cu-timpul\/\",\"name\":\"\u201dCopilul fluture\u201d\u2026 d\u0103-i libertate \u00een raport cu timpul! - Copil\u0103rie.org\",\"isPartOf\":{\"@id\":\"https:\/\/copilarie.org\/#website\"},\"primaryImageOfPage\":{\"@id\":\"https:\/\/copilarie.org\/index.php\/2017\/10\/10\/copilul-fluture-da-libertate-raport-cu-timpul\/#primaryimage\"},\"image\":{\"@id\":\"https:\/\/copilarie.org\/index.php\/2017\/10\/10\/copilul-fluture-da-libertate-raport-cu-timpul\/#primaryimage\"},\"thumbnailUrl\":\"https:\/\/copilarie.org\/wp-content\/uploads\/2017\/10\/Copilul_fluture...da-i-libertate-in-raport-cu-timpul.jpg\",\"datePublished\":\"2017-10-10T18:21:28+00:00\",\"dateModified\":\"2017-10-10T18:21:28+00:00\",\"author\":{\"@id\":\"https:\/\/copilarie.org\/#\/schema\/person\/d8a7619fc1964ecf029620b5f64cb0ed\"},\"breadcrumb\":{\"@id\":\"https:\/\/copilarie.org\/index.php\/2017\/10\/10\/copilul-fluture-da-libertate-raport-cu-timpul\/#breadcrumb\"},\"inLanguage\":\"ro-RO\",\"potentialAction\":[{\"@type\":\"ReadAction\",\"target\":[\"https:\/\/copilarie.org\/index.php\/2017\/10\/10\/copilul-fluture-da-libertate-raport-cu-timpul\/\"]}]},{\"@type\":\"ImageObject\",\"inLanguage\":\"ro-RO\",\"@id\":\"https:\/\/copilarie.org\/index.php\/2017\/10\/10\/copilul-fluture-da-libertate-raport-cu-timpul\/#primaryimage\",\"url\":\"https:\/\/copilarie.org\/wp-content\/uploads\/2017\/10\/Copilul_fluture...da-i-libertate-in-raport-cu-timpul.jpg\",\"contentUrl\":\"https:\/\/copilarie.org\/wp-content\/uploads\/2017\/10\/Copilul_fluture...da-i-libertate-in-raport-cu-timpul.jpg\",\"width\":1025,\"height\":766},{\"@type\":\"BreadcrumbList\",\"@id\":\"https:\/\/copilarie.org\/index.php\/2017\/10\/10\/copilul-fluture-da-libertate-raport-cu-timpul\/#breadcrumb\",\"itemListElement\":[{\"@type\":\"ListItem\",\"position\":1,\"name\":\"Prima pagin\u0103\",\"item\":\"https:\/\/copilarie.org\/\"},{\"@type\":\"ListItem\",\"position\":2,\"name\":\"\u201dCopilul fluture\u201d\u2026 d\u0103-i libertate \u00een raport cu timpul!\"}]},{\"@type\":\"WebSite\",\"@id\":\"https:\/\/copilarie.org\/#website\",\"url\":\"https:\/\/copilarie.org\/\",\"name\":\"Copil\u0103rie.org\",\"description\":\"\u00cen pas cu tine\",\"potentialAction\":[{\"@type\":\"SearchAction\",\"target\":{\"@type\":\"EntryPoint\",\"urlTemplate\":\"https:\/\/copilarie.org\/?s={search_term_string}\"},\"query-input\":{\"@type\":\"PropertyValueSpecification\",\"valueRequired\":true,\"valueName\":\"search_term_string\"}}],\"inLanguage\":\"ro-RO\"},{\"@type\":\"Person\",\"@id\":\"https:\/\/copilarie.org\/#\/schema\/person\/d8a7619fc1964ecf029620b5f64cb0ed\",\"name\":\"copilarie.org\",\"image\":{\"@type\":\"ImageObject\",\"inLanguage\":\"ro-RO\",\"@id\":\"https:\/\/copilarie.org\/#\/schema\/person\/image\/\",\"url\":\"https:\/\/secure.gravatar.com\/avatar\/722e5984ae1b18142be482fe9581860ff615bd39f940c7d8bea3240825316d6e?s=96&d=mm&r=g\",\"contentUrl\":\"https:\/\/secure.gravatar.com\/avatar\/722e5984ae1b18142be482fe9581860ff615bd39f940c7d8bea3240825316d6e?s=96&d=mm&r=g\",\"caption\":\"copilarie.org\"}}]}<\/script>\n<!-- \/ Yoast SEO plugin. -->","yoast_head_json":{"title":"\u201dCopilul fluture\u201d\u2026 d\u0103-i libertate \u00een raport cu timpul! - Copil\u0103rie.org","robots":{"index":"index","follow":"follow","max-snippet":"max-snippet:-1","max-image-preview":"max-image-preview:large","max-video-preview":"max-video-preview:-1"},"canonical":"https:\/\/copilarie.org\/index.php\/2017\/10\/10\/copilul-fluture-da-libertate-raport-cu-timpul\/","og_locale":"ro_RO","og_type":"article","og_title":"\u201dCopilul fluture\u201d\u2026 d\u0103-i libertate \u00een raport cu timpul! - Copil\u0103rie.org","og_description":"Ai un copil care trece adesea \u00een zbor de la o activitate la alta? E mereu con\u0219tient de ce se petrece \u00een jurul lui \u0219i caut\u0103 lucruri noi \u0219i interesante? Aten\u021bia lui este \u00eendreptat\u0103 spre lumea exterioar\u0103 \u0219i spre situa\u021biile ivite \u00een social, nu pe directivele \u0219i fr\u0103m\u00e2nt\u0103rile tale. Nu c\u0103 nu le-a perceput, dar [&hellip;]","og_url":"https:\/\/copilarie.org\/index.php\/2017\/10\/10\/copilul-fluture-da-libertate-raport-cu-timpul\/","og_site_name":"Copil\u0103rie.org","article_publisher":"https:\/\/www.facebook.com\/copilarie.org\/","article_published_time":"2017-10-10T18:21:28+00:00","og_image":[{"width":1025,"height":766,"url":"https:\/\/copilarie.org\/wp-content\/uploads\/2017\/10\/Copilul_fluture...da-i-libertate-in-raport-cu-timpul.jpg","type":"image\/jpeg"}],"author":"copilarie.org","twitter_card":"summary_large_image","twitter_creator":"@CopilarieOrg","twitter_site":"@CopilarieOrg","twitter_misc":{"Scris de":"copilarie.org","Timp estimat pentru citire":"2 minute"},"schema":{"@context":"https:\/\/schema.org","@graph":[{"@type":"WebPage","@id":"https:\/\/copilarie.org\/index.php\/2017\/10\/10\/copilul-fluture-da-libertate-raport-cu-timpul\/","url":"https:\/\/copilarie.org\/index.php\/2017\/10\/10\/copilul-fluture-da-libertate-raport-cu-timpul\/","name":"\u201dCopilul fluture\u201d\u2026 d\u0103-i libertate \u00een raport cu timpul! - Copil\u0103rie.org","isPartOf":{"@id":"https:\/\/copilarie.org\/#website"},"primaryImageOfPage":{"@id":"https:\/\/copilarie.org\/index.php\/2017\/10\/10\/copilul-fluture-da-libertate-raport-cu-timpul\/#primaryimage"},"image":{"@id":"https:\/\/copilarie.org\/index.php\/2017\/10\/10\/copilul-fluture-da-libertate-raport-cu-timpul\/#primaryimage"},"thumbnailUrl":"https:\/\/copilarie.org\/wp-content\/uploads\/2017\/10\/Copilul_fluture...da-i-libertate-in-raport-cu-timpul.jpg","datePublished":"2017-10-10T18:21:28+00:00","dateModified":"2017-10-10T18:21:28+00:00","author":{"@id":"https:\/\/copilarie.org\/#\/schema\/person\/d8a7619fc1964ecf029620b5f64cb0ed"},"breadcrumb":{"@id":"https:\/\/copilarie.org\/index.php\/2017\/10\/10\/copilul-fluture-da-libertate-raport-cu-timpul\/#breadcrumb"},"inLanguage":"ro-RO","potentialAction":[{"@type":"ReadAction","target":["https:\/\/copilarie.org\/index.php\/2017\/10\/10\/copilul-fluture-da-libertate-raport-cu-timpul\/"]}]},{"@type":"ImageObject","inLanguage":"ro-RO","@id":"https:\/\/copilarie.org\/index.php\/2017\/10\/10\/copilul-fluture-da-libertate-raport-cu-timpul\/#primaryimage","url":"https:\/\/copilarie.org\/wp-content\/uploads\/2017\/10\/Copilul_fluture...da-i-libertate-in-raport-cu-timpul.jpg","contentUrl":"https:\/\/copilarie.org\/wp-content\/uploads\/2017\/10\/Copilul_fluture...da-i-libertate-in-raport-cu-timpul.jpg","width":1025,"height":766},{"@type":"BreadcrumbList","@id":"https:\/\/copilarie.org\/index.php\/2017\/10\/10\/copilul-fluture-da-libertate-raport-cu-timpul\/#breadcrumb","itemListElement":[{"@type":"ListItem","position":1,"name":"Prima pagin\u0103","item":"https:\/\/copilarie.org\/"},{"@type":"ListItem","position":2,"name":"\u201dCopilul fluture\u201d\u2026 d\u0103-i libertate \u00een raport cu timpul!"}]},{"@type":"WebSite","@id":"https:\/\/copilarie.org\/#website","url":"https:\/\/copilarie.org\/","name":"Copil\u0103rie.org","description":"\u00cen pas cu tine","potentialAction":[{"@type":"SearchAction","target":{"@type":"EntryPoint","urlTemplate":"https:\/\/copilarie.org\/?s={search_term_string}"},"query-input":{"@type":"PropertyValueSpecification","valueRequired":true,"valueName":"search_term_string"}}],"inLanguage":"ro-RO"},{"@type":"Person","@id":"https:\/\/copilarie.org\/#\/schema\/person\/d8a7619fc1964ecf029620b5f64cb0ed","name":"copilarie.org","image":{"@type":"ImageObject","inLanguage":"ro-RO","@id":"https:\/\/copilarie.org\/#\/schema\/person\/image\/","url":"https:\/\/secure.gravatar.com\/avatar\/722e5984ae1b18142be482fe9581860ff615bd39f940c7d8bea3240825316d6e?s=96&d=mm&r=g","contentUrl":"https:\/\/secure.gravatar.com\/avatar\/722e5984ae1b18142be482fe9581860ff615bd39f940c7d8bea3240825316d6e?s=96&d=mm&r=g","caption":"copilarie.org"}}]}},"_links":{"self":[{"href":"https:\/\/copilarie.org\/index.php\/wp-json\/wp\/v2\/posts\/453","targetHints":{"allow":["GET"]}}],"collection":[{"href":"https:\/\/copilarie.org\/index.php\/wp-json\/wp\/v2\/posts"}],"about":[{"href":"https:\/\/copilarie.org\/index.php\/wp-json\/wp\/v2\/types\/post"}],"author":[{"embeddable":true,"href":"https:\/\/copilarie.org\/index.php\/wp-json\/wp\/v2\/users\/1"}],"replies":[{"embeddable":true,"href":"https:\/\/copilarie.org\/index.php\/wp-json\/wp\/v2\/comments?post=453"}],"version-history":[{"count":1,"href":"https:\/\/copilarie.org\/index.php\/wp-json\/wp\/v2\/posts\/453\/revisions"}],"predecessor-version":[{"id":455,"href":"https:\/\/copilarie.org\/index.php\/wp-json\/wp\/v2\/posts\/453\/revisions\/455"}],"wp:featuredmedia":[{"embeddable":true,"href":"https:\/\/copilarie.org\/index.php\/wp-json\/wp\/v2\/media\/454"}],"wp:attachment":[{"href":"https:\/\/copilarie.org\/index.php\/wp-json\/wp\/v2\/media?parent=453"}],"wp:term":[{"taxonomy":"category","embeddable":true,"href":"https:\/\/copilarie.org\/index.php\/wp-json\/wp\/v2\/categories?post=453"},{"taxonomy":"post_tag","embeddable":true,"href":"https:\/\/copilarie.org\/index.php\/wp-json\/wp\/v2\/tags?post=453"}],"curies":[{"name":"wp","href":"https:\/\/api.w.org\/{rel}","templated":true}]}}