{"id":494,"date":"2018-01-21T10:54:01","date_gmt":"2018-01-21T10:54:01","guid":{"rendered":"http:\/\/copilarie.org\/?p=494"},"modified":"2018-01-21T21:11:14","modified_gmt":"2018-01-21T21:11:14","slug":"art-terapia-tulburarile-emotionale-ale-copilului-si-adolescentului","status":"publish","type":"post","link":"https:\/\/copilarie.org\/index.php\/2018\/01\/21\/art-terapia-tulburarile-emotionale-ale-copilului-si-adolescentului\/","title":{"rendered":"Art- Terapia \u00een Tulbur\u0103rile Emo\u021bionale ale Copilului \u0219i Adolescentului"},"content":{"rendered":"<p style=\"text-align: center;\"><strong>\u00a0 \u00a0 \u00a0 \u00a0 \u00a0 \u00a0 \u00a0 \u00a0 \u00a0 \u00a0 \u00a0 \u00a0<\/strong><strong><img loading=\"lazy\" decoding=\"async\" class=\"aligncenter size-full wp-image-508\" src=\"https:\/\/copilarie.org\/wp-content\/uploads\/2018\/01\/afisTerocart-mic-2.jpg\" alt=\"\" width=\"595\" height=\"842\" srcset=\"https:\/\/copilarie.org\/wp-content\/uploads\/2018\/01\/afisTerocart-mic-2.jpg 595w, https:\/\/copilarie.org\/wp-content\/uploads\/2018\/01\/afisTerocart-mic-2-212x300.jpg 212w, https:\/\/copilarie.org\/wp-content\/uploads\/2018\/01\/afisTerocart-mic-2-297x420.jpg 297w\" sizes=\"auto, (max-width: 595px) 100vw, 595px\" \/><\/strong><\/p>\n<p style=\"text-align: center;\"><strong> \u00a0 \u00a0 \u00a0 \u00a0 \u00a0 \u00a0 \u00a0 \u00a0 COMUNICAT DE PRES<\/strong><strong>\u0102\u00a0\u00a0\u00a0\u00a0\u00a0\u00a0\u00a0\u00a0\u00a0\u00a0\u00a0\u00a0\u00a0\u00a0\u00a0\u00a0\u00a0\u00a0 <\/strong><strong>\u00a0\u00a0\u00a0\u00a0\u00a0\u00a0\u00a0\u00a0\u00a0\u00a0\u00a0\u00a0\u00a0\u00a0\u00a0\u00a0\u00a0\u00a0 \u00a0\u00a0\u00a0\u00a0\u00a0\u00a0\u00a0\u00a0<\/strong><\/p>\n<p>19 ianuarie 2018<\/p>\n<p>Cluj- Napoca<strong>\u00a0 \u00a0 \u00a0 \u00a0 \u00a0 \u00a0 \u00a0 \u00a0 \u00a0 \u00a0 \u00a0 \u00a0 \u00a0 \u00a0 \u00a0 \u00a0 \u00a0 \u00a0 \u00a0 \u00a0 \u00a0 \u00a0\u00a0<\/strong>\u00a0<strong>\u00a0\u00a0\u00a0\u00a0\u00a0\u00a0\u00a0 <\/strong><\/p>\n<p><strong>ASOCIA<\/strong><strong>\u021aIA TEROCART ACADEMY v\u0103 <\/strong><strong>invit<\/strong><strong>\u0103 la lansarea proiectului A<\/strong><strong>RT- TERAPIA <\/strong><strong>\u00ce<\/strong><strong>N TULBUR<\/strong><strong>\u0102<\/strong><strong>RILE EMO<\/strong><strong>\u0162<\/strong><strong>IONALE ALE COPILULUI <\/strong><strong>\u015e<\/strong><strong>I ADOLESCENTULUI<\/strong><strong>, joi, 25 ianuarie, ora 17.30, \u00ee<\/strong><strong>n sala festiv<\/strong><strong>\u0103 a <\/strong><strong>Liceului de Arte Vizuale \u201dRomulus Ladea\u201d, <\/strong>din str. Doroban\u021bilor nr 56, Cluj-Napoca.<\/p>\n<p><strong>\u00a0<\/strong>Ini\u021biativa este sprijinit\u0103 de Funda\u0163ia Pentru Comunitate \u015fi MOL Rom\u00e2nia prin Programul MOL pentru s\u0103n\u0103tatea copiilor, iar perioada de desf\u0103\u0219urare este decembrie 2017-august 2018.<\/p>\n<p><strong>\u201d<\/strong><strong>Terocart Academy <\/strong>printr-un proces pedagogic- terapeutic inovativ urm\u0103re\u0219te <strong>dezvoltarea competen\u0163elor sociale care s\u0103 faciliteze integrarea socio-profesional\u0103 a copiilor \u015f<\/strong><strong>i adolescen<\/strong><strong>\u0163ilor, inclusiv a celor cu dizabilit\u0103\u0163i <\/strong>prin: antrenarea empatiei \u00een rela\u0163iile interpersonale, dezvoltarea unor strategii intrapersonale \u015fi interpersonale de rezolvare a problemelor \u015fi a conflictelor, spargerea blocajelor emo\u0163ionale, optimizarea capacit\u0103\u0163ilor de autocuno\u015ftere \u015fi dezvoltare a capacit\u0103\u021bilor cognitive (memorie, aten\u0163ie, limbaj, g\u00e2ndire etc), eliberarea de tensiuni, anxietate, \u00eenl\u0103turarea frustr\u0103rilor acumulate \u015fi a sentimentelor negative, perfec\u0163ionarea unor abilit\u0103\u0163i artistice deja formate (colaj, pictur\u0103, modelaj etc). Orele de terapie vor fi \u021binute \u00een rom\u0103n\u0103 \u0219i sau maghiar\u0103, func\u021bie de beneficiarii programului\u201d a precizat coordonatorul proiectului, Dr. Emilia Chiril\u0103.<\/p>\n<p>\u201dUnicitatea Proiectului nostru, finan\u021bat de Funda\u0163ia Pentru Comunitate \u015fi MOL Rom\u00e2nia prin Programul MOL pentru s\u0103n\u0103tatea copiilor pe perioada decembrie 2017- august 2018, const\u0103 \u00een folosirea \u00een art-terapie a unei <strong>instala<\/strong><strong>\u021bii multimedia ce realizeaz\u0103 <\/strong><strong>o interven<\/strong><strong>\u0163<\/strong><strong>ie holistic<\/strong><strong>\u0103 3D<\/strong> prin care se pot vizualiza rela\u0163iile p\u0103rinte &#8211; copil, copil &#8211; mediu, inclusiv cel ambiental,\u00a0felul \u00een care copiii sunt afecta\u0163i de percep\u0163ia p\u0103rin\u0163ilor asupra realit\u0103\u0163ii \u00eenconjur\u0103toare, al anturajului, al mediului (familiar, social, ambiental), precum \u015fi percep\u0163ia unor realit\u0103\u0163i considerate amenin\u0163\u0103toare\u201d declar\u0103 Diana Dr\u0103gan \u2013 Chiril\u0103, doctor \u00een arte vizuale.<\/p>\n<p>La conferin\u021ba de deschidere a proiectului, din 25 ianuarie, <strong>invitat special este d<\/strong><strong>l. <\/strong><strong>director Zmical\u0103 Gavril, artist vizual (ceramist)<\/strong><strong><em>\u00a0<\/em><\/strong>cu o bogat\u0103 experien\u021b\u0103 \u00een pedagogia artei \u0219i \u00een integrarea copiilor cu cerin\u021be educa\u021bionale speciale \u00een \u00eenv\u0103\u021b\u0103m\u00e2ntul de mas\u0103, care va prezenta un film cu activitatea din cadrul liceului cu privire la art-terapie.<\/p>\n<p>La o dat\u0103 ulterioar\u0103, convenit\u0103 de comun acord cu p\u0103rin\u021bii \u0219i educatorii <strong>Gr\u0103dini\u021b<\/strong><strong>ei <\/strong><strong>\u201d<\/strong><strong>Licurici<\/strong><strong>\u201d<\/strong>din \u00a0Cluj- Napoca va avea loc o \u00eent\u00e2lnire de lucru, pentru discu\u021bii pliate pe nevoile copiilor deja depista\u021bi \u00een urma test\u0103rilor efectuate \u00een cadrul Proiectului.<\/p>\n<p>La eveniment vor participa reprezentan\u021bii ai <strong>Funda<\/strong><strong>\u021biei pentru Comunitate<\/strong>, speciali\u0219ti \u00een s\u0103n\u0103tate mintal\u0103 care au ini\u021biat proiectul: <strong>Emilia <\/strong><strong>Chiril\u0103<\/strong>, artist vizual, art-terapeut, doctor \u00een arte plastice \u015fi decorative -coordonatorul proiectului, <strong>Daniela Laura<\/strong><strong> C\u00e2mpean<\/strong>, medic primar psihiatrie pediatric\u0103,<strong>\u00a0<\/strong>medic specialist \u00een neurologie pediatric\u0103,<strong>\u00a0<\/strong>atestat \u00een managementul serviciilor de s\u0103n\u0103tate,<strong>\u00a0<\/strong>doctor \u00een medicin\u0103, <strong>Diana Dr\u0103gan \u2013 Chiril\u0103<\/strong> artist multimedia, doctor \u00een arte vizuale, lector universitar sec\u021bia rom\u00e2n\u0103 \u0219i maghiar\u0103, <strong>Ramona Liana S<\/strong><strong>\u0103pl\u0103<\/strong><strong>can<\/strong>, pedagog social, p\u0103rinte, administratorul site-u\u0219ui <a href=\"http:\/\/xn--copilrie-37a.org\">copilarie.org<\/a>, speciali\u0219ti <strong>CJRAE Cluj<\/strong>, educatori, \u00eenv\u0103\u021b\u0103tori, pedagogi, psihologi din <strong>Liceul de Arte Vizuale Romulus Ladea<\/strong> \u0219i ai <strong>Gr\u0103dini\u021b<\/strong><strong>ei P.P. <\/strong><strong>\u201d<\/strong><strong>Licurici<\/strong><strong>\u201d,<\/strong> beneficiari \u0219i public.<\/p>\n<p>Discu\u021biile abordate vor fi legate de <strong>rolul terapiei prin art\u0103 \u00een tulbur\u0103rile emo\u021bionale ale copilului \u0219i \u00een consolidarea imaginii de sine<\/strong>, obiectiv comun tuturor cazurilor de educa\u021bie\/art \u2013terapie. Pentru p\u0103rin\u021bii de pre\u0219colari se vor distribui pliante de educa\u021bie parenal\u0103.<\/p>\n<p><strong>Pentru detalii, v\u0103 rug\u0103<\/strong><strong>m contacta<\/strong><strong>\u0163i Coordonatorul Proiectului: <\/strong><\/p>\n<p>Dr. Chiril\u0103 Emilia,<\/p>\n<p>Pre\u0219edinte Asocia\u021bia Terocart Academy<\/p>\n<p>office@copilarie.org<\/p>\n<p>0787-542.610<\/p>\n","protected":false},"excerpt":{"rendered":"<p>\u00a0 \u00a0 \u00a0 \u00a0 \u00a0 \u00a0 \u00a0 \u00a0 \u00a0 \u00a0 \u00a0 \u00a0 \u00a0 \u00a0 \u00a0 \u00a0 \u00a0 \u00a0 \u00a0 \u00a0 COMUNICAT DE PRES\u0102\u00a0\u00a0\u00a0\u00a0\u00a0\u00a0\u00a0\u00a0\u00a0\u00a0\u00a0\u00a0\u00a0\u00a0\u00a0\u00a0\u00a0\u00a0 \u00a0\u00a0\u00a0\u00a0\u00a0\u00a0\u00a0\u00a0\u00a0\u00a0\u00a0\u00a0\u00a0\u00a0\u00a0\u00a0\u00a0\u00a0 \u00a0\u00a0\u00a0\u00a0\u00a0\u00a0\u00a0\u00a0 19 ianuarie 2018 Cluj- Napoca\u00a0 \u00a0 \u00a0 \u00a0 \u00a0 \u00a0 \u00a0 \u00a0 \u00a0 \u00a0 \u00a0 \u00a0 \u00a0 \u00a0 \u00a0 \u00a0 \u00a0 \u00a0 \u00a0 \u00a0 \u00a0 \u00a0\u00a0\u00a0\u00a0\u00a0\u00a0\u00a0\u00a0\u00a0\u00a0 ASOCIA\u021aIA TEROCART ACADEMY v\u0103 [&hellip;]<\/p>\n","protected":false},"author":1,"featured_media":508,"comment_status":"open","ping_status":"open","sticky":false,"template":"","format":"standard","meta":{"footnotes":""},"categories":[1,21],"tags":[61,25,24,163,164,27,165,162],"class_list":{"0":"post-494","1":"post","2":"type-post","3":"status-publish","4":"format-standard","5":"has-post-thumbnail","7":"category-acasa","8":"category-evenimente","9":"tag-art-terapie","10":"tag-copii","11":"tag-copilarie-org","12":"tag-fundatia-pentru-comunitate","13":"tag-mol-romania","14":"tag-parinti","15":"tag-programul-mol-pentru-sanatatea-copiilor","16":"tag-proiect-finantat"},"yoast_head":"<!-- This site is optimized with the Yoast SEO plugin v23.6 - https:\/\/yoast.com\/wordpress\/plugins\/seo\/ -->\n<title>Art- Terapia \u00een Tulbur\u0103rile Emo\u021bionale ale Copilului \u0219i Adolescentului - Copil\u0103rie.org<\/title>\n<meta name=\"robots\" content=\"index, follow, max-snippet:-1, max-image-preview:large, max-video-preview:-1\" \/>\n<link rel=\"canonical\" href=\"https:\/\/copilarie.org\/index.php\/2018\/01\/21\/art-terapia-tulburarile-emotionale-ale-copilului-si-adolescentului\/\" \/>\n<meta property=\"og:locale\" content=\"ro_RO\" \/>\n<meta property=\"og:type\" content=\"article\" \/>\n<meta property=\"og:title\" content=\"Art- Terapia \u00een Tulbur\u0103rile Emo\u021bionale ale Copilului \u0219i Adolescentului - Copil\u0103rie.org\" \/>\n<meta property=\"og:description\" content=\"\u00a0 \u00a0 \u00a0 \u00a0 \u00a0 \u00a0 \u00a0 \u00a0 \u00a0 \u00a0 \u00a0 \u00a0 \u00a0 \u00a0 \u00a0 \u00a0 \u00a0 \u00a0 \u00a0 \u00a0 COMUNICAT DE PRES\u0102\u00a0\u00a0\u00a0\u00a0\u00a0\u00a0\u00a0\u00a0\u00a0\u00a0\u00a0\u00a0\u00a0\u00a0\u00a0\u00a0\u00a0\u00a0 \u00a0\u00a0\u00a0\u00a0\u00a0\u00a0\u00a0\u00a0\u00a0\u00a0\u00a0\u00a0\u00a0\u00a0\u00a0\u00a0\u00a0\u00a0 \u00a0\u00a0\u00a0\u00a0\u00a0\u00a0\u00a0\u00a0 19 ianuarie 2018 Cluj- Napoca\u00a0 \u00a0 \u00a0 \u00a0 \u00a0 \u00a0 \u00a0 \u00a0 \u00a0 \u00a0 \u00a0 \u00a0 \u00a0 \u00a0 \u00a0 \u00a0 \u00a0 \u00a0 \u00a0 \u00a0 \u00a0 \u00a0\u00a0\u00a0\u00a0\u00a0\u00a0\u00a0\u00a0\u00a0\u00a0 ASOCIA\u021aIA TEROCART ACADEMY v\u0103 [&hellip;]\" \/>\n<meta property=\"og:url\" content=\"https:\/\/copilarie.org\/index.php\/2018\/01\/21\/art-terapia-tulburarile-emotionale-ale-copilului-si-adolescentului\/\" \/>\n<meta property=\"og:site_name\" content=\"Copil\u0103rie.org\" \/>\n<meta property=\"article:publisher\" content=\"https:\/\/www.facebook.com\/copilarie.org\/\" \/>\n<meta property=\"article:published_time\" content=\"2018-01-21T10:54:01+00:00\" \/>\n<meta property=\"article:modified_time\" content=\"2018-01-21T21:11:14+00:00\" \/>\n<meta property=\"og:image\" content=\"https:\/\/copilarie.org\/wp-content\/uploads\/2018\/01\/afisTerocart-mic-2.jpg\" \/>\n\t<meta property=\"og:image:width\" content=\"595\" \/>\n\t<meta property=\"og:image:height\" content=\"842\" \/>\n\t<meta property=\"og:image:type\" content=\"image\/jpeg\" \/>\n<meta name=\"author\" content=\"copilarie.org\" \/>\n<meta name=\"twitter:card\" content=\"summary_large_image\" \/>\n<meta name=\"twitter:creator\" content=\"@CopilarieOrg\" \/>\n<meta name=\"twitter:site\" content=\"@CopilarieOrg\" \/>\n<meta name=\"twitter:label1\" content=\"Scris de\" \/>\n\t<meta name=\"twitter:data1\" content=\"copilarie.org\" \/>\n\t<meta name=\"twitter:label2\" content=\"Timp estimat pentru citire\" \/>\n\t<meta name=\"twitter:data2\" content=\"3 minute\" \/>\n<script type=\"application\/ld+json\" class=\"yoast-schema-graph\">{\"@context\":\"https:\/\/schema.org\",\"@graph\":[{\"@type\":\"WebPage\",\"@id\":\"https:\/\/copilarie.org\/index.php\/2018\/01\/21\/art-terapia-tulburarile-emotionale-ale-copilului-si-adolescentului\/\",\"url\":\"https:\/\/copilarie.org\/index.php\/2018\/01\/21\/art-terapia-tulburarile-emotionale-ale-copilului-si-adolescentului\/\",\"name\":\"Art- Terapia \u00een Tulbur\u0103rile Emo\u021bionale ale Copilului \u0219i Adolescentului - Copil\u0103rie.org\",\"isPartOf\":{\"@id\":\"https:\/\/copilarie.org\/#website\"},\"primaryImageOfPage\":{\"@id\":\"https:\/\/copilarie.org\/index.php\/2018\/01\/21\/art-terapia-tulburarile-emotionale-ale-copilului-si-adolescentului\/#primaryimage\"},\"image\":{\"@id\":\"https:\/\/copilarie.org\/index.php\/2018\/01\/21\/art-terapia-tulburarile-emotionale-ale-copilului-si-adolescentului\/#primaryimage\"},\"thumbnailUrl\":\"https:\/\/copilarie.org\/wp-content\/uploads\/2018\/01\/afisTerocart-mic-2.jpg\",\"datePublished\":\"2018-01-21T10:54:01+00:00\",\"dateModified\":\"2018-01-21T21:11:14+00:00\",\"author\":{\"@id\":\"https:\/\/copilarie.org\/#\/schema\/person\/d8a7619fc1964ecf029620b5f64cb0ed\"},\"breadcrumb\":{\"@id\":\"https:\/\/copilarie.org\/index.php\/2018\/01\/21\/art-terapia-tulburarile-emotionale-ale-copilului-si-adolescentului\/#breadcrumb\"},\"inLanguage\":\"ro-RO\",\"potentialAction\":[{\"@type\":\"ReadAction\",\"target\":[\"https:\/\/copilarie.org\/index.php\/2018\/01\/21\/art-terapia-tulburarile-emotionale-ale-copilului-si-adolescentului\/\"]}]},{\"@type\":\"ImageObject\",\"inLanguage\":\"ro-RO\",\"@id\":\"https:\/\/copilarie.org\/index.php\/2018\/01\/21\/art-terapia-tulburarile-emotionale-ale-copilului-si-adolescentului\/#primaryimage\",\"url\":\"https:\/\/copilarie.org\/wp-content\/uploads\/2018\/01\/afisTerocart-mic-2.jpg\",\"contentUrl\":\"https:\/\/copilarie.org\/wp-content\/uploads\/2018\/01\/afisTerocart-mic-2.jpg\",\"width\":595,\"height\":842},{\"@type\":\"BreadcrumbList\",\"@id\":\"https:\/\/copilarie.org\/index.php\/2018\/01\/21\/art-terapia-tulburarile-emotionale-ale-copilului-si-adolescentului\/#breadcrumb\",\"itemListElement\":[{\"@type\":\"ListItem\",\"position\":1,\"name\":\"Prima pagin\u0103\",\"item\":\"https:\/\/copilarie.org\/\"},{\"@type\":\"ListItem\",\"position\":2,\"name\":\"Art- Terapia \u00een Tulbur\u0103rile Emo\u021bionale ale Copilului \u0219i Adolescentului\"}]},{\"@type\":\"WebSite\",\"@id\":\"https:\/\/copilarie.org\/#website\",\"url\":\"https:\/\/copilarie.org\/\",\"name\":\"Copil\u0103rie.org\",\"description\":\"\u00cen pas cu tine\",\"potentialAction\":[{\"@type\":\"SearchAction\",\"target\":{\"@type\":\"EntryPoint\",\"urlTemplate\":\"https:\/\/copilarie.org\/?s={search_term_string}\"},\"query-input\":{\"@type\":\"PropertyValueSpecification\",\"valueRequired\":true,\"valueName\":\"search_term_string\"}}],\"inLanguage\":\"ro-RO\"},{\"@type\":\"Person\",\"@id\":\"https:\/\/copilarie.org\/#\/schema\/person\/d8a7619fc1964ecf029620b5f64cb0ed\",\"name\":\"copilarie.org\",\"image\":{\"@type\":\"ImageObject\",\"inLanguage\":\"ro-RO\",\"@id\":\"https:\/\/copilarie.org\/#\/schema\/person\/image\/\",\"url\":\"https:\/\/secure.gravatar.com\/avatar\/722e5984ae1b18142be482fe9581860ff615bd39f940c7d8bea3240825316d6e?s=96&d=mm&r=g\",\"contentUrl\":\"https:\/\/secure.gravatar.com\/avatar\/722e5984ae1b18142be482fe9581860ff615bd39f940c7d8bea3240825316d6e?s=96&d=mm&r=g\",\"caption\":\"copilarie.org\"}}]}<\/script>\n<!-- \/ Yoast SEO plugin. -->","yoast_head_json":{"title":"Art- Terapia \u00een Tulbur\u0103rile Emo\u021bionale ale Copilului \u0219i Adolescentului - Copil\u0103rie.org","robots":{"index":"index","follow":"follow","max-snippet":"max-snippet:-1","max-image-preview":"max-image-preview:large","max-video-preview":"max-video-preview:-1"},"canonical":"https:\/\/copilarie.org\/index.php\/2018\/01\/21\/art-terapia-tulburarile-emotionale-ale-copilului-si-adolescentului\/","og_locale":"ro_RO","og_type":"article","og_title":"Art- Terapia \u00een Tulbur\u0103rile Emo\u021bionale ale Copilului \u0219i Adolescentului - Copil\u0103rie.org","og_description":"\u00a0 \u00a0 \u00a0 \u00a0 \u00a0 \u00a0 \u00a0 \u00a0 \u00a0 \u00a0 \u00a0 \u00a0 \u00a0 \u00a0 \u00a0 \u00a0 \u00a0 \u00a0 \u00a0 \u00a0 COMUNICAT DE PRES\u0102\u00a0\u00a0\u00a0\u00a0\u00a0\u00a0\u00a0\u00a0\u00a0\u00a0\u00a0\u00a0\u00a0\u00a0\u00a0\u00a0\u00a0\u00a0 \u00a0\u00a0\u00a0\u00a0\u00a0\u00a0\u00a0\u00a0\u00a0\u00a0\u00a0\u00a0\u00a0\u00a0\u00a0\u00a0\u00a0\u00a0 \u00a0\u00a0\u00a0\u00a0\u00a0\u00a0\u00a0\u00a0 19 ianuarie 2018 Cluj- Napoca\u00a0 \u00a0 \u00a0 \u00a0 \u00a0 \u00a0 \u00a0 \u00a0 \u00a0 \u00a0 \u00a0 \u00a0 \u00a0 \u00a0 \u00a0 \u00a0 \u00a0 \u00a0 \u00a0 \u00a0 \u00a0 \u00a0\u00a0\u00a0\u00a0\u00a0\u00a0\u00a0\u00a0\u00a0\u00a0 ASOCIA\u021aIA TEROCART ACADEMY v\u0103 [&hellip;]","og_url":"https:\/\/copilarie.org\/index.php\/2018\/01\/21\/art-terapia-tulburarile-emotionale-ale-copilului-si-adolescentului\/","og_site_name":"Copil\u0103rie.org","article_publisher":"https:\/\/www.facebook.com\/copilarie.org\/","article_published_time":"2018-01-21T10:54:01+00:00","article_modified_time":"2018-01-21T21:11:14+00:00","og_image":[{"width":595,"height":842,"url":"https:\/\/copilarie.org\/wp-content\/uploads\/2018\/01\/afisTerocart-mic-2.jpg","type":"image\/jpeg"}],"author":"copilarie.org","twitter_card":"summary_large_image","twitter_creator":"@CopilarieOrg","twitter_site":"@CopilarieOrg","twitter_misc":{"Scris de":"copilarie.org","Timp estimat pentru citire":"3 minute"},"schema":{"@context":"https:\/\/schema.org","@graph":[{"@type":"WebPage","@id":"https:\/\/copilarie.org\/index.php\/2018\/01\/21\/art-terapia-tulburarile-emotionale-ale-copilului-si-adolescentului\/","url":"https:\/\/copilarie.org\/index.php\/2018\/01\/21\/art-terapia-tulburarile-emotionale-ale-copilului-si-adolescentului\/","name":"Art- Terapia \u00een Tulbur\u0103rile Emo\u021bionale ale Copilului \u0219i Adolescentului - Copil\u0103rie.org","isPartOf":{"@id":"https:\/\/copilarie.org\/#website"},"primaryImageOfPage":{"@id":"https:\/\/copilarie.org\/index.php\/2018\/01\/21\/art-terapia-tulburarile-emotionale-ale-copilului-si-adolescentului\/#primaryimage"},"image":{"@id":"https:\/\/copilarie.org\/index.php\/2018\/01\/21\/art-terapia-tulburarile-emotionale-ale-copilului-si-adolescentului\/#primaryimage"},"thumbnailUrl":"https:\/\/copilarie.org\/wp-content\/uploads\/2018\/01\/afisTerocart-mic-2.jpg","datePublished":"2018-01-21T10:54:01+00:00","dateModified":"2018-01-21T21:11:14+00:00","author":{"@id":"https:\/\/copilarie.org\/#\/schema\/person\/d8a7619fc1964ecf029620b5f64cb0ed"},"breadcrumb":{"@id":"https:\/\/copilarie.org\/index.php\/2018\/01\/21\/art-terapia-tulburarile-emotionale-ale-copilului-si-adolescentului\/#breadcrumb"},"inLanguage":"ro-RO","potentialAction":[{"@type":"ReadAction","target":["https:\/\/copilarie.org\/index.php\/2018\/01\/21\/art-terapia-tulburarile-emotionale-ale-copilului-si-adolescentului\/"]}]},{"@type":"ImageObject","inLanguage":"ro-RO","@id":"https:\/\/copilarie.org\/index.php\/2018\/01\/21\/art-terapia-tulburarile-emotionale-ale-copilului-si-adolescentului\/#primaryimage","url":"https:\/\/copilarie.org\/wp-content\/uploads\/2018\/01\/afisTerocart-mic-2.jpg","contentUrl":"https:\/\/copilarie.org\/wp-content\/uploads\/2018\/01\/afisTerocart-mic-2.jpg","width":595,"height":842},{"@type":"BreadcrumbList","@id":"https:\/\/copilarie.org\/index.php\/2018\/01\/21\/art-terapia-tulburarile-emotionale-ale-copilului-si-adolescentului\/#breadcrumb","itemListElement":[{"@type":"ListItem","position":1,"name":"Prima pagin\u0103","item":"https:\/\/copilarie.org\/"},{"@type":"ListItem","position":2,"name":"Art- Terapia \u00een Tulbur\u0103rile Emo\u021bionale ale Copilului \u0219i Adolescentului"}]},{"@type":"WebSite","@id":"https:\/\/copilarie.org\/#website","url":"https:\/\/copilarie.org\/","name":"Copil\u0103rie.org","description":"\u00cen pas cu tine","potentialAction":[{"@type":"SearchAction","target":{"@type":"EntryPoint","urlTemplate":"https:\/\/copilarie.org\/?s={search_term_string}"},"query-input":{"@type":"PropertyValueSpecification","valueRequired":true,"valueName":"search_term_string"}}],"inLanguage":"ro-RO"},{"@type":"Person","@id":"https:\/\/copilarie.org\/#\/schema\/person\/d8a7619fc1964ecf029620b5f64cb0ed","name":"copilarie.org","image":{"@type":"ImageObject","inLanguage":"ro-RO","@id":"https:\/\/copilarie.org\/#\/schema\/person\/image\/","url":"https:\/\/secure.gravatar.com\/avatar\/722e5984ae1b18142be482fe9581860ff615bd39f940c7d8bea3240825316d6e?s=96&d=mm&r=g","contentUrl":"https:\/\/secure.gravatar.com\/avatar\/722e5984ae1b18142be482fe9581860ff615bd39f940c7d8bea3240825316d6e?s=96&d=mm&r=g","caption":"copilarie.org"}}]}},"_links":{"self":[{"href":"https:\/\/copilarie.org\/index.php\/wp-json\/wp\/v2\/posts\/494","targetHints":{"allow":["GET"]}}],"collection":[{"href":"https:\/\/copilarie.org\/index.php\/wp-json\/wp\/v2\/posts"}],"about":[{"href":"https:\/\/copilarie.org\/index.php\/wp-json\/wp\/v2\/types\/post"}],"author":[{"embeddable":true,"href":"https:\/\/copilarie.org\/index.php\/wp-json\/wp\/v2\/users\/1"}],"replies":[{"embeddable":true,"href":"https:\/\/copilarie.org\/index.php\/wp-json\/wp\/v2\/comments?post=494"}],"version-history":[{"count":5,"href":"https:\/\/copilarie.org\/index.php\/wp-json\/wp\/v2\/posts\/494\/revisions"}],"predecessor-version":[{"id":509,"href":"https:\/\/copilarie.org\/index.php\/wp-json\/wp\/v2\/posts\/494\/revisions\/509"}],"wp:featuredmedia":[{"embeddable":true,"href":"https:\/\/copilarie.org\/index.php\/wp-json\/wp\/v2\/media\/508"}],"wp:attachment":[{"href":"https:\/\/copilarie.org\/index.php\/wp-json\/wp\/v2\/media?parent=494"}],"wp:term":[{"taxonomy":"category","embeddable":true,"href":"https:\/\/copilarie.org\/index.php\/wp-json\/wp\/v2\/categories?post=494"},{"taxonomy":"post_tag","embeddable":true,"href":"https:\/\/copilarie.org\/index.php\/wp-json\/wp\/v2\/tags?post=494"}],"curies":[{"name":"wp","href":"https:\/\/api.w.org\/{rel}","templated":true}]}}