{"id":528,"date":"2018-02-20T12:46:58","date_gmt":"2018-02-20T12:46:58","guid":{"rendered":"http:\/\/copilarie.org\/?p=528"},"modified":"2018-02-21T09:15:58","modified_gmt":"2018-02-21T09:15:58","slug":"emotii-si-ganduri-prin-ochi-de-copil","status":"publish","type":"post","link":"https:\/\/copilarie.org\/index.php\/2018\/02\/20\/emotii-si-ganduri-prin-ochi-de-copil\/","title":{"rendered":"Emo\u021bii \u0219i g\u00e2nduri prin ochi de copil"},"content":{"rendered":"<p><img loading=\"lazy\" decoding=\"async\" class=\"aligncenter size-large wp-image-529\" src=\"https:\/\/copilarie.org\/wp-content\/uploads\/2018\/02\/Emo\u021bii_\u0219i_g\u00e2nduri_prin_-ochi_de_copil-1024x653.jpg\" alt=\"\" width=\"696\" height=\"444\" srcset=\"https:\/\/copilarie.org\/wp-content\/uploads\/2018\/02\/Emo\u021bii_\u0219i_g\u00e2nduri_prin_-ochi_de_copil-1024x653.jpg 1024w, https:\/\/copilarie.org\/wp-content\/uploads\/2018\/02\/Emo\u021bii_\u0219i_g\u00e2nduri_prin_-ochi_de_copil-300x191.jpg 300w, https:\/\/copilarie.org\/wp-content\/uploads\/2018\/02\/Emo\u021bii_\u0219i_g\u00e2nduri_prin_-ochi_de_copil-768x490.jpg 768w, https:\/\/copilarie.org\/wp-content\/uploads\/2018\/02\/Emo\u021bii_\u0219i_g\u00e2nduri_prin_-ochi_de_copil-600x383.jpg 600w, https:\/\/copilarie.org\/wp-content\/uploads\/2018\/02\/Emo\u021bii_\u0219i_g\u00e2nduri_prin_-ochi_de_copil-696x444.jpg 696w, https:\/\/copilarie.org\/wp-content\/uploads\/2018\/02\/Emo\u021bii_\u0219i_g\u00e2nduri_prin_-ochi_de_copil-658x420.jpg 658w, https:\/\/copilarie.org\/wp-content\/uploads\/2018\/02\/Emo\u021bii_\u0219i_g\u00e2nduri_prin_-ochi_de_copil.jpg 1025w\" sizes=\"auto, (max-width: 696px) 100vw, 696px\" \/><\/p>\n<p>\u201dE incredibil c\u00e2te lucruri po\u021bi s\u0103 retr\u0103ie\u0219ti prin ochii unui copil sau c\u00e2te lucruri po\u021bi percepe \u00een alt\u0103 lumin\u0103\u201d \u00ee\u0219i \u00eencepe Cristina povestioara, dep\u0103n\u00e2nd amintiri pe o f\u0103r\u00e2m\u0103 de z\u00e2mbet.<\/p>\n<p>\u201dEram \u00een flor\u0103rie, \u00eentr-o diminea\u021b\u0103 lini\u0219tit\u0103 de var\u0103, cu g\u00e2ndurile mele concentr\u00e2ndu-m\u0103 pe executarea unor aranjamente florale. \u00cemi distrag aten\u021bia doi ochi\u0219ori alba\u0219tri, cadra\u021bi de un p\u0103r blond c\u00e2rlion\u021bat, lipi\u021bi de vitrina magazinului. Nu \u00eemi dau seama ce m-a f\u0103cut s\u0103 m\u0103 transpun \u00een alt\u0103 dimensiune mental\u0103: tonul cristalin al vocii feti\u021bei sau \u00eentrebarea pus\u0103 de c\u0103tre ea: Tanti, nu mai toarn\u0103 piticii t\u0103i ap\u0103?<\/p>\n<p>Feti\u021ba locuia \u00een vecini \u0219i \u00een fiecare diminea\u021b\u0103, \u00eenso\u021bit\u0103 de bunica ei, \u00een drumul spre gradini\u021b\u0103 se oprea \u00een fa\u021ba vitrinei mele plin\u0103 cu flori pentru a le admira. Era un ritual ce se derula de ceva vreme, uneori ie\u0219eam \u0219i \u00eei ofeream c\u00e2te o floare&#8230; dar nu reu\u0219eam s\u0103 \u00eencheg\u0103m o conversa\u021bie. E o fire mai retras\u0103, o scuza bunica.<\/p>\n<p>A\u0219adaaar&#8230;. piticii mei nu mai toarn\u0103 ap\u0103&#8230;. ies gr\u0103bit\u0103 \u0219i m\u0103 uit \u00een vitrin\u0103. Z\u00e2mbesc \u0219i exclam: Ai dreptate, iubire! Piticii mei nu mai toarn\u0103 ap\u0103 (uitasem s\u0103 cuplez la curent f\u00e2nt\u00e2na artezian\u0103). Ap\u0103ru un z\u00e2mbet larg pe chipul feti\u021bei \u00een timp ce ochi\u0219orii alba\u0219tri m\u0103 priveau \u00eeng\u0103duitori. Explica\u021bia era at\u00e2t de simpl\u0103: au obosit piticii!!!\u201d<\/p>\n<p>Este incredibil cum copiii g\u0103sesc modalit\u0103\u021bi de comunicare prin elemente inovatoare atunci c\u00e2nd le au la \u00eendem\u00e2n\u0103. Totul e s\u0103 le dai timp \u0219i s\u0103 \u00eencepi cu lucruri simple care s\u0103 \u00eei ajute s\u0103 \u00ee\u0219i exprime emo\u021biile \u0219i g\u00e2ndurile. Dac\u0103 se vor sim\u021bi confortabil vor \u00eencepe s\u0103 creeze, s\u0103 deseneze sau s\u0103 scrie \u0219i de ce nu &#8230; s\u0103 vorbeasc\u0103.<\/p>\n<p>A\u0219a vor dob\u00e2ndi un obicei de auto-exprimare, dezvolt\u00e2ndu-\u0219i comunicarea \u00een imagini \u0219i ulterior \u00een cuvinte deoarece lumea copil\u0103riei este o lume \u00een care detaliile, culorile, liniile \u0219i formele, texturile \u0219i mirosurile diferite creeaz\u0103 o lume magic\u0103.<\/p>\n<p>F\u0103 \u0219i tu s\u0103 curg\u0103 ap\u0103 prin ulcioarele piticilor! Deschide \u0219i construie\u0219te linii noi de comunicare cu copilul t\u0103u chiar \u0219i prin intermediul florilor \u0219i al materialelor folosite \u00een design floral.<\/p>\n","protected":false},"excerpt":{"rendered":"<p>\u201dE incredibil c\u00e2te lucruri po\u021bi s\u0103 retr\u0103ie\u0219ti prin ochii unui copil sau c\u00e2te lucruri po\u021bi percepe \u00een alt\u0103 lumin\u0103\u201d \u00ee\u0219i \u00eencepe Cristina povestioara, dep\u0103n\u00e2nd amintiri pe o f\u0103r\u00e2m\u0103 de z\u00e2mbet. \u201dEram \u00een flor\u0103rie, \u00eentr-o diminea\u021b\u0103 lini\u0219tit\u0103 de var\u0103, cu g\u00e2ndurile mele concentr\u00e2ndu-m\u0103 pe executarea unor aranjamente florale. \u00cemi distrag aten\u021bia doi ochi\u0219ori alba\u0219tri, cadra\u021bi de [&hellip;]<\/p>\n","protected":false},"author":1,"featured_media":529,"comment_status":"open","ping_status":"open","sticky":false,"template":"","format":"standard","meta":{"footnotes":""},"categories":[20,2],"tags":[178,25,24,179,170,27],"class_list":{"0":"post-528","1":"post","2":"type-post","3":"status-publish","4":"format-standard","5":"has-post-thumbnail","7":"category-lifestyle","8":"category-featured","9":"tag-art-terapie-prin-design-floral","10":"tag-copii","11":"tag-copilarie-org","12":"tag-cristina-codrea-design-floral","13":"tag-floraria-dana","14":"tag-parinti"},"yoast_head":"<!-- This site is optimized with the Yoast SEO plugin v23.6 - https:\/\/yoast.com\/wordpress\/plugins\/seo\/ -->\n<title>Emo\u021bii \u0219i g\u00e2nduri prin ochi de copil - Copil\u0103rie.org<\/title>\n<meta name=\"robots\" content=\"index, follow, max-snippet:-1, max-image-preview:large, max-video-preview:-1\" \/>\n<link rel=\"canonical\" href=\"https:\/\/copilarie.org\/index.php\/2018\/02\/20\/emotii-si-ganduri-prin-ochi-de-copil\/\" \/>\n<meta property=\"og:locale\" content=\"ro_RO\" \/>\n<meta property=\"og:type\" content=\"article\" \/>\n<meta property=\"og:title\" content=\"Emo\u021bii \u0219i g\u00e2nduri prin ochi de copil - Copil\u0103rie.org\" \/>\n<meta property=\"og:description\" content=\"\u201dE incredibil c\u00e2te lucruri po\u021bi s\u0103 retr\u0103ie\u0219ti prin ochii unui copil sau c\u00e2te lucruri po\u021bi percepe \u00een alt\u0103 lumin\u0103\u201d \u00ee\u0219i \u00eencepe Cristina povestioara, dep\u0103n\u00e2nd amintiri pe o f\u0103r\u00e2m\u0103 de z\u00e2mbet. \u201dEram \u00een flor\u0103rie, \u00eentr-o diminea\u021b\u0103 lini\u0219tit\u0103 de var\u0103, cu g\u00e2ndurile mele concentr\u00e2ndu-m\u0103 pe executarea unor aranjamente florale. \u00cemi distrag aten\u021bia doi ochi\u0219ori alba\u0219tri, cadra\u021bi de [&hellip;]\" \/>\n<meta property=\"og:url\" content=\"https:\/\/copilarie.org\/index.php\/2018\/02\/20\/emotii-si-ganduri-prin-ochi-de-copil\/\" \/>\n<meta property=\"og:site_name\" content=\"Copil\u0103rie.org\" \/>\n<meta property=\"article:publisher\" content=\"https:\/\/www.facebook.com\/copilarie.org\/\" \/>\n<meta property=\"article:published_time\" content=\"2018-02-20T12:46:58+00:00\" \/>\n<meta property=\"article:modified_time\" content=\"2018-02-21T09:15:58+00:00\" \/>\n<meta property=\"og:image\" content=\"https:\/\/copilarie.org\/wp-content\/uploads\/2018\/02\/Emo\u021bii_\u0219i_g\u00e2nduri_prin_-ochi_de_copil.jpg\" \/>\n\t<meta property=\"og:image:width\" content=\"1025\" \/>\n\t<meta property=\"og:image:height\" content=\"654\" \/>\n\t<meta property=\"og:image:type\" content=\"image\/jpeg\" \/>\n<meta name=\"author\" content=\"copilarie.org\" \/>\n<meta name=\"twitter:card\" content=\"summary_large_image\" \/>\n<meta name=\"twitter:creator\" content=\"@CopilarieOrg\" \/>\n<meta name=\"twitter:site\" content=\"@CopilarieOrg\" \/>\n<meta name=\"twitter:label1\" content=\"Scris de\" \/>\n\t<meta name=\"twitter:data1\" content=\"copilarie.org\" \/>\n\t<meta name=\"twitter:label2\" content=\"Timp estimat pentru citire\" \/>\n\t<meta name=\"twitter:data2\" content=\"2 minute\" \/>\n<script type=\"application\/ld+json\" class=\"yoast-schema-graph\">{\"@context\":\"https:\/\/schema.org\",\"@graph\":[{\"@type\":\"WebPage\",\"@id\":\"https:\/\/copilarie.org\/index.php\/2018\/02\/20\/emotii-si-ganduri-prin-ochi-de-copil\/\",\"url\":\"https:\/\/copilarie.org\/index.php\/2018\/02\/20\/emotii-si-ganduri-prin-ochi-de-copil\/\",\"name\":\"Emo\u021bii \u0219i g\u00e2nduri prin ochi de copil - Copil\u0103rie.org\",\"isPartOf\":{\"@id\":\"https:\/\/copilarie.org\/#website\"},\"primaryImageOfPage\":{\"@id\":\"https:\/\/copilarie.org\/index.php\/2018\/02\/20\/emotii-si-ganduri-prin-ochi-de-copil\/#primaryimage\"},\"image\":{\"@id\":\"https:\/\/copilarie.org\/index.php\/2018\/02\/20\/emotii-si-ganduri-prin-ochi-de-copil\/#primaryimage\"},\"thumbnailUrl\":\"https:\/\/copilarie.org\/wp-content\/uploads\/2018\/02\/Emo\u021bii_\u0219i_g\u00e2nduri_prin_-ochi_de_copil.jpg\",\"datePublished\":\"2018-02-20T12:46:58+00:00\",\"dateModified\":\"2018-02-21T09:15:58+00:00\",\"author\":{\"@id\":\"https:\/\/copilarie.org\/#\/schema\/person\/d8a7619fc1964ecf029620b5f64cb0ed\"},\"breadcrumb\":{\"@id\":\"https:\/\/copilarie.org\/index.php\/2018\/02\/20\/emotii-si-ganduri-prin-ochi-de-copil\/#breadcrumb\"},\"inLanguage\":\"ro-RO\",\"potentialAction\":[{\"@type\":\"ReadAction\",\"target\":[\"https:\/\/copilarie.org\/index.php\/2018\/02\/20\/emotii-si-ganduri-prin-ochi-de-copil\/\"]}]},{\"@type\":\"ImageObject\",\"inLanguage\":\"ro-RO\",\"@id\":\"https:\/\/copilarie.org\/index.php\/2018\/02\/20\/emotii-si-ganduri-prin-ochi-de-copil\/#primaryimage\",\"url\":\"https:\/\/copilarie.org\/wp-content\/uploads\/2018\/02\/Emo\u021bii_\u0219i_g\u00e2nduri_prin_-ochi_de_copil.jpg\",\"contentUrl\":\"https:\/\/copilarie.org\/wp-content\/uploads\/2018\/02\/Emo\u021bii_\u0219i_g\u00e2nduri_prin_-ochi_de_copil.jpg\",\"width\":1025,\"height\":654},{\"@type\":\"BreadcrumbList\",\"@id\":\"https:\/\/copilarie.org\/index.php\/2018\/02\/20\/emotii-si-ganduri-prin-ochi-de-copil\/#breadcrumb\",\"itemListElement\":[{\"@type\":\"ListItem\",\"position\":1,\"name\":\"Prima pagin\u0103\",\"item\":\"https:\/\/copilarie.org\/\"},{\"@type\":\"ListItem\",\"position\":2,\"name\":\"Emo\u021bii \u0219i g\u00e2nduri prin ochi de copil\"}]},{\"@type\":\"WebSite\",\"@id\":\"https:\/\/copilarie.org\/#website\",\"url\":\"https:\/\/copilarie.org\/\",\"name\":\"Copil\u0103rie.org\",\"description\":\"\u00cen pas cu tine\",\"potentialAction\":[{\"@type\":\"SearchAction\",\"target\":{\"@type\":\"EntryPoint\",\"urlTemplate\":\"https:\/\/copilarie.org\/?s={search_term_string}\"},\"query-input\":{\"@type\":\"PropertyValueSpecification\",\"valueRequired\":true,\"valueName\":\"search_term_string\"}}],\"inLanguage\":\"ro-RO\"},{\"@type\":\"Person\",\"@id\":\"https:\/\/copilarie.org\/#\/schema\/person\/d8a7619fc1964ecf029620b5f64cb0ed\",\"name\":\"copilarie.org\",\"image\":{\"@type\":\"ImageObject\",\"inLanguage\":\"ro-RO\",\"@id\":\"https:\/\/copilarie.org\/#\/schema\/person\/image\/\",\"url\":\"https:\/\/secure.gravatar.com\/avatar\/722e5984ae1b18142be482fe9581860ff615bd39f940c7d8bea3240825316d6e?s=96&d=mm&r=g\",\"contentUrl\":\"https:\/\/secure.gravatar.com\/avatar\/722e5984ae1b18142be482fe9581860ff615bd39f940c7d8bea3240825316d6e?s=96&d=mm&r=g\",\"caption\":\"copilarie.org\"}}]}<\/script>\n<!-- \/ Yoast SEO plugin. -->","yoast_head_json":{"title":"Emo\u021bii \u0219i g\u00e2nduri prin ochi de copil - Copil\u0103rie.org","robots":{"index":"index","follow":"follow","max-snippet":"max-snippet:-1","max-image-preview":"max-image-preview:large","max-video-preview":"max-video-preview:-1"},"canonical":"https:\/\/copilarie.org\/index.php\/2018\/02\/20\/emotii-si-ganduri-prin-ochi-de-copil\/","og_locale":"ro_RO","og_type":"article","og_title":"Emo\u021bii \u0219i g\u00e2nduri prin ochi de copil - Copil\u0103rie.org","og_description":"\u201dE incredibil c\u00e2te lucruri po\u021bi s\u0103 retr\u0103ie\u0219ti prin ochii unui copil sau c\u00e2te lucruri po\u021bi percepe \u00een alt\u0103 lumin\u0103\u201d \u00ee\u0219i \u00eencepe Cristina povestioara, dep\u0103n\u00e2nd amintiri pe o f\u0103r\u00e2m\u0103 de z\u00e2mbet. \u201dEram \u00een flor\u0103rie, \u00eentr-o diminea\u021b\u0103 lini\u0219tit\u0103 de var\u0103, cu g\u00e2ndurile mele concentr\u00e2ndu-m\u0103 pe executarea unor aranjamente florale. \u00cemi distrag aten\u021bia doi ochi\u0219ori alba\u0219tri, cadra\u021bi de [&hellip;]","og_url":"https:\/\/copilarie.org\/index.php\/2018\/02\/20\/emotii-si-ganduri-prin-ochi-de-copil\/","og_site_name":"Copil\u0103rie.org","article_publisher":"https:\/\/www.facebook.com\/copilarie.org\/","article_published_time":"2018-02-20T12:46:58+00:00","article_modified_time":"2018-02-21T09:15:58+00:00","og_image":[{"width":1025,"height":654,"url":"https:\/\/copilarie.org\/wp-content\/uploads\/2018\/02\/Emo\u021bii_\u0219i_g\u00e2nduri_prin_-ochi_de_copil.jpg","type":"image\/jpeg"}],"author":"copilarie.org","twitter_card":"summary_large_image","twitter_creator":"@CopilarieOrg","twitter_site":"@CopilarieOrg","twitter_misc":{"Scris de":"copilarie.org","Timp estimat pentru citire":"2 minute"},"schema":{"@context":"https:\/\/schema.org","@graph":[{"@type":"WebPage","@id":"https:\/\/copilarie.org\/index.php\/2018\/02\/20\/emotii-si-ganduri-prin-ochi-de-copil\/","url":"https:\/\/copilarie.org\/index.php\/2018\/02\/20\/emotii-si-ganduri-prin-ochi-de-copil\/","name":"Emo\u021bii \u0219i g\u00e2nduri prin ochi de copil - Copil\u0103rie.org","isPartOf":{"@id":"https:\/\/copilarie.org\/#website"},"primaryImageOfPage":{"@id":"https:\/\/copilarie.org\/index.php\/2018\/02\/20\/emotii-si-ganduri-prin-ochi-de-copil\/#primaryimage"},"image":{"@id":"https:\/\/copilarie.org\/index.php\/2018\/02\/20\/emotii-si-ganduri-prin-ochi-de-copil\/#primaryimage"},"thumbnailUrl":"https:\/\/copilarie.org\/wp-content\/uploads\/2018\/02\/Emo\u021bii_\u0219i_g\u00e2nduri_prin_-ochi_de_copil.jpg","datePublished":"2018-02-20T12:46:58+00:00","dateModified":"2018-02-21T09:15:58+00:00","author":{"@id":"https:\/\/copilarie.org\/#\/schema\/person\/d8a7619fc1964ecf029620b5f64cb0ed"},"breadcrumb":{"@id":"https:\/\/copilarie.org\/index.php\/2018\/02\/20\/emotii-si-ganduri-prin-ochi-de-copil\/#breadcrumb"},"inLanguage":"ro-RO","potentialAction":[{"@type":"ReadAction","target":["https:\/\/copilarie.org\/index.php\/2018\/02\/20\/emotii-si-ganduri-prin-ochi-de-copil\/"]}]},{"@type":"ImageObject","inLanguage":"ro-RO","@id":"https:\/\/copilarie.org\/index.php\/2018\/02\/20\/emotii-si-ganduri-prin-ochi-de-copil\/#primaryimage","url":"https:\/\/copilarie.org\/wp-content\/uploads\/2018\/02\/Emo\u021bii_\u0219i_g\u00e2nduri_prin_-ochi_de_copil.jpg","contentUrl":"https:\/\/copilarie.org\/wp-content\/uploads\/2018\/02\/Emo\u021bii_\u0219i_g\u00e2nduri_prin_-ochi_de_copil.jpg","width":1025,"height":654},{"@type":"BreadcrumbList","@id":"https:\/\/copilarie.org\/index.php\/2018\/02\/20\/emotii-si-ganduri-prin-ochi-de-copil\/#breadcrumb","itemListElement":[{"@type":"ListItem","position":1,"name":"Prima pagin\u0103","item":"https:\/\/copilarie.org\/"},{"@type":"ListItem","position":2,"name":"Emo\u021bii \u0219i g\u00e2nduri prin ochi de copil"}]},{"@type":"WebSite","@id":"https:\/\/copilarie.org\/#website","url":"https:\/\/copilarie.org\/","name":"Copil\u0103rie.org","description":"\u00cen pas cu tine","potentialAction":[{"@type":"SearchAction","target":{"@type":"EntryPoint","urlTemplate":"https:\/\/copilarie.org\/?s={search_term_string}"},"query-input":{"@type":"PropertyValueSpecification","valueRequired":true,"valueName":"search_term_string"}}],"inLanguage":"ro-RO"},{"@type":"Person","@id":"https:\/\/copilarie.org\/#\/schema\/person\/d8a7619fc1964ecf029620b5f64cb0ed","name":"copilarie.org","image":{"@type":"ImageObject","inLanguage":"ro-RO","@id":"https:\/\/copilarie.org\/#\/schema\/person\/image\/","url":"https:\/\/secure.gravatar.com\/avatar\/722e5984ae1b18142be482fe9581860ff615bd39f940c7d8bea3240825316d6e?s=96&d=mm&r=g","contentUrl":"https:\/\/secure.gravatar.com\/avatar\/722e5984ae1b18142be482fe9581860ff615bd39f940c7d8bea3240825316d6e?s=96&d=mm&r=g","caption":"copilarie.org"}}]}},"_links":{"self":[{"href":"https:\/\/copilarie.org\/index.php\/wp-json\/wp\/v2\/posts\/528","targetHints":{"allow":["GET"]}}],"collection":[{"href":"https:\/\/copilarie.org\/index.php\/wp-json\/wp\/v2\/posts"}],"about":[{"href":"https:\/\/copilarie.org\/index.php\/wp-json\/wp\/v2\/types\/post"}],"author":[{"embeddable":true,"href":"https:\/\/copilarie.org\/index.php\/wp-json\/wp\/v2\/users\/1"}],"replies":[{"embeddable":true,"href":"https:\/\/copilarie.org\/index.php\/wp-json\/wp\/v2\/comments?post=528"}],"version-history":[{"count":3,"href":"https:\/\/copilarie.org\/index.php\/wp-json\/wp\/v2\/posts\/528\/revisions"}],"predecessor-version":[{"id":534,"href":"https:\/\/copilarie.org\/index.php\/wp-json\/wp\/v2\/posts\/528\/revisions\/534"}],"wp:featuredmedia":[{"embeddable":true,"href":"https:\/\/copilarie.org\/index.php\/wp-json\/wp\/v2\/media\/529"}],"wp:attachment":[{"href":"https:\/\/copilarie.org\/index.php\/wp-json\/wp\/v2\/media?parent=528"}],"wp:term":[{"taxonomy":"category","embeddable":true,"href":"https:\/\/copilarie.org\/index.php\/wp-json\/wp\/v2\/categories?post=528"},{"taxonomy":"post_tag","embeddable":true,"href":"https:\/\/copilarie.org\/index.php\/wp-json\/wp\/v2\/tags?post=528"}],"curies":[{"name":"wp","href":"https:\/\/api.w.org\/{rel}","templated":true}]}}